{"id":5423,"date":"2021-07-11T11:10:59","date_gmt":"2021-07-11T09:10:59","guid":{"rendered":"http:\/\/pjcrpry.cluster031.hosting.ovh.net\/?p=5423"},"modified":"2021-07-11T20:01:35","modified_gmt":"2021-07-11T18:01:35","slug":"lespoir-luit-comme-un-brin-de-paille","status":"publish","type":"post","link":"https:\/\/sndll.info\/?p=5423","title":{"rendered":"L&#8217;ESPOIR LUIT COMME UN BRIN DE PAILLE &#8230;"},"content":{"rendered":"<p>Chers amis, chers confr\u00e8res,<\/p>\n<p><strong><span style=\"color: #0000ff;\">Ce site,<\/span> <\/strong>au del\u00e0 de son utilit\u00e9 professionnelle, vous l&#8217;avez remarqu\u00e9, <strong><span style=\"color: #0000ff;\">est aussi (\u00e0 travers mon monologue !\u00a0 \ud83d\ude02\ud83e\udd23) un lieu d&#8217;\u00e9changes<\/span> <\/strong>car je m&#8217;astreins \u00e0 vous livrer toujours le fond de notre pens\u00e9e, telle qu&#8217;elle ressort de la confrontation avec les id\u00e9es des uns et des autres, dont celles de la team du SNDLL, mais aussi les v\u00f4tres car vous vous exprimez beaucoup aupr\u00e8s de nous. Cette marque de confiance est, d&#8217;ailleurs, le moteur de notre action et de notre pers\u00e9v\u00e9rance.<\/p>\n<p>Mais ma pens\u00e9e se frotte aussi et surtout \u00e0 <span style=\"color: #0000ff;\"><strong>l&#8217;exp\u00e9rience invraisemblable que nous traversons.<\/strong><\/span> Nous baignons tellement dans la COVID, depuis si longtemps, que nous oublions presque ce que cette &#8220;aventure&#8221; a d&#8217;invraisemblable. Aurait on imagin\u00e9 cela &#8220;avant&#8221; ? Il faut r\u00e9aliser qu&#8217;avec plus de 4 millions de morts &#8220;officiels&#8221; (OMS) \u00e0 ce jour dans le monde, il y a pratiquement autant de personnes d\u00e9c\u00e9d\u00e9es que durant la SHOAH . C&#8217;est effroyable. Il faut voir les choses au del\u00e0 de nos &#8220;petites contingences&#8221; m\u00eame si je suis bien plac\u00e9 pour conna\u00eetre vos\u00a0 souffrances ! <strong><span style=\"color: #ff00ff;\">C&#8217;est \u00e0 l&#8217;aune de cette vision g\u00e9n\u00e9rale qu&#8217;il faut aussi mesurer notre action et s&#8217;engager.<\/span><\/strong><\/p>\n<p>Il apparait de plus en plus clairement qu&#8217;<span style=\"color: #ff00ff;\"><strong>il va falloir vivre dor\u00e9navant avec la COVID<\/strong><\/span>, qu&#8217;une vaccination r\u00e9guli\u00e8re (type grippe ou autres rappels) passera vraisemblablement dans les moeurs sanitaires. La question des &#8220;variants&#8221; ne fait qu&#8217;ajouter une lumi\u00e8re encore plus crue, plus brutale sur cet insaisissable mal. Cette question des variants repousse les limites de l&#8217;horizon, presque \u00e0 l&#8217;infini. On aurait du pr\u00e9f\u00e9rer, pour les nommer, les 74 lettres de l&#8217;alphabet Cambodgien plut\u00f4t que les 24 lettres de l&#8217;alphabet grec (entre alpha et omega, on en a d\u00e9j\u00e0 pass\u00e9 pr\u00e8s du tiers !).<\/p>\n<p><span style=\"color: #ff00ff;\"><strong>La question vaccinale est clairement &#8220;sur la table&#8221;<\/strong><\/span> m\u00eame si elle n&#8217;est \u00e9voqu\u00e9e \u00e0 ce jour que pour le personnel soignant (qui a d\u00e9j\u00e0 l&#8217;obligation de la dipht\u00e9rie, t\u00e9tanos, polio et h\u00e9patite C). Onze vaccins sont d\u00e9j\u00e0 obligatoires (coqueluche, rougeole, oreillons, rub\u00e9ole, h\u00e9patite B, m\u00e9ningocoque C, pneumocoque, m\u00e9ningite, et pour les b\u00e9b\u00e9s : dipht\u00e9rie, t\u00e9tanos et polio !) . Il ne m&#8217;appartient pas, bien s\u00fbr, d&#8217;ouvrir et encore moins de trancher le d\u00e9bat sur la vaccination, je ne suis pas comp\u00e9tent ! Je rappelle juste les faits pour remettre en perspective les axes de raisonnement.<\/p>\n<p>Tout cela pour en venir \u00e0 <strong><span style=\"color: #0000ff;\">la politique sanitaire de pr\u00e9vention de la propagation du virus<\/span><\/strong> (je me cantonne ici \u00e0 ce qui nous concerne) qui a \u00e9t\u00e9 pour le moins erratique. Je ne parle pas des choix fondamentaux car je ne veux pas faire de politique. De toute fa\u00e7on, je ne jetterai jamais l&#8217;opprobre \u00e0 ceux qui sont aux responsabilit\u00e9s en cette situation in\u00e9dite. Ils r\u00e9agissent comme ils peuvent, comme ils pensent. Cela pos\u00e9, <strong><span style=\"color: #0000ff;\">des interrogations sont pourtant justifi\u00e9es.<\/span><\/strong> Elles s\u2019adressent \u00e0 eux.<\/p>\n<p>Les discoth\u00e8ques sont ferm\u00e9es depuis 16 mois et la pand\u00e9mie s&#8217;est install\u00e9e sans qu&#8217;elles ne puissent en \u00eatre responsables. Comment se fait-il qu&#8217;aucun &#8220;esprit sup\u00e9rieur&#8221;, aucun conseil scientifique, aucune instance de sant\u00e9 ne se soit pos\u00e9 l<strong><span style=\"color: #ff00ff;\">a question de savoir ce qui avait le plus &#8220;nourri&#8221; l&#8217;extension pand\u00e9mique ?<\/span><\/strong><\/p>\n<p>Je n&#8217;ai jamais lu<strong><span style=\"color: #ff00ff;\"> aucune recommandation de protection aggrav\u00e9e en ce qui concerne les lieux de rencontre confin\u00e9s autres que<\/span> <span style=\"color: #ff00ff;\">discoth\u00e8ques<\/span><\/strong>: saunas, bars et restaurants d&#8217;ambiance, clubs de plage, de camping, soir\u00e9es &#8220;priv\u00e9es&#8221; ou utilisation de R B &#8216;B, de salles publiques, clubs de rencontres libertins ou non, pool houses &#8230; Cela n&#8217;a jamais attir\u00e9 l&#8217;attention de quiconque ?! N\u00e9gligence, paresse intellectuelle, connivence, d\u00e9mission face \u00e0 la prise de responsabilit\u00e9 ? Un peu tout cela. Il est, pourtant, des situations qui requi\u00e8rent lucidit\u00e9 et courage, non ?<\/p>\n<p>Mais il s&#8217;agit de la sant\u00e9 des Fran\u00e7ais et cela est coupable, \u00e0 mon sens. <strong><span style=\"color: #0000ff;\">On ne peut fermer 1600 \u00e9tablissements puis les rouvrir sous condition d&#8217;un Pass sanitaire et laisser ouverts sans encadrement tous ces lieux ?! Sans rire ?<\/span> <\/strong>On ne met pas une rustine \u00e0 c\u00f4t\u00e9 d&#8217;un gros trou ! Je le dis tout net: le PASS sanitaire, quoi qu&#8217;il nous en co\u00fbte est une mesure de sant\u00e9 publique indispensable dans la situation actuelle pour peu qu&#8217;il soit g\u00e9n\u00e9ralis\u00e9 chaque fois que sont r\u00e9unies les m\u00eames conditions. Sinon, il apparait comme un alibi vis \u00e0 vis des Fran\u00e7ais.<\/p>\n<p><strong><span style=\"color: #ff00ff;\">Au-del\u00e0, laisser prosp\u00e9rer des lieux sans encadrement, \u00e0 c\u00f4t\u00e9 des discoth\u00e8ques, c&#8217;est repousser -l\u00e0 aussi ind\u00e9finiment- la reprise &#8220;normale&#8221; de notre activit\u00e9.<\/span><\/strong> Ainsi, apr\u00e8s &#8220;l&#8217;\u00e9t\u00e9 meurtrier de 2020&#8221; o\u00f9 tout le monde a &#8220;fait discoth\u00e8que&#8221; sans l&#8217;\u00eatre, on nous a annonc\u00e9 en septembre qu&#8217;on ne pourrait nous rouvrir. L&#8217;\u00e9t\u00e9 &#8220;de tous les dangers&#8221; qui commence annonce le m\u00eame sc\u00e9nario \u00ab mill\u00e9sime 2021 \u00bb et c&#8217;est insupportable.<\/p>\n<p><strong><span style=\"color: #0000ff;\">Nous ne sommes pas contre le PASS sanitaire, nous l&#8217;avons TOUJOURS DIT,\u00a0 mais contre ses conditions de mise en oeuvre<\/span><\/strong>, uniquement \u00e0 nous (et aux manifestations de plus de 1 000 personnes). Ceux qui s&#8217;opposent et se sont oppos\u00e9s \u00e0 la g\u00e9n\u00e9ralisation aux autres entreprises dont ils d\u00e9fendent les int\u00e9r\u00eats, par esprit de lucre, font du mal \u00e0 la sant\u00e9 de la France. J&#8217;esp\u00e8re que cette semaine, notre Pr\u00e9sident va enfin mettre un terme \u00e0 cette situation ubuesque ! En effet, le D\u00e9cret qui vient d\u2019\u00eatre pris pour \u00e9largir l\u2019obligation du PASS aux bars et restaurants d\u2019ambiance est tr\u00e8s insuffisant et ambigu. Il semble bien, malheureusement, que l\u00e0 encore, le courage ait d\u00e9sert\u00e9 !<\/p>\n<p><strong><span style=\"color: #ff00ff;\">Le PASS n&#8217;est pas un s\u00e9same<\/span><\/strong>, c&#8217;est clair. Il y a<strong><span style=\"color: #ff00ff;\"> des rat\u00e9s<\/span><\/strong> ne serait ce que parce qu&#8217;un test antig\u00e9nique survenu juste apr\u00e8s une contamination n&#8217;en rend pas toujours compte. L&#8217;exemple hollandais l&#8217;a illustr\u00e9 comme il a illustr\u00e9 qu&#8217;entre le test (48 H) et l&#8217;arriv\u00e9e en discoth\u00e8que il est possible de contracter le virus. Surtout si juste avant nos clients sont pass\u00e9s par un restaurant ou un bar d\u2019ambiance ! Le cas hollandais a illustr\u00e9 que des Pass avaient \u00e9t\u00e9 utilis\u00e9s frauduleusement. On pourrait aussi se demander pourquoi on ne peut imposer au personnel le Pass alors qu\u2019on va l\u2019imposer au corps m\u00e9dical et param\u00e9dical. Le SNDLL avait propos\u00e9 en suppl\u00e9tif le test salivaire comme dans les \u00e9coles. Refus\u00e9 car pas contr\u00f4l\u00e9 par l\u2019Etat ! Pourquoi ce manque de confiance dans les jeunes et les chefs d\u2019entreprise que nous sommes ?<\/p>\n<p><strong><span style=\"color: #000080;\">Pourquoi aussi avoir entrav\u00e9 inutilement le red\u00e9marrage des discoth\u00e8ques, une fois le protocole sanitaire accept\u00e9 ?<\/span> <\/strong>Trois exemples:<\/p>\n<p>&#8211; \u00a0Dans \u00a0un premier temps, le Minist\u00e8re de la sant\u00e9 a d\u00e9clar\u00e9 <strong><span style=\"color: #ff00ff;\">ne pas rembourser les tests anti g\u00e9niques<\/span><\/strong> \u00e0 l\u2019entr\u00e9e de nos \u00e9tablissements et a du changer, au cours d\u2019une r\u00e9union improvis\u00e9e, d\u2019avis 96 heures avant. Comme si ceux qui allaient en discoth\u00e8que n\u2019\u00e9taient pas des assur\u00e9s sociaux comme les autres ! On croit r\u00eaver !<\/p>\n<p>&#8211; Ensuite (je me suis moqu\u00e9 gentiment des h\u00f4teliers mais ils n\u2019y \u00e9taient pour rien, sauf \u00e0 consid\u00e9rer qu\u2019ils n\u2019auraient jamais d\u00fb prendre en otage pour des raisons syndicales une question de sant\u00e9 publique) <strong><span style=\"color: #ff00ff;\">l\u2019installation de Barnum s\u2019est heurt\u00e9e \u00e0 des obstacles m\u00e9dico-administratifs qui ont d\u00e9courag\u00e9 des op\u00e9rateurs.<\/span><\/strong><\/p>\n<p>&#8211; Enfin, les mesures d\u2019<strong><span style=\"color: #ff00ff;\">assouplissement du passage obligatoire de la Commission de s\u00e9curit\u00e9, avant r\u00e9ouverture, se sont trouv\u00e9es ni\u00e9es<\/span><\/strong> sur le terrain par des Pr\u00e9fets ou sous-pr\u00e9fets qui ont impos\u00e9 la dite Commission la veille de l\u2019ouverture !<\/p>\n<p><strong><span style=\"color: #000080;\">Voil\u00e0 la r\u00e9alit\u00e9 du terrain dans laquelle s\u2019est d\u00e9roul\u00e9e l\u2019ouverture de certains le 9 Juillet ! On ne nous consid\u00e8re vraiment pas comme des chefs d\u2019entreprises en charge de salari\u00e9s, collecteurs de TVA et de cotisations. Un autre si\u00e8cle !<\/span><\/strong><\/p>\n<p>Enfin une (faible) lumi\u00e8re brille et \u00ab l\u2019espoir luit comme un brin de paille \u00bb (Paul Verlaine).<\/p>\n<p>Pourvu que ce ne soit pas un feu de paille !<\/p>\n<p>On croise les doigts.<\/p>\n<p>Courage \u00e0 tous et \u00e0 ceux qui ont r\u00e9ouvert !<\/p>\n<p>Patrick Malva\u00ebs<\/p>\n<p><strong><span style=\"color: #0000ff;\">Un dernier mot: encouragez les jeunes \u00e0 se faire vacciner par tous moyens.<\/span><\/strong><\/p>\n<p>&nbsp;<\/p>\n<p>&nbsp;<\/p>\n","protected":false},"excerpt":{"rendered":"<p>Chers amis, chers confr\u00e8res, Ce site, au del\u00e0 de son utilit\u00e9 professionnelle, vous l&#8217;avez remarqu\u00e9, est aussi (\u00e0 travers mon monologue !\u00a0 \ud83d\ude02\ud83e\udd23) un lieu d&#8217;\u00e9changes car je m&#8217;astreins \u00e0 vous livrer toujours le&#8230;<\/p>\n","protected":false},"author":2,"featured_media":0,"comment_status":"closed","ping_status":"closed","sticky":false,"template":"","format":"standard","meta":{"_mi_skip_tracking":false,"_monsterinsights_sitenote_active":false,"_monsterinsights_sitenote_note":"","_monsterinsights_sitenote_category":0},"categories":[1],"tags":[],"_links":{"self":[{"href":"https:\/\/sndll.info\/index.php?rest_route=\/wp\/v2\/posts\/5423"}],"collection":[{"href":"https:\/\/sndll.info\/index.php?rest_route=\/wp\/v2\/posts"}],"about":[{"href":"https:\/\/sndll.info\/index.php?rest_route=\/wp\/v2\/types\/post"}],"author":[{"embeddable":true,"href":"https:\/\/sndll.info\/index.php?rest_route=\/wp\/v2\/users\/2"}],"replies":[{"embeddable":true,"href":"https:\/\/sndll.info\/index.php?rest_route=%2Fwp%2Fv2%2Fcomments&post=5423"}],"version-history":[{"count":5,"href":"https:\/\/sndll.info\/index.php?rest_route=\/wp\/v2\/posts\/5423\/revisions"}],"predecessor-version":[{"id":5430,"href":"https:\/\/sndll.info\/index.php?rest_route=\/wp\/v2\/posts\/5423\/revisions\/5430"}],"wp:attachment":[{"href":"https:\/\/sndll.info\/index.php?rest_route=%2Fwp%2Fv2%2Fmedia&parent=5423"}],"wp:term":[{"taxonomy":"category","embeddable":true,"href":"https:\/\/sndll.info\/index.php?rest_route=%2Fwp%2Fv2%2Fcategories&post=5423"},{"taxonomy":"post_tag","embeddable":true,"href":"https:\/\/sndll.info\/index.php?rest_route=%2Fwp%2Fv2%2Ftags&post=5423"}],"curies":[{"name":"wp","href":"https:\/\/api.w.org\/{rel}","templated":true}]}}