{"id":5435,"date":"2021-07-15T05:51:43","date_gmt":"2021-07-15T03:51:43","guid":{"rendered":"http:\/\/pjcrpry.cluster031.hosting.ovh.net\/?p=5435"},"modified":"2021-07-15T05:57:18","modified_gmt":"2021-07-15T03:57:18","slug":"formation-des-dirigeants","status":"publish","type":"post","link":"https:\/\/sndll.info\/?p=5435","title":{"rendered":"FORMATION DES DIRIGEANTS"},"content":{"rendered":"<p>Chers amis, chers confr\u00e8res,<\/p>\n<p>Bercy nous informe d&#8217;un dispositif de formation des dirigeants que nous vous transmettons car certains nous avaient pos\u00e9 la question.<\/p>\n<p>Bien cordialement<\/p>\n<p>Patrick MALVA\u00cbS<\/p>\n<div id=\"block-economie-page-title\" class=\"block block-core block-page-title-block\">\n<h1 class=\"page-title\"><span class=\"field field--name-title field--type-string field--label-hidden\">Tout savoir sur le cr\u00e9dit d&#8217;imp\u00f4t pour la formation des dirigeants d&#8217;entreprise<\/span><\/h1>\n<\/div>\n<div id=\"block-economie-content\" class=\"block block-system block-system-main-block\">\n<article class=\"node node--type-article node--view-mode-full entreprise\" role=\"article\" data-history-node-id=\"37464\">\n<p class=\"article--infos\">Par\u00a0<a class=\"ext\" title=\"\u00ab https:\/\/economie.gouv.fr\/entreprises\/bercy-infos-qui-sommes-nous \u00bb dans une nouvelle fen\u00eatre\" href=\"https:\/\/economie.gouv.fr\/entreprises\/bercy-infos-qui-sommes-nous\" target=\"_blank\" rel=\"noopener noreferrer\">Bercy Infos<\/a>, le 12\/07\/2021 &#8211;\u00a0<a href=\"https:\/\/www.economie.gouv.fr\/toutes-les-actualites-vous-orienter\/thematique\/aides-publiques-et-financements-6970\">Aides publiques et financements<\/a><\/p>\n<div class=\"node__content\">\n<div class=\"clearfix text-formatted field field--name-field-chapo field--type-text-long field--label-hidden field__item\">\n<p>Vous \u00eates chef d\u2019entreprise, vous souhaitez acqu\u00e9rir de nouvelles comp\u00e9tences ? Savez-vous que vous pouvez peut-\u00eatre b\u00e9n\u00e9ficier d&#8217;un avantage fiscal prenant la forme d\u2019un cr\u00e9dit d\u2019imp\u00f4t sur vos d\u00e9penses de formation ? Le point sur le dispositif.<\/p>\n<\/div>\n<div class=\"field field--name-field-paragraphes field--type-entity-reference-revisions field--label-hidden field__items\">\n<div class=\"field__item\">\n<div class=\"paragraph paragraph--type--contenu-libre paragraph--view-mode--default\">\n<div class=\"clearfix text-formatted field field--name-field-contenu-libre field--type-text-long field--label-hidden field__item\">\n<h2>Qui peut b\u00e9n\u00e9ficier du cr\u00e9dit d&#8217;imp\u00f4t sur la formation des dirigeants d&#8217;entreprise ?<\/h2>\n<p>Le cr\u00e9dit d\u2019imp\u00f4t pour d\u00e9penses de formation des dirigeants d\u2019entreprise est un dispositif applicable aux dirigeants de\u00a0<strong>toutes les entreprises relevant d\u2019un\u00a0<a href=\"https:\/\/www.economie.gouv.fr\/entreprises\/micro-entreprise-regime-reel-regime-declaration-controlee-regimes-imposition#RegimeReel\">r\u00e9gime r\u00e9el d\u2019imposition<\/a><\/strong>\u00a0sur les b\u00e9n\u00e9fices (<a href=\"https:\/\/www.economie.gouv.fr\/entreprises\/impot-revenu-impot-societe-statut\">imp\u00f4t sur le revenu ou sur les soci\u00e9t\u00e9s<\/a>). Et ce quel que soit\u00a0leur secteur d\u2019activit\u00e9 (commerce, industrie, artisanat, services, professions lib\u00e9rales\u2026) ou leur\u00a0<a href=\"https:\/\/www.economie.gouv.fr\/entreprises\/entreprise-choisir-statut-juridique\">forme juridique<\/a>\u00a0(entreprise individuelle ou soci\u00e9t\u00e9).<\/p>\n<p>Plus concr\u00e8tement, ce dispositif s&#8217;applique aux d\u00e9penses de formation de<strong>\u00a0tous les chefs d\u2019entreprise<\/strong>\u00a0au sens large :<\/p>\n<ul>\n<li>entrepreneur individuel<\/li>\n<li>g\u00e9rant de soci\u00e9t\u00e9<\/li>\n<li>pr\u00e9sident (pr\u00e9sident du\u00a0<a href=\"https:\/\/www.economie.gouv.fr\/entreprises\/conseil-administration-entreprise\">conseil d\u2019administration<\/a>\u00a0ou pr\u00e9sident du directoire notamment)<\/li>\n<li>administrateur<\/li>\n<li>directeur g\u00e9n\u00e9ral ou membre de soci\u00e9t\u00e9s par actions.<\/li>\n<\/ul>\n<p>En revanche, ce dispositif n&#8217;est pas applicable pour les micro-entreprises.<\/p>\n<p class=\"contenu chapo-fond-gris\"><strong>Lire aussi<\/strong>\u00a0:\u00a0<a href=\"https:\/\/www.economie.gouv.fr\/entreprises\/formation-chef-entreprise\">Chef d&#8217;entreprise : vous aussi vous pouvez vous former<\/a><\/p>\n<h2>Quelles formations sont \u00e9ligibles au cr\u00e9dit d&#8217;imp\u00f4t formation des dirigeants d\u2019entreprise ?<\/h2>\n<p>Le cr\u00e9dit d\u2019imp\u00f4t s\u2019applique \u00e0<strong>\u00a0l\u2019ensemble des d\u00e9penses de formation d\u2019un dirigeant d\u2019entreprise qui entrent dans le champ de la\u00a0<a class=\"ext\" title=\"\u00ab legifrance.gouv.fr \u00bb dans une nouvelle fen\u00eatre\" href=\"https:\/\/www.legifrance.gouv.fr\/affichCode.do;jsessionid=29D192FCA2E935AEDDB672F039E032D9.tplgfr33s_3?idSectionTA=LEGISCTA000006178201&amp;cidTexte=LEGITEXT000006072050&amp;dateTexte=20180424\" target=\"_blank\" rel=\"noopener noreferrer\">formation professionnelle continue<\/a><\/strong>. Il peut s\u2019agir de formations classiques relatives \u00e0 la gestion d\u2019entreprise ou de formations plus techniques sp\u00e9cifiques \u00e0 chaque m\u00e9tier, destin\u00e9es \u00e0 consolider ou \u00e0 am\u00e9liorer ses connaissances.<\/p>\n<p class=\"fond-gris\"><strong>Lire aussi :\u00a0<\/strong><a href=\"https:\/\/www.economie.gouv.fr\/entreprises\/obligation-formation-professionnelle-salaries\">Formation professionnelle des salari\u00e9s : quelles sont les obligations des entreprises ?<\/a><\/p>\n<h2>Comment calculer le montant du cr\u00e9dit d\u2019imp\u00f4t formation des dirigeants d&#8217;entreprise ?<\/h2>\n<p>Pour calculer le montant de votre cr\u00e9dit d\u2019imp\u00f4t, vous devez multiplier :<\/p>\n<ul>\n<li>le nombre d\u2019heures pass\u00e9es en formation (dans la limite de 40 heures par ann\u00e9e civile et par entreprise, voir le d\u00e9tail dans l&#8217;encadr\u00e9 ci-dessous)<\/li>\n<li>par le taux horaire du\u00a0<a class=\"ext\" title=\"\u00ab urssaf.fr \u00bb dans une nouvelle fen\u00eatre\" href=\"https:\/\/www.urssaf.fr\/portail\/home\/taux-et-baremes\/smic.html\" target=\"_blank\" rel=\"noopener noreferrer\">Smic<\/a>\u00a0(selon le taux en vigueur au 31 d\u00e9cembre de l\u2019ann\u00e9e au titre de laquelle le cr\u00e9dit d\u2019imp\u00f4t est calcul\u00e9).<\/li>\n<\/ul>\n<p>Par exemple, en 2020, le dirigeant unique d&#8217;une entreprise a suivi 12 heures de formation. En 2021, il pourra d\u00e9duire un cr\u00e9dit d&#8217;imp\u00f4t d&#8217;un montant de 12 X 10,15 \u20ac (Smic horaire en vigueur en 2020) =\u00a0<strong>121,8 \u20ac.<\/strong><\/p>\n<div class=\"exergue\">\n<p class=\"title-encadre\">\u00c0 savoir<\/p>\n<ul>\n<li>Le cr\u00e9dit d\u2019imp\u00f4t pour d\u00e9penses de formation des dirigeants est\u00a0<strong>plafonn\u00e9<\/strong>\u00a0\u00e0 la prise en compte de\u00a0<strong>40 heures<\/strong>\u00a0<strong>de formation par ann\u00e9e civile et par entreprise<\/strong>, soit \u00e0\u00a0<strong>406 \u20ac<\/strong>\u00a0pour 2020.<\/li>\n<li>En cas d&#8217;exercice en soci\u00e9t\u00e9, le cr\u00e9dit d&#8217;imp\u00f4t est donc plafonn\u00e9 au niveau de la soci\u00e9t\u00e9 et non par associ\u00e9.<\/li>\n<li>Le cr\u00e9dit d&#8217;imp\u00f4t pour d\u00e9penses de formation des dirigeants est calcul\u00e9\u00a0<strong>au titre de l\u2019ann\u00e9e civile<\/strong>, quelle que soit la date de cl\u00f4ture des exercices de votre entreprise et quelle que soit leur dur\u00e9e. Ainsi, si vous cl\u00f4turez votre exercice en cours d\u2019ann\u00e9e, votre cr\u00e9dit d\u2019imp\u00f4t sera d\u00e9termin\u00e9 en prenant en compte les heures que vous avez pass\u00e9es en formation au cours de la derni\u00e8re ann\u00e9e civile \u00e9coul\u00e9e.<\/li>\n<\/ul>\n<\/div>\n<h2>Comment demander votre cr\u00e9dit d\u2019imp\u00f4t formation des dirigeants d\u2019entreprise ?<\/h2>\n<h3><strong>Pour les entreprises soumises \u00e0 l&#8217;imp\u00f4t sur les soci\u00e9t\u00e9s<\/strong><\/h3>\n<p>Le cr\u00e9dit d\u2019imp\u00f4t formation des dirigeants est imput\u00e9 au moment du paiement du solde de l\u2019<a href=\"https:\/\/www.economie.gouv.fr\/entreprises\/impot-societes-IS\">imp\u00f4t sur les soci\u00e9t\u00e9s<\/a>\u00a0d\u00fb au titre de l\u2019ann\u00e9e au cours de laquelle vous avez suivi des heures de formation. Vous pouvez utiliser la\u00a0<a class=\"ext\" title=\"\u00ab impots.gouv.fr \u00bb dans une nouvelle fen\u00eatre\" href=\"https:\/\/www.impots.gouv.fr\/portail\/formulaire\/2079-fce-fc\/fiche-daide-au-calcul-credit-dimpot-formation-des-dirigeants\" target=\"_blank\" rel=\"noopener noreferrer\">fiche d&#8217;aide au calcul<\/a>\u00a0pour d\u00e9terminer le montant de votre cr\u00e9dit d&#8217;imp\u00f4t. Cette fiche n&#8217;a toutefois pas \u00e0 \u00eatre d\u00e9pos\u00e9e aupr\u00e8s de l&#8217;administration fiscale.<\/p>\n<h3>Pour les entreprises soumises \u00e0 l&#8217;imp\u00f4t sur le revenu<\/h3>\n<p>Si vous dirigez une entreprise individuelle soumise \u00e0 l&#8217;<a href=\"https:\/\/www.economie.gouv.fr\/particuliers\/impot-sur-revenu-calendrier\">imp\u00f4t sur le revenu<\/a>, vous devez reporter le montant de votre cr\u00e9dit d&#8217;imp\u00f4t sur votre d\u00e9claration de r\u00e9sultat, y annexer\u00a0<a class=\"ext\" title=\"\u00ab impots.gouv.fr \u00bb dans une nouvelle fen\u00eatre\" href=\"https:\/\/www.impots.gouv.fr\/portail\/formulaire\/2069-rci-sd\/reductions-et-credits-dimpots\" target=\"_blank\" rel=\"noopener noreferrer\">le formulaire de d\u00e9claration des r\u00e9ductions et cr\u00e9dits d&#8217;imp\u00f4t<\/a>, et\u00a0reporter le montant de votre cr\u00e9dit d&#8217;imp\u00f4t sur votre d\u00e9claration personnelle de revenus\u00a0<a class=\"ext\" title=\"\u00ab impots.gouv.fr \u00bb dans une nouvelle fen\u00eatre\" href=\"https:\/\/www.impots.gouv.fr\/portail\/formulaire\/2042\/declaration-des-revenus\" target=\"_blank\" rel=\"noopener noreferrer\">n\u00b02042-C-PRO<\/a>\u00a0dans la cas pr\u00e9vue \u00e0 cet effet.<\/p>\n<div class=\"exergue\">\n<p class=\"title-encadre\">\u00c0 savoir<\/p>\n<ul>\n<li>Vous pouvez r\u00e9aliser l&#8217;ensemble de vos d\u00e9marches en vous connectant sur le site\u00a0<a class=\"ext\" title=\"\u00ab cfspro.impots.gouv.fr \u00bb dans une nouvelle fen\u00eatre\" href=\"https:\/\/cfspro.impots.gouv.fr\/LoginAccess?op=c&amp;url=aHR0cHM6Ly9jZnNwcm8uaW1wb3RzLmdvdXYuZnIvbWlyZS9hY2N1ZWlsLmRv\" target=\"_blank\" rel=\"noopener noreferrer\">impots.gouv.fr<\/a>\u00a0\u00e0 partir de votre\u00a0<a href=\"https:\/\/www.economie.gouv.fr\/entreprises\/impots-espace-professionnel\">espace professionnel<\/a>.<\/li>\n<li>Vous pouvez demander\u00a0<a class=\"ext\" title=\"\u00ab impots.gouv.fr \u00bb dans une nouvelle fen\u00eatre\" href=\"https:\/\/www.impots.gouv.fr\/portail\/files\/formulaires\/2573-sd\/2018\/2573-sd_2021.pdf\" target=\"_blank\" rel=\"noopener noreferrer\">un remboursement de cr\u00e9dits d&#8217;imp\u00f4t<\/a>\u00a0[PDF &#8211; 110,07Ko] si le montant de l&#8217;imp\u00f4t est insuffisant pour imputer la totalit\u00e9 du cr\u00e9dit d&#8217;imp\u00f4t.<\/li>\n<\/ul>\n<\/div>\n<\/div>\n<\/div>\n<\/div>\n<\/div>\n<\/div>\n<\/article>\n<\/div>\n","protected":false},"excerpt":{"rendered":"<p>Chers amis, chers confr\u00e8res, Bercy nous informe d&#8217;un dispositif de formation des dirigeants que nous vous transmettons car certains nous avaient pos\u00e9 la question. Bien cordialement Patrick MALVA\u00cbS Tout savoir sur le cr\u00e9dit d&#8217;imp\u00f4t&#8230;<\/p>\n","protected":false},"author":2,"featured_media":0,"comment_status":"closed","ping_status":"closed","sticky":false,"template":"","format":"standard","meta":{"_mi_skip_tracking":false,"_monsterinsights_sitenote_active":false,"_monsterinsights_sitenote_note":"","_monsterinsights_sitenote_category":0},"categories":[9],"tags":[],"_links":{"self":[{"href":"https:\/\/sndll.info\/index.php?rest_route=\/wp\/v2\/posts\/5435"}],"collection":[{"href":"https:\/\/sndll.info\/index.php?rest_route=\/wp\/v2\/posts"}],"about":[{"href":"https:\/\/sndll.info\/index.php?rest_route=\/wp\/v2\/types\/post"}],"author":[{"embeddable":true,"href":"https:\/\/sndll.info\/index.php?rest_route=\/wp\/v2\/users\/2"}],"replies":[{"embeddable":true,"href":"https:\/\/sndll.info\/index.php?rest_route=%2Fwp%2Fv2%2Fcomments&post=5435"}],"version-history":[{"count":2,"href":"https:\/\/sndll.info\/index.php?rest_route=\/wp\/v2\/posts\/5435\/revisions"}],"predecessor-version":[{"id":5439,"href":"https:\/\/sndll.info\/index.php?rest_route=\/wp\/v2\/posts\/5435\/revisions\/5439"}],"wp:attachment":[{"href":"https:\/\/sndll.info\/index.php?rest_route=%2Fwp%2Fv2%2Fmedia&parent=5435"}],"wp:term":[{"taxonomy":"category","embeddable":true,"href":"https:\/\/sndll.info\/index.php?rest_route=%2Fwp%2Fv2%2Fcategories&post=5435"},{"taxonomy":"post_tag","embeddable":true,"href":"https:\/\/sndll.info\/index.php?rest_route=%2Fwp%2Fv2%2Ftags&post=5435"}],"curies":[{"name":"wp","href":"https:\/\/api.w.org\/{rel}","templated":true}]}}