{"id":5440,"date":"2021-07-15T06:00:13","date_gmt":"2021-07-15T04:00:13","guid":{"rendered":"http:\/\/pjcrpry.cluster031.hosting.ovh.net\/?p=5440"},"modified":"2021-07-15T06:03:09","modified_gmt":"2021-07-15T04:03:09","slug":"recruter-cnseils-de-la-cci-paris-ile-de-france","status":"publish","type":"post","link":"https:\/\/sndll.info\/?p=5440","title":{"rendered":"RECRUTER: CONSEILS de la CCI PARIS\/ILE DE FRANCE"},"content":{"rendered":"<div id=\"block-economie-page-title\" class=\"block block-core block-page-title-block title-h6 small-body\">\n<h1 class=\"page-title\"><span class=\"field field--name-title field--type-string field--label-hidden\">Comment recruter un travailleur saisonnier ?<\/span><\/h1>\n<\/div>\n<div id=\"block-economie-content\" class=\"block block-system block-system-main-block\">\n<article class=\"node node--type-article node--view-mode-full entreprise\" role=\"article\" data-history-node-id=\"113278\">\n<p class=\"article--infos\">Par\u00a0<a class=\"ext\" title=\"\u00ab https:\/\/economie.gouv.fr\/entreprises\/bercy-infos-qui-sommes-nous \u00bb dans une nouvelle fen\u00eatre\" href=\"https:\/\/economie.gouv.fr\/entreprises\/bercy-infos-qui-sommes-nous\" target=\"_blank\" rel=\"noopener noreferrer\">Bercy Infos<\/a>, le 07\/07\/2021 &#8211;\u00a0<a href=\"https:\/\/www.economie.gouv.fr\/toutes-les-actualites-vous-orienter\/thematique\/gerer-son-entreprise-6934\">G\u00e9rer son entreprise\u00a0<\/a><a href=\"https:\/\/www.economie.gouv.fr\/toutes-les-actualites-vous-orienter\/thematique\/ressources-humaines-6967\">Ressources humaines<\/a><\/p>\n<div class=\"node__content\">\n<div class=\"clearfix text-formatted field field--name-field-chapo field--type-text-long field--label-hidden field__item\">\n<p>Votre entreprise fait face \u00e0 un pic d\u2019activit\u00e9 et vous souhaitez recruter un salari\u00e9 pour y r\u00e9pondre ? Dans quel cas pouvez-vous avoir recours \u00e0 un saisonnier ? Quelles sont les caract\u00e9ristiques de ce type de contrat ? On vous explique !<\/p>\n<\/div>\n<div class=\"field field--name-field-paragraphes field--type-entity-reference-revisions field--label-hidden field__items\">\n<div class=\"field__item\">\n<div class=\"paragraph paragraph--type--contenu-libre paragraph--view-mode--default\">\n<div class=\"clearfix text-formatted field field--name-field-contenu-libre field--type-text-long field--label-hidden field__item\">\n<h2>Le travail saisonnier : qu\u2019est-ce que c\u2019est ?<\/h2>\n<p>Le travail saisonnier a comme principale caract\u00e9ristique d\u2019\u00eatre li\u00e9 \u00e0 une saisonnalit\u00e9.<\/p>\n<p>Aussi, si les t\u00e2ches de ce type d\u2019emploi ont vocation \u00e0 \u00eatre\u00a0<strong>limit\u00e9es dans le temps<\/strong>\u00a0elles doivent aussi\u00a0<strong>se r\u00e9p\u00e9ter chaque ann\u00e9e<\/strong>\u00a0\u00e0 une p\u00e9riode \u00e0 peu pr\u00e8s similaire (chaque \u00e9t\u00e9 ou chaque hiver par exemple).<\/p>\n<p>Un saisonnier peut donc \u00eatre recrut\u00e9 pour r\u00e9pondre \u00e0 des\u00a0<strong>besoins ponctuels mais r\u00e9guliers<\/strong>, tels que la\u00a0<strong>cueillette<\/strong>, les\u00a0<strong>vendanges<\/strong>\u00a0ou encore <strong><span style=\"color: #ff00ff;\">le\u00a0tourisme hivernal ou estival.<\/span><\/strong><\/p>\n<h2>Quel type de contrat \u00e9tablir pour un saisonnier ?<\/h2>\n<p>Si vous d\u00e9cidez de recruter un saisonnier, vous devez lui proposer un<strong><span style=\"color: #ff00ff;\">\u00a0contrat \u00e0 dur\u00e9e d\u00e9termin\u00e9e (CDD).<\/span><\/strong><\/p>\n<p>Le contrat \u00e0 dur\u00e9e d\u00e9termin\u00e9e du saisonnier a comme caract\u00e9ristique de pouvoir \u00eatre <strong><span style=\"color: #ff00ff;\">conclu sans que soit pr\u00e9cis\u00e9e une\u00a0date de fin de mission. En l\u2019absence de date de fin, le contrat doit toutefois indiquer que l\u2019embauche est faite pour l\u2019ensemble de la saison et comporter une\u00a0dur\u00e9e minimale d\u2019emploi.<\/span><\/strong><\/p>\n<p class=\"fond-gris\"><strong>Lire aussi<\/strong>\u00a0:\u00a0<a href=\"https:\/\/www.economie.gouv.fr\/entreprises\/simulateur-cout-embauche-salarie-CDI-CDD-apprenti\">Estimez le co\u00fbt d\u2019une embauche d\u2019un salari\u00e9 en CDI, en CDD ou en apprentissage<\/a><\/p>\n<h2>Quels sont les avantages du contrat saisonnier pour l&#8217;employeur ?<\/h2>\n<p>Le CDD saisonnier a comme avantage de vous offrir\u00a0<strong><span style=\"color: #ff00ff;\">davantage de souplesse\u00a0qu\u2019un CDD classique.<\/span><\/strong><\/p>\n<p>Gr\u00e2ce au contrat saisonnier, vous pouvez proposer successivement, au cours d\u2019une m\u00eame saison, plusieurs CDD \u00e0 un m\u00eame salari\u00e9 afin de lui confier des missions similaires comme diff\u00e9rentes.<\/p>\n<p>Par ailleurs, ne pas indiquer de terme pr\u00e9cis au contrat saisonnier vous permet de\u00a0<strong>r\u00e9pondre au mieux aux al\u00e9as saisonniers<\/strong>, comme les conditions climatiques qui peuvent avoir une incidence sur votre activit\u00e9.<\/p>\n<h2>Quels sont les atouts du contrat saisonnier pour le salari\u00e9 ?<\/h2>\n<p>En ce qui concerne le salari\u00e9, l&#8217;emploi saisonnier permet d&#8217;<strong>acqu\u00e9rir de l&#8217;exp\u00e9rience<\/strong>\u00a0en diversifiant ses missions.<\/p>\n<p>Enfin, le travailleur saisonnier dont le contrat s&#8217;ach\u00e8ve peut demander \u00e0 son employeur le\u00a0<strong>paiement des cong\u00e9s pay\u00e9s non pris<\/strong>, ce qui participe \u00e0 la valorisation de sa r\u00e9mun\u00e9ration.<\/p>\n<h2>Embauche d\u2019un saisonnier : \u00eates-vous redevable de l\u2019indemnit\u00e9 de fin de contrat ?<\/h2>\n<p>Non !<\/p>\n<p>En l\u2019absence d\u2019accord collectif ou de convention, le\u00a0<a class=\"ext\" title=\"\u00ab legifrance.gouv.fr \u00bb dans une nouvelle fen\u00eatre\" href=\"https:\/\/www.legifrance.gouv.fr\/affichCodeArticle.do?idArticle=LEGIARTI000006901221&amp;cidTexte=LEGITEXT000006072050\" target=\"_blank\" rel=\"noopener noreferrer\">Code du travail<\/a>\u00a0pr\u00e9voit que l\u2019<strong>indemnit\u00e9 de pr\u00e9carit\u00e9<\/strong>, aussi appel\u00e9e indemnit\u00e9 de fin de contrat, n\u2019est pas vers\u00e9e \u00e0 la fin d\u2019un contrat saisonnier.<\/p>\n<p class=\"fond-gris\"><strong>Lire aussi<\/strong>\u00a0:\u00a0<a href=\"https:\/\/www.economie.gouv.fr\/entreprises\/registre-unique-personnel\">Registre unique du personnel : quelles sont vos obligations ?<\/a><\/p>\n<\/div>\n<\/div>\n<\/div>\n<div class=\"field__item\">\n<div class=\"paragraph paragraph--type--informations-complementaires paragraph--view-mode--default\">\n<div class=\"field field--name-field-bloc-d-informations-comple field--type-entity-reference-revisions field--label-hidden field__items flex-container\">\n<div class=\"paragraph paragraph--type--bloc-information-complementaire paragraph--view-mode--default taille-bloc taille-bloc--half fond-couleur\">\n<p class=\"field field--name-field-titre field--type-string field--label-hidden field__item field--titre-paragraph\">Aller plus loin<\/p>\n<div class=\"clearfix text-formatted field field--name-field-contenu-libre field--type-text-long field--label-hidden field__item\">\n<ul>\n<li><a class=\"ext\" title=\"\u00ab travail-emploi.gouv.fr \u00bb dans une nouvelle fen\u00eatre\" href=\"https:\/\/travail-emploi.gouv.fr\/droit-du-travail\/les-contrats-de-travail\/article\/le-travail-saisonnier\" target=\"_blank\" rel=\"noopener noreferrer\">Le travail saisonnier<\/a><\/li>\n<li><a class=\"ext\" title=\"\u00ab saisonnalite.org \u00bb dans une nouvelle fen\u00eatre\" href=\"http:\/\/www.saisonnalite.org\/sites\/default\/files\/10%20fiches%20pratiques%20pour%20la%20gestion%20des%20ressources%20humaines%20saisonni%C3%A8res_0.pdf\" target=\"_blank\" rel=\"noopener noreferrer\">10 fiches pratiques pour les employeurs saisonniers<\/a><\/li>\n<\/ul>\n<\/div>\n<\/div>\n<div class=\"paragraph paragraph--type--bloc-information-complementaire paragraph--view-mode--default taille-bloc taille-bloc--half fond-couleur\">\n<p class=\"field field--name-field-titre field--type-string field--label-hidden field__item field--titre-paragraph\">Ce que dit la loi<\/p>\n<div class=\"clearfix text-formatted field field--name-field-contenu-libre field--type-text-long field--label-hidden field__item\">\n<ul>\n<li><a class=\"ext\" title=\"\u00ab legifrance.gouv.fr \u00bb dans une nouvelle fen\u00eatre\" href=\"https:\/\/www.legifrance.gouv.fr\/affichCodeArticle.do?cidTexte=LEGITEXT000006072050&amp;idArticle=LEGIARTI000022234316&amp;categorieLien=id\" target=\"_blank\" rel=\"noopener noreferrer\">Article L1242-2 du Code du travail\u00a0<\/a>concernant les conditions d&#8217;emploi en contrat \u00e0 dur\u00e9e d\u00e9termin\u00e9e<\/li>\n<li><a class=\"ext\" title=\"\u00ab legifrance.gouv.fr \u00bb dans une nouvelle fen\u00eatre\" href=\"https:\/\/www.legifrance.gouv.fr\/affichCodeArticle.do?cidTexte=LEGITEXT000006072050&amp;idArticle=LEGIARTI000033024642\" target=\"_blank\" rel=\"noopener noreferrer\">Article L1244-2 du Code du travail<\/a> concernant la clause de reconduction des contrats de travail \u00e0 caract\u00e8re saisonnier<\/li>\n<\/ul>\n<\/div>\n<\/div>\n<\/div>\n<\/div>\n<\/div>\n<\/div>\n<\/div>\n<\/article>\n<\/div>\n","protected":false},"excerpt":{"rendered":"<p>Comment recruter un travailleur saisonnier ? Par\u00a0Bercy Infos, le 07\/07\/2021 &#8211;\u00a0G\u00e9rer son entreprise\u00a0Ressources humaines Votre entreprise fait face \u00e0 un pic d\u2019activit\u00e9 et vous souhaitez recruter un salari\u00e9 pour y r\u00e9pondre ? Dans quel&#8230;<\/p>\n","protected":false},"author":2,"featured_media":0,"comment_status":"closed","ping_status":"closed","sticky":false,"template":"","format":"standard","meta":{"_mi_skip_tracking":false,"_monsterinsights_sitenote_active":false,"_monsterinsights_sitenote_note":"","_monsterinsights_sitenote_category":0},"categories":[1],"tags":[],"_links":{"self":[{"href":"https:\/\/sndll.info\/index.php?rest_route=\/wp\/v2\/posts\/5440"}],"collection":[{"href":"https:\/\/sndll.info\/index.php?rest_route=\/wp\/v2\/posts"}],"about":[{"href":"https:\/\/sndll.info\/index.php?rest_route=\/wp\/v2\/types\/post"}],"author":[{"embeddable":true,"href":"https:\/\/sndll.info\/index.php?rest_route=\/wp\/v2\/users\/2"}],"replies":[{"embeddable":true,"href":"https:\/\/sndll.info\/index.php?rest_route=%2Fwp%2Fv2%2Fcomments&post=5440"}],"version-history":[{"count":3,"href":"https:\/\/sndll.info\/index.php?rest_route=\/wp\/v2\/posts\/5440\/revisions"}],"predecessor-version":[{"id":5443,"href":"https:\/\/sndll.info\/index.php?rest_route=\/wp\/v2\/posts\/5440\/revisions\/5443"}],"wp:attachment":[{"href":"https:\/\/sndll.info\/index.php?rest_route=%2Fwp%2Fv2%2Fmedia&parent=5440"}],"wp:term":[{"taxonomy":"category","embeddable":true,"href":"https:\/\/sndll.info\/index.php?rest_route=%2Fwp%2Fv2%2Fcategories&post=5440"},{"taxonomy":"post_tag","embeddable":true,"href":"https:\/\/sndll.info\/index.php?rest_route=%2Fwp%2Fv2%2Ftags&post=5440"}],"curies":[{"name":"wp","href":"https:\/\/api.w.org\/{rel}","templated":true}]}}