{"id":5465,"date":"2021-08-07T18:20:10","date_gmt":"2021-08-07T16:20:10","guid":{"rendered":"http:\/\/pjcrpry.cluster031.hosting.ovh.net\/?p=5465"},"modified":"2021-08-07T18:20:10","modified_gmt":"2021-08-07T16:20:10","slug":"le-point-apres-25-jours","status":"publish","type":"post","link":"https:\/\/sndll.info\/?p=5465","title":{"rendered":"LE POINT APRES 25 JOURS &#8230;"},"content":{"rendered":"<p>Chers amis, chers confr\u00e8res,<\/p>\n<p>Depuis le 9 juillet dernier, environ un petit quart d&#8217;entre nous ont d\u00e9cid\u00e9 de relever le d\u00e9fi de la r\u00e9ouverture en mode d\u00e9grad\u00e9 et contraint, jauge et PASS sanitaire \u00e9tant obligatoires dans le cadre du protocole sanitaire drastique impos\u00e9 aux seules discoth\u00e8que.<\/p>\n<p><strong><span style=\"color: #0000ff;\">UNE REOUVERTURE &#8220;CONTRASTEE&#8221; :<\/span><\/strong><\/p>\n<p><span style=\"color: #000000;\">Nous relevons au bout de 3 semaines des situations diam\u00e9tralement oppos\u00e9es qui s&#8217;expliquent partiellement selon l&#8217;implantation g\u00e9ographique, le profil d&#8217;\u00e9tablissement et surtout en fonction de la pr\u00e9sence ou non de professionnels autoris\u00e9s \u00e0 proc\u00e9der \u00e0 des tests antig\u00e9niques \u00e0 proximit\u00e9 de l&#8217;accueil clients des discoth\u00e8ques.<\/span><\/p>\n<p>Apr\u00e8s certaines tentatives non concluantes, certains d&#8217;entre nous ont \u00e9t\u00e9 dans l&#8217;obligation de renoncer \u00e0 poursuivre leur activit\u00e9 faute de clients assez nombreux. D&#8217;autres emblent &#8220;sortir leur \u00e9pingle du jeu&#8221; en restant brid\u00e9s \u00e9conomiquement par la jauge impos\u00e9e.<\/p>\n<p>Clairement \u00e0 tr\u00e8s court terme, <strong><span style=\"color: #ff00ff;\">la question de la fr\u00e9quentation demeure pos\u00e9e<\/span> <\/strong>notamment \u00e0 compter de la p\u00e9riode de d\u00e9but septembre (hors saison estivale, donc). La jeunesse qui fr\u00e9quente nos \u00e9tablissements sera-t-elle vaccin\u00e9e en nombre et reprendra-t-elle le chemin des sorties en discoth\u00e8ques, nous verrons bien !<\/p>\n<p><strong><span style=\"color: #ff00ff;\">D&#8217;ores et d\u00e9j\u00e0, nous devons \u00e0 nouveau alerter le gouvernement sur la n\u00e9cessit\u00e9 de d\u00e9finir un vrai plan d&#8217;accompagnement, de soutien et de relance afin d&#8217;\u00e9viter les d\u00e9p\u00f4ts de bilan et\u00a0 les liquidations pour les plus fragiles d&#8217;entre nous.<\/span><\/strong><\/p>\n<p>&nbsp;<\/p>\n<p><span style=\"color: #0000ff;\"><strong>LE CONTEXTE SANITAIRE:<\/strong><\/span><\/p>\n<p>A peine avions nous obtenu l&#8217;autorisation de r\u00e9ouverture que d\u00e9j\u00e0 r\u00e9sonnait la petite musique &#8221; soyez sages, attention, car nous allons contr\u00f4ler vous les discoth\u00e8ques, respectez la jauge, le protocole \u00e0 la lettre sinon vous allez voir ce que vous allez voir&#8221; On nous prend pour des enfants de maternelle, pas pour des chefs d&#8217;entreprise. Sommes nous donc toujours des irresponsables pour les gouvernants ?<\/p>\n<p>Faut-il rappeler les bars, campings, restaurants \u00e0 ambiance musicale &#8230; dans lesquels nous constatons toutes les d\u00e9rives, o\u00f9 notre m\u00e9tier a \u00e9t\u00e9 impun\u00e9ment exerc\u00e9 durant nos 16 mois de fermeture (et l&#8217;est encore= sans aucun scrupule, ni contr\u00f4le et sans se pr\u00e9occuper des risques sanitaires ! Quel effet d&#8217;aubaine qui a sacrifi\u00e9 la sant\u00e9 des Fran\u00e7ais et notre m\u00e9tier. Ces deux approches sont choquantes et incarnent une contradiction irresponsable dans la gestion du risque par nos gouvernants.<\/p>\n<p>Mais les quelques clusters identifi\u00e9s en discoth\u00e8ques ont aliment\u00e9 les media peu scrupuleux et les propos de ceux qui\u00a0 trouvent leur int\u00e9r\u00eat \u00e0 focaliser sur notre m\u00e9tier pour le discr\u00e9diter un peu plus ou pour faire diversion.<\/p>\n<p><span style=\"color: #ff00ff;\"><strong> J&#8217;ai eu l&#8217;occasion de d\u00e9noncer cette instrumentalisation sur les media o\u00f9 j&#8217;ai d\u00e9nonc\u00e9 le &#8220;2 poids, 2 mesures&#8221; et rappel\u00e9 qu&#8217;il y avait eu dans la seule Vend\u00e9e 24 clusters en camping, 3 abattoirs dans la seule Mayenne, 450 cas dans une seule \u00e9cole de Lyon etc &#8230; La culpabilisation des discoth\u00e8ques s&#8217;est arr\u00eat\u00e9e net. Tant mieux !<\/strong><\/span><\/p>\n<p>&nbsp;<\/p>\n<p><strong><span style=\"color: #0000ff;\">L&#8217;ACTUALITE BRULANTE :<\/span><\/strong><\/p>\n<p><strong><span style=\"color: #ff00ff;\">L&#8217;interruption brutale, malgr\u00e9 les promesses contraires, du versement des 10 000 \u20ac forfaitaires d\u00e8s le mois de juin<\/span><\/strong> a \u00e9t\u00e9 d\u00e9couverte au moment de la mise en ligne du fonds de solidarit\u00e9. Le fait accompli dicterait d\u00e9sormais le comportement gouvernemental.<\/p>\n<p>Nous sommes, bien s\u00fbr, intervenus sans tarder aupr\u00e8s du cabinet du Ministre Alain GRISET pour tenter, sans succ\u00e8s, de modifier cette d\u00e9cision.<\/p>\n<p>Les aides restent bien actives jusqu&#8217;\u00e0 ce mois d&#8217;Ao\u00fbt mais uniquement pour les 20% du CA vers\u00e9s dans le cadre du fonds de solidarit\u00e9. On nous a r\u00e9torqu\u00e9, sans rire, que cette mesure avait \u00e9t\u00e9 d\u00e9cid\u00e9e et rendu publique au moment de l&#8217;annonce du d\u00e9confinement par le Premier Ministre ! Nul n&#8217;en\u00a0 \u00e9t\u00e9 inform\u00e9, curieux, non ?<\/p>\n<p><strong>Force est de constater que le d\u00e9sengagement de l&#8217;Etat envers nous est bien d&#8217;actualit\u00e9<\/strong>. Les CHR ayant repris, plus rien ne semble s&#8217;opposer \u00e0 la suppression des aides !<\/p>\n<p>&nbsp;<\/p>\n<p><strong><span style=\"color: #0000ff;\">CH\u00d4MAGE PARTIEL :<\/span><\/strong><\/p>\n<p>Dans plusieurs r\u00e9gions,<strong><span style=\"color: #ff00ff;\"> les demandes de b\u00e9n\u00e9fice du ch\u00f4mage partiel ont \u00e9t\u00e9 rejet\u00e9es<\/span><\/strong> &#8220;les discoth\u00e8ques peuvent rouvrir depuis le 9 juillet, si vous ne rouvrez pas, c&#8217;est votre choix arbitraire (!) et on ne r\u00e8gle plus le ch\u00f4mage partiel&#8221;. Nous sommes, une fois encore, intervenus (\u00e7a fait combien de fois depuis mars 2020 ?!!).<\/p>\n<p>Outre les assurances verbales (dont on doit dor\u00e9navant se m\u00e9fier) le d\u00e9cret du 28 Mai dernier (2021-674) confortait notre analyse. Nous invitons les exploitants \u00e0 s&#8217;appuyer sur ce texte. <strong>Les discoth\u00e8ques doivent b\u00e9n\u00e9ficier du ch\u00f4mage partiel puisqu&#8217;elles rentrent bien dans le champ d&#8217;application du d\u00e9cret.<\/strong><\/p>\n<p>Pour faire simple, retenez que vous devez justifier de la perte de 80 % de votre CA au cours des 6 mois qui pr\u00e9c\u00e8dent la demande, par comparaison avec le CA de r\u00e9f\u00e9rence de 2019 pour la m\u00eame p\u00e9riode. C&#8217;est bien \u00e9videmment le cas pour les discoth\u00e8ques au mois de juin mais aussi pour juillet et Ao\u00fbt, y compris probablement pour ceux qui ont repris l&#8217;activit\u00e9.<\/p>\n<p><strong><span style=\"color: #ff00ff;\">Depuis notre intervention, BERCY aurait r\u00e9gl\u00e9 le probl\u00e8me avec la Ministre de l&#8217;emploi.<\/span><\/strong><\/p>\n<p>&nbsp;<\/p>\n<p><strong><span style=\"color: #0000ff;\">L&#8217;INDEMNISATION &#8220;CO\u00dbTS FIXES&#8221; :<\/span><\/strong><\/p>\n<p><span style=\"color: #000000;\">Encore une question que nous avons d\u00fb soulever ! Il semble qu&#8217;il faille<strong><span style=\"color: #ff00ff;\"> beaucoup de temps pour traiter les dossiers d\u00e9pos\u00e9s et verser les aides.<\/span><\/strong><\/span><\/p>\n<p>Le Minist\u00e8re nous a confirm\u00e9 que cette aide fait l&#8217;objet d&#8217;un traitement manuel et &#8220;malgr\u00e9 le renforcement des \u00e9quipes, n&#8217;est pas en mesure de nous apporter un d\u00e9lai de traitement&#8221;. Patience donc !<\/p>\n<p>Nous avons rappel\u00e9 la difficult\u00e9 mat\u00e9rielle extr\u00eame dans laquelle se trouvent nombre d&#8217;exploitants et insist\u00e9 pour que cela se fasse au plus vite car notre activit\u00e9 est la seule aussi gravement touch\u00e9e par les cons\u00e9quences de la crise.<\/p>\n<p><strong><span style=\"color: #ff00ff;\">Traitement pour ceux qui ont repris ou non leur activit\u00e9:<\/span><\/strong><\/p>\n<p>Pour faire simple, les discoth\u00e8ques qui n&#8217;ont pas r\u00e9ouvert le dispositif qui s&#8217;applique est celui de la perte de CA ( 30% en juillet et 20% en Ao\u00fbt)? Comme ceux qui n&#8217;ont pas rouvert ont perdu 100 % de leur CA, le niveau d&#8217;indemnisation restera le m\u00eame. Une entreprise qui r\u00e9alise 10 000 \u20ac de CA par mois et qui perd 100 % b\u00e9n\u00e9ficiera en Ao\u00fbt d&#8217;une aide de 10 000 x 20 % = 2 000 \u20ac comme dans le syst\u00e8me \u00e0 20 % .<\/p>\n<p>Le sch\u00e9ma reste le m\u00eame pour tous.<\/p>\n<p>Les discoth\u00e8ques ayant r\u00e9ouvert, celles qui n&#8217;ont pas ouvert ou bien celles qui ont ouvert et referm\u00e9 (il y en a !): le dispositif &#8220;co\u00fbts fixes&#8221; vient en compl\u00e9ment lorsque le CA r\u00e9alis\u00e9 + les aides ne suffisent pas pour couvrir les charges et que, donc, l&#8217;entreprise a une perte d&#8217;exploitation.<\/p>\n<p>Nous vous invitons \u00e0 vous rapprocher de<span style=\"color: #ff00ff;\"><strong> vos experts comptables qui sont les ma\u00eetres de ce dossier.<\/strong> <\/span>Ne nous contacter que si vrai probl\u00e8me (on ne peut mat\u00e9riellement traiter les cas individuels).<\/p>\n<p><strong><span style=\"color: #ff0000;\">L&#8217;activit\u00e9 syndicale ne s&#8217;arr\u00eate jamais et ne connait pas la pause. Nous sommes en relation permanente avec nos interlocuteurs du gouvernement. Nous les remercions d&#8217;ailleurs de la qualit\u00e9 de leur \u00e9coute.<\/span><\/strong><\/p>\n<p>Les choses doivent \u00eatre clairement dites: les collaborateurs d&#8217;Alain Griset n&#8217;ont jamais cess\u00e9 de nous apporter les r\u00e9ponses \u00e0 nos interrogations.<\/p>\n<p>La politique gouvernementale est une chose \u00e0 l&#8217;\u00e9gard de laquelle nous avons des avis et commentaires parfois s\u00e9v\u00e8res mais la qualit\u00e9 de la relation avec BERCY et le cabinet du Ministre en charge de notre secteur doit, elle, \u00eatre soulign\u00e9e.<\/p>\n<p>Vous pouvez compter sur notre d\u00e9termination \u00e0 faire valoir vos int\u00e9r\u00eats. Nous comptons, nous, sur votre confiance en retour car certains n&#8217;ont pas acquitt\u00e9 leur cotisation, pourtant modique au regard de ce que nous faisons, et c&#8217;est tr\u00e8s dommageable.<\/p>\n<p>Courage \u00e0 tous et \u00e0 chacun<\/p>\n<p>Christian JOUNY et Patrick MALVA\u00cbS<\/p>\n","protected":false},"excerpt":{"rendered":"<p>Chers amis, chers confr\u00e8res, Depuis le 9 juillet dernier, environ un petit quart d&#8217;entre nous ont d\u00e9cid\u00e9 de relever le d\u00e9fi de la r\u00e9ouverture en mode d\u00e9grad\u00e9 et contraint, jauge et PASS sanitaire \u00e9tant&#8230;<\/p>\n","protected":false},"author":2,"featured_media":0,"comment_status":"closed","ping_status":"closed","sticky":false,"template":"","format":"standard","meta":{"_mi_skip_tracking":false,"_monsterinsights_sitenote_active":false,"_monsterinsights_sitenote_note":"","_monsterinsights_sitenote_category":0},"categories":[1],"tags":[],"_links":{"self":[{"href":"https:\/\/sndll.info\/index.php?rest_route=\/wp\/v2\/posts\/5465"}],"collection":[{"href":"https:\/\/sndll.info\/index.php?rest_route=\/wp\/v2\/posts"}],"about":[{"href":"https:\/\/sndll.info\/index.php?rest_route=\/wp\/v2\/types\/post"}],"author":[{"embeddable":true,"href":"https:\/\/sndll.info\/index.php?rest_route=\/wp\/v2\/users\/2"}],"replies":[{"embeddable":true,"href":"https:\/\/sndll.info\/index.php?rest_route=%2Fwp%2Fv2%2Fcomments&post=5465"}],"version-history":[{"count":2,"href":"https:\/\/sndll.info\/index.php?rest_route=\/wp\/v2\/posts\/5465\/revisions"}],"predecessor-version":[{"id":5468,"href":"https:\/\/sndll.info\/index.php?rest_route=\/wp\/v2\/posts\/5465\/revisions\/5468"}],"wp:attachment":[{"href":"https:\/\/sndll.info\/index.php?rest_route=%2Fwp%2Fv2%2Fmedia&parent=5465"}],"wp:term":[{"taxonomy":"category","embeddable":true,"href":"https:\/\/sndll.info\/index.php?rest_route=%2Fwp%2Fv2%2Fcategories&post=5465"},{"taxonomy":"post_tag","embeddable":true,"href":"https:\/\/sndll.info\/index.php?rest_route=%2Fwp%2Fv2%2Ftags&post=5465"}],"curies":[{"name":"wp","href":"https:\/\/api.w.org\/{rel}","templated":true}]}}