{"id":5471,"date":"2021-08-24T12:00:05","date_gmt":"2021-08-24T10:00:05","guid":{"rendered":"http:\/\/pjcrpry.cluster031.hosting.ovh.net\/?p=5471"},"modified":"2021-08-24T20:47:30","modified_gmt":"2021-08-24T18:47:30","slug":"compte-rendu-reunion-de-ce-jour","status":"publish","type":"post","link":"https:\/\/sndll.info\/?p=5471","title":{"rendered":"Compte rendu r\u00e9union de ce jour"},"content":{"rendered":"<h1 style=\"text-align: center;\"><strong>R\u00c9UNION CE JOUR AVEC LE CABINET D\u2019ALAIN GRISET<\/strong><\/h1>\n<p><strong>\u00a0<\/strong><\/p>\n<p><strong>Cher.e.s exploitant.e.s, c<\/strong><strong>her.e.s ami.e.s,<\/strong><\/p>\n<p>&nbsp;<\/p>\n<p>Ce mardi 24 ao\u00fbt 2021, nous avons \u00e9t\u00e9 convi\u00e9s \u00e0 un call avec les membres du cabinet d\u2019Alain Griset. L\u2019ordre du jour de cette r\u00e9union \u00e9tait le suivant\u00a0: <strong><em>\u00ab\u00a0concertation sur la suppression des aides\u00a0\u00bb.<\/em><\/strong><\/p>\n<p>&nbsp;<\/p>\n<p>En premi\u00e8re partie de r\u00e9union nos \u00e9changes ont port\u00e9 sur l\u2019analyse de la situation de reprise d\u2019activit\u00e9 des discoth\u00e8ques depuis le 9 juillet dernier.<\/p>\n<p><strong><em>\u00a0<\/em><\/strong><\/p>\n<p>Nous avons tout d\u2019abord rappel\u00e9 que 25% \u00e0 30 % d\u2019entre nous ont d\u00e9cid\u00e9 de prendre le risque de rouvrir dans des conditions d\u00e9grad\u00e9es compte tenues des exigences sanitaires impos\u00e9es \u00e0 notre profession.<\/p>\n<p>&nbsp;<\/p>\n<p>Entre le 9 juillet et le 24 ao\u00fbt, nous pouvons consid\u00e9rer que pr\u00e8s de 45% des discoth\u00e8ques sont sur le chemin de la r\u00e9ouverture progressive et peut \u00eatre plus si l\u2019on en croit les diff\u00e9rentes annonces qui s\u2019intensifient sur les r\u00e9seaux sociaux.<\/p>\n<p>&nbsp;<\/p>\n<p>Nous ressentons bien l\u2019inqui\u00e9tude l\u00e9gitime des exploitants qui, selon les situations g\u00e9ographiques connaissent des probl\u00e8mes extr\u00eamement diff\u00e9rents.<\/p>\n<p>&nbsp;<\/p>\n<p>&nbsp;<\/p>\n<h5><strong><u>La r\u00e9ouverture<\/u><\/strong><\/h5>\n<p>&nbsp;<\/p>\n<p>Certains d\u2019entre nous ont rouvert et se sont trouv\u00e9s dans l\u2019obligation de refermer leur \u00e9tablissement faute de clients suffisants.<\/p>\n<p>&nbsp;<\/p>\n<p>D\u2019autres ne pouvant pas obtenir la mise en place de tests antig\u00e9niques \u00e0 proximit\u00e9 de leur \u00e9tablissement pour pallier \u00e0 l\u2019absence de vaccination, n\u2019ont pas \u00e9t\u00e9 en mesure de rouvrir dans des conditions optimales ce qui les a conduit \u00e0 refermer.<\/p>\n<p>&nbsp;<\/p>\n<p>A l\u2019\u00e9vidence, la reprise d\u2019activit\u00e9 sans possibilit\u00e9 de r\u00e9aliser des tests antig\u00e9niques ne permettait pas d\u2019atteindre le seuil de rentabilit\u00e9.<\/p>\n<p>&nbsp;<\/p>\n<p>Les discoth\u00e8ques qui ont tir\u00e9 leur \u00e9pingle du jeu sont les discoth\u00e8ques situ\u00e9es en zones touristiques.<\/p>\n<p>&nbsp;<\/p>\n<p>Le mode d\u00e9grad\u00e9 (la jauge de 75%) a s\u00e9rieusement affect\u00e9 le niveau de rentabilit\u00e9 mais la client\u00e8le a toutefois renou\u00e9 avec la fr\u00e9quentation de nos lieux de loisir. C\u2019est le point positif de cette r\u00e9ouverture.<\/p>\n<p>Notons \u00e9galement que le ticket moyen semble avoir augment\u00e9 au moins durant cette br\u00e8ve p\u00e9riode d\u2019exp\u00e9rimentation.<\/p>\n<p>&nbsp;<\/p>\n<p>Nous avons soulign\u00e9 le fait que la client\u00e8le citadine s\u2019\u00e9tant d\u00e9plac\u00e9e dans nos lieux s\u2019est progressivement faite vaccin\u00e9e.<\/p>\n<p>&nbsp;<\/p>\n<p>Nous avons pris certains exemples d\u2019exploitants \u00e0 dessin qui devant chacun de leur \u00e9tablissement pratiquaient un nombre de tests variant entre 130 et 265 par nuit, aujourd\u2019hui au 24 aout ils en sont \u00e0 85 maximum ce qui tend \u00e0 accr\u00e9diter l\u2019id\u00e9e que cette fois une majorit\u00e9 de la client\u00e8le touristique est vaccin\u00e9e.<\/p>\n<p>&nbsp;<\/p>\n<p>La question qui d\u00e9coule de ce constat r\u00e9alis\u00e9 sur une p\u00e9riode de six semaines cons\u00e9cutives est de savoir si \u00e0 compter du mois de septembre, la client\u00e8le plus &#8220;locale&#8221; qui se situe dans &#8220;les territoires&#8221; (pour employer une expression parisienne) va-t-elle \u00eatre \u00e0 l\u2019image de ce que nous avons connu durant la saison ? Ce n\u2019est pas certain&#8230;<\/p>\n<p>Clairement en province, la population semble plus r\u00e9fractaire \u00e0 l\u2019id\u00e9e de se vacciner et voir m\u00eame de r\u00e9aliser un test PCR ou antig\u00e9nique avant de sortir en discoth\u00e8que ou ailleurs.<\/p>\n<p>&nbsp;<\/p>\n<p><strong>Le cabinet d\u2019Alain Griset nous a indiqu\u00e9 avoir obtenu des chiffres sur le taux de vaccination de la population des 18 \/ 29 ans : A ce jour, 65% de cette tranche d\u2019\u00e2ge est vaccin\u00e9 totalement et 80% l\u2019est partiellement.<\/strong><\/p>\n<p><strong>Cette information est extr\u00eamement importante pour l\u2019avenir proche de nos entreprises.<\/strong><\/p>\n<p><strong>\u00a0<\/strong><\/p>\n<p>&nbsp;<\/p>\n<h5><strong><u>Suppression des aides\u00a0de l\u2019\u00c9tat<\/u><\/strong><\/h5>\n<p>&nbsp;<\/p>\n<p>Le cabinet d\u2019Alain Griset a souhait\u00e9 connaitre notre approche sur la suppression des aides accord\u00e9es par le Gouvernement \u00e0 notre profession. C\u2019est \u00e9videmment un sujet complexe \u00e0 l\u2019\u00e9gard duquel plusieurs choses doivent \u00eatre exprim\u00e9es clairement.<\/p>\n<p>&nbsp;<\/p>\n<p><strong>Tout d\u2019abord, nos entreprises n\u2019ont pas vocation \u00e0 \u00eatre sous perfusion de l\u2019\u00c9tat en permanence c\u2019est \u00e9vident. <\/strong><\/p>\n<p>Toutefois, la reprise progressive de l\u2019activit\u00e9 discoth\u00e8que doit selon nous, \u00eatre accompagn\u00e9e par notre Gouvernement pour ne pas mettre en p\u00e9ril les \u00e9tablissements d\u00e9j\u00e0 tr\u00e8s durement touch\u00e9s par cette crise COVID-19.<\/p>\n<p>Les discoth\u00e8ques sont les seules entreprises ayant \u00e9t\u00e9 aussi durement \u00e9prouv\u00e9es avec 16 mois de fermeture cons\u00e9cutifs.<\/p>\n<p>&nbsp;<\/p>\n<p>&nbsp;<\/p>\n<h5><strong><u>Lever la jauge<\/u><\/strong><\/h5>\n<p>&nbsp;<\/p>\n<p>La premi\u00e8re des mesures \u00e0 prendre est selon nous la suppression de cette jauge de 75% afin de retrouver les moyens de parvenir au seuil de rentabilit\u00e9 dans des conditions normales.<\/p>\n<p>&nbsp;<\/p>\n<p>&nbsp;<\/p>\n<h5><strong><u>Un r\u00e9el plan de relance ou de soutien \u00e0 notre secteur est n\u00e9cessaire<\/u><\/strong><\/h5>\n<p>&nbsp;<\/p>\n<p>Lorsque nous disons cela nous pensons \u00e0 ceux qui vont reprendre en cette p\u00e9riode de septembre et qui vont connaitre d\u2019\u00e9normes difficult\u00e9s li\u00e9es d\u2019une part, \u00e0 l\u2019absence de vaccination dans certains territoires et d\u2019autre part, aussi parfois \u00e0 l\u2019impossibilit\u00e9 de pratiquer des tests antig\u00e9niques.<\/p>\n<p>&nbsp;<\/p>\n<p>Donc, <strong>nous pensons que les aides doivent \u00eatre maintenues en fonction de la situation r\u00e9elle de l\u2019activit\u00e9 de chacun encore quelque temps<\/strong> afin de s\u2019assurer comme pour le CHR, que l\u2019activit\u00e9 \u00e9conomique reprend r\u00e9ellement pour tous.<\/p>\n<p>&nbsp;<\/p>\n<p>&nbsp;<\/p>\n<h5><strong><u>Maintien de l\u2019acc\u00e8s au ch\u00f4mage partiel<\/u><\/strong><\/h5>\n<p>&nbsp;<\/p>\n<p>Les outils d\u2019adaptation du potentiel humain aux charges r\u00e9elles de l\u2019entreprise doivent \u00eatre maintenus. <strong>L\u2019acc\u00e8s au ch\u00f4mage partiel doit \u00eatre maintenu plusieurs mois afin de pr\u00e9server l\u2019emploi direct.<\/strong><\/p>\n<p>&nbsp;<\/p>\n<p>&nbsp;<\/p>\n<h5><strong><u>Maintien des aides en fonction de chaque situation<\/u><\/strong><\/h5>\n<p>&nbsp;<\/p>\n<p>La pertinence de l\u2019approche gouvernementale \u00e0 l\u2019\u00e9gard des entreprises fran\u00e7aises durant cette crise COVID, n\u2019est plus \u00e0 d\u00e9montrer, <strong>mais il faut imp\u00e9rativement la poursuivre non pas ind\u00e9finiment, mais encore quelques mois. <\/strong><\/p>\n<p><strong>\u00a0<\/strong><\/p>\n<p>&nbsp;<\/p>\n<h5><strong><u>priorit\u00e9 AU r\u00e9\u00e9chelonnement du P.G.E<\/u><\/strong><\/h5>\n<p>&nbsp;<\/p>\n<p>Il convient d\u2019ailleurs nous semble-t-il de l\u2019int\u00e9grer au moins partiellement dans la tr\u00e9sorerie de nos entreprises <strong>et examiner une remise des deux premi\u00e8res ann\u00e9es de remboursement au moins.<\/strong><\/p>\n<p>&nbsp;<\/p>\n<p>Le P.G.E. &#8211; pour ceux qui en ont b\u00e9n\u00e9fici\u00e9 &#8211; est la charge la plus lourde que nos exploitants vont avoir \u00e0 supporter sans \u00eatre capable d\u2019avoir r\u00e9alis\u00e9 la tr\u00e9sorerie suffisante pour assumer ce fardeau <strong>qui est li\u00e9 \u00e0 la d\u00e9cision de fermeture administrative, pas \u00e0 une d\u00e9faillance de notre gestion.<\/strong><\/p>\n<p><strong>\u00a0<\/strong><\/p>\n<p>&nbsp;<\/p>\n<h5><strong><u>Formation remise \u00e0 niveau investissements<\/u><\/strong><\/h5>\n<p>&nbsp;<\/p>\n<p>Ensuite, il faut imp\u00e9rativement encourager l\u2019acc\u00e8s \u00e0 la formation, la remise \u00e0 niveau du personnel poursuivre les exon\u00e9rations de charges, faciliter l\u2019acc\u00e8s aux nouveaux investissements.<\/p>\n<p>&nbsp;<\/p>\n<p>&nbsp;<\/p>\n<h5><strong><u>L\u2019attitude irresponsable des banques<\/u><\/strong><\/h5>\n<p>&nbsp;<\/p>\n<p>A ce sujet, vous nous avez souvent entendu dire &#8220;attention la relation avec les banques n\u2019est pas tenable : les discoth\u00e8ques sont l\u2019objet d\u2019une discrimination inacceptable&#8221;. Aujourd\u2019hui, nous vous confirmons que les banques ont de nouveau durci leur approche \u00e0 l\u2019\u00e9gard de notre profession.<\/p>\n<p>&nbsp;<\/p>\n<p>Nous avons de tr\u00e8s nombreux exemples ou les banques disent clairement, <strong><em><u>\u00ab\u00a0nous ne financerons pas\u00a0les discoth\u00e8ques c\u2019est trop risqu\u00e9\u00a0\u00bb <\/u><\/em><\/strong>.<\/p>\n<p>&nbsp;<\/p>\n<p>Pire nous avons eu des exemples depuis le 9 juillet, qui sont r\u00e9v\u00e9lateurs d\u2019une approche tr\u00e8s g\u00e9n\u00e9rale, de la part du secteur bancaire o\u00f9 nos exploitants se sont vu refuser l\u2019ouverture d\u2019un compte courant et l\u2019obtention d\u2019un terminal de paiement&#8230;<\/p>\n<p>&nbsp;<\/p>\n<p><strong>Nous avons sollicit\u00e9 l\u2019appui du Minist\u00e8re de l\u2019\u00e9conomie et des finances pour que cesse cette discrimination et que soit mis en application sur le terrain, les belles d\u00e9clarations des repr\u00e9sentants du secteur bancaire exprim\u00e9es lors de nos r\u00e9unions en pr\u00e9sence du ministre Alain Griset.<\/strong><\/p>\n<p>&nbsp;<\/p>\n<p>Si en responsabilit\u00e9 le Gouvernement ne peut pas obtenir des banques le financement de nos discoth\u00e8ques, alors disons-le clairement, nos entreprises seront dans des d\u00e9lais tr\u00e8s courts soit liquid\u00e9es soient reprises par des acqu\u00e9reurs peu scrupuleux et pour le coup c\u2019est un vrai sujet politique, qui rel\u00e8ve de votre responsabilit\u00e9.<\/p>\n<p>&nbsp;<\/p>\n<p><strong>A quoi aurait servi le soutien financier accord\u00e9 durant 16 mois, si le Gouvernement ne parvient pas \u00e0 imposer le financement des discoth\u00e8ques au m\u00eame titre que n\u2019importe quelle entreprise\u00a0? <\/strong><\/p>\n<p>&nbsp;<\/p>\n<p>Nous devons faire bloc contre le fallacieux pr\u00e9texte que les banques ne veulent pas prendre de risque avec les discoth\u00e8ques suite \u00e0 l\u2019exp\u00e9rience COVID. Les risques, c\u2019est l\u2019emprunteur qui les prend, pas la banque. <strong>Le risque fait partie du taux, ne laissons plus dire n\u2019importe quoi. <\/strong><\/p>\n<p><strong>\u00a0<\/strong><\/p>\n<p><strong>Nous ne sommes en aucun cas responsable de cette crise covid, et des d\u00e9g\u00e2ts collat\u00e9raux li\u00e9s \u00e0 notre fermeture de 16 mois.<\/strong><\/p>\n<p><strong>\u00a0<\/strong><\/p>\n<p><strong>\u00a0<\/strong><\/p>\n<h5><strong><u>La B.P.I. : Un outil adapt\u00e9<\/u><\/strong><\/h5>\n<p>&nbsp;<\/p>\n<p>Nous avons rappel\u00e9 que le Gouvernement dispose d\u2019un levier important au travers de la B.P.I.<\/p>\n<p>&nbsp;<\/p>\n<p>Il convient peut-\u00eatre l\u00e0 encore, de mettre en pratique les d\u00e9clarations d\u2019intentions exprim\u00e9es au cours de la tourn\u00e9e nationale ou la B.P.I. s\u2019est pr\u00e9sent\u00e9e partout sur notre territoire, comme l\u2019interlocuteur appropri\u00e9 des entreprises.<\/p>\n<p>&nbsp;<\/p>\n<p><strong>L\u2019acc\u00e8s aux financements est donc aujourd\u2019hui encore plus que jamais le probl\u00e8me num\u00e9ro 1 de cette reprise.<\/strong><\/p>\n<p>&nbsp;<\/p>\n<p>Pour conclure, la volont\u00e9 du SNDLL est claire. Un plan de soutien aux discoth\u00e8ques est plus que jamais n\u00e9cessaire. Les outils existent, nous avons d\u2019ailleurs fait des propositions \u00e0 Alain Griset dans le cadre du <strong><em><u>Plan discoth\u00e8ques<\/u><\/em><\/strong>, d\u00e9pos\u00e9 le 19 mars dernier.<\/p>\n<p>&nbsp;<\/p>\n<p>&nbsp;<\/p>\n<h5><strong><u>Un accompagnement politique et financier responsable<\/u><\/strong><\/h5>\n<p>&nbsp;<\/p>\n<p>Nos entreprises n\u2019ont pas vocation \u00e0 demeurer tributaires des aides publiques. Nous souhaitons tous retrouver notre niveau d\u2019activit\u00e9 de mars 2020. Nous nous pronon\u00e7ons pour une reprise d\u2019activit\u00e9 pour tous au plus vite mais nous consid\u00e9rons que cette reprise doit \u00eatre accompagn\u00e9e.<\/p>\n<p>&nbsp;<\/p>\n<p>&nbsp;<\/p>\n<h5><strong><u>Encourager \u00e0 la vaccination<\/u><\/strong><\/h5>\n<p>&nbsp;<\/p>\n<p>Nous devons aussi inciter la jeunesse \u00e0 se faire vacciner, et nous l\u2019avons fait au cours de l\u2019\u00e9t\u00e9. La vaccination est la seule r\u00e9ponse de nature \u00e0 r\u00e9pondre \u00e0 nos pr\u00e9occupations.<\/p>\n<p>&nbsp;<\/p>\n<p>&nbsp;<\/p>\n<h5><strong><u>Tests Antig\u00e9niques<\/u><\/strong><\/h5>\n<p>&nbsp;<\/p>\n<p>Le minist\u00e8re de la sant\u00e9 doit \u00e9galement favoriser la g\u00e9n\u00e9ralisation des tests antig\u00e9niques \u00e0 l\u2019occasion de cette reprise et ceci sur l\u2019ensemble du territoire.<\/p>\n<p>&nbsp;<\/p>\n<p>&nbsp;<\/p>\n<h5><strong><u>Commission de s\u00e9curit\u00e9<\/u><\/strong><\/h5>\n<p>&nbsp;<\/p>\n<p>Nous avons \u00e9galement demand\u00e9 \u00e0 nos interlocuteurs de relayer les difficult\u00e9s rencontr\u00e9es par certains exploitants concernant les commissions de s\u00e9curit\u00e9. Nous avons quelques exemples o\u00f9 la lourdeur administrative freine et parfois emp\u00eache certains exploitants de reprendre leur activit\u00e9 faute de passage de la commission.<\/p>\n<p>&nbsp;<\/p>\n<p>&nbsp;<\/p>\n<h5><strong><u>Conclusion<\/u><\/strong><\/h5>\n<p>&nbsp;<\/p>\n<p>Durant un peu plus d\u2019une heure nous avons \u00e9t\u00e9 en mesure de nous exprimer longuement et nous avons globalement partag\u00e9 syndicalement le m\u00eame point de vue.<\/p>\n<p>&nbsp;<\/p>\n<p>Nous avons not\u00e9 que le Gouvernement <strong><em>\u00ab\u00a0n\u2019a pas les coud\u00e9es franches\u00a0\u00bb,<\/em><\/strong> sur notre secteur d\u2019activit\u00e9.\u00a0 Il s\u2019informe et veut connaitre dans le d\u00e9tail les conditions de reprises que nous avons connues, <strong>c\u2019est plut\u00f4t positif, il s\u2019y \u00e9tait engag\u00e9.<\/strong><\/p>\n<p><strong>\u00a0<\/strong><\/p>\n<p>D\u2019ailleurs le Pr\u00e9sident de la R\u00e9publique nous avait promis qu\u2019un point sera fait \u00e0 la rentr\u00e9e.<\/p>\n<p>C\u2019est aujourd\u2019hui chose faite, nous avons transmis le retour d\u2019exp\u00e9rience de cette r\u00e9ouverture en mode d\u00e9grad\u00e9.<\/p>\n<p>&nbsp;<\/p>\n<p><strong>Il y a manifestement urgence \u00e0 d\u00e9cider de la politique d\u2019accompagnement de cette reprise et c\u2019est pr\u00e9cis\u00e9ment ce que nous attendons en retour de cette r\u00e9union de ce matin.<\/strong><\/p>\n<p>&nbsp;<\/p>\n<p>Il apparait que l\u2019approche de Bercy se veut plut\u00f4t globale \u00e0 l\u2019\u00e9chelle du pays c\u2019est ce qui a sembl\u00e9 transparaitre de nos \u00e9changes.<\/p>\n<p>&nbsp;<\/p>\n<p>Ce n\u2019est qu\u2019un sentiment (le n\u00f4tre) toutefois, f\u00e9licitons-nous de cet \u00e9change, <strong>maintenant place \u00e0 l\u2019action concr\u00e8te et c\u2019est probablement l\u2019exercice le plus difficile sur lequel sera port\u00e9 jugement de valeur du Gouvernement sur sa capacit\u00e9 \u00e0 soutenir r\u00e9ellement notre secteur d\u2019activit\u00e9 ou pas.<\/strong><\/p>\n<p>&nbsp;<\/p>\n<p>N\u2019h\u00e9sitez pas \u00e0 nous faire connaitre vos probl\u00e9matiques locales, vos difficult\u00e9s relationnelles avec votre banque afin que nous remontions \u00e0 Bercy les probl\u00e8mes rencontr\u00e9s au quotidien.<\/p>\n<p>&nbsp;<\/p>\n<p><strong>Le SNDLL est depuis le premier jour de cette crise in\u00e9dite, plus que jamais \u00e0 votre \u00e9coute et le restera.<\/strong><\/p>\n<p>&nbsp;<\/p>\n<p>A tr\u00e8s bient\u00f4t,<\/p>\n<p>&nbsp;<\/p>\n<p style=\"text-align: center;\">Christian JOUNY\u00a0\u00a0\u00a0\u00a0\u00a0\u00a0\u00a0\u00a0\u00a0\u00a0\u00a0\u00a0\u00a0\u00a0\u00a0\u00a0\u00a0\u00a0\u00a0\u00a0\u00a0\u00a0\u00a0\u00a0\u00a0\u00a0\u00a0\u00a0\u00a0\u00a0\u00a0\u00a0\u00a0\u00a0\u00a0\u00a0\u00a0\u00a0\u00a0\u00a0\u00a0\u00a0\u00a0\u00a0\u00a0\u00a0\u00a0\u00a0\u00a0\u00a0\u00a0\u00a0\u00a0\u00a0\u00a0\u00a0\u00a0\u00a0\u00a0\u00a0\u00a0\u00a0\u00a0\u00a0\u00a0\u00a0\u00a0\u00a0\u00a0\u00a0\u00a0\u00a0\u00a0\u00a0\u00a0\u00a0\u00a0\u00a0\u00a0\u00a0\u00a0\u00a0\u00a0\u00a0\u00a0\u00a0\u00a0\u00a0\u00a0\u00a0\u00a0 Patrick MALVA\u00cbS<\/p>\n<p>&nbsp;<\/p>\n","protected":false},"excerpt":{"rendered":"<p>R\u00c9UNION CE JOUR AVEC LE CABINET D\u2019ALAIN GRISET \u00a0 Cher.e.s exploitant.e.s, cher.e.s ami.e.s, &nbsp; Ce mardi 24 ao\u00fbt 2021, nous avons \u00e9t\u00e9 convi\u00e9s \u00e0 un call avec les membres du cabinet d\u2019Alain Griset. L\u2019ordre&#8230;<\/p>\n","protected":false},"author":1,"featured_media":0,"comment_status":"closed","ping_status":"closed","sticky":false,"template":"","format":"standard","meta":{"_mi_skip_tracking":false,"_monsterinsights_sitenote_active":false,"_monsterinsights_sitenote_note":"","_monsterinsights_sitenote_category":0},"categories":[1],"tags":[],"_links":{"self":[{"href":"https:\/\/sndll.info\/index.php?rest_route=\/wp\/v2\/posts\/5471"}],"collection":[{"href":"https:\/\/sndll.info\/index.php?rest_route=\/wp\/v2\/posts"}],"about":[{"href":"https:\/\/sndll.info\/index.php?rest_route=\/wp\/v2\/types\/post"}],"author":[{"embeddable":true,"href":"https:\/\/sndll.info\/index.php?rest_route=\/wp\/v2\/users\/1"}],"replies":[{"embeddable":true,"href":"https:\/\/sndll.info\/index.php?rest_route=%2Fwp%2Fv2%2Fcomments&post=5471"}],"version-history":[{"count":1,"href":"https:\/\/sndll.info\/index.php?rest_route=\/wp\/v2\/posts\/5471\/revisions"}],"predecessor-version":[{"id":5472,"href":"https:\/\/sndll.info\/index.php?rest_route=\/wp\/v2\/posts\/5471\/revisions\/5472"}],"wp:attachment":[{"href":"https:\/\/sndll.info\/index.php?rest_route=%2Fwp%2Fv2%2Fmedia&parent=5471"}],"wp:term":[{"taxonomy":"category","embeddable":true,"href":"https:\/\/sndll.info\/index.php?rest_route=%2Fwp%2Fv2%2Fcategories&post=5471"},{"taxonomy":"post_tag","embeddable":true,"href":"https:\/\/sndll.info\/index.php?rest_route=%2Fwp%2Fv2%2Ftags&post=5471"}],"curies":[{"name":"wp","href":"https:\/\/api.w.org\/{rel}","templated":true}]}}