{"id":5474,"date":"2021-08-26T17:00:54","date_gmt":"2021-08-26T15:00:54","guid":{"rendered":"http:\/\/pjcrpry.cluster031.hosting.ovh.net\/?p=5474"},"modified":"2021-08-26T18:29:57","modified_gmt":"2021-08-26T16:29:57","slug":"reunion-a-bercy-lundi-30-aout-2020-a-9h30","status":"publish","type":"post","link":"https:\/\/sndll.info\/?p=5474","title":{"rendered":"R\u00e9union \u00e0 Bercy : lundi 30 ao\u00fbt 2021 \u00e0 9h30"},"content":{"rendered":"<div>\n<h1>R\u00e9union \u00e0 Bercy<\/h1>\n<h1>lundi 30 ao\u00fbt 2021 \u00e0 9h30<\/h1>\n<\/div>\n<div><\/div>\n<div>Chers exploitant.e.s, cher.e.s ami.e.s<\/div>\n<div><\/div>\n<div>Le secr\u00e9tariat particulier de Bruno le Maire nous convie \u00e0 une r\u00e9union destin\u00e9e \u00e0 faire un point de la situation des secteurs affect\u00e9s par la crise COVID.<\/div>\n<div><\/div>\n<div>Cette r\u00e9union se tiendra \u00e0 Bercy, lundi prochain 30 ao\u00fbt 2021 \u00e0 9h30 sous l\u2019autorit\u00e9 de\u00a0<strong>Bruno le Maire,<\/strong> Ministre de l\u2019\u00e9conomie des finances et de la relance.<\/div>\n<div><\/div>\n<p>Nous notons la participation \u00a0\u00e9galement de:<\/p>\n<ul>\n<li>Elizabeth Borde (Ministre du travail de l\u2019emploi et de l\u2019insertion)<\/li>\n<li>Alain Griset (Ministre d\u00e9l\u00e9gu\u00e9 en charge des petites et moyennes entreprises)<\/li>\n<li>Jean-Baptiste Lemoyne (Secr\u00e9taire d\u2019\u00c9tat charg\u00e9 du tourisme, des Fran\u00e7ais de l\u2019\u00e9tranger et de la francophonie)<\/li>\n<\/ul>\n<div><\/div>\n<div>Nous vous tiendrons bien \u00e9videmment inform\u00e9s du contenu des \u00e9changes que nous aurons avec nos interlocuteurs.<\/div>\n<div><\/div>\n<div>Nous renouvellerons nos diff\u00e9rentes demandes formul\u00e9es aupr\u00e8s du cabinet d&#8217;Alain Griset d\u00e9j\u00e0 mardi matin.<\/div>\n<div><\/div>\n<div>\n<div dir=\"ltr\">\u00c0 tr\u00e8s bient\u00f4t<\/div>\n<\/div>\n<div dir=\"ltr\"><\/div>\n<div dir=\"ltr\"><\/div>\n<div>\n<div dir=\"ltr\" style=\"text-align: center;\">Christian JOUNY \u00a0 \u00a0 \u00a0 \u00a0 \u00a0 \u00a0 \u00a0 \u00a0 \u00a0 \u00a0 \u00a0 \u00a0 \u00a0 \u00a0 Patrick Malva\u00ebs<\/div>\n<\/div>\n","protected":false},"excerpt":{"rendered":"<p>R\u00e9union \u00e0 Bercy lundi 30 ao\u00fbt 2021 \u00e0 9h30 Chers exploitant.e.s, cher.e.s ami.e.s Le secr\u00e9tariat particulier de Bruno le Maire nous convie \u00e0 une r\u00e9union destin\u00e9e \u00e0 faire un point de la situation des&#8230;<\/p>\n","protected":false},"author":1,"featured_media":0,"comment_status":"closed","ping_status":"closed","sticky":false,"template":"","format":"standard","meta":{"_mi_skip_tracking":false,"_monsterinsights_sitenote_active":false,"_monsterinsights_sitenote_note":"","_monsterinsights_sitenote_category":0},"categories":[1],"tags":[],"_links":{"self":[{"href":"https:\/\/sndll.info\/index.php?rest_route=\/wp\/v2\/posts\/5474"}],"collection":[{"href":"https:\/\/sndll.info\/index.php?rest_route=\/wp\/v2\/posts"}],"about":[{"href":"https:\/\/sndll.info\/index.php?rest_route=\/wp\/v2\/types\/post"}],"author":[{"embeddable":true,"href":"https:\/\/sndll.info\/index.php?rest_route=\/wp\/v2\/users\/1"}],"replies":[{"embeddable":true,"href":"https:\/\/sndll.info\/index.php?rest_route=%2Fwp%2Fv2%2Fcomments&post=5474"}],"version-history":[{"count":5,"href":"https:\/\/sndll.info\/index.php?rest_route=\/wp\/v2\/posts\/5474\/revisions"}],"predecessor-version":[{"id":5479,"href":"https:\/\/sndll.info\/index.php?rest_route=\/wp\/v2\/posts\/5474\/revisions\/5479"}],"wp:attachment":[{"href":"https:\/\/sndll.info\/index.php?rest_route=%2Fwp%2Fv2%2Fmedia&parent=5474"}],"wp:term":[{"taxonomy":"category","embeddable":true,"href":"https:\/\/sndll.info\/index.php?rest_route=%2Fwp%2Fv2%2Fcategories&post=5474"},{"taxonomy":"post_tag","embeddable":true,"href":"https:\/\/sndll.info\/index.php?rest_route=%2Fwp%2Fv2%2Ftags&post=5474"}],"curies":[{"name":"wp","href":"https:\/\/api.w.org\/{rel}","templated":true}]}}