{"id":5480,"date":"2021-08-30T12:00:41","date_gmt":"2021-08-30T10:00:41","guid":{"rendered":"http:\/\/pjcrpry.cluster031.hosting.ovh.net\/?p=5480"},"modified":"2021-12-14T15:03:45","modified_gmt":"2021-12-14T14:03:45","slug":"reunion-de-ce-jour-a-bercy","status":"publish","type":"post","link":"https:\/\/sndll.info\/?p=5480","title":{"rendered":"R\u00c9UNION DE CE JOUR A BERCY"},"content":{"rendered":"<h3 style=\"text-align: center;\"><strong>R\u00c9UNION DE CE JOUR A BERCY<\/strong><\/h3>\n<p><strong>Cher.e.s exploitant.e.s, cher.e.s ami.e.s,<\/strong><\/p>\n<p>Comme nous vous l\u2019avions indiqu\u00e9, ce jour lundi 30 ao\u00fbt 2021 \u00e0 Bercy, s\u2019est tenue une r\u00e9union sous l\u2019autorit\u00e9 de <strong>Bruno LEMAIRE<\/strong>, Ministre de l\u2019\u00c9conomie, des Finances et de la Relance, <strong>\u00c9lisabeth BORNE<\/strong> (Ministre du Travail, de l\u2019Emploi et de l\u2019Insertion), <strong>Alain GRISET<\/strong> (Ministre d\u00e9l\u00e9gu\u00e9 charg\u00e9 des Petites et Moyennes Entreprises), <strong>Jean-Baptiste LEMOYNE<\/strong> (Secr\u00e9taire d\u2019\u00c9tat charg\u00e9 du Tourisme, des Fran\u00e7ais de l\u2019\u00c9tranger et de la Francophonie) et <strong>Jean-Baptiste DJEBBARI<\/strong> (Ministre d\u00e9l\u00e9gu\u00e9 aupr\u00e8s de la ministre de la transition \u00e9cologique charg\u00e9 des transports).<\/p>\n<p><strong>Bruno LEMAIRE<\/strong> l\u2019a bri\u00e8vement rappel\u00e9\u00a0: il s\u2019agissait de faire un point d\u2019\u00e9tape sur la situation g\u00e9n\u00e9rale de notre \u00e9conomie secteur par secteur.<\/p>\n<p>Nous avions, en ce qui concerne les repr\u00e9sentants des discoth\u00e8ques, d\u00e9j\u00e0 eu l\u2019occasion avec les membres du cabinet d\u2019Alain GRISET mardi 24 ao\u00fbt dernier de faire un point assez d\u00e9taill\u00e9 de notre situation sp\u00e9cifique.<\/p>\n<p>Ce matin, il s\u2019agissait d\u2019examiner les situations de reprises des uns et des autres. \u00c9taient pr\u00e9sents : le Medef, la CGPME, le CHR, l\u2019\u00e9v\u00e9nementiel, l\u2019industrie des centres commerciaux, les campings, les tours op\u00e9rateurs, la thalasso, le thermalisme, les parcs \u00e0 th\u00e8me, la montagne, le sport et les loisirs, les autocars, la mission marchande les compagnies a\u00e9riennes, le transport a\u00e9rien, etc.<\/p>\n<p>D\u2019entr\u00e9e de s\u00e9ance, <strong>Bruno LEMAIRE<\/strong> a annonc\u00e9 la couleur : <em><b>\u00ab\u00a0Le quoi qu\u2019il en co\u00fbte\u00a0est termin\u00e9 et laissera place \u00e0 une politique d\u2019accompagnement plus personnalis\u00e9e\u00a0\u00bb<\/b><\/em>. Il a ajout\u00e9 que trois options \u00e9taient devant lui\u00a0:<\/p>\n<ol>\n<li>Abandon d\u00e8s mercredi 01\u00a0septembre (apr\u00e8s-demain) de l\u2019indemnisation forfaitaire du fonds de solidarit\u00e9 et basculement dans un syst\u00e8me dit <strong><em><u>co\u00fbts fixes<\/u><\/em><\/strong> au 01\u00a0septembre r\u00e9serv\u00e9 \u00e0 toutes les entreprises quel que soit leur taille (S1- S1-bis).<\/li>\n<li>L\u2019incitation \u00e0 rester ferm\u00e9s est trop \u00e9lev\u00e9e, donc plus de fonds de solidarit\u00e9.<\/li>\n<li>Maintien durant un mois du fonds de solidarit\u00e9 (jusqu\u2019\u00e0 fin septembre) et on ouvre ensuite le dispositif dit <strong><em><u>co\u00fbts fixes<\/u><\/em><\/strong>.<\/li>\n<\/ol>\n<p>Le fait de participer \u00e0 ce type de r\u00e9union, permet incontestablement d\u2019avoir une vision d\u2019ensemble \u00e0 l\u2019\u00e9chelle du Pays et nous avons constat\u00e9 que nombreux sont les secteurs touch\u00e9s comme nous l\u2019avons \u00e9t\u00e9 durant 16 mois.<\/p>\n<p>A l\u2019exception des fabricants de remont\u00e9es m\u00e9caniques, des autocars, des compagnies a\u00e9riennes ou encore de l\u2019\u00e9v\u00e9nementiel, sans pour autant c\u00e9der \u00e0 un enthousiasme d\u00e9lirant, il semble bien que l\u2019activit\u00e9 \u00e9conomique soit incontestablement dans une reprise plut\u00f4t vertueuse, ce qui correspond au constat que nous faisons dans le cadre de la reprise d\u2019activit\u00e9 des discoth\u00e8ques situ\u00e9es en zones touristiques.<\/p>\n<p>Apr\u00e8s avoir \u00e9cout\u00e9 et r\u00e9pondu aux intervenants, Bruno LEMAIRE nous a indiqu\u00e9 plusieurs choses extr\u00eamement int\u00e9ressantes.<\/p>\n<p>Le ministre indique vouloir r\u00e9ussir cette sortie de crise. Il nous a expliqu\u00e9 avoir fait r\u00e9aliser des analyses \u00e0 partir des paiements par cartes bancaire sur l\u2019ensemble du territoire Fran\u00e7ais.<\/p>\n<p>Partant de ces \u00e9l\u00e9ments, il indique que selon lui le retour \u00e0 la normale se fait progressivement, mais il est \u00e9videmment h\u00e9t\u00e9rog\u00e8ne.<\/p>\n<p>Il a donc d\u00e9cid\u00e9 \u00e0 la fin de cette r\u00e9union (sauf pour les DOM \/ TOM qui sont dans une situation particuli\u00e8re sur le plan sanitaire et ou toutes les mesures seront maintenues pour le moment) :<\/p>\n<p><strong><u>D\u00e9cisions\u00a0du Ministre <\/u>:<\/strong><\/p>\n<ul>\n<li><strong>Le fonds de solidarit\u00e9 sera maintenu jusqu\u2019au 30 septembre prochain assorti d\u2019une condition d\u2019acc\u00e8s suppl\u00e9mentaire, avoir au moins 15 % d\u2019activit\u00e9. Cette condition est ajout\u00e9e pour \u00e9viter les effets d\u2019aubaine d\u2019entreprises qui souhaitent rester ferm\u00e9es et b\u00e9n\u00e9ficier uniquement des aides.<\/strong><\/li>\n<li><strong>Le 01\u00a0octobre, le dispositif co\u00fbts fixes remplacera le fonds de solidarit\u00e9 et sera mis en \u0153uvre pour tous les secteurs d\u2019activit\u00e9s (S1 et S1-bis).<\/strong><\/li>\n<li><strong>La prise en charge de la diff\u00e9rence de chiffre d \u2018affaire entre 2019 et 2021 et des charges fixes de l\u2019entreprise est fix\u00e9e \u00e0 90% pour les entreprises de moins de 50 salari\u00e9s et de 80 % pour les plus de 50 salari\u00e9s.<\/strong><\/li>\n<li><strong>Maintient du dispositif actuel de ch\u00f4mage partiel jusqu&#8217;au 31 octobre 2021<\/strong><\/li>\n<\/ul>\n<p><strong><u>Traitement des dossiers \u00e9ligibles au dispositif co\u00fbts fixes\u00a0:<\/u><\/strong><\/p>\n<p><strong>Bruno LEMAIRE a aussi indiqu\u00e9 avoir per\u00e7u le probl\u00e8me de dur\u00e9e de traitement administrative des dossiers d\u00e9pos\u00e9s et par cons\u00e9quent de paiement du dispositif co\u00fbts fixes en soulignant que la DGFIP dispose de personnel mais probablement pas en quantit\u00e9 suffisante pour satisfaire le nombre de demandes dans des d\u00e9lais plus courts. Il ajoute qu\u2019environ 3 heures sont n\u00e9cessaires pour traiter chaque dossier. Il souhaite am\u00e9liorer cette situation.<\/strong><\/p>\n<p><strong>D\u00e9but Novembre Bruno LEMAIRE s\u2019est engag\u00e9 \u00e0 faire de nouveau une clause de revoyure.<\/strong><\/p>\n<p><strong><u>PGE<\/u><\/strong><\/p>\n<p><strong>A ce sujet, le ministre a indiqu\u00e9 avoir essuy\u00e9 un refus de la communaut\u00e9 Europ\u00e9enne au sujet de l\u2019\u00e9talement du PGE. <\/strong><\/p>\n<p><strong>Il souligne avoir parfaitement compris la n\u00e9cessit\u00e9 de travailler sur ce sujet pour toutes les entreprises de France. Il veut en discuter avec les acteurs financiers et ensuite revenir vers nous sur ce point.<\/strong><\/p>\n<p><strong><u>Consid\u00e9ration SNDLL\u00a0:<\/u><\/strong><\/p>\n<p>Nous nous f\u00e9licitons de cette r\u00e9union m\u00eame si par sa nature elle ne permet pas d\u2019entrer dans les d\u00e9tails de chaque secteur d\u2019activit\u00e9.<\/p>\n<p>Toutefois, Bruno LEMAIRE s\u2019est empar\u00e9 du d\u00e9bat, en affichant une volont\u00e9 farouche de mettre en \u0153uvre des dispositions adapt\u00e9es au soutien de la reprise \u00e9conomique, <strong>en favorisant le retour d\u2019activit\u00e9.<\/strong> Il a soulign\u00e9 que la gestion de l\u2019argent public ne l\u2019autorisait pas \u00e0 faire n\u2019importe quoi, il n\u2019a fui aucun sujet. Ce discours nous convient plut\u00f4t bien et tranche avec certaines habitudes politiques. <strong>Il a le m\u00e9rite de la clart\u00e9.<\/strong><\/p>\n<p>Avec Alain GRISET et les membres de son cabinet, nous poursuivrons nos \u00e9changes et traitements de dossiers complexes pour notre secteur des discoth\u00e8ques.<\/p>\n<p><strong>La pr\u00e9paration de cette r\u00e9union s\u2019est d\u00e9roul\u00e9e dans une atmosph\u00e8re d\u00e9lib\u00e9r\u00e9ment rassembleuse entre les repr\u00e9sentants syndicaux des discoth\u00e8ques UMIH AFEDD SNDLL. C\u2019est tr\u00e8s important. Nous avons d\u2019ailleurs convenu d\u2019initier une d\u00e9marche commune aupr\u00e8s de Bruno LEMAIRE afin de tenter de le sensibiliser aussi sur nos probl\u00e9matiques tr\u00e8s sp\u00e9cifiques.<\/strong><\/p>\n<p><strong>Nous pensons notamment \u00e0 notre tr\u00e8s difficile relation avec les banques, mais aussi aux frais engendr\u00e9s par la \u00ab casse \u00bb d\u2019un nombre important de mat\u00e9riels ayant \u00e9t\u00e9 durant 16 mois \u00e9t\u00e9 \u00e0 l\u2019arr\u00eat et sont devenus obsol\u00e8tes \u00e0 notre reprise d\u2019activit\u00e9.<\/strong><\/p>\n<p>Cette r\u00e9union permet aussi de prendre des contacts importants de converser avec de nombreux responsables politiques et plus globalement de faire avancer un certain nombre de pr\u00e9occupations. Nous n\u2019entrerons pas dans les d\u00e9tails mais ces moments-l\u00e0 sont aussi importants que les \u00e9changes officiels.<\/p>\n<p><strong>La jauge fait partie de nos probl\u00e9matiques et doit \u00eatre lev\u00e9e au plus vite. Ce message a \u00e9t\u00e9 pass\u00e9 partout o\u00f9 nous pouvions le faire, pour en d\u00e9montrer le non-sens. L\u2019exemple des \u00e9tablissements exer\u00e7ant leur activit\u00e9 en sous-sol est l\u00e0 encore tr\u00e8s particuli\u00e8re puisque pour des raisons de s\u00e9curit\u00e9 incendie leur capacit\u00e9 est r\u00e9duite de moiti\u00e9 ce qui les conduit avec la jauge actuelle \u00e0 avoir une autorisation de r\u00e9ouverture \u00e0 37,5% de leur capacit\u00e9\u00a0! Comment dans ces conditions atteindre le seuil de rentabilit\u00e9\u00a0? C\u2019est tout simplement impossible.<\/strong><\/p>\n<p><strong>Chaque jour, nous devons tenter de faire avancer l\u2019id\u00e9e qu\u2019une discoth\u00e8que est une entreprise \u00e0 part enti\u00e8re. Quotidiennement, notre r\u00f4le consiste \u00e0 tenter de convaincre que nous devons \u00eatre trait\u00e9s comme toutes les entreprises de France.<\/strong><\/p>\n<p><strong>Nous avan\u00e7ons peu \u00e0 peu, la preuve, les discoth\u00e8ques sont d\u00e9sormais \u00e0 la table de nombreuses concertations et n\u00e9gociations. Plus que jamais, nous avons besoin de votre soutien, c\u2019est \u00e0 ce prix que nous pourrons souhaitons-le, construire une vraie perspective pour notre m\u00e9tier afin de pr\u00e9parer l\u2019apr\u00e8s COVID 19 et r\u00e9ussir cette reprise d\u2019activit\u00e9.<\/strong><\/p>\n<p><strong>Cette crise nous aura beaucoup appris.<\/strong><\/p>\n<p><strong>A tr\u00e8s bient\u00f4t<\/strong><\/p>\n<p><strong>\u00a0 \u00a0 \u00a0 \u00a0 \u00a0 \u00a0 \u00a0 \u00a0 \u00a0 \u00a0 \u00a0 \u00a0 \u00a0 \u00a0 \u00a0 \u00a0 \u00a0 \u00a0 \u00a0 \u00a0Christian JOUNY\u00a0 \u00a0 \u00a0 Patrick MALVA\u00cbS<\/strong><\/p>\n<p>&nbsp;<\/p>\n<p><strong>\u00a0<\/strong><\/p>\n","protected":false},"excerpt":{"rendered":"<p>R\u00c9UNION DE CE JOUR A BERCY Cher.e.s exploitant.e.s, cher.e.s ami.e.s, Comme nous vous l\u2019avions indiqu\u00e9, ce jour lundi 30 ao\u00fbt 2021 \u00e0 Bercy, s\u2019est tenue une r\u00e9union sous l\u2019autorit\u00e9 de Bruno LEMAIRE, Ministre de&#8230;<\/p>\n","protected":false},"author":1,"featured_media":0,"comment_status":"closed","ping_status":"closed","sticky":false,"template":"","format":"standard","meta":{"_mi_skip_tracking":false,"_monsterinsights_sitenote_active":false,"_monsterinsights_sitenote_note":"","_monsterinsights_sitenote_category":0},"categories":[1],"tags":[],"_links":{"self":[{"href":"https:\/\/sndll.info\/index.php?rest_route=\/wp\/v2\/posts\/5480"}],"collection":[{"href":"https:\/\/sndll.info\/index.php?rest_route=\/wp\/v2\/posts"}],"about":[{"href":"https:\/\/sndll.info\/index.php?rest_route=\/wp\/v2\/types\/post"}],"author":[{"embeddable":true,"href":"https:\/\/sndll.info\/index.php?rest_route=\/wp\/v2\/users\/1"}],"replies":[{"embeddable":true,"href":"https:\/\/sndll.info\/index.php?rest_route=%2Fwp%2Fv2%2Fcomments&post=5480"}],"version-history":[{"count":10,"href":"https:\/\/sndll.info\/index.php?rest_route=\/wp\/v2\/posts\/5480\/revisions"}],"predecessor-version":[{"id":5617,"href":"https:\/\/sndll.info\/index.php?rest_route=\/wp\/v2\/posts\/5480\/revisions\/5617"}],"wp:attachment":[{"href":"https:\/\/sndll.info\/index.php?rest_route=%2Fwp%2Fv2%2Fmedia&parent=5480"}],"wp:term":[{"taxonomy":"category","embeddable":true,"href":"https:\/\/sndll.info\/index.php?rest_route=%2Fwp%2Fv2%2Fcategories&post=5480"},{"taxonomy":"post_tag","embeddable":true,"href":"https:\/\/sndll.info\/index.php?rest_route=%2Fwp%2Fv2%2Ftags&post=5480"}],"curies":[{"name":"wp","href":"https:\/\/api.w.org\/{rel}","templated":true}]}}