{"id":5491,"date":"2021-11-05T14:00:07","date_gmt":"2021-11-05T13:00:07","guid":{"rendered":"http:\/\/pjcrpry.cluster031.hosting.ovh.net\/?p=5491"},"modified":"2021-11-05T21:48:32","modified_gmt":"2021-11-05T20:48:32","slug":"une-nouvelle-reunion-avec-bruno-lemaire","status":"publish","type":"post","link":"https:\/\/sndll.info\/?p=5491","title":{"rendered":"UNE NOUVELLE R\u00c9UNION AVEC BRUNO LEMAIRE"},"content":{"rendered":"<div class=\"title-h3\"><strong>UNE NOUVELLE R\u00c9UNION AVEC BRUNO LEMAIRE<\/strong><\/div>\n<p><strong>\u00a0<\/strong><\/p>\n<p><strong>\u00a0<\/strong><\/p>\n<p>Cher.e.s exploitant.e.s, cher.e.s ami.e.s,<\/p>\n<p>&nbsp;<\/p>\n<p>Ce jour, vendredi 5 novembre 2021, s\u2019est tenue une nouvelle r\u00e9union \u00e0 Bercy sous l\u2019autorit\u00e9 de Bruno LE MAIRE avec la participation du Ministre Alain GRISET et Jean Baptiste LEMOIGNE.<\/p>\n<p>&nbsp;<\/p>\n<p>L\u2019ordre du jour, portait sur le respect de la clause de rendez-vous \u00e0 laquelle s\u2019\u00e9tait engag\u00e9 le Ministre de l\u2019\u00c9conomie des Finances et de la Relance.<\/p>\n<p>&nbsp;<\/p>\n<p>L\u2019approche du Ministre demeure la m\u00eame, comme la fois pr\u00e9c\u00e9dente, le langage plut\u00f4t direct a \u00e9t\u00e9 employ\u00e9. S\u2019agissant de la reprise d\u2019activit\u00e9<strong>, il a indiqu\u00e9 qu\u2019\u00e0 l\u2019\u00e9chelle du Pays, l\u2019\u00e9conomie red\u00e9marre tr\u00e8s vite et tr\u00e8s fort.<\/strong><\/p>\n<p>&nbsp;<\/p>\n<p>Le taux de croissance est le meilleur depuis cinquante ans. Il a soulign\u00e9 que les fran\u00e7ais puisent dans leur \u00e9pargne parce que le Gouvernement n\u2019a pas fait le choix de l\u2019augmentation d\u2019imp\u00f4ts. Il a ajout\u00e9 que tout devait \u00eatre mis en \u0153uvre pour baisser les imp\u00f4ts des Fran\u00e7ais.<\/p>\n<p>&nbsp;<\/p>\n<p>Il a clairement indiqu\u00e9 que le Gouvernement est d\u00e9sormais d\u00e9cid\u00e9 \u00e0 sortir du \u00ab\u00a0quoi qu\u2019il en co\u00fbte\u00a0\u00bb.<\/p>\n<p>&nbsp;<\/p>\n<p><strong>Pour ce qui concerne notre secteur d\u2019activit\u00e9, nos trois organisations syndicales professionnelles UMIH, AFEDD &amp; SNDLL se sont concert\u00e9es afin de d\u00e9gager une position commune devant le Ministre.<\/strong><\/p>\n<p>&nbsp;<\/p>\n<p>Un seul intervenant a donc \u00e9voqu\u00e9 nos pr\u00e9occupations sp\u00e9cifiques. Cette fois c\u2019\u00e9tait Christian JOUNY.<\/p>\n<p>&nbsp;<\/p>\n<p><strong><u>RETOUR DE LA JAUGE \u00c0 75%\u00a0:<\/u><\/strong><\/p>\n<p>&nbsp;<\/p>\n<p>Parmi les points que nous avons \u00e9voqu\u00e9s avec Bruno LE MAIRE, nous avons fait part de nos inqui\u00e9tudes concernant le retour de la jauge pour les discoth\u00e8ques dans 60 d\u00e9partements \u00e0 compter du 8 novembre prochain.<\/p>\n<p>&nbsp;<\/p>\n<p>En effet, la jauge de 75% de la capacit\u00e9 totale de nos \u00e9tablissements constitue une mesure sanitaire qui, d\u2019une part en discoth\u00e8que est pour le moins discutable et d\u2019autre part, qui a des cons\u00e9quences \u00e9conomiques puisqu\u2019elle rend plus difficile l\u2019acc\u00e8s au seuil de rentabilit\u00e9.<\/p>\n<p>&nbsp;<\/p>\n<p>C\u2019est pourquoi, nous sollicitons le maintien de l\u2019acc\u00e8s au ch\u00f4mage partiel afin de maintenir l\u2019emploi dans nos entreprises en adaptant le potentiel humain \u00e0 la charge r\u00e9elle de l\u2019entreprise.<\/p>\n<p>&nbsp;<\/p>\n<p>Nous avons ajout\u00e9 que les discoth\u00e8ques sont les seules entreprises \u00e0 se voir imposer un protocole sanitaire aussi drastique avec obligation de contr\u00f4le d\u2019identit\u00e9. Nous avons \u00e9galement soulign\u00e9 la rigueur exemplaire de nos exploitants dans ces contr\u00f4les qui expliquait d\u2019ailleurs le fait qu\u2019aucun cluster n\u2019ait \u00e9t\u00e9 constat\u00e9 depuis notre r\u00e9ouverture en juillet 2021.<\/p>\n<p>&nbsp;<\/p>\n<p><strong><u>Bruno LE MAIRE nous a fait part de son accord.<\/u><\/strong><\/p>\n<p><strong><u>\u00a0<\/u><\/strong><\/p>\n<p><strong><u>R\u00d4LE DES BANQUES FRAN\u00c7AISES\u00a0:<\/u><\/strong><\/p>\n<p>&nbsp;<\/p>\n<p>Nous avons rappel\u00e9 \u00e0 Bruno LE MAIRE que la relation entre les banques et notre secteur d\u2019activit\u00e9 n\u2019a jamais \u00e9t\u00e9 simple, mais depuis cette crise COVID elle se complique encore de mani\u00e8re plus prononc\u00e9e.<\/p>\n<p>&nbsp;<\/p>\n<p>Nous lui avons expliqu\u00e9 qu\u2019aucun dossier de financement d\u00e9pos\u00e9 \u00e0 une banque n\u2019aboutit. <strong>D\u00e8s l\u2019instant qu\u2019il s\u2019agit d\u2019une discoth\u00e8que on n\u2019ouvre m\u00eame pas le dossier et aucune banque n\u2019explique par \u00e9crit les raisons de son refus de financement.<\/strong><\/p>\n<p><strong>\u00a0<\/strong><\/p>\n<p>Malgr\u00e9 les initiatives prises par Alain GRISET et son cabinet, nous voyons bien que les banques devant le Ministre et nous-m\u00eames tiennent un discours et face \u00e0 l\u2019exploitant qui sollicite un financement font le contraire.<\/p>\n<p>&nbsp;<\/p>\n<p>Au cours de cet \u00e9change, nous avons soulign\u00e9 le fait que notre secteur s\u2019est profond\u00e9ment restructur\u00e9 depuis plusieurs d\u00e9cennies. <strong>A sa t\u00eate, ce sont d\u00e9sormais de vrais chefs d\u2019entreprises.<\/strong><\/p>\n<p><strong>\u00a0<\/strong><\/p>\n<p>Il est donc indispensable que cesse cette discrimination au profit d\u2019un acc\u00e8s naturel aux financements bancaires comme n\u2019importe quelle entreprise fran\u00e7aise. Nous lui avons demand\u00e9 de nous aider personnellement \u00e0 ce sujet.<\/p>\n<p>&nbsp;<\/p>\n<p><strong>Bruno LE MAIRE a clairement indiqu\u00e9 que cette situation est anormale et a d\u00e9cid\u00e9 de saisir la F\u00e9d\u00e9ration Fran\u00e7aise des Banques.<\/strong><\/p>\n<p><strong>\u00a0<\/strong><\/p>\n<p><strong>\u00a0<\/strong><\/p>\n<p><strong><u>CONSTRUIRE UNE RELATION DE COOP\u00c9RATION AVEC LES PREFECTURES\u00a0:<\/u><\/strong><\/p>\n<p><strong>\u00a0<\/strong><\/p>\n<p>Dans le m\u00eame \u00e9tat d\u2019esprit, nous avons balay\u00e9 les sujets r\u00e9currents par exemple, la relation que nous pourrions parfois qualifier de d\u00e9fiance \u00e0 l\u2019\u00e9gard de nos m\u00e9tiers dans certaines r\u00e9gions de France.<\/p>\n<p>&nbsp;<\/p>\n<p>A l\u2019image de ce que nous avons construit comme relation avec le Minist\u00e8re de l\u2019Economie des Finances et de la Relance<strong>, nous consid\u00e9rons que tout doit \u00eatre mis en \u0153uvre pour initier une vraie politique de coop\u00e9ration sur le terrain avec les Pr\u00e9fets et les forces de l\u2019ordre sur l\u2019ensemble du territoire afin de construire un encadrement partag\u00e9 de la chaine de pr\u00e9vention des risques.<\/strong><\/p>\n<p>&nbsp;<\/p>\n<p>Nous avons demand\u00e9 \u00e0 Bruno LE MAIRE de nous aider \u00e0 sa mise en \u0153uvre avec le Ministre de l\u2019Int\u00e9rieur.<\/p>\n<p>&nbsp;<\/p>\n<p><strong>Bruno LE MAIRE nous a r\u00e9pondu qu\u2019il s\u2019agissait selon lui d\u2019une excellente initiative qui doit \u00eatre relay\u00e9e et a accept\u00e9 de s\u2019y employer.<\/strong><\/p>\n<p><strong>\u00a0<\/strong><\/p>\n<p><strong>\u00a0<\/strong><\/p>\n<p><strong>\u00a0<\/strong><\/p>\n<p><strong><u>DISPOSITIF CO\u00dbTS FIXES\u00a0:<\/u><\/strong><\/p>\n<p><strong>\u00a0<\/strong><\/p>\n<p>Plusieurs secteurs se sont plaints de la lenteur de traitement des dossiers co\u00fbts fixes<strong>. Bruno LE MAIRE a dit tr\u00e8s clairement que des directives vont \u00eatre donn\u00e9es pour traiter en urgence ces dossiers en attente ou en cours d\u2019analyse.<\/strong><\/p>\n<p><strong>\u00a0<\/strong><\/p>\n<p>Il a ajout\u00e9 qu\u2019il mettrait en place un syst\u00e8me de traitement dit \u00ab\u00a0<em>coupe fil<\/em>\u00a0\u00bb pour les montants inf\u00e9rieurs \u00e0 30 000\u20ac qui aura pour cons\u00e9quence de traiter ces demandes d\u2019indemnisation plus rapidement.<\/p>\n<p>&nbsp;<\/p>\n<p>&nbsp;<\/p>\n<p><strong><u>\u00c9TALEMENT DU PGE\u00a0:<\/u><\/strong><\/p>\n<p>&nbsp;<\/p>\n<p>Plusieurs intervenants ont abord\u00e9 le probl\u00e8me du PGE qui disons-le a constitu\u00e9 une vraie bou\u00e9e de sauvetage de nos entreprises, mais qui ne doit pas se transformer en boulet \u00e0 chaque pied au moment de son remboursement qui va d\u00e9buter en avril prochain.<\/p>\n<p>&nbsp;<\/p>\n<p><strong>Bruno LE MAIRE a \u00e9t\u00e9 clair \u00e0 ce sujet aussi. Il a indiqu\u00e9 ne pas vouloir faire une g\u00e9n\u00e9ralisation d\u2019une mesure d\u2019\u00e9talement mais favoriser le traitement du cas par cas au niveau des banques. Par ailleurs, l\u2019acc\u00e8s au PGE est prolong\u00e9 de six mois donc jusqu\u2019au 30 juin 2022.<\/strong><\/p>\n<p><strong>\u00a0<\/strong><\/p>\n<p>&nbsp;<\/p>\n<p>&nbsp;<\/p>\n<p>Nous l\u2019avons d\u00e9j\u00e0 dit, ce type de r\u00e9union est pour nous extr\u00eamement int\u00e9ressant. Avoir une vue g\u00e9n\u00e9rale sur l\u2019ensemble du Pays, pouvoir comparer secteur par secteur les difficult\u00e9s \u00e9conomiques de chacun, c\u2019est ouvrir notre regard et mesurer toute la pertinence d\u2019une action politique en faveur des entreprises dans une crise sanitaire comme celle que nous vivons depuis d\u00e9sormais plus de deux ans.<\/p>\n<p>&nbsp;<\/p>\n<p>Nous poursuivrons nos travaux avec les ministres en charge de nos dossiers et nous nous f\u00e9licitons de ce discours de v\u00e9rit\u00e9, impr\u00e9gn\u00e9 d\u2019\u00e9changes directs avec le Ministre de l\u2019\u00c9conomie des Finances et de la Relance qui ne cache pas ses d\u00e9saccords lorsqu\u2019il en a sur les sujets de pr\u00e9occupations que nous lui pr\u00e9sentons.<\/p>\n<p>&nbsp;<\/p>\n<p>Notre approche commune est un \u00e9l\u00e9ment important face \u00e0 nos interlocuteurs du Gouvernement. Nous allons poursuivre dans cette voie de mani\u00e8re \u00e0 tout mettre en \u0153uvre pour construire la reconnaissance pleine et enti\u00e8re de l\u2019activit\u00e9 discoth\u00e8que.<\/p>\n<p>&nbsp;<\/p>\n<p>Nous vous tiendrons bien \u00e9videmment inform\u00e9s du contenu de nos travaux.<\/p>\n<p>&nbsp;<\/p>\n<p>&nbsp;<\/p>\n<p>A tr\u00e8s bient\u00f4t<\/p>\n<p>&nbsp;<\/p>\n<p>&nbsp;<\/p>\n<p style=\"text-align: center;\"><strong>Christian JOUNY \u00a0 \u00a0 \u00a0 \u00a0 \u00a0 \u00a0 \u00a0 \u00a0 \u00a0 \u00a0 \u00a0 \u00a0 \u00a0 \u00a0 \u00a0 \u00a0 \u00a0Patrick MALVA\u00cbS<\/strong><\/p>\n","protected":false},"excerpt":{"rendered":"<p>UNE NOUVELLE R\u00c9UNION AVEC BRUNO LEMAIRE \u00a0 \u00a0 Cher.e.s exploitant.e.s, cher.e.s ami.e.s, &nbsp; Ce jour, vendredi 5 novembre 2021, s\u2019est tenue une nouvelle r\u00e9union \u00e0 Bercy sous l\u2019autorit\u00e9 de Bruno LE MAIRE avec la&#8230;<\/p>\n","protected":false},"author":1,"featured_media":0,"comment_status":"closed","ping_status":"closed","sticky":false,"template":"","format":"standard","meta":{"_mi_skip_tracking":false,"_monsterinsights_sitenote_active":false,"_monsterinsights_sitenote_note":"","_monsterinsights_sitenote_category":0},"categories":[1],"tags":[],"_links":{"self":[{"href":"https:\/\/sndll.info\/index.php?rest_route=\/wp\/v2\/posts\/5491"}],"collection":[{"href":"https:\/\/sndll.info\/index.php?rest_route=\/wp\/v2\/posts"}],"about":[{"href":"https:\/\/sndll.info\/index.php?rest_route=\/wp\/v2\/types\/post"}],"author":[{"embeddable":true,"href":"https:\/\/sndll.info\/index.php?rest_route=\/wp\/v2\/users\/1"}],"replies":[{"embeddable":true,"href":"https:\/\/sndll.info\/index.php?rest_route=%2Fwp%2Fv2%2Fcomments&post=5491"}],"version-history":[{"count":1,"href":"https:\/\/sndll.info\/index.php?rest_route=\/wp\/v2\/posts\/5491\/revisions"}],"predecessor-version":[{"id":5492,"href":"https:\/\/sndll.info\/index.php?rest_route=\/wp\/v2\/posts\/5491\/revisions\/5492"}],"wp:attachment":[{"href":"https:\/\/sndll.info\/index.php?rest_route=%2Fwp%2Fv2%2Fmedia&parent=5491"}],"wp:term":[{"taxonomy":"category","embeddable":true,"href":"https:\/\/sndll.info\/index.php?rest_route=%2Fwp%2Fv2%2Fcategories&post=5491"},{"taxonomy":"post_tag","embeddable":true,"href":"https:\/\/sndll.info\/index.php?rest_route=%2Fwp%2Fv2%2Ftags&post=5491"}],"curies":[{"name":"wp","href":"https:\/\/api.w.org\/{rel}","templated":true}]}}