{"id":5509,"date":"2021-11-23T15:48:38","date_gmt":"2021-11-23T14:48:38","guid":{"rendered":"http:\/\/pjcrpry.cluster031.hosting.ovh.net\/?p=5509"},"modified":"2021-11-24T09:37:19","modified_gmt":"2021-11-24T08:37:19","slug":"nouveau-regime-de-prevoyance","status":"publish","type":"post","link":"https:\/\/sndll.info\/?p=5509","title":{"rendered":"NOUVEAU REGIME DE PREVOYANCE"},"content":{"rendered":"<p>Chers amis,<\/p>\n<p>Beaucoup (auxquels nous avons r\u00e9pondu aussit\u00f4t) nous ont saisis du dossier pr\u00e9voyance MALAKOFF HUMANIS.<\/p>\n<p>Voici la teneur de notre r\u00e9ponse.<\/p>\n<p>Il faut \u00eatre sans cesse sur tous les fronts !<\/p>\n<p>Cordialement<\/p>\n<p>&nbsp;<\/p>\n<p>Patrick MALVA\u00cbS<\/p>\n<p>Note: dispositions r\u00e9serv\u00e9es aux membres du SNDLL<\/p>\n<p>&nbsp;<\/p>\n<table width=\"100%\">\n<tbody>\n<tr>\n<td>\n<table width=\"100%\">\n<tbody>\n<tr>\n<td width=\"600\">\n<table width=\"100%\">\n<tbody>\n<tr>\n<td><strong><span style=\"color: #0000ff;\">Nouveau r\u00e9gime de\u00a0pr\u00e9voyance pour la branche des espaces de loisirs, d\u2019attractions et culturels<\/span><\/strong><\/td>\n<td><\/td>\n<\/tr>\n<\/tbody>\n<\/table>\n<\/td>\n<td><\/td>\n<\/tr>\n<\/tbody>\n<\/table>\n<\/td>\n<td><\/td>\n<\/tr>\n<\/tbody>\n<\/table>\n<p>&nbsp;<\/p>\n<table style=\"font-weight: 400;\" width=\"100%\">\n<tbody>\n<tr>\n<td>\n<table width=\"100%\">\n<tbody>\n<tr>\n<td width=\"600\">\n<table width=\"100%\">\n<tbody>\n<tr>\n<td>Cher\u00a0Adh\u00e9rent,<br \/>\nLes partenaires sociaux qui n\u00e9gocient la\u00a0<a href=\"https:\/\/snelac.us11.list-manage.com\/track\/click?u=b78b193fe833e5eade6e6924a&amp;id=efecbaf8c2&amp;e=c6a4128855\" data-saferedirecturl=\"https:\/\/www.google.com\/url?q=https:\/\/snelac.us11.list-manage.com\/track\/click?u%3Db78b193fe833e5eade6e6924a%26id%3Defecbaf8c2%26e%3Dc6a4128855&amp;source=gmail&amp;ust=1637763439195000&amp;usg=AOvVaw2E3P9a1ooZiyZ9689kN3kr\">Convention Collective des Espaces de Loisirs, d\u2019Attractions et Culturels<\/a>\u00a0ont pris la d\u00e9cision de\u00a0rompre la labellisation de l\u2019assureur Malakoff Humanis, en charge de la gestion de notre r\u00e9gime mutualis\u00e9 de pr\u00e9voyance.Cette d\u00e9cision est intervenue \u00e0 la suite de nombreux probl\u00e8mes de gouvernance et de pilotage de notre r\u00e9gime, qui ont entrain\u00e9 une rupture de la confiance qui unissait nos coll\u00e8ges syndicaux et cet assureur. Par ailleurs, l\u2019analyse pouss\u00e9e des comptes de notre branche professionnelle a r\u00e9v\u00e9l\u00e9 que\u00a0les tarifs pratiqu\u00e9s par Malakoff Humanis ont conduit \u00e0 un r\u00e9gime d\u00e9ficitaire.<\/p>\n<p>Afin d\u2019assurer \u00e0 la fois la\u00a0protection de ses adh\u00e9rents\u00a0et\u00a0l\u2019\u00e9quilibre du r\u00e9gime mutualis\u00e9\u00a0de pr\u00e9voyance, le SNELAC et le SNDLL sont\u00a0\u00a0parvenus \u00e0 n\u00e9gocier\u00a0<strong>une double labellisation des organismes AG2R et AUDIENS<\/strong>, \u00e0 compter du 1er\u00a0janvier 2022.<\/p>\n<p>\u27a2\u00a0La n\u00e9gociation a permis de trouver un accord sur une\u00a0augmentation des cotisations qui permet la sauvegarde de l\u2019\u00e9quilibre du r\u00e9gime, tout en minimisant au maximum l\u2019impact sur les entreprises.<\/p>\n<p>A compter du 1er\u00a0janvier 2022, les cotisations pr\u00e9voyance passeront\u00a0de 0,56% \u00e0\u00a00,65% de la r\u00e9mun\u00e9ration.<\/p>\n<p>\u27a2 Pour pallier cette augmentation des cotisations, le SNELAC et le SNDLL ont obtenu des garanties suppl\u00e9mentaires comprises dans le nouveau r\u00e9gime :<\/td>\n<td><\/td>\n<\/tr>\n<\/tbody>\n<\/table>\n<\/td>\n<td><\/td>\n<\/tr>\n<\/tbody>\n<\/table>\n<\/td>\n<td><\/td>\n<\/tr>\n<\/tbody>\n<\/table>\n<p>&nbsp;<\/p>\n<table width=\"100%\">\n<tbody>\n<tr>\n<td>\n<table width=\"100%\">\n<tbody>\n<tr>\n<td><\/td>\n<td><\/td>\n<\/tr>\n<tr>\n<td width=\"546\"><em>IAD : Invalidit\u00e9 Absolue et D\u00e9finitive<\/em><\/td>\n<td><\/td>\n<\/tr>\n<\/tbody>\n<\/table>\n<\/td>\n<td><\/td>\n<\/tr>\n<\/tbody>\n<\/table>\n<p>&nbsp;<\/p>\n<table width=\"100%\">\n<tbody>\n<tr>\n<td>\n<table width=\"100%\">\n<tbody>\n<tr>\n<td width=\"600\">\n<table width=\"100%\">\n<tbody>\n<tr>\n<td><strong>Attention\u00a0:\u00a0<\/strong>La mise en place de nouvelles garanties entraine une ren\u00e9gociation de votre contrat Pr\u00e9voyance (que votre entreprise adh\u00e8re ou non au r\u00e9gime de branche).<\/p>\n<ul>\n<li>Votre contrat de pr\u00e9voyance doit pr\u00e9voir au minimum les garanties conventionnelles.<\/li>\n<li><strong>La d\u00e9nonciation d\u2019un contrat pr\u00e9voyance fait l\u2019objet d\u2019un pr\u00e9avis de 2 mois,\u00a0<\/strong><strong>soit avant le 31 octobre 2021<\/strong>\u00a0pour une fin effective de contrat au 31 d\u00e9cembre 2021.<\/li>\n<\/ul>\n<p><strong><span style=\"color: #ff00ff;\">Une communication d\u00e9di\u00e9e \u00e0 la mise en place du nouveau r\u00e9gime vous parviendra prochainement, vous y retrouverez toutes les informations sur\u00a0les changements de garanties, un\u00a0mod\u00e8le de lettre de d\u00e9nonciation\u00a0de votre contrat actuel, ainsi que\u00a0les contacts des personnes charg\u00e9es de notre r\u00e9gime de branche\u00a0chez AG2R et AUDIENS.<\/span><\/strong><\/td>\n<td><\/td>\n<\/tr>\n<\/tbody>\n<\/table>\n<\/td>\n<td><\/td>\n<\/tr>\n<\/tbody>\n<\/table>\n<\/td>\n<td><\/td>\n<\/tr>\n<\/tbody>\n<\/table>\n<p>&nbsp;<\/p>\n<table width=\"100%\">\n<tbody>\n<tr>\n<td>\n<table width=\"100%\">\n<tbody>\n<tr>\n<td><\/td>\n<td><\/td>\n<td>\n<table width=\"100%\">\n<tbody>\n<tr>\n<td>\n<table width=\"100%\">\n<tbody>\n<tr>\n<td>Pour rappel,\u00a0<strong>un contrat de pr\u00e9voyance couvre les al\u00e9as de la vie qu\u2019il est impossible de pr\u00e9voir<\/strong>, comme les maladies, les accidents ou le d\u00e9c\u00e8s. Le r\u00f4le d\u2019un contrat de pr\u00e9voyance est de r\u00e9duire au maximum les cons\u00e9quences financi\u00e8res li\u00e9es \u00e0 ces \u00e9v\u00e9nements et ainsi de prot\u00e9ger les familles face \u00e0 une baisse des\u00a0revenus. La\u00a0pr\u00e9voyance se distingue de la compl\u00e9mentaire sant\u00e9 qui vient compl\u00e9ter les remboursements de la S\u00e9curit\u00e9 Sociale.<\/td>\n<\/tr>\n<\/tbody>\n<\/table>\n<\/td>\n<\/tr>\n<\/tbody>\n<\/table>\n<\/td>\n<\/tr>\n<\/tbody>\n<\/table>\n<\/td>\n<\/tr>\n<\/tbody>\n<\/table>\n","protected":false},"excerpt":{"rendered":"<p>Chers amis, Beaucoup (auxquels nous avons r\u00e9pondu aussit\u00f4t) nous ont saisis du dossier pr\u00e9voyance MALAKOFF HUMANIS. Voici la teneur de notre r\u00e9ponse. Il faut \u00eatre sans cesse sur tous les fronts ! Cordialement &nbsp;&#8230;<\/p>\n","protected":false},"author":2,"featured_media":0,"comment_status":"closed","ping_status":"closed","sticky":false,"template":"","format":"standard","meta":{"_mi_skip_tracking":false,"_monsterinsights_sitenote_active":false,"_monsterinsights_sitenote_note":"","_monsterinsights_sitenote_category":0},"categories":[1],"tags":[],"_links":{"self":[{"href":"https:\/\/sndll.info\/index.php?rest_route=\/wp\/v2\/posts\/5509"}],"collection":[{"href":"https:\/\/sndll.info\/index.php?rest_route=\/wp\/v2\/posts"}],"about":[{"href":"https:\/\/sndll.info\/index.php?rest_route=\/wp\/v2\/types\/post"}],"author":[{"embeddable":true,"href":"https:\/\/sndll.info\/index.php?rest_route=\/wp\/v2\/users\/2"}],"replies":[{"embeddable":true,"href":"https:\/\/sndll.info\/index.php?rest_route=%2Fwp%2Fv2%2Fcomments&post=5509"}],"version-history":[{"count":3,"href":"https:\/\/sndll.info\/index.php?rest_route=\/wp\/v2\/posts\/5509\/revisions"}],"predecessor-version":[{"id":5512,"href":"https:\/\/sndll.info\/index.php?rest_route=\/wp\/v2\/posts\/5509\/revisions\/5512"}],"wp:attachment":[{"href":"https:\/\/sndll.info\/index.php?rest_route=%2Fwp%2Fv2%2Fmedia&parent=5509"}],"wp:term":[{"taxonomy":"category","embeddable":true,"href":"https:\/\/sndll.info\/index.php?rest_route=%2Fwp%2Fv2%2Fcategories&post=5509"},{"taxonomy":"post_tag","embeddable":true,"href":"https:\/\/sndll.info\/index.php?rest_route=%2Fwp%2Fv2%2Ftags&post=5509"}],"curies":[{"name":"wp","href":"https:\/\/api.w.org\/{rel}","templated":true}]}}