{"id":5513,"date":"2021-11-24T09:56:06","date_gmt":"2021-11-24T08:56:06","guid":{"rendered":"http:\/\/pjcrpry.cluster031.hosting.ovh.net\/?p=5513"},"modified":"2021-11-24T10:26:12","modified_gmt":"2021-11-24T09:26:12","slug":"nouveau-regime-des-licences-de-spectacle","status":"publish","type":"post","link":"https:\/\/sndll.info\/?p=5513","title":{"rendered":"NOUVEAU REGIME DES LICENCES DE SPECTACLE"},"content":{"rendered":"<p>Chers amis,<\/p>\n<p>Nous vous avions inform\u00e9s (voir notre dernier article sur le sujet) de la disparition de la licence de spectacles &#8220;traditionnelle&#8221;.<\/p>\n<p>La COVID est pass\u00e9e par l\u00e0 et nous n&#8217;avions pas actualis\u00e9 la question puisque nous \u00e9tions ferm\u00e9s ! Il existe d&#8217;autres sujets, s\u00fbrement, que nous devrons r\u00e9actualiser pour &#8220;gommer&#8221; cette parenth\u00e8se (?) COVID. Nos services s&#8217;y emploient !<\/p>\n<p>Voici ci-dessous notre fiche sur la LICENCE DE SPECTACLE nouveau r\u00e9gime.<\/p>\n<p><strong><span style=\"color: #0000ff;\">Le r\u00e9gime de la licence d\u2019entrepreneur de spectacles a \u00e9t\u00e9 r\u00e9form\u00e9 par l\u2019ordonnance du 3 juillet 2019 pr\u00e9cis\u00e9e par le d\u00e9cret du 27 septembre 2019. Ces deux textes sont entr\u00e9s en vigueur le 1<sup>er<\/sup>\u00a0octobre 2019. Ces dispositions sont codifi\u00e9es aux articles L7122-1 et suivants et D7122-1 et suivants du Code du travail.<\/span><\/strong><\/p>\n<p>Bon courage \u00e0 tous,<\/p>\n<p>Notre engagement\u00a0 continue sur tous les fronts !<\/p>\n<p>Patrick MALVA\u00cbS<\/p>\n<p>&nbsp;<\/p>\n<header id=\"headerPage\">\n<h1 data-test=\"titre-page\">R\u00e9c\u00e9piss\u00e9 d&#8217;entrepreneur de spectacles<\/h1>\n<p class=\"date\" data-test=\"date-maj\">V\u00e9rifi\u00e9 le 11 ao\u00fbt 2021 &#8211; Direction de l&#8217;information l\u00e9gale et administrative (Premier ministre), Minist\u00e8re charg\u00e9 de la culture et de la communication<\/p>\n<\/header>\n<div>\n<div id=\"intro\" class=\"lead\">\n<p>Depuis octobre 2019, la licence de spectacle est remplac\u00e9e par un r\u00e9c\u00e9piss\u00e9 de d\u00e9claration d&#8217;activit\u00e9 d&#8217;entrepreneur de spectacles.<\/p>\n<\/div>\n<\/div>\n<div>\n<div class=\"content-fiche\">\n<ul id=\"ui-tab-v7eb2769tgg65s0ij4fj6d\" class=\"nav nav-tabs\" data-test=\"situations\">\n<li class=\"active\" data-test=\"situation-only-onglet\"><a id=\"ui-tab-y1t0ecbjkxhq0eu9815hk\" role=\"button\" href=\"https:\/\/www.service-public.fr\/professionnels-entreprises\/vosdroits\/F22365#situation1\" data-toggle=\"tab\" data-xiti-type=\"navigation\" data-xiti-name=\"Professionnels::Vos_droits::Modalites::Entrepreneur \u00e9tabli en France_F22365_Recepisse_d_entrepreneur_de_spectacles\" aria-expanded=\"true\">Entrepreneur \u00e9tabli en France<span class=\"sr-only\">(actif)<\/span><\/a><\/li>\n<li data-test=\"situation-only-onglet\"><a id=\"ui-tab-i2gr5u1je1k3p6calqbfds\" role=\"button\" href=\"https:\/\/www.service-public.fr\/professionnels-entreprises\/vosdroits\/F22365#situation2\" data-toggle=\"tab\" data-xiti-type=\"navigation\" data-xiti-name=\"Professionnels::Vos_droits::Modalites::En Europe (EEE)_F22365_Recepisse_d_entrepreneur_de_spectacles\" aria-expanded=\"false\">En Europe (EEE)<\/a><\/li>\n<li data-test=\"situation-only-onglet\"><a id=\"ui-tab-ooufoxi8ghlhzsszaijl9\" role=\"button\" href=\"https:\/\/www.service-public.fr\/professionnels-entreprises\/vosdroits\/F22365#situation3\" data-toggle=\"tab\" data-xiti-type=\"navigation\" data-xiti-name=\"Professionnels::Vos_droits::Modalites::Dans un autre pays_F22365_Recepisse_d_entrepreneur_de_spectacles\" aria-expanded=\"false\">Dans un autre pays<\/a><\/li>\n<\/ul>\n<div class=\"tab-content\">\n<div id=\"situation1\" class=\"tab-pane active\">\n<h2 class=\"sr-only\" tabindex=\"-1\" data-id=\"sr-only-focusable\">Entrepreneur \u00e9tabli en France<\/h2>\n<p>Pour exercer une activit\u00e9 d&#8217;entrepreneur de spectacles vivants, il faut d\u00e9tenir un r\u00e9c\u00e9piss\u00e9 de d\u00e9claration d&#8217;activit\u00e9 d&#8217;entrepreneur de spectacles. Il doit \u00eatre en cours de validit\u00e9.<\/p>\n<p>L&#8217;entrepreneur doit d\u00e9clarer son activit\u00e9 sur le site du minist\u00e8re de la culture.<\/p>\n<p>Si le contenu de la d\u00e9claration est conforme, le r\u00e9c\u00e9piss\u00e9 obtenu est valide pour une dur\u00e9e de 5 ans \u00e0 partir du mois suivant la r\u00e9ception du r\u00e9c\u00e9piss\u00e9. Le pr\u00e9fet de r\u00e9gion peut cependant annuler un r\u00e9c\u00e9piss\u00e9 pendant cette p\u00e9riode, si l&#8217;entrepreneur ne respecte pas certaines obligations (droit social, droits musicaux &#8230;)\u00a0<button class=\"btn btn-unfold\" type=\"button\" data-xiti-type=\"navigation\" data-xiti-name=\"Professionnels::Vos_droits::Depliant::Tout_deplier_F22365_Recepisse_d_entrepreneur_de_spectacles\"><\/button><\/p>\n<div class=\"fiche-bloc bloc-principal\" data-toggle-scope=\"\">\n<div class=\"fiche-item\">\n<div class=\"fiche-item-title\">\n<h3><button id=\"ui-collapse-9liyrj014yuwxsr6dm38r\" class=\"btn btn-collapse\" role=\"button\" type=\"button\" data-toggle=\"collapse\" data-xiti-type=\"navigation\" data-target=\"#fiche-item-1situation1\" data-xiti-name=\"Professionnels::Vos_droits::Depliant::_Qui_est_concern\u00e9\u00a0?_F22365_Recepisse_d_entrepreneur_de_spectacles\" aria-expanded=\"true\" data-atclickmanagement=\"no\">Qui est concern\u00e9\u00a0?<\/button><\/h3>\n<\/div>\n<div id=\"fiche-item-1situation1\" class=\"fiche-item-content collapse in\" aria-hidden=\"false\">\n<p>Toute personne \u00e9tablie en France peut exercer une activit\u00e9 d&#8217;entrepreneurs de spectacles vivants \u00e0 condition de d\u00e9clarer son activit\u00e9 pour se faire d\u00e9livrer un r\u00e9c\u00e9piss\u00e9 valant licence. La d\u00e9claration est adress\u00e9e au pr\u00e9fet de r\u00e9gion comp\u00e9tent au moyen d&#8217;un service en ligne.<\/p>\n<p>L&#8217;obligation de d\u00e9tenir un r\u00e9c\u00e9piss\u00e9 de d\u00e9claration d&#8217;activit\u00e9 d&#8217;entrepreneur de spectacles varie selon que l&#8217;activit\u00e9 de spectacles (et l&#8217;emploi d&#8217;artistes) constitue l&#8217;activit\u00e9 principale, secondaire\u00a0 (VOIR TOUT EN BAS de l&#8217;article)ou\u00a0occasionnelle de l&#8217;\u00e9tablissement.<\/p>\n<p class=\"sr-only\">R\u00e9pondez aux questions successives et les r\u00e9ponses s\u2019afficheront automatiquement<\/p>\n<div data-id=\"parent-choice-tree\">\n<div class=\"choice-tree-list\" data-test=\"not-for-print\">\n<div class=\"choice-tree-item\">\n<div class=\"choice-tree-previous-choice\">\n<p class=\"sr-only\" tabindex=\"-1\" aria-describedby=\"choice-tree-item-0-0\">vous avez choisi<\/p>\n<h4 id=\"choice-tree-item-0-0\" class=\"choice-tree-title\"><span class=\"choice-tree-previous-choice-title printArea\">Activit\u00e9 principale<\/span><\/h4>\n<div class=\"choice-tree-helpmodify\" style=\"text-align: center;\" data-id=\"choice-tree-helpmodify\"><span style=\"color: #000000; font-family: Arial;\"><span style=\"font-size: 13.3333px; background-color: #efefef;\">\u00a0<\/span><\/span><\/div>\n<\/div>\n<\/div>\n<div class=\"choice-tree-item no-print\">\n<div class=\"choice-tree-item-demarche printArea\" data-test=\"choiceTreeResult\">\n<div class=\"choice-tree-list-answer\">\n<p>Le r\u00e9c\u00e9piss\u00e9 valant licence est obligatoire pour toute structure priv\u00e9e ou publique dont l&#8217;activit\u00e9 principale est la production ou la diffusion de spectacles ou l&#8217;exploitation de lieux de spectacles, en employant des artistes. Il n&#8217;est pas n\u00e9cessaire que cette activit\u00e9 soit r\u00e9mun\u00e9r\u00e9e.<\/p>\n<div class=\"table-responsive\">\n<table class=\"table\">\n<caption>Cat\u00e9gories du r\u00e9c\u00e9piss\u00e9 suivant le type de m\u00e9tiers<\/caption>\n<thead>\n<tr>\n<th colspan=\"1\" rowspan=\"1\" scope=\"col\">Cat\u00e9gorie<\/th>\n<th colspan=\"1\" rowspan=\"1\" scope=\"col\">Type d&#8217;activit\u00e9<\/th>\n<\/tr>\n<\/thead>\n<tbody>\n<tr>\n<td colspan=\"1\" rowspan=\"1\">1<sup>re<\/sup><\/td>\n<td colspan=\"1\" rowspan=\"1\">Exploitant de lieux de spectacles am\u00e9nag\u00e9s pour les repr\u00e9sentations publiques<\/td>\n<\/tr>\n<tr>\n<td colspan=\"1\" rowspan=\"1\">2<sup>e<\/sup><\/td>\n<td colspan=\"1\" rowspan=\"1\">&#8211; Producteur de spectacles<\/p>\n<p>&#8211; Entrepreneur de tourn\u00e9es ayant la responsabilit\u00e9 du plateau artistique, notamment celle d&#8217;employeur<\/td>\n<\/tr>\n<tr>\n<td colspan=\"1\" rowspan=\"1\">3<sup>e<\/sup><\/td>\n<td colspan=\"1\" rowspan=\"1\">&#8211; Diffuseur de spectacles ayant en charge, dans le cadre d&#8217;un contrat,\u00a0 l&#8217;accueil du public, la billetterie et la s\u00e9curit\u00e9 des spectacles<\/p>\n<p>&#8211; Entrepreneur de tourn\u00e9es n&#8217;ayant pas la responsabilit\u00e9 du plateau artistique<\/td>\n<\/tr>\n<\/tbody>\n<\/table>\n<\/div>\n<p>Un m\u00eame entrepreneur de spectacles peut \u00eatre d\u00e9tenteur d&#8217;un ou plusieurs r\u00e9c\u00e9piss\u00e9s, en fonction de ses diverses activit\u00e9s.<\/p>\n<div class=\"bloc-edito bloc-attention\">\n<p class=\"bloc-edito-title\">\u00a0\u00a0<strong>Attention :\u00a0<\/strong>en l&#8217;absence de r\u00e9c\u00e9piss\u00e9, l&#8217;entrepreneur de spectacles peut \u00eatre condamn\u00e9 \u00e0 une amende administrative de\u00a0<span class=\"prix\">1500\u00a0\u20ac<\/span>\u00a0pour un particulier et de\u00a0<span class=\"prix\">7500\u00a0\u20ac<\/span>\u00a0pour une soci\u00e9t\u00e9. Cela peut aussi aller jusqu&#8217;\u00e0 la fermeture du ou des \u00e9tablissements pouvant durer 1 an maximum.<\/p>\n<\/div>\n<\/div>\n<\/div>\n<p class=\"tool-fiche\" style=\"text-align: center;\"><span style=\"color: #000000; font-family: Arial;\"><span style=\"font-size: 13.3333px; background-color: #efefef;\">\u00a0<\/span><\/span><\/p>\n<\/div>\n<\/div>\n<\/div>\n<\/div>\n<\/div>\n<div class=\"fiche-item\">\n<div class=\"fiche-item-title\">\n<h3><button id=\"ui-collapse-kddvuy3b7cmwl2adjfhtj\" class=\"btn btn-collapse\" role=\"button\" type=\"button\" data-toggle=\"collapse\" data-xiti-type=\"navigation\" data-target=\"#fiche-item-2situation1\" data-xiti-name=\"Professionnels::Vos_droits::Depliant::_Quelles_sont_les_conditions_\u00e0_remplir_pour_obtenir_le_r\u00e9c\u00e9piss\u00e9\u00a0?_F22365_Recepisse_d_entrepreneur_de_spectacles\" aria-expanded=\"true\" data-atclickmanagement=\"no\">Quelles sont les conditions \u00e0 remplir pour obtenir le r\u00e9c\u00e9piss\u00e9\u00a0?<\/button><\/h3>\n<\/div>\n<div id=\"fiche-item-2situation1\" class=\"fiche-item-content collapse in\" aria-hidden=\"false\">\n<p class=\"sr-only\">R\u00e9pondez aux questions successives et les r\u00e9ponses s\u2019afficheront automatiquement<\/p>\n<div data-id=\"parent-choice-tree\">\n<div class=\"choice-tree-list\" data-test=\"not-for-print\">\n<div class=\"choice-tree-item\">\n<div class=\"choice-tree-previous-choice\">\n<p class=\"sr-only\" tabindex=\"-1\" aria-describedby=\"choice-tree-item-1-0\">vous avez choisi<\/p>\n<h4 id=\"choice-tree-item-1-0\" class=\"choice-tree-title\"><span class=\"choice-tree-previous-choice-title printArea\">Entrepreneur individuel<\/span><\/h4>\n<div class=\"choice-tree-helpmodify\" style=\"text-align: center;\" data-id=\"choice-tree-helpmodify\"><span style=\"color: #000000; font-family: Arial;\"><span style=\"font-size: 13.3333px; background-color: #efefef;\">\u00a0<\/span><\/span><\/div>\n<\/div>\n<\/div>\n<div class=\"choice-tree-item no-print\">\n<div class=\"choice-tree-item-demarche printArea\" data-test=\"choiceTreeResult\">\n<div class=\"choice-tree-list-answer\">\n<p>Il doit \u00eatre majeur et remplir une des conditions suivantes\u00a0:<\/p>\n<ul>\n<li>\u00catre dipl\u00f4m\u00e9 de l&#8217;enseignement sup\u00e9rieur ou \u00eatre titulaire d&#8217;un titre de m\u00eame niveau inscrit au r\u00e9pertoire nationale des certifications professionnelles<\/li>\n<li>Avoir 6 mois au moins d\u2019exp\u00e9rience professionnelle dans le spectacle vivant<\/li>\n<li>Avoir suivi une formation d&#8217;au moins 125 heures ou un ensemble de comp\u00e9tences dans le spectacle vivant<\/li>\n<\/ul>\n<\/div>\n<\/div>\n<p class=\"tool-fiche\" style=\"text-align: center;\"><span style=\"color: #000000; font-family: Arial;\"><span style=\"font-size: 13.3333px; background-color: #efefef;\">\u00a0<\/span><\/span><\/p>\n<\/div>\n<\/div>\n<\/div>\n<div class=\"bloc-edito bloc-attention\">\n<p class=\"bloc-edito-title\">\u00a0\u00a0<strong>Attention :\u00a0<\/strong>si la d\u00e9claration est demand\u00e9e pour l&#8217;exploitation de lieux de spectacles am\u00e9nag\u00e9s pour les repr\u00e9sentations publiques, une formation \u00e0 la s\u00e9curit\u00e9 des spectacles est n\u00e9cessaire.<\/p>\n<\/div>\n<\/div>\n<\/div>\n<div class=\"fiche-item\">\n<div class=\"fiche-item-title\">\n<h3><button id=\"ui-collapse-4y57t9e4aupflwm1njos\" class=\"btn btn-collapse\" role=\"button\" type=\"button\" data-toggle=\"collapse\" data-xiti-type=\"navigation\" data-target=\"#fiche-item-3situation1\" data-xiti-name=\"Professionnels::Vos_droits::Depliant::_Premi\u00e8re_demande_F22365_Recepisse_d_entrepreneur_de_spectacles\" aria-expanded=\"true\" data-atclickmanagement=\"no\">Premi\u00e8re demande<\/button><\/h3>\n<\/div>\n<div id=\"fiche-item-3situation1\" class=\"fiche-item-content collapse in\" aria-hidden=\"false\">\n<p>L&#8217;entrepreneur de spectacles vivants doit faire sa demande de r\u00e9c\u00e9piss\u00e9 uniquement en utilisant le service en ligne suivant\u00a0:<\/p>\n<div class=\"fiche-item-demarche bloc-ressource\">\n<div class=\"demarche-title\">\n<h4 class=\"demarche-title-label\">D\u00e9claration d&#8217;activit\u00e9 d&#8217;entrepreneur de spectacles vivants (en vue d&#8217;un r\u00e9c\u00e9piss\u00e9 d&#8217;entrepreneur de spectacles)<\/h4>\n<\/div>\n<p class=\"source-infos\"><span class=\"source\">Minist\u00e8re charg\u00e9 de la culture et de la communication<\/span><\/p>\n<div data-attention-persogeo-id=\"\"><\/div>\n<div data-anoter-persogeo-id=\"\"><\/div>\n<div class=\"demarche-button\" data-id=\"demarche-button\">\n<p><a class=\"btn btn-primary btn-demarche btn-perso\" title=\"Acc\u00e9der au service en ligne - mesdemarches.culture.gouv.fr - Nouvelle fen\u00eatre\" href=\"https:\/\/mesdemarches.culture.gouv.fr\/loc_fr\/mcc\/requests\/THEAT_LICEN_declaration_00\/?__CSRFTOKEN__=ad5455d4-c481-4c7e-96e1-cd93b63df8f4\" target=\"_blank\" rel=\"noopener noreferrer\" data-test=\"service-en-ligne-button\" data-xiti-name=\"Professionnels::Vos_droits::Acceder_demarche::Teleservice_F22365_Declaration_d_activite_d_entrepreneur_de_spectacles_vivants__en_vue_d_un_recepisse_d_entrepreneur_de_spectacles_\">Acc\u00e9der au <span class=\"two-lines\"><span class=\"font-bold\">service en ligne<\/span><\/span><\/a><\/p>\n<\/div>\n<div class=\"bloc-annexe\"><\/div>\n<\/div>\n<p>L&#8217;administration a un d\u00e9lai d&#8217;1 mois \u00e0 partir de la date de d\u00e9livrance du r\u00e9c\u00e9piss\u00e9 valant licence pour faire opposition \u00e0 la d\u00e9claration d&#8217;activit\u00e9 d&#8217;entrepreneur de spectacles vivants.<\/p>\n<p>L&#8217;entrepreneur de spectacles doit donc attendre la fin de ce d\u00e9lai pour commencer son activit\u00e9 si l&#8217;administration n&#8217;a pas fait opposition \u00e0 sa d\u00e9claration.<\/p>\n<p>Le r\u00e9c\u00e9piss\u00e9 qui est d\u00e9livr\u00e9 est valable pour une dur\u00e9e de 5 ans renouvelable. Mais le pr\u00e9fet de r\u00e9gion comp\u00e9tent peut invalider un r\u00e9c\u00e9piss\u00e9 pendant cette p\u00e9riode si l&#8217;entrepreneur ne respecte pas le droit social, le droit du travail, le droit de la propri\u00e9t\u00e9 litt\u00e9raire et artistique. Il peut \u00e9galement invalider le r\u00e9c\u00e9piss\u00e9 si l&#8217;entrepreneur ne respecte pas les r\u00e8gles relatives \u00e0 la s\u00e9curit\u00e9 des spectacles.<\/p>\n<\/div>\n<\/div>\n<div class=\"fiche-item\">\n<div class=\"fiche-item-title\">\n<h3><button id=\"ui-collapse-q9pr0icbenhqh7d9zzhy\" class=\"btn btn-collapse\" role=\"button\" type=\"button\" data-toggle=\"collapse\" data-xiti-type=\"navigation\" data-target=\"#fiche-item-4situation1\" data-xiti-name=\"Professionnels::Vos_droits::Depliant::_Renouvellement_F22365_Recepisse_d_entrepreneur_de_spectacles\" aria-expanded=\"true\" data-atclickmanagement=\"no\">Renouvellement<\/button><\/h3>\n<\/div>\n<div id=\"fiche-item-4situation1\" class=\"fiche-item-content collapse in\" aria-hidden=\"false\">\n<p>Le r\u00e9c\u00e9piss\u00e9 d\u00e9livr\u00e9 doit \u00eatre renouvel\u00e9 par l&#8217;entrepreneur tous les 5 ans.<\/p>\n<p>La demande de renouvellement du r\u00e9c\u00e9piss\u00e9 doit \u00eatre effectu\u00e9e en ligne\u00a0:<\/p>\n<div class=\"fiche-item-demarche bloc-ressource\">\n<div class=\"demarche-title\">\n<h4 class=\"demarche-title-label\">Renouvellement de la d\u00e9claration d&#8217;activit\u00e9 d&#8217;entrepreneur de spectacles vivants (en vue d&#8217;un r\u00e9c\u00e9piss\u00e9 d&#8217;entrepreneur de spectacles)<\/h4>\n<\/div>\n<p class=\"source-infos\"><span class=\"source\">Minist\u00e8re charg\u00e9 de la culture et de la communication<\/span><\/p>\n<p>Se munir de ses identifiants ou via France Connect.<\/p>\n<div data-attention-persogeo-id=\"\"><\/div>\n<div data-anoter-persogeo-id=\"\"><\/div>\n<div class=\"demarche-button\" data-id=\"demarche-button\">\n<p><a class=\"btn btn-primary btn-demarche btn-perso\" title=\"Acc\u00e9der au service en ligne - mesdemarches.culture.gouv.fr - Nouvelle fen\u00eatre\" href=\"https:\/\/mesdemarches.culture.gouv.fr\/loc_fr\/mcc\/requests\/THEAT_LICEN_renouvellement_00\/?__CSRFTOKEN__=ad5455d4-c481-4c7e-96e1-cd93b63df8f4\" target=\"_blank\" rel=\"noopener noreferrer\" data-test=\"service-en-ligne-button\" data-xiti-name=\"Professionnels::Vos_droits::Acceder_demarche::Teleservice_F22365_Renouvellement_de_la_declaration_d_activite_d_entrepreneur_de_spectacles_vivants__en_vue_d_un_recepisse_d_entrepreneur_de_spectacles_\">Acc\u00e9der au <span class=\"two-lines\"><span class=\"font-bold\">service en ligne<\/span><\/span><\/a><\/p>\n<\/div>\n<div class=\"bloc-annexe\"><\/div>\n<\/div>\n<\/div>\n<\/div>\n<div class=\"fiche-item\">\n<div class=\"fiche-item-title\">\n<h3><button id=\"ui-collapse-rnal1shat7ra2rc94ln777\" class=\"btn btn-collapse\" role=\"button\" type=\"button\" data-toggle=\"collapse\" data-xiti-type=\"navigation\" data-target=\"#fiche-item-5situation1\" data-xiti-name=\"Professionnels::Vos_droits::Depliant::_Obligation_avant_le_spectacle_F22365_Recepisse_d_entrepreneur_de_spectacles\" aria-expanded=\"true\" data-atclickmanagement=\"no\">Obligation avant le spectacle<\/button><\/h3>\n<\/div>\n<div id=\"fiche-item-5situation1\" class=\"fiche-item-content collapse in\" aria-hidden=\"false\">\n<p>L&#8217;entrepreneur de spectacles vivants doit faire figurer le num\u00e9ro du r\u00e9c\u00e9piss\u00e9 sur les affiches, prospectus et billets des spectacles.<\/p>\n<p>Le non-respect de cette obligation peut \u00eatre sanctionn\u00e9 d&#8217;une amende administrative de\u00a0<span class=\"prix\">800\u00a0\u20ac<\/span>\u00a0pour un particulier et de\u00a0<span class=\"prix\">2000\u00a0\u20ac<\/span>\u00a0pour une soci\u00e9t\u00e9.<\/p>\n<\/div>\n<\/div>\n<div class=\"fiche-item\">\n<div class=\"fiche-item-title\">\n<h3><button id=\"ui-collapse-u4l117uqqmb9lcrs582at\" class=\"btn btn-collapse\" role=\"button\" type=\"button\" data-toggle=\"collapse\" data-xiti-type=\"navigation\" data-target=\"#fiche-item-6situation1\" data-xiti-name=\"Professionnels::Vos_droits::Depliant::_Aide_aux_entreprises_r\u00e9alisant_des_repr\u00e9sentations_dans_de_petites_salles_F22365_Recepisse_d_entrepreneur_de_spectacles\" aria-expanded=\"true\" data-atclickmanagement=\"no\">Aide aux entreprises r\u00e9alisant des repr\u00e9sentations dans de petites salles<\/button><\/h3>\n<\/div>\n<div id=\"fiche-item-6situation1\" class=\"fiche-item-content collapse in\" aria-hidden=\"false\">\n<p>L&#8217;entreprise qui a un r\u00e9c\u00e9piss\u00e9 d&#8217;entrepreneur de spectacles vivants et qui r\u00e9alise des repr\u00e9sentations dans des salles dont la jauge ne d\u00e9passe pas 299 personnes peut b\u00e9n\u00e9ficier d&#8217;une aide. Cette aide s&#8217;applique aux r\u00e9mun\u00e9rations du\u00a0<span class=\"tool-tip\" tabindex=\"0\" title=\"\" data-definition=\"R59952\" data-original-title=\"Artistes du spectacle et personnel technique attach\u00e9s directement \u00e0 la production du spectacle vivant\">plateau artistique<span class=\"sr-only\">: Artistes du spectacle et personnel technique attach\u00e9s directement \u00e0 la production du spectacle vivant<\/span><\/span>\u00a0engag\u00e9 pour la repr\u00e9sentation. L&#8217;aide ne concerne que les repr\u00e9sentations ayant lieu entre\u00a0<strong>le 1<sup>er<\/sup>\u00a0octobre 2019 et le 31 d\u00e9cembre 2022<\/strong>. Ces repr\u00e9sentations peuvent avoir lieu en France ou \u00e0 l&#8217;\u00e9tranger.<\/p>\n<p>Pour les repr\u00e9sentations ayant lieu\u00a0<strong>entre juillet 2021 et d\u00e9cembre 2021<\/strong>, la jauge est \u00e9lev\u00e9e jusqu&#8217;\u00e0 600 personnes et le montant et les conditions d&#8217;obtention de l&#8217;aide sont diff\u00e9rents.<\/p>\n<h4 class=\"fiche-title-1\">Quelles sont les conditions \u00e0 remplir\u00a0?<\/h4>\n<ul id=\"ui-tab-eyv8jtye2rv1mdyxwzejo3\" class=\"nav nav-tabs\" data-test=\"bloc-cas\">\n<li class=\"active\" data-test=\"cas-only-onglet\"><a id=\"ui-tab-5olo4ofn1hj84vfx6pytzt\" role=\"button\" href=\"https:\/\/www.service-public.fr\/professionnels-entreprises\/vosdroits\/F22365#tab545010203688601253-cas1\" data-toggle=\"tab\" data-test=\"moins3cas_1\" data-xiti-name=\"Professionnels::Vos_droits::Modalites::Cas g\u00e9n\u00e9ral\" aria-expanded=\"true\">Cas g\u00e9n\u00e9ral<span class=\"sr-only\">(actif)<\/span><\/a><\/li>\n<li data-test=\"cas-only-onglet\"><a id=\"ui-tab-29v99qgda1kx4ycxdmddgg\" role=\"button\" href=\"https:\/\/www.service-public.fr\/professionnels-entreprises\/vosdroits\/F22365#tab545010203688601253-cas2\" data-toggle=\"tab\" data-test=\"moins3cas_2\" data-xiti-name=\"Professionnels::Vos_droits::Modalites::Repr\u00e9sentations ayant lieu entre juillet 2021 et d\u00e9cembre 2021\" aria-expanded=\"false\">Repr\u00e9sentations ayant lieu entre juillet 2021 et d\u00e9cembre 2021<\/a><\/li>\n<\/ul>\n<div class=\"tab-content\">\n<div id=\"tab545010203688601253-cas1\" class=\"tab-pane active\">\n<h4 class=\" sr-only\" tabindex=\"-1\" data-id=\"sr-only-focusable\" data-test=\"sr-only_1\">Cas g\u00e9n\u00e9ral<\/h4>\n<h5 class=\"titre-flottant\">Conditions concernant l&#8217;entreprise<\/h5>\n<p>L&#8217;entreprise unique qui remplit les 4 conditions suivantes peut b\u00e9n\u00e9ficier de l&#8217;aide\u00a0:<\/p>\n<ul>\n<li>Elle doit avoir un chiffre d&#8217;affaires ou bilan annuel inf\u00e9rieur ou \u00e9gal \u00e0\u00a0<span class=\"prix\">1 000 000\u00a0\u20ac<\/span><\/li>\n<li>Elle doit avoir \u00e9t\u00e9 cr\u00e9\u00e9e au moins 1 an avant la date de la repr\u00e9sentation pour laquelle l&#8217;aide est demand\u00e9e<\/li>\n<li>Elle doit relever d&#8217;une\u00a0<span class=\"tool-tip\" tabindex=\"0\" title=\"\" data-definition=\"R59273\" data-original-title=\"Accord \u00e9crit n\u00e9goci\u00e9 entre les repr\u00e9sentants syndicaux de salari\u00e9s et des groupements d'employeurs. Il compl\u00e8te et adapte la l\u00e9gislation du travail dans un secteur d'activit\u00e9 donn\u00e9, souvent de fa\u00e7on plus favorable pour les salari\u00e9s.\">convention collective nationale<span class=\"sr-only\">: Accord \u00e9crit n\u00e9goci\u00e9 entre les repr\u00e9sentants syndicaux de salari\u00e9s et des groupements d&#8217;employeurs. Il compl\u00e8te et adapte la l\u00e9gislation du travail dans un secteur d&#8217;activit\u00e9 donn\u00e9, souvent de fa\u00e7on plus favorable pour les salari\u00e9s.<\/span><\/span>\u00a0du spectacle vivant<\/li>\n<li>Elle doit avoir un r\u00e9c\u00e9piss\u00e9 d&#8217;entrepreneur de spectacle<\/li>\n<\/ul>\n<div class=\"bloc-edito bloc-attention\">\n<p class=\"bloc-edito-title\">\u00a0\u00a0<strong>Attention :\u00a0<\/strong>l&#8217;entreprise dont l&#8217;activit\u00e9 principale rel\u00e8ve de la convention collective nationale des h\u00f4tels, caf\u00e9s restaurants (HCR) ne peut pas b\u00e9n\u00e9ficier de cette aide.<\/p>\n<\/div>\n<h5 class=\"titre-flottant\">Conditions concernant la r\u00e9mun\u00e9ration des salari\u00e9s composant le plateau artistique<\/h5>\n<p>L&#8217;entreprise doit verser \u00e0 chacun des salari\u00e9s composant le plateau artistique une r\u00e9mun\u00e9ration minimale au moins \u00e9gale \u00e0 l&#8217;un des montants suivants\u00a0:<\/p>\n<ul>\n<li>Pour une r\u00e9mun\u00e9ration par cachet, le cachet brut doit \u00eatre au moins \u00e9gal \u00e0 30 x le montant minimal garanti correspondant au jour de la repr\u00e9sentation concern\u00e9e.<\/li>\n<li>Pour une r\u00e9mun\u00e9ration mensualis\u00e9e \u00e0 temps plein, la r\u00e9mun\u00e9ration minimale mensuelle brute doit \u00eatre au moins \u00e9gale \u00e0 630 x le montant minimum garanti correspondant au jour de la repr\u00e9sentation concern\u00e9e.<\/li>\n<\/ul>\n<div class=\"bloc-exemple\">\n<p class=\"exemple-content\"><span class=\"exemple-title\">Exemple\u00a0:<\/span><\/p>\n<p>En 2021, le montant minimal garanti est de\u00a0<span class=\"prix\">3,65\u00a0\u20ac<\/span>.<\/p>\n<p>Les r\u00e9mun\u00e9rations minimales pour une repr\u00e9sentation ayant lieu en 2021 doivent \u00eatre au moins \u00e9gales \u00e0 l&#8217;une des r\u00e9mun\u00e9rations suivantes\u00a0:<\/p>\n<ul>\n<li>Pour une r\u00e9mun\u00e9ration par cachet, le cachet brut doit \u00eatre au moins \u00e9gal \u00e0\u00a0<span class=\"prix\">109,5\u00a0\u20ac<\/span><\/li>\n<li>Pour une r\u00e9mun\u00e9ration mensualis\u00e9e \u00e0 temps plein, la r\u00e9mun\u00e9ration minimale mensuelle brute doit \u00eatre au moins \u00e9gale \u00e0\u00a0<span class=\"prix\">2 299,5\u00a0\u20ac<\/span><\/li>\n<\/ul>\n<\/div>\n<h5 class=\"titre-flottant\">Condition concernant la repr\u00e9sentation<\/h5>\n<p>La repr\u00e9sentation pour laquelle une aide peut \u00eatre demand\u00e9e doit \u00eatre une repr\u00e9sentation de spectacle vivant ayant lieu dans une salle ou un \u00e9tablissement ne pouvant pas accueillir plus de 299 personnes.<\/p>\n<p><a class=\"sr-only sr-only-focusable no-print\" href=\"https:\/\/www.service-public.fr\/professionnels-entreprises\/vosdroits\/F22365#ui-tab-eyv8jtye2rv1mdyxwzejo3\">Revenir au sommaire de cette partie<\/a><\/p>\n<\/div>\n<\/div>\n<h4 class=\"fiche-title-1\">Quel est le montant de l&#8217;aide\u00a0?<\/h4>\n<p class=\"sr-only\">R\u00e9pondez aux questions successives et les r\u00e9ponses s\u2019afficheront automatiquement<\/p>\n<div data-id=\"parent-choice-tree\">\n<div class=\"choice-tree-list\" data-test=\"not-for-print\">\n<div class=\"choice-tree-item\">\n<div class=\"choice-tree-previous-choice\">\n<p class=\"sr-only\" tabindex=\"-1\" aria-describedby=\"choice-tree-item-2-0\">vous avez choisi<\/p>\n<h4 id=\"choice-tree-item-2-0\" class=\"choice-tree-title\"><span class=\"choice-tree-previous-choice-title printArea\">Cas g\u00e9n\u00e9ral<\/span><\/h4>\n<div class=\"choice-tree-helpmodify\" style=\"text-align: center;\" data-id=\"choice-tree-helpmodify\"><span style=\"color: #000000; font-family: Arial;\"><span style=\"font-size: 13.3333px; background-color: #efefef;\">\u00a0<\/span><\/span><\/div>\n<\/div>\n<\/div>\n<div class=\"choice-tree-item no-print\">\n<div class=\"choice-tree-item-demarche printArea\" data-test=\"choiceTreeResult\">\n<div class=\"choice-tree-list-answer\">\n<p>Le montant de l&#8217;aide d\u00e9pend du nombre d&#8217;artistes du spectacle engag\u00e9s\u00a0:<\/p>\n<ul>\n<li>Pour l&#8217;emploi d&#8217;un ou 2 artistes, il est \u00e9gal au produit du nombre d&#8217;artistes engag\u00e9s et de\u00a0<span class=\"prix\">35\u00a0%<\/span>\u00a0de la r\u00e9mun\u00e9ration minimale.<\/li>\n<li>Pour l&#8217;emploi de 3 artistes, il est \u00e9gal \u00e0 3 fois\u00a0<span class=\"prix\">45\u00a0%<\/span>\u00a0de la r\u00e9mun\u00e9ration minimale.<\/li>\n<li>Pour l&#8217;emploi de 4 artistes, il est \u00e9gal \u00e0 4 fois\u00a0<span class=\"prix\">55\u00a0%<\/span>\u00a0de la r\u00e9mun\u00e9ration\u00a0minimale.<\/li>\n<li>Pour l&#8217;emploi de 5 artistes, il est \u00e9gal \u00e0 5 fois\u00a0<span class=\"prix\">65\u00a0%<\/span>\u00a0de la r\u00e9mun\u00e9ration minimale.<\/li>\n<li>Pour l&#8217;emploi de 6 artistes, il est \u00e9gal \u00e0 6 fois\u00a0<span class=\"prix\">75\u00a0%<\/span>\u00a0de la r\u00e9mun\u00e9ration minimale.<\/li>\n<\/ul>\n<div class=\"bloc-exemple\">\n<p class=\"exemple-content\"><span class=\"exemple-title\">Exemple\u00a0:<\/span><\/p>\n<p>Pour une repr\u00e9sentation ayant lieu en 2021, le montant de l&#8217;aide selon le nombre d&#8217;artistes est \u00e9gal \u00e0 l&#8217;un des montant suivants\u00a0:<\/p>\n<ul>\n<li>Pour l&#8217;emploi d&#8217;un artiste, il est \u00e9gal \u00e0\u00a0<span class=\"prix\">38,32\u00a0\u20ac<\/span>\u00a0pour une r\u00e9mun\u00e9ration par cachet ou \u00e0\u00a0<span class=\"prix\">804,82\u00a0\u20ac<\/span>\u00a0pour une r\u00e9mun\u00e9ration mensuelle.<\/li>\n<li>Pour l&#8217;emploi de 2 artistes, il est \u00e9gal \u00e0\u00a0<span class=\"prix\">76,65\u00a0\u20ac<\/span>\u00a0pour une r\u00e9mun\u00e9ration par cachet ou \u00e0\u00a0<span class=\"prix\">1 609,65\u00a0\u20ac<\/span>\u00a0pour une r\u00e9mun\u00e9ration mensuelle.<\/li>\n<li>Pour l&#8217;emploi de 3 artistes, il est \u00e9gal \u00e0\u00a0<span class=\"prix\">147,82\u00a0\u20ac<\/span>\u00a0pour une r\u00e9mun\u00e9ration par cachet ou \u00e0\u00a0<span class=\"prix\">3 104,32\u00a0\u20ac<\/span>\u00a0pour une r\u00e9mun\u00e9ration mensuelle.<\/li>\n<li>Pour l&#8217;emploi de 4 artistes, il est \u00e9gal \u00e0\u00a0<span class=\"prix\">240,9\u00a0\u20ac<\/span>\u00a0pour une r\u00e9mun\u00e9ration par cachet ou \u00e0\u00a0<span class=\"prix\">5058,9 \u00a0\u20ac<\/span>pour une r\u00e9mun\u00e9ration mensuelle.<\/li>\n<li>Pour l&#8217;emploi de 5 artistes, il est \u00e9gal \u00e0\u00a0<span class=\"prix\">355,87 \u00a0\u20ac<\/span>pour une r\u00e9mun\u00e9ration par cachet ou \u00e0\u00a0<span class=\"prix\">7 473,37 \u00a0\u20ac<\/span>pour une r\u00e9mun\u00e9ration mensuelle.<\/li>\n<li>Pour l&#8217;emploi de 6 artistes, il est \u00e9gal \u00e0\u00a0<span class=\"prix\">492,75 \u00a0\u20ac<\/span>pour une r\u00e9mun\u00e9ration par cachet ou \u00e0\u00a0<span class=\"prix\">10 347,75 \u00a0\u20ac<\/span>pour une r\u00e9mun\u00e9ration mensuelle.<\/li>\n<\/ul>\n<\/div>\n<p>Si au moins un technicien est attach\u00e9 \u00e0 la production de la repr\u00e9sentation, le nombre d&#8217;emplois pris en compte dans le calcule de l&#8217;aide est augment\u00e9 de 1.<\/p>\n<div class=\"bloc-edito bloc-aSavoir\">\n<p class=\"bloc-edito-title\">\u00a0\u00a0<strong>\u00c0 savoir :\u00a0<\/strong>une m\u00eame entreprise peut b\u00e9n\u00e9ficier de l&#8217;aide dans la limite de 42 repr\u00e9sentations maximum en une ann\u00e9e. Le montant total des aides ne peut pas d\u00e9passer\u00a0<span class=\"prix\">200 000\u00a0\u20ac<\/span>\u00a0sur 3 exercices fiscaux.<\/p>\n<\/div>\n<\/div>\n<\/div>\n<p class=\"tool-fiche\" style=\"text-align: center;\"><span style=\"color: #000000; font-family: Arial;\"><span style=\"font-size: 13.3333px; background-color: #efefef;\">\u00a0<\/span><\/span><\/p>\n<\/div>\n<\/div>\n<\/div>\n<h4 class=\"fiche-title-1\">Quand et \u00e0 qui faire la demande d&#8217;aide\u00a0?<\/h4>\n<ul id=\"ui-tab-56g3b4xsqqdj1alkjmn0ko\" class=\"nav nav-tabs\" data-test=\"bloc-cas\">\n<li class=\"active\" data-test=\"cas-only-onglet\"><a id=\"ui-tab-qxeg0v1wy3n8x5i8sdzh5l\" role=\"button\" href=\"https:\/\/www.service-public.fr\/professionnels-entreprises\/vosdroits\/F22365#tab-2636301275512290844-cas1\" data-toggle=\"tab\" data-test=\"moins3cas_1\" data-xiti-name=\"Professionnels::Vos_droits::Modalites::Cas g\u00e9n\u00e9ral\" aria-expanded=\"true\">Cas g\u00e9n\u00e9ral<span class=\"sr-only\">(actif)<\/span><\/a><\/li>\n<li data-test=\"cas-only-onglet\"><a id=\"ui-tab-ykfzqc3h3xrhmyl7tv0f\" role=\"button\" href=\"https:\/\/www.service-public.fr\/professionnels-entreprises\/vosdroits\/F22365#tab-2636301275512290844-cas2\" data-toggle=\"tab\" data-test=\"moins3cas_2\" data-xiti-name=\"Professionnels::Vos_droits::Modalites::Repr\u00e9sentation ayant lieu entre juillet 2021 et d\u00e9cembre 2021\" aria-expanded=\"false\">Repr\u00e9sentation ayant lieu entre juillet 2021 et d\u00e9cembre 2021<\/a><\/li>\n<\/ul>\n<div class=\"tab-content\">\n<div id=\"tab-2636301275512290844-cas1\" class=\"tab-pane active\">\n<h4 class=\" sr-only\" tabindex=\"-1\" data-id=\"sr-only-focusable\" data-test=\"sr-only_1\">Cas g\u00e9n\u00e9ral<\/h4>\n<p>La demande d&#8217;aide doit \u00eatre faite \u00e0 l&#8217;Agence de services et des paiements dans un d\u00e9lai maximum de 6 mois \u00e0 compter de la date de la repr\u00e9sentation pour laquelle l&#8217;aide est demand\u00e9e.<\/p>\n<div class=\"fiche-item-demarche bloc-ressource\">\n<div class=\"demarche-title\">\n<h4 class=\"demarche-title-label\">Demande de prise en charge dans la cadre du dispositif de soutien \u00e0 l&#8217;emploi du plateau artistique de spectacles vivants<\/h4>\n<\/div>\n<div data-attention-persogeo-id=\"\"><\/div>\n<div data-anoter-persogeo-id=\"\"><\/div>\n<div class=\"demarche-button\" data-id=\"demarche-button\">\n<p><a class=\"btn btn-primary btn-demarche btn-perso\" title=\"Acc\u00e9der au formulaire (pdf - 1.0 MB) - asp-public.fr - Nouvelle fen\u00eatre\" href=\"https:\/\/www.asp-public.fr\/file\/194107\/download?token=8ESdtZri\" target=\"_blank\" rel=\"noopener noreferrer\" data-test=\"service-en-ligne-button\" data-xiti-name=\"Professionnels::Vos_droits::Acceder_demarche::Formulaire_F22365_Demande_de_prise_en_charge_dans_la_cadre_du_dispositif_de_soutien_a_l_emploi_du_plateau_artistique_de_spectacles_vivants\">Acc\u00e9der au <span class=\"two-lines\"><span class=\"font-bold\">formulaire<\/span>(pdf &#8211; 1.0 MB)<\/span><\/a><\/p>\n<\/div>\n<div class=\"bloc-annexe\"><\/div>\n<\/div>\n<p>L&#8217;aide ne peut pas se cumuler avec une autre aide de l\u2019\u00c9tat \u00e0 l&#8217;insertion, \u00e0 l&#8217;acc\u00e8s et au retour \u00e0 l&#8217;emploi vers\u00e9e \u00e0 un salari\u00e9 pour laquelle l&#8217;aide est demand\u00e9e.<\/p>\n<p>Il faut joindre \u00e0 la demande les informations suivantes\u00a0:<\/p>\n<ul>\n<li>Lieux de diffusion du spectacle vivant<\/li>\n<li>Jauge du lieu de diffusion dans lequel le spectacle est produit<\/li>\n<li>Composition du plateau artistique<\/li>\n<li>Versement effectif des salaires concern\u00e9s par la repr\u00e9sentation et les r\u00e9p\u00e9titions<\/li>\n<li>Nombre de billets mis en vente<\/li>\n<li>Num\u00e9ro de r\u00e9c\u00e9piss\u00e9 d&#8217;entrepreneur du spectacle vivant de l&#8217;employeur<\/li>\n<\/ul>\n<p><a class=\"sr-only sr-only-focusable no-print\" href=\"https:\/\/www.service-public.fr\/professionnels-entreprises\/vosdroits\/F22365#ui-tab-56g3b4xsqqdj1alkjmn0ko\">Revenir au sommaire de cette partie<\/a><\/p>\n<\/div>\n<\/div>\n<div class=\"bloc-edito bloc-aSavoir\">\n<p class=\"bloc-edito-title\">\u00a0\u00a0<strong>\u00c0 savoir :\u00a0<\/strong>\u00e0 titre exceptionnel, en tenant compte de motifs l\u00e9gitimes invoqu\u00e9s, la demande d&#8217;aide peut \u00eatre faite apr\u00e8s ces 6 mois.<\/p>\n<\/div>\n<\/div>\n<\/div>\n<\/div>\n<p><a class=\"sr-only sr-only-focusable no-print\" href=\"https:\/\/www.service-public.fr\/professionnels-entreprises\/vosdroits\/F22365#ui-tab-v7eb2769tgg65s0ij4fj6d\">Revenir au sommaire de cette partie\u00a0\u00a0<\/a><\/p>\n<\/div>\n<\/div>\n<\/div>\n<\/div>\n<div>\n<aside role=\"complementary\">\n<div class=\"bloc-annexe\">\n<div class=\"fiche-bloc\" data-test=\"textes-de-reference\">\n<div class=\"fiche-item\">\n<div class=\"fiche-item-title\">\n<div class=\"fiche-item-title\">\n<div class=\"choice-tree-item\">\n<div class=\"choice-tree-previous-choice\">\n<h4 id=\"choice-tree-item-0-0\" class=\"choice-tree-title\"><strong><span class=\"choice-tree-previous-choice-title printArea\" style=\"color: #ff00ff;\">Activit\u00e9 secondaire<\/span><\/strong><\/h4>\n<div class=\"choice-tree-helpmodify\" data-id=\"choice-tree-helpmodify\"><\/div>\n<\/div>\n<\/div>\n<div class=\"choice-tree-item no-print\">\n<div class=\"choice-tree-item-demarche printArea\" data-test=\"choiceTreeResult\">\n<div class=\"choice-tree-list-answer\">\n<p><strong><span style=\"color: #ff00ff;\">Si l&#8217;organisation de spectacles n&#8217;est pas l&#8217;activit\u00e9 principale de l&#8217;entreprise, le r\u00e9c\u00e9piss\u00e9 est obligatoire uniquement \u00e0 partir de\u00a07 repr\u00e9sentations annuelles. Dans ce cas, l&#8217;organisation de spectacles est consid\u00e9r\u00e9e comme une activit\u00e9 secondaire.<\/span><\/strong><\/p>\n<div class=\"bloc-exemple\">\n<p class=\"exemple-content\"><strong><span class=\"exemple-title\" style=\"color: #ff00ff;\">Exemple\u00a0:<\/span><\/strong><\/p>\n<p><strong><span style=\"color: #ff00ff;\">Le responsable d&#8217;un h\u00f4tel, caf\u00e9, restaurant ou discoth\u00e8que\u00a0 qui organise plus de 6 repr\u00e9sentations par an doit obligatoirement d\u00e9tenir un r\u00e9c\u00e9piss\u00e9 de spectacle de 1<sup>re<\/sup> cat\u00e9gorie. Son activit\u00e9 principale reste celle des HCRD<\/span><\/strong><\/p>\n<p><strong>TEXTES :<\/strong><a title=\"Code du travail\u00a0: article L7122-1 - www.legifrance.gouv.fr - nouvelle_fenetre\" href=\"https:\/\/www.legifrance.gouv.fr\/affichCode.do?idSectionTA=LEGISCTA000006195963&amp;cidTexte=LEGITEXT000006072050\" target=\"_blank\" rel=\"noopener noreferrer\" data-xiti-name=\"Professionnels::Vos_droits::textes_de_reference::https:\/\/www.legifrance.gouv.fr\/affichCode.do?idSectionTA=LEGISCTA000006195963&amp;cidTexte=LEGITEXT000006072050\" data-xiti-type=\"exit\">Code du travail\u00a0: article L7122-1\u00a0<\/a><\/p>\n<\/div>\n<\/div>\n<\/div>\n<\/div>\n<\/div>\n<div id=\"fiche-item-ref\" class=\"fiche-item-content collapse in\" aria-hidden=\"false\">\n<div class=\"panel-sat\">\n<ul class=\"list-arrow\">\n<li data-test=\"reference\">\n<p class=\"panel-link\"><a title=\"Code du travail\u00a0: articles D7122-1 \u00e0 R7122-28 - www.legifrance.gouv.fr - nouvelle_fenetre\" href=\"http:\/\/www.legifrance.gouv.fr\/affichCode.do?idArticle=LEGIARTI000018521763&amp;idSectionTA=LEGISCTA000018521765&amp;cidTexte=LEGITEXT000006072050\" target=\"_blank\" rel=\"noopener noreferrer\" data-xiti-name=\"Professionnels::Vos_droits::textes_de_reference::http:\/\/www.legifrance.gouv.fr\/affichCode.do?idArticle=LEGIARTI000018521763&amp;idSectionTA=LEGISCTA000018521765&amp;cidTexte=LEGITEXT000006072050\" data-xiti-type=\"exit\">Code du travail\u00a0: articles D7122-1 \u00e0 R7122-28\u00a0<\/a><\/p>\n<\/li>\n<li data-test=\"reference\">\n<p class=\"panel-link\"><a title=\"Ordonnance n\u00b045-2339 du 13 octobre 1945 relative aux spectacles - legifrance.gouv.fr - nouvelle_fenetre\" href=\"http:\/\/legifrance.gouv.fr\/affichTexte.do?cidTexte=JORFTEXT000000888967\" target=\"_blank\" rel=\"noopener noreferrer\" data-xiti-name=\"Professionnels::Vos_droits::textes_de_reference::http:\/\/legifrance.gouv.fr\/affichTexte.do?cidTexte=JORFTEXT000000888967\" data-xiti-type=\"exit\">Ordonnance n\u00b045-2339 du 13 octobre 1945 relative aux spectacles\u00a0<\/a><\/p>\n<\/li>\n<li data-test=\"reference\">\n<p class=\"panel-link\"><a title=\"Arr\u00eat\u00e9 du 27 septembre 2019 fixant la liste des informations requises en vue de l'exercice de l'activit\u00e9 d'entrepreneur de spectacles vivants - www.legifrance.gouv.fr - nouvelle_fenetre\" href=\"https:\/\/www.legifrance.gouv.fr\/affichTexte.do?cidTexte=JORFTEXT000039147042\" target=\"_blank\" rel=\"noopener noreferrer\" data-xiti-name=\"Professionnels::Vos_droits::textes_de_reference::https:\/\/www.legifrance.gouv.fr\/affichTexte.do?cidTexte=JORFTEXT000039147042\" data-xiti-type=\"exit\">Arr\u00eat\u00e9 du 27 septembre 2019 fixant la liste des informations requises en vue de l&#8217;exercice de l&#8217;activit\u00e9 d&#8217;entrepreneur de spectacles vivants\u00a0<\/a><\/p>\n<p class=\"panel-source\" data-test=\"referenceComplement\">D\u00e9claration d&#8217;activit\u00e9 d&#8217;entrepreneur de spectacles vivants et renouvellement de la d\u00e9claration<\/p>\n<\/li>\n<li data-test=\"reference\">\n<p class=\"panel-link\"><a title=\"D\u00e9cret n\u00b02018-574 du 4 juillet 2018 instituant un dispositif de soutien \u00e0 l'emploi du plateau artistique de spectacles vivants diffus\u00e9s dans des salles de petite jauge - www.legifrance.gouv.fr - nouvelle_fenetre\" href=\"https:\/\/www.legifrance.gouv.fr\/loda\/id\/JORFTEXT000037152548\/\" target=\"_blank\" rel=\"noopener noreferrer\" data-xiti-name=\"Professionnels::Vos_droits::textes_de_reference::https:\/\/www.legifrance.gouv.fr\/loda\/id\/JORFTEXT000037152548\/\" data-xiti-type=\"exit\">D\u00e9cret n\u00b02018-574 du 4 juillet 2018 instituant un dispositif de soutien \u00e0 l&#8217;emploi du plateau artistique de spectacles vivants diffus\u00e9s dans des salles de petite jauge\u00a0<\/a><\/p>\n<\/li>\n<li data-test=\"reference\">\n<p class=\"panel-link\"><a title=\"D\u00e9cret n\u00b02020-1598 du 16 d\u00e9cembre 2020 portant rel\u00e8vement du salaire minimum de croissance - www.legifrance.gouv.fr - nouvelle_fenetre\" href=\"https:\/\/www.legifrance.gouv.fr\/jorf\/id\/JORFTEXT000042677359\" target=\"_blank\" rel=\"noopener noreferrer\" data-xiti-name=\"Professionnels::Vos_droits::textes_de_reference::https:\/\/www.legifrance.gouv.fr\/jorf\/id\/JORFTEXT000042677359\" data-xiti-type=\"exit\">D\u00e9cret n\u00b02020-1598 du 16 d\u00e9cembre 2020 portant rel\u00e8vement du salaire minimum de croissance\u00a0<\/a><\/p>\n<p class=\"panel-source\" data-test=\"referenceComplement\">Minimum garanti<\/p>\n<\/li>\n<\/ul>\n<\/div>\n<\/div>\n<\/div>\n<\/div>\n<\/div>\n<\/div>\n<\/aside>\n<\/div>\n<div class=\"fiche-item-title\">\n<h2><button id=\"ui-collapse-9mc5uwabwr85nigahogfr3\" class=\"btn btn-collapse\" role=\"button\" type=\"button\" data-toggle=\"collapse\" data-target=\"#fiche-item-slf\" data-xiti-type=\"navigation\" data-xiti-name=\"Professionnels::Vos_droits::Depliant::Services_en_ligne_et_formulaires_F22365_Recepisse_d_entrepreneur_de_spectacles\" aria-expanded=\"true\" data-atclickmanagement=\"no\">Services en ligne et formulaires<\/button><\/h2>\n<\/div>\n<div id=\"fiche-item-slf\" class=\"fiche-item-content collapse in\" aria-hidden=\"false\">\n<div class=\"panel-sat\">\n<div class=\"panel-body\">\n<ul id=\"listeServiceEnLigne\" class=\"list-arrow\">\n<li>\n<p class=\"panel-link-arrow\"><a href=\"https:\/\/www.service-public.fr\/professionnels-entreprises\/vosdroits\/R56719\" data-xiti-name=\"Professionnels::Vos_droits::Navigation_Directe::Contrat_de_cor\u00e9alisation_d'un_spectacle\"><span data-test=\"selContent\">Contrat de cor\u00e9alisation d&#8217;un spectacle<\/span><\/a><\/p>\n<p class=\"panel-comment\" data-test=\"typeServiceEnLigne\">Mod\u00e8le de document<\/p>\n<\/li>\n<li>\n<p class=\"panel-link-arrow\"><a href=\"https:\/\/www.service-public.fr\/professionnels-entreprises\/vosdroits\/R56718\" data-xiti-name=\"Professionnels::Vos_droits::Navigation_Directe::Contrat_de_cession_du_droit_d'exploitation_d'un_spectacle\"><span data-test=\"selContent\">Contrat de cession du droit d&#8217;exploitation d&#8217;un spectacle<\/span><\/a><\/p>\n<p class=\"panel-comment\" data-test=\"typeServiceEnLigne\">Mod\u00e8le de document<\/p>\n<\/li>\n<li>\n<p class=\"panel-link-arrow\"><a href=\"https:\/\/www.service-public.fr\/professionnels-entreprises\/vosdroits\/R43742\" data-xiti-name=\"Professionnels::Vos_droits::Navigation_Directe::D\u00e9claration_d'activit\u00e9_d'entrepreneur_de_spectacles_vivants_(en_vue_d'un_r\u00e9c\u00e9piss\u00e9_d'entrepreneur_de_spectacles)\"><span data-test=\"selContent\">D\u00e9claration d&#8217;activit\u00e9 d&#8217;entrepreneur de spectacles vivants (en vue d&#8217;un r\u00e9c\u00e9piss\u00e9 d&#8217;entrepreneur de spectacles)<\/span><\/a><\/p>\n<p class=\"panel-comment\" data-test=\"typeServiceEnLigne\">Service en ligne<\/p>\n<\/li>\n<li>\n<p class=\"panel-link-arrow\"><a href=\"https:\/\/www.service-public.fr\/professionnels-entreprises\/vosdroits\/R14004\" data-xiti-name=\"Professionnels::Vos_droits::Navigation_Directe::Renouvellement_de_la_d\u00e9claration_d'activit\u00e9_d'entrepreneur_de_spectacles_vivants_(en_vue_d'un_r\u00e9c\u00e9piss\u00e9_d'entrepreneur_de_spectacles)\"><span data-test=\"selContent\">Renouvellement de la d\u00e9claration d&#8217;activit\u00e9 d&#8217;entrepreneur de spectacles vivants (en vue d&#8217;un r\u00e9c\u00e9piss\u00e9 d&#8217;entrepreneur de spectacles)<\/span><\/a><\/p>\n<p class=\"panel-comment\" data-test=\"typeServiceEnLigne\">Service en ligne<\/p>\n<\/li>\n<li>\n<p class=\"panel-link-arrow\"><a href=\"https:\/\/www.service-public.fr\/professionnels-entreprises\/vosdroits\/R43745\" data-xiti-name=\"Professionnels::Vos_droits::Navigation_Directe::Demande_de_reconnaissance_de_titre_\u00e9quivalent_\u00e0_la_d\u00e9claration_d'entrepreneur_de_spectacles_vivants\"><span data-test=\"selContent\">Demande de reconnaissance de titre \u00e9quivalent \u00e0 la d\u00e9claration d&#8217;entrepreneur de spectacles vivants<\/span><\/a><\/p>\n<p class=\"panel-comment\" data-test=\"typeServiceEnLigne\">Service en ligne<\/p>\n<\/li>\n<li>\n<p class=\"panel-link-arrow\"><a href=\"https:\/\/www.service-public.fr\/professionnels-entreprises\/vosdroits\/R43747\" data-xiti-name=\"Professionnels::Vos_droits::Navigation_Directe::Information_de_prestation_de_service_en_France_d'un_entrepreneur_de_spectacles_vivants_\u00e9tabli_dans_l'Espace_\u00e9conomique_europ\u00e9en_(EEE)\"><span data-test=\"selContent\">Information de prestation de service en France d&#8217;un entrepreneur de spectacles vivants \u00e9tabli dans l&#8217;Espace \u00e9conomique europ\u00e9en (EEE)<\/span><\/a><\/p>\n<p class=\"panel-comment\" data-test=\"typeServiceEnLigne\">Service en ligne<\/p>\n<\/li>\n<li>\n<p class=\"panel-link-arrow\"><a href=\"https:\/\/www.service-public.fr\/professionnels-entreprises\/vosdroits\/R43749\" data-xiti-name=\"Professionnels::Vos_droits::Navigation_Directe::Information_de_prestation_de_service_en_France_d'un_entrepreneur_de_spectacles_vivants_\u00e9tabli_hors_de_l'Espace_\u00e9conomique_europ\u00e9en_(EEE)\"><span data-test=\"selContent\">Information de prestation de service en France d&#8217;un entrepreneur de spectacles vivants \u00e9tabli hors de l&#8217;Espace \u00e9conomique europ\u00e9en (EEE)<\/span><\/a><\/p>\n<\/li>\n<\/ul>\n<\/div>\n<\/div>\n<\/div>\n","protected":false},"excerpt":{"rendered":"<p>Chers amis, Nous vous avions inform\u00e9s (voir notre dernier article sur le sujet) de la disparition de la licence de spectacles &#8220;traditionnelle&#8221;. La COVID est pass\u00e9e par l\u00e0 et nous n&#8217;avions pas actualis\u00e9 la&#8230;<\/p>\n","protected":false},"author":2,"featured_media":0,"comment_status":"closed","ping_status":"closed","sticky":false,"template":"","format":"standard","meta":{"_mi_skip_tracking":false,"_monsterinsights_sitenote_active":false,"_monsterinsights_sitenote_note":"","_monsterinsights_sitenote_category":0},"categories":[1],"tags":[],"_links":{"self":[{"href":"https:\/\/sndll.info\/index.php?rest_route=\/wp\/v2\/posts\/5513"}],"collection":[{"href":"https:\/\/sndll.info\/index.php?rest_route=\/wp\/v2\/posts"}],"about":[{"href":"https:\/\/sndll.info\/index.php?rest_route=\/wp\/v2\/types\/post"}],"author":[{"embeddable":true,"href":"https:\/\/sndll.info\/index.php?rest_route=\/wp\/v2\/users\/2"}],"replies":[{"embeddable":true,"href":"https:\/\/sndll.info\/index.php?rest_route=%2Fwp%2Fv2%2Fcomments&post=5513"}],"version-history":[{"count":9,"href":"https:\/\/sndll.info\/index.php?rest_route=\/wp\/v2\/posts\/5513\/revisions"}],"predecessor-version":[{"id":5522,"href":"https:\/\/sndll.info\/index.php?rest_route=\/wp\/v2\/posts\/5513\/revisions\/5522"}],"wp:attachment":[{"href":"https:\/\/sndll.info\/index.php?rest_route=%2Fwp%2Fv2%2Fmedia&parent=5513"}],"wp:term":[{"taxonomy":"category","embeddable":true,"href":"https:\/\/sndll.info\/index.php?rest_route=%2Fwp%2Fv2%2Fcategories&post=5513"},{"taxonomy":"post_tag","embeddable":true,"href":"https:\/\/sndll.info\/index.php?rest_route=%2Fwp%2Fv2%2Ftags&post=5513"}],"curies":[{"name":"wp","href":"https:\/\/api.w.org\/{rel}","templated":true}]}}