{"id":5524,"date":"2021-11-24T10:35:08","date_gmt":"2021-11-24T09:35:08","guid":{"rendered":"http:\/\/pjcrpry.cluster031.hosting.ovh.net\/?p=5524"},"modified":"2021-11-24T10:37:50","modified_gmt":"2021-11-24T09:37:50","slug":"nouvelles-menaces-jauge-masque","status":"publish","type":"post","link":"https:\/\/sndll.info\/?p=5524","title":{"rendered":"NOUVELLES MENACES ? Jauge, Masque &#8230;"},"content":{"rendered":"<p>Interview du Pr\u00e9sident du SNDLL sur FRANCE INFO ce 24 Novembre<\/p>\n<div class=\"light-cover\">\n<div class=\"container\">\n<h1>Un retour des masques et jauges &#8220;serait absolument dramatique&#8221;, s\u2019inqui\u00e8tent les discoth\u00e8ques<\/h1>\n<div class=\"light-cover-info\"><span class=\"light-cover-info-authors\">par\u00a0<a class=\"light-cover-info-authors-link\" title=\"Adrien Toffolet\" href=\"https:\/\/www.franceinter.fr\/personnes\/adrien-toffolet\">Adrien Toffolet<\/a>\u00a0<\/span>publi\u00e9 le\u00a0<time datetime=\"2021-11-24T06:46:11\">24 novembre 2021 \u00e0 6h46<\/time><\/div>\n<\/div>\n<\/div>\n<div class=\"container\" data-xiti=\"Un retour des masques et jauges &quot;serait absolument dramatique&quot;, s\u2019inqui\u00e8tent les discoth\u00e8ques\">\n<div class=\"main-content article-content\">\n<div class=\"share-buttons \" data-type=\"article\" data-xiti=\"Partage::in_page::article\" data-xiti-header=\"Partage::header::article\">\n<div class=\"share-buttons-container\"><\/div>\n<\/div>\n<article class=\"content-body\">\n<p class=\"chapo\">\u00c0 quelques heures d&#8217;un nouveau conseil de d\u00e9fense sanitaire qui pourrait aboutir sur un retour de restrictions, le secteur des discoth\u00e8ques craint d&#8217;\u00eatre \u00e0 nouveau concern\u00e9 par un abaissement des jauges ou un retour de l&#8217;obligation du port du masque. Le risque : de nouvelles fermetures d\u00e9finitives d&#8217;\u00e9tablissements.<\/p>\n<figure class=\"rich-visual\"><picture><source class=\"dejavu dejavu-failed\" srcset=\"https:\/\/cdn.radiofrance.fr\/s3\/cruiser-production\/2021\/11\/e67b073a-cf23-4ead-931c-039d6e57f65d\/1136_080_hl_akremer_1374361.webp\" type=\"image\/webp\" \/><img class=\"dejavu dejavu-loaded\" src=\"https:\/\/cdn.radiofrance.fr\/s3\/cruiser-production\/2021\/11\/e67b073a-cf23-4ead-931c-039d6e57f65d\/1136_080_hl_akremer_1374361.jpg\" alt=\"25 \u00e0 30% du parc de discoth\u00e8ques pourrait dispara\u00eetre selon le syndicat\" width=\"1136\" height=\"757\" \/><\/picture><figcaption>25 \u00e0 30% du parc de discoth\u00e8ques pourrait dispara\u00eetre selon le syndicat \u00a9 AFP \/ Antoine Kremer<\/figcaption><\/figure>\n<p>Les discoth\u00e8ques ont \u00e9t\u00e9 de loin les plus touch\u00e9s par les restrictions sanitaires li\u00e9es au Covid, et aujourd&#8217;hui les dirigeants de ces \u00e9tablissements craignent d&#8217;\u00eatre \u00e0 nouveau p\u00e9nalis\u00e9s ou mis \u00e0 l&#8217;arr\u00eat forc\u00e9 avec la cinqui\u00e8me vague. Ce mercredi, un conseil de d\u00e9fense est convoqu\u00e9 afin d&#8217;envisager de nouvelles mesures pour freiner l&#8217;\u00e9pid\u00e9mie. Comme pour la quatri\u00e8me vague, l&#8217;ex\u00e9cutif \u00e0 plusieurs leviers \u00e0 disposition\u00a0: \u00a0la vaccination (troisi\u00e8me dose et public non-vaccin\u00e9s), la r\u00e9instauration de jauges dans certains lieux \u00e0 fort brassage de population, et l&#8217;obligation du port du masque.<\/p>\n<p>Pour les professionnels de la nuit, le retour \u00e0 une organisation normale pourrait tourner court\u00a0: apr\u00e8s avoir \u00e9t\u00e9 le seul secteur contraint \u00e0 une fermeture ininterrompue pendant plus d&#8217;un an, ce n&#8217;est que depuis le 11 novembre que les discoth\u00e8ques ont pu profiter d&#8217;une jauge \u00e0 100%. La crise a fragilis\u00e9 ou forc\u00e9 \u00e0 mettre la cl\u00e9 sous la porte pr\u00e8s d&#8217;un quart des \u00e9tablissements. Si de nouvelles restrictions leur sont impos\u00e9es, &#8220;<em>\u00e7a veut dire qu&#8217;il va y avoir encore une centaine d&#8217;\u00e9tablissements qui vont fermer d\u00e9finitivement et il va falloir imp\u00e9rativement r\u00e9tablir les aides<\/em>&#8220;, alerte Patrick Malva\u00ebs, pr\u00e9sident du Syndicat national des discoth\u00e8ques.<\/p>\n<div><\/div>\n<p><strong>FRANCE INTER\u00a0: A la veille d&#8217;un conseil sanitaire qui devrait aboutir sur de nouvelles mesures pour enrayer la cinqui\u00e8me vague de Covid, avez-vous des craintes pour le secteur de la nuit\u00a0?<\/strong><\/p>\n<p><strong>PATRICK MALVA\u00cbS\u00a0:<\/strong>\u00a0&#8220;On appr\u00e9hende parce qu&#8217;on a \u00e9t\u00e9 habitu\u00e9s \u00e0 des d\u00e9cisions contradictoires depuis le d\u00e9but de l&#8217;\u00e9pid\u00e9mie. Or, l\u00e0, il est question, d&#8217;apr\u00e8s les recommandations qui ont \u00e9t\u00e9 faites, de revenir par la jauge qui permet l&#8217;acc\u00e8s aux discoth\u00e8ques. C&#8217;est un premier point qui est assez grave parce que \u00e7a fait 10 jours qu&#8217;on nous a autoris\u00e9 cette jauge \u00e0 100%. Les r\u00e9sultats catastrophiques des discoth\u00e8ques montraient qu&#8217;elles ne pouvaient pas \u00eatre rentables \u00e0 75%. Que 8 ou 10 jours apr\u00e8s, on revienne dessus, c&#8217;est un jeu de yo-yo qui serait incongru et qui serait inutilement efficace. Pourquoi inutilement efficace\u00a0? Il reste \u00e0 prouver que le passage de 75 \u00e0 100% de la jauge en discoth\u00e8que soit un facteur de risque suppl\u00e9mentaire pour la propagation de l&#8217;\u00e9pid\u00e9mie. Je ne pense pas que cette mesure-l\u00e0 soit une mesure de type enrayer l&#8217;\u00e9pid\u00e9mie. Ce n&#8217;est pas 25% de client\u00e8le en plus dans des lieux qui sont ultra s\u00e9curis\u00e9s, comme les discoth\u00e8ques, qui puisse changer grand-chose \u00e0 l&#8217;affaire. Je rappelle par contre que les discoth\u00e8ques, elles, v\u00e9rifient les pass sanitaires, et v\u00e9rifient en m\u00eame temps -et ce sont les seuls- l&#8217;identit\u00e9 des clients. Si on va dans les bars et les restaurants, l&#8217;identit\u00e9 des clients n&#8217;est pas v\u00e9rifi\u00e9e et bien souvent m\u00eame le pass sanitaire n&#8217;est v\u00e9rifi\u00e9 que de fa\u00e7on tout \u00e0 fait superficielle. Donc, une mesure qui m&#8217;appara\u00eet plus essentielle serait d&#8217;obliger \u00e0 v\u00e9rifier l&#8217;identit\u00e9 des d\u00e9tenteurs de pass sanitaires dans les autres lieux publics.<\/p>\n<aside class=\"card bounce \" data-xiti=\"Rebond::Audio\">\n<figure class=\"media-visual \"><a href=\"https:\/\/www.franceinter.fr\/emissions\/interception\/interception-30-mai-2021\" data-xiti-trackable=\"true\" data-xiti-libelle=\"vignette_1_La nuit reverra-t-elle le jour ?\" data-xiti-type=\"N\" data-link-xiti-initialized=\"true\"><picture><source class=\"dejavu\" srcset=\"https:\/\/cdn.radiofrance.fr\/s3\/cruiser-production\/2021\/05\/e1756571-73ff-414f-8924-c09e2681ca56\/300x170_photo_site_ok.webp\" type=\"image\/webp\" \/><source class=\"dejavu\" srcset=\"https:\/\/cdn.radiofrance.fr\/s3\/cruiser-production\/2021\/05\/e1756571-73ff-414f-8924-c09e2681ca56\/300x170_photo_site_ok.jpg\" type=\"image\/jpg\" \/><img class=\"dejavu dejavu-loaded\" title=\"La piste d\u00e9serte du Cario Club \u00e0 Mathay (Doubs)\" src=\"https:\/\/cdn.radiofrance.fr\/s3\/cruiser-production\/2021\/05\/e1756571-73ff-414f-8924-c09e2681ca56\/300x170_photo_site_ok.jpg\" alt=\"La piste d\u00e9serte du Cario Club \u00e0 Mathay (Doubs)\" crossorigin=\"anonymous\" \/><\/picture><\/a><\/p>\n<div class=\"media-visual-replay-button\"><\/div>\n<\/figure>\n<div class=\"card-text\">\n<div class=\"card-text-chapo\"><\/div>\n<\/div>\n<\/aside>\n<p>La deuxi\u00e8me mesure qui risquerait d&#8217;\u00eatre aggravante, ce serait l&#8217;obligation du port du masque. Il est bien \u00e9vident que dans les lieux style bars, restaurants et autres, on peut y aller sans masque et se d\u00e9placer maintenant sans masque ou pratiquement. En discoth\u00e8que, le masque a \u00e9t\u00e9 non impos\u00e9 parce que nous avions pr\u00e9cis\u00e9ment une mesure tr\u00e8s coercitive du point de vue sanitaire, avec la v\u00e9rification d&#8217;identit\u00e9 des clients. Alors, revenir sur l&#8217;obligation du port du masque en discoth\u00e8que, pour aller sur la piste, \u00e7a semblerait quasiment impossible. \u00c7a signifierait finalement la fermeture des \u00e9tablissements une nouvelle fois. Comme on a d\u00e9j\u00e0 eu 18 mois de fermeture ininterrompue, et on est les seuls dans l&#8217;\u00e9conomie marchande \u00e0 avoir subi une telle restriction, ce serait absolument dramatique.&#8221;<\/p>\n<p><strong>Les discoth\u00e8ques, \u00e0 vos yeux, pourraient \u00eatre \u00e0 nouveau concern\u00e9es par des restrictions plus que les autres\u00a0?<\/strong><\/p>\n<p>&#8220;\u00c7a prouverait qu&#8217;on donne en p\u00e2ture un march\u00e9 dont on n&#8217;a que faire et que l&#8217;on m\u00e9prise. Or, ce march\u00e9, il faut bien voir que c&#8217;est un march\u00e9 qui est ouvert \u00e0 une client\u00e8le plus jeune, qui en a ras le bol de l&#8217;atmosph\u00e8re anxiog\u00e8ne et qui est revenue massivement en discoth\u00e8que depuis la r\u00e9ouverture de discoth\u00e8ques. Il y a un besoin absolu des citoyens et des plus jeunes en particulier, de se d\u00e9fouler. Donc, si on leur supprime \u00e7a, c&#8217;est un m\u00e9pris non seulement envers le secteur des discoth\u00e8ques, mais aussi un m\u00e9pris envers la client\u00e8le jeune qui va \u00eatre injustement p\u00e9nalis\u00e9e alors qu&#8217;on sait tr\u00e8s bien qu&#8217;il y a d&#8217;autres niches sur lesquelles on pourrait s&#8217;attarder. Quand on voit la politique qui a \u00e9t\u00e9 mise en place dans les \u00e9coles, dans les universit\u00e9s, partout o\u00f9 on a supprim\u00e9 le masque et qu&#8217;on le remet petit \u00e0 petit maintenant, il y a de quoi sourire. Mais le probl\u00e8me c&#8217;est qu&#8217;on impose des restrictions de fa\u00e7on tout \u00e0 fait clairsem\u00e9e et \u00e9parse, ce qui fait que ce n&#8217;est pas appliqu\u00e9 de fa\u00e7on stricte. J&#8217;ai \u00e9t\u00e9 tr\u00e8s surpris quand j&#8217;ai entendu Jean Castex, le Premier ministre, dire que ce n&#8217;\u00e9tait pas au personnel des bars et restaurants de v\u00e9rifier les identit\u00e9s. Cette r\u00e9serve-l\u00e0, il ne l&#8217;a pas eu envers les discoth\u00e8ques. Nous on nous a impos\u00e9 de v\u00e9rifier l&#8217;identit\u00e9. C&#8217;est assez aberrant. Donc je pense qu&#8217;il y a deux poids, deux mesures et il faudrait beaucoup plus de coh\u00e9sion dans la lutte contre la Covid. Quand on prend une mesure, il faudrait qu&#8217;elle soit g\u00e9n\u00e9rale, parce que quand il y a un trou dans la raquette, l&#8217;eau passe toujours par le trou. On a pouss\u00e9, depuis la r\u00e9ouverture des discoth\u00e8ques, syst\u00e9matiquement une communication tr\u00e8s, tr\u00e8s pointue envers les jeunes pour qu&#8217;ils aillent se faire vacciner. Et ils nous ont suivis, ils sont all\u00e9s se faire vacciner en masse. Les jeunes \u00e9taient les moins vaccin\u00e9s. Maintenant, ils le sont \u00e0 plus de 80% [88% chez les 18-29 ans &#8211; Ndr]. Je pense qu&#8217;il y a plusieurs niches, comme les plus de 80 ans qui ne sont pas encore vaccin\u00e9s, sur lesquelles il faudrait se pencher pour r\u00e9soudre la propagation de cette nouvelle vague.&#8221;<\/p>\n<p><strong>Si ces restrictions viennent \u00e0 \u00eatre impos\u00e9es, que ce soit l&#8217;abaissement de la jauge ou le port du masque, que comptez-vous faire\u00a0?<\/strong><\/p>\n<p>&#8220;Il n&#8217;est pas question de faire des menaces. Il convient de rester lucide et de pr\u00e9senter les faits. \u00c7a veut dire qu&#8217;il va y avoir encore une centaine d&#8217;\u00e9tablissements qui vont fermer d\u00e9finitivement et il va falloir imp\u00e9rativement r\u00e9tablir les aides. Ma premi\u00e8re action sera de demander aux services de monsieur Alain Griset \u00e0 Bercy de r\u00e9tablir les aides pour les exploitants. Ils ont v\u00e9cu en apn\u00e9e pendant 10 \u00e0 18 mois avec \u00e0-coups, on r\u00e9cup\u00e8re la client\u00e8le, on la reperd, on r\u00e9embauche du personnel, on le red\u00e9bauche, etc. Ce sont des charges qui sont absolument intenables pour une entreprise. Donc on va repr\u00e9senter \u00e7a et redemander les aides financi\u00e8res. Le gouvernement verra bien avec les donn\u00e9es des tribunaux de commerce, l&#8217;h\u00e9catombe qui a eu lieu dans notre secteur. Avant la r\u00e9ouverture, 400 \u00e9tablissements \u00e9taient en r\u00e8glement judiciaire, liquidation judiciaire ou avec des mesures d&#8217;alertes. C&#8217;est le quart du parc ! Il se trouve qu&#8217;avec la r\u00e9ouverture, il y a eu environ 150 \u00e9tablissements qui ont pu r\u00e9viser leur position et qui ont pu se sortir de ces proc\u00e9dures, ou qui ont d\u00e9cid\u00e9 de tenter de continuer leur route. Si on referme et si on reprend des mesures coercitives, il va y avoir une centaine d&#8217;\u00e9tablissements suppl\u00e9mentaires qui seront dans le rouge, et \u00e0 ce moment-l\u00e0, c&#8217;est 25 \u00e0 30% du parc qui dispara\u00eetrait. Si on met le personnel au ch\u00f4mage, c&#8217;est quand m\u00eame l&#8217;\u00c9tat et nous, tout le monde, qui payons cette facture. Mon premier travail est de faire valoir au gouvernement cette charge \u00e9conomique absolument invraisemblable qui serait impos\u00e9e aux discoth\u00e8ques et la condamnation \u00e0 terme d&#8217;un secteur qui a d\u00e9j\u00e0 eu 18 mois ferm\u00e9 sans interruption.&#8221;<\/p>\n<\/article>\n<\/div>\n<\/div>\n","protected":false},"excerpt":{"rendered":"<p>Interview du Pr\u00e9sident du SNDLL sur FRANCE INFO ce 24 Novembre Un retour des masques et jauges &#8220;serait absolument dramatique&#8221;, s\u2019inqui\u00e8tent les discoth\u00e8ques par\u00a0Adrien Toffolet\u00a0publi\u00e9 le\u00a024 novembre 2021 \u00e0 6h46 \u00c0 quelques heures d&#8217;un&#8230;<\/p>\n","protected":false},"author":2,"featured_media":0,"comment_status":"closed","ping_status":"closed","sticky":false,"template":"","format":"standard","meta":{"_mi_skip_tracking":false,"_monsterinsights_sitenote_active":false,"_monsterinsights_sitenote_note":"","_monsterinsights_sitenote_category":0},"categories":[1],"tags":[],"_links":{"self":[{"href":"https:\/\/sndll.info\/index.php?rest_route=\/wp\/v2\/posts\/5524"}],"collection":[{"href":"https:\/\/sndll.info\/index.php?rest_route=\/wp\/v2\/posts"}],"about":[{"href":"https:\/\/sndll.info\/index.php?rest_route=\/wp\/v2\/types\/post"}],"author":[{"embeddable":true,"href":"https:\/\/sndll.info\/index.php?rest_route=\/wp\/v2\/users\/2"}],"replies":[{"embeddable":true,"href":"https:\/\/sndll.info\/index.php?rest_route=%2Fwp%2Fv2%2Fcomments&post=5524"}],"version-history":[{"count":1,"href":"https:\/\/sndll.info\/index.php?rest_route=\/wp\/v2\/posts\/5524\/revisions"}],"predecessor-version":[{"id":5525,"href":"https:\/\/sndll.info\/index.php?rest_route=\/wp\/v2\/posts\/5524\/revisions\/5525"}],"wp:attachment":[{"href":"https:\/\/sndll.info\/index.php?rest_route=%2Fwp%2Fv2%2Fmedia&parent=5524"}],"wp:term":[{"taxonomy":"category","embeddable":true,"href":"https:\/\/sndll.info\/index.php?rest_route=%2Fwp%2Fv2%2Fcategories&post=5524"},{"taxonomy":"post_tag","embeddable":true,"href":"https:\/\/sndll.info\/index.php?rest_route=%2Fwp%2Fv2%2Ftags&post=5524"}],"curies":[{"name":"wp","href":"https:\/\/api.w.org\/{rel}","templated":true}]}}