{"id":5532,"date":"2021-11-25T13:00:52","date_gmt":"2021-11-25T12:00:52","guid":{"rendered":"http:\/\/pjcrpry.cluster031.hosting.ovh.net\/?p=5532"},"modified":"2021-12-14T14:45:02","modified_gmt":"2021-12-14T13:45:02","slug":"hier-soir-a-20h00-nous-avions-un-call-avec-bercy","status":"publish","type":"post","link":"https:\/\/sndll.info\/?p=5532","title":{"rendered":"HIER SOIR \u00c0 20h00  NOUS AVIONS UN CALL AVEC BERCY"},"content":{"rendered":"<h2 style=\"text-align: center;\"><strong>HIER SOIR \u00c0 20h00<\/strong><\/h2>\n<h2 style=\"text-align: center;\"><strong>NOUS AVIONS UN CALL AVEC BERCY<\/strong><\/h2>\n<p style=\"text-align: justify;\">Cher.e.s ami.e.s, chers.e.s exploitant.e.s<\/p>\n<p style=\"text-align: justify;\">Tout d\u2019abord, ce compte rendu date de hier soir mais est mis en ligne \u00e0 l\u2019issue de l\u2019intervention publique d\u2019Olivier VERRAN.<\/p>\n<p style=\"text-align: justify;\">En effet, nous avions pris l\u2019engagement hier soir de ne pas nous exprimer tant que le Ministre de la Sant\u00e9 n\u2019ait pas rendu public ses positions.<\/p>\n<p style=\"text-align: justify;\">Deux heures avant la r\u00e9union nous avons \u00e9t\u00e9 destinataires d\u2019une invitation \u00e0 un call \u00e0 20h00. La situation li\u00e9e \u00e0 l\u2019\u00e9volution plut\u00f4t exponentielle de la pand\u00e9mie Covid-19 motivait cette r\u00e9union.<\/p>\n<p style=\"text-align: justify;\">F\u00e9licitons-nous de ce type d\u2019initiative destin\u00e9e \u00e0 recueillir nos avis avant les prises de d\u00e9cisions.<\/p>\n<p style=\"text-align: justify;\">De quoi s\u2019agissait-il\u00a0?<\/p>\n<p style=\"text-align: justify;\">Le Conseil de D\u00e9fense Sanitaire de ce mercredi matin a d\u00e9cid\u00e9 de prendre des mesures compl\u00e9mentaires afin de tenter de limiter l\u2019\u00e9volution de cette pand\u00e9mie.<\/p>\n<p style=\"text-align: justify;\">Nos interlocuteurs nous ont pr\u00e9sent\u00e9 la situation et<strong> ont<\/strong> <strong>souhait\u00e9 connaitre nos positions sur un renforcement des mesures de pr\u00e9vention (<\/strong>port du masque en ERP) <strong>en nous indiquant aussi que des contr\u00f4les s\u2019intensifieraient sur l\u2019obligation de l\u2019acc\u00e8s avec un passe sanitaire dans les \u00e9tablissements concern\u00e9s par cette mesure.<\/strong><\/p>\n<p style=\"text-align: justify;\">Ils nous ont indiqu\u00e9 que le Ministre Olivier VERRAN devrait faire des annonces aujourd\u2019hui.<\/p>\n<p style=\"text-align: justify;\">Avec l\u2019UMIH, l\u2019AFEDD et le SNDLL, nous avons longuement \u00e9chang\u00e9 pour analyser la situation g\u00e9n\u00e9rale des discoth\u00e8ques et convenu de d\u00e9fendre, de mani\u00e8re commune, l\u2019int\u00e9r\u00eat des discoth\u00e8ques de France.<\/p>\n<p style=\"text-align: justify;\"><strong><u>L\u2019enjeu est de taille : tout doit \u00eatre mis en \u0153uvre pour \u00e9viter le pire !<\/u><\/strong><\/p>\n<p style=\"text-align: justify;\"><strong>Bien \u00e9videmment, nous avons rappel\u00e9 que les discoth\u00e8ques ont \u00e9t\u00e9 trait\u00e9es compl\u00e8tement diff\u00e9remment des autres secteurs d\u2019activit\u00e9.<\/strong><\/p>\n<p style=\"text-align: justify;\">Pour m\u00e9moire, lorsque nous nous sommes retrouv\u00e9s \u00e0 l\u2019\u00c9lys\u00e9e devant le Pr\u00e9sident de la R\u00e9publique le 21 juin dernier, souvenez-vous : nous avions longuement \u00e9chang\u00e9 avec lui sur le passe sanitaire qui \u00e9tait impos\u00e9 seulement aux discoth\u00e8ques et sur l\u2019obligation de contr\u00f4le d\u2019identit\u00e9 associ\u00e9e \u00e0 la pr\u00e9sentation du passe sanitaire. <strong>Nous sommes toujours les seuls \u00e0 pratiquer ce double contr\u00f4le.<\/strong><\/p>\n<p style=\"text-align: justify;\">Aujourd\u2019hui la rigueur exemplaire de nos exploitants a permis d\u2019\u00e9viter qu\u2019un cluster soit identifi\u00e9 et personne de bonne fois ne peut contester cette r\u00e9alit\u00e9.<\/p>\n<p style=\"text-align: justify;\">C\u2019est la raison pour laquelle avant d\u2019imposer aux discoth\u00e8ques de recourir au port du masque \u00e0 leur client\u00e8le, par exemple, ou au retour de la jauge, <strong>nous avons d\u00e9fendu l\u2019id\u00e9e de g\u00e9n\u00e9raliser les contr\u00f4les du passe sanitaire et de la coh\u00e9rence de l\u2019identit\u00e9 de personne qui le pr\u00e9sente \u00e0 l\u2019ensemble des autres m\u00e9tiers de mani\u00e8re \u00e0 combattre les tentatives de fraudes.<\/strong><\/p>\n<p style=\"text-align: justify;\"><strong><u>Nous avons donc demand\u00e9 que soit mis en place la m\u00eame proc\u00e9dure que celle impos\u00e9e aux discoth\u00e8ques dans tous les ERP.<\/u><\/strong><\/p>\n<p style=\"text-align: justify;\">Les associations sportives, culturelles etc qui elles aussi, organisent de tr\u00e8s nombreux rassemblements sans \u00eatre soumises \u00e0 ces contr\u00f4les doivent selon nous se voir imposer cette approche sanitaire.<\/p>\n<p style=\"text-align: justify;\">Soit un probl\u00e8me de sant\u00e9 publique, suffisamment grave, existe dans notre pays et dans ce cas tout doit \u00eatre mis en \u0153uvre pour l\u2019endiguer, soit le Gouvernement tol\u00e8re le \u00ab\u00a0deux poids deux mesures\u00a0\u00bb et en assume la responsabilit\u00e9 sur le plan sanitaire, sans en rajouter pour notre profession.<\/p>\n<p style=\"text-align: justify;\">Pour ce qui nous concerne, nous avons accept\u00e9 les contraintes impos\u00e9es aux discoth\u00e8ques et avons fait preuve d\u2019exemplarit\u00e9, alors nous ne comprendrions pas que l\u2019on vienne nous imposer des mesures suppl\u00e9mentaires.<\/p>\n<p style=\"text-align: justify;\">Quelle que soit la situation sanitaire, la jeunesse conservera l\u2019envie de faire la f\u00eate et la fera.<\/p>\n<p style=\"text-align: justify;\"><strong>Ajouter des restrictions aux discoth\u00e8ques c\u2019est prendre le risque de retrouver, comme en 2020, des soir\u00e9es clandestines dans des lieux par nature non s\u00e9curis\u00e9s \u00e0 tous \u00e9gards.<\/strong><\/p>\n<p style=\"text-align: justify;\">Quatre mois et demi apr\u00e8s notre ouverture, nous venons juste de retrouver un niveau d\u2019activit\u00e9 convenable, nous tentons avec difficult\u00e9 de reconstituer une tr\u00e9sorerie totalement \u00e9vapor\u00e9e par cette crise Covid-19 et nous voici d\u00e9j\u00e0 confront\u00e9s \u00e0 un risque majeur.<\/p>\n<p style=\"text-align: justify;\"><strong>Le Gouvernement doit faire preuve de coh\u00e9rence. La premi\u00e8re chose \u00e0 mettre en \u0153uvre, \u00e0 l\u2019\u00e9chelle du pays, c\u2019est la g\u00e9n\u00e9ralisation de la proc\u00e9dure impos\u00e9e aux seules discoth\u00e8ques.<\/strong><\/p>\n<p style=\"text-align: justify;\">Une fois cette pr\u00e9vention mise en place nous pourrons alors \u00e9ventuellement refaire un point de situation.<\/p>\n<p style=\"text-align: justify;\"><strong>Voici, cher.e.s ami.e.s, tr\u00e8s exactement le contenu de ce que nous avons formul\u00e9 \u00e0 Bercy hier soir, mercredi 24 novembre 2021. <\/strong><\/p>\n<p>\u00c0 tr\u00e8s vite,<\/p>\n<p style=\"text-align: center;\">Christian JOUNY \u00a0\u00a0\u00a0\u00a0\u00a0\u00a0\u00a0\u00a0\u00a0\u00a0\u00a0\u00a0\u00a0\u00a0\u00a0\u00a0\u00a0\u00a0\u00a0\u00a0\u00a0\u00a0\u00a0\u00a0\u00a0\u00a0\u00a0\u00a0\u00a0\u00a0\u00a0\u00a0\u00a0\u00a0\u00a0\u00a0\u00a0\u00a0\u00a0\u00a0\u00a0\u00a0\u00a0\u00a0\u00a0\u00a0\u00a0\u00a0\u00a0\u00a0\u00a0\u00a0\u00a0\u00a0\u00a0\u00a0\u00a0\u00a0\u00a0\u00a0\u00a0\u00a0\u00a0\u00a0\u00a0\u00a0\u00a0\u00a0\u00a0\u00a0\u00a0\u00a0\u00a0\u00a0\u00a0\u00a0\u00a0\u00a0\u00a0\u00a0\u00a0\u00a0\u00a0\u00a0\u00a0\u00a0\u00a0\u00a0\u00a0\u00a0 \u00a0\u00a0\u00a0Patrick MALVA\u00cbS<\/p>\n","protected":false},"excerpt":{"rendered":"<p>HIER SOIR \u00c0 20h00 NOUS AVIONS UN CALL AVEC BERCY Cher.e.s ami.e.s, chers.e.s exploitant.e.s Tout d\u2019abord, ce compte rendu date de hier soir mais est mis en ligne \u00e0 l\u2019issue de l\u2019intervention publique d\u2019Olivier&#8230;<\/p>\n","protected":false},"author":1,"featured_media":0,"comment_status":"closed","ping_status":"closed","sticky":false,"template":"","format":"standard","meta":{"_mi_skip_tracking":false,"_monsterinsights_sitenote_active":false,"_monsterinsights_sitenote_note":"","_monsterinsights_sitenote_category":0},"categories":[1],"tags":[],"_links":{"self":[{"href":"https:\/\/sndll.info\/index.php?rest_route=\/wp\/v2\/posts\/5532"}],"collection":[{"href":"https:\/\/sndll.info\/index.php?rest_route=\/wp\/v2\/posts"}],"about":[{"href":"https:\/\/sndll.info\/index.php?rest_route=\/wp\/v2\/types\/post"}],"author":[{"embeddable":true,"href":"https:\/\/sndll.info\/index.php?rest_route=\/wp\/v2\/users\/1"}],"replies":[{"embeddable":true,"href":"https:\/\/sndll.info\/index.php?rest_route=%2Fwp%2Fv2%2Fcomments&post=5532"}],"version-history":[{"count":4,"href":"https:\/\/sndll.info\/index.php?rest_route=\/wp\/v2\/posts\/5532\/revisions"}],"predecessor-version":[{"id":5613,"href":"https:\/\/sndll.info\/index.php?rest_route=\/wp\/v2\/posts\/5532\/revisions\/5613"}],"wp:attachment":[{"href":"https:\/\/sndll.info\/index.php?rest_route=%2Fwp%2Fv2%2Fmedia&parent=5532"}],"wp:term":[{"taxonomy":"category","embeddable":true,"href":"https:\/\/sndll.info\/index.php?rest_route=%2Fwp%2Fv2%2Fcategories&post=5532"},{"taxonomy":"post_tag","embeddable":true,"href":"https:\/\/sndll.info\/index.php?rest_route=%2Fwp%2Fv2%2Ftags&post=5532"}],"curies":[{"name":"wp","href":"https:\/\/api.w.org\/{rel}","templated":true}]}}