{"id":5538,"date":"2021-11-25T14:00:40","date_gmt":"2021-11-25T13:00:40","guid":{"rendered":"http:\/\/pjcrpry.cluster031.hosting.ovh.net\/?p=5538"},"modified":"2021-11-25T14:14:32","modified_gmt":"2021-11-25T13:14:32","slug":"olivier-verran-vient-de-sexprimer-2","status":"publish","type":"post","link":"https:\/\/sndll.info\/?p=5538","title":{"rendered":"OLIVIER VERRAN VIENT DE S\u2019EXPRIMER"},"content":{"rendered":"<h1 style=\"text-align: center;\"><strong>OLIVIER VERRAN VIENT DE S\u2019EXPRIMER<\/strong><\/h1>\n<p>&nbsp;<\/p>\n<p>Cher.e.s ami.e.s, chers.e.s exploitant.e.s<\/p>\n<p>&nbsp;<\/p>\n<p>Le Ministre de la Sant\u00e9 vient d\u2019annoncer le port du masque dans tous les ERP. Depuis hier soir, nos efforts collectifs n\u2019ont pas permis de faire avancer les choses comme nous l\u2019aurions souhait\u00e9 et disons-le clairement, <strong>cette d\u00e9cision est totalement incoh\u00e9rente<\/strong> et ce pour deux raisons\u00a0:<\/p>\n<p>&nbsp;<\/p>\n<ol>\n<li>Le Gouvernement impose aux discoth\u00e8ques un dispositif drastique et dans le m\u00eame temps il accorde aux autres ERP la dispense de contr\u00f4le d\u2019identit\u00e9. Le milieu associatif est lui aussi exon\u00e9r\u00e9 de ces obligations. <strong>Le Gouvernement ferme donc d\u00e9lib\u00e9r\u00e9ment les yeux sur les risques sanitaires de ces lieux. <\/strong><\/li>\n<\/ol>\n<p>&nbsp;<\/p>\n<ol start=\"2\">\n<li>Le Gouvernement refuse l\u2019id\u00e9e de g\u00e9n\u00e9raliser le syst\u00e8me anti-fraude aux faux passes sanitaire, impos\u00e9 aux discoth\u00e8ques et exige le port du masque sans distinction de lieu.<\/li>\n<\/ol>\n<p>&nbsp;<\/p>\n<p><strong>Cette approche singuli\u00e8re est particuli\u00e8rement choquante et l\u2019incoh\u00e9rence de la mesure est av\u00e9r\u00e9e.<\/strong><\/p>\n<p>&nbsp;<\/p>\n<p>Chacun d\u2019entre nous a constat\u00e9 des d\u00e9rives dans de nombreux endroits. Face \u00e0 cet \u00e9tat de fait, le Gouvernement simplifie, g\u00e9n\u00e9ralise sans se poser la question de la pertinence ou pas de la mesure notamment dans des lieux comme les n\u00f4tres o\u00f9 le port du masque va g\u00e9n\u00e9rer des cons\u00e9quences \u00e9conomiques dramatiques. <strong>Rappelons que 90% de notre client\u00e8le est vaccin\u00e9e et 100% d\u2019entre elle a un vrai passe sanitaire\u00a0et pr\u00e9sente sa pi\u00e8ce d\u2019identit\u00e9 !<\/strong><\/p>\n<p>&nbsp;<\/p>\n<p>D\u00e9cid\u00e9ment, les p\u00e9riodes se suivent et se ressemblent. Certes nous ne sommes pas ferm\u00e9s, mais le r\u00e9sultat pourrait s\u2019av\u00e9rer \u00eatre encore plus grave en l\u2019absence de prise en compte de notre situation \u00e9conomique qui in\u00e9vitablement va se d\u00e9grader rapidement. <strong>Certains d\u2019entre nous s\u2019interrogeront sur la volont\u00e9 r\u00e9elle du Gouvernement \u00e0 l\u2019\u00e9gard des lieux de f\u00eate et de convivialit\u00e9\u00a0; Nous consid\u00e9rons que la question m\u00e9rite d\u2019\u00eatre pos\u00e9e.<\/strong><\/p>\n<p>&nbsp;<\/p>\n<ul>\n<li>Comment ne pas tirer les le\u00e7ons du pass\u00e9\u00a0r\u00e9cent ? C\u2019est incompr\u00e9hensible.<\/li>\n<\/ul>\n<p>&nbsp;<\/p>\n<ul>\n<li>Pourquoi faire semblant d\u2019ignorer que la jeunesse ne cessera pas de faire la f\u00eate mais se rendra dans des lieux o\u00f9 aucune contrainte ne leur sera impos\u00e9e.<\/li>\n<\/ul>\n<p>&nbsp;<\/p>\n<ul>\n<li><strong>Comment laisser les fraudes se multiplier dans les lieux sans v\u00e9ritable contr\u00f4le\u00a0?<\/strong><\/li>\n<\/ul>\n<p>&nbsp;<\/p>\n<p>La gestion politique d\u2019une situation certes complexe a toujours beaucoup de mal \u00e0 \u00e9voluer avec le temps.<\/p>\n<p>Le bon sens devrait s\u2019imposer, mais force est de constater que ce n\u2019est pas aussi simple.<\/p>\n<p>Pourtant la jeunesse a toujours eu besoin de lieux festifs s\u00e9curis\u00e9s pour faire la f\u00eate\u00a0; La discoth\u00e8que est donc par nature un \u00e9l\u00e9ment central des besoins des jeunes g\u00e9n\u00e9rations. <strong>Le gouvernement devrait donc comme il le fait pour d\u2019autres, soutenir nos actions en mati\u00e8re de pr\u00e9vention des risques et encourager nos efforts de tous ordres.<\/strong><\/p>\n<p>&nbsp;<\/p>\n<p>Lorsqu\u2019il s\u2019agit d\u2019une profession \u00e0 laquelle on tient, on prend les mesures appropri\u00e9es\u00a0: on lui assure l\u2019acc\u00e8s aux financements, on tient compte de ses sp\u00e9cificit\u00e9s. Si l\u2019on consid\u00e8re qu\u2019elle est strat\u00e9gique, on met en place une concertation avec les pouvoirs publics pour faciliter le traitement des sujets r\u00e9currents. <strong>Nous en sommes bien loin\u00a0et c\u2019est regrettable.\u00a0<\/strong><\/p>\n<p>&nbsp;<\/p>\n<p>Dans quelques ann\u00e9es, les m\u00eames qui refusent de se poser les bonnes questions s\u2019\u00e9tonneront de ce que sera devenue cette profession, mais il sera trop tard.<\/p>\n<p>&nbsp;<\/p>\n<p>&nbsp;<\/p>\n<p>&nbsp;<\/p>\n<p><strong>D\u2019ores et d\u00e9j\u00e0 nous sollicitons l\u2019ouverture d\u2019une n\u00e9gociation sur les cons\u00e9quences \u00e9conomiques de cette d\u00e9cision pour les discoth\u00e8ques.<\/strong><\/p>\n<p>&nbsp;<\/p>\n<p><strong>D\u00e8s la parution du d\u00e9cret nous le mettrons en ligne sur le site<\/strong><\/p>\n<p><strong>\u00a0<\/strong><\/p>\n<p>A tr\u00e8s bient\u00f4t<\/p>\n<p>&nbsp;<\/p>\n<p>&nbsp;<\/p>\n<p style=\"text-align: center;\"><strong>Christian JOUNY\u00a0\u00a0\u00a0\u00a0\u00a0\u00a0\u00a0\u00a0\u00a0\u00a0\u00a0\u00a0\u00a0\u00a0\u00a0\u00a0\u00a0\u00a0\u00a0\u00a0\u00a0\u00a0\u00a0\u00a0\u00a0\u00a0\u00a0\u00a0\u00a0\u00a0\u00a0\u00a0\u00a0\u00a0\u00a0\u00a0\u00a0\u00a0\u00a0\u00a0\u00a0\u00a0\u00a0\u00a0\u00a0\u00a0\u00a0\u00a0\u00a0\u00a0\u00a0\u00a0\u00a0\u00a0\u00a0\u00a0\u00a0\u00a0\u00a0\u00a0\u00a0\u00a0\u00a0\u00a0\u00a0\u00a0\u00a0 \u00a0\u00a0\u00a0\u00a0\u00a0\u00a0\u00a0\u00a0\u00a0\u00a0\u00a0\u00a0\u00a0\u00a0\u00a0\u00a0\u00a0\u00a0\u00a0\u00a0\u00a0\u00a0\u00a0\u00a0\u00a0\u00a0\u00a0\u00a0\u00a0\u00a0\u00a0\u00a0\u00a0\u00a0 Patrick MALVA\u00cbS<\/strong><\/p>\n<p>&nbsp;<\/p>\n<p>&nbsp;<\/p>\n","protected":false},"excerpt":{"rendered":"<p>OLIVIER VERRAN VIENT DE S\u2019EXPRIMER &nbsp; Cher.e.s ami.e.s, chers.e.s exploitant.e.s &nbsp; Le Ministre de la Sant\u00e9 vient d\u2019annoncer le port du masque dans tous les ERP. Depuis hier soir, nos efforts collectifs n\u2019ont pas&#8230;<\/p>\n","protected":false},"author":1,"featured_media":0,"comment_status":"closed","ping_status":"closed","sticky":false,"template":"","format":"standard","meta":{"_mi_skip_tracking":false,"_monsterinsights_sitenote_active":false,"_monsterinsights_sitenote_note":"","_monsterinsights_sitenote_category":0},"categories":[1],"tags":[],"_links":{"self":[{"href":"https:\/\/sndll.info\/index.php?rest_route=\/wp\/v2\/posts\/5538"}],"collection":[{"href":"https:\/\/sndll.info\/index.php?rest_route=\/wp\/v2\/posts"}],"about":[{"href":"https:\/\/sndll.info\/index.php?rest_route=\/wp\/v2\/types\/post"}],"author":[{"embeddable":true,"href":"https:\/\/sndll.info\/index.php?rest_route=\/wp\/v2\/users\/1"}],"replies":[{"embeddable":true,"href":"https:\/\/sndll.info\/index.php?rest_route=%2Fwp%2Fv2%2Fcomments&post=5538"}],"version-history":[{"count":1,"href":"https:\/\/sndll.info\/index.php?rest_route=\/wp\/v2\/posts\/5538\/revisions"}],"predecessor-version":[{"id":5539,"href":"https:\/\/sndll.info\/index.php?rest_route=\/wp\/v2\/posts\/5538\/revisions\/5539"}],"wp:attachment":[{"href":"https:\/\/sndll.info\/index.php?rest_route=%2Fwp%2Fv2%2Fmedia&parent=5538"}],"wp:term":[{"taxonomy":"category","embeddable":true,"href":"https:\/\/sndll.info\/index.php?rest_route=%2Fwp%2Fv2%2Fcategories&post=5538"},{"taxonomy":"post_tag","embeddable":true,"href":"https:\/\/sndll.info\/index.php?rest_route=%2Fwp%2Fv2%2Ftags&post=5538"}],"curies":[{"name":"wp","href":"https:\/\/api.w.org\/{rel}","templated":true}]}}