{"id":5540,"date":"2021-11-26T10:00:31","date_gmt":"2021-11-26T09:00:31","guid":{"rendered":"http:\/\/pjcrpry.cluster031.hosting.ovh.net\/?p=5540"},"modified":"2021-11-26T11:54:22","modified_gmt":"2021-11-26T10:54:22","slug":"ce-matin-pas-de-decret-sur-le-port-du-masque-en-erp","status":"publish","type":"post","link":"https:\/\/sndll.info\/?p=5540","title":{"rendered":"CE MATIN : PAS DE DECRET SUR LE PORT DU MASQUE EN ERP"},"content":{"rendered":"<h1 style=\"text-align: center;\"><strong>CE MATIN : PAS DE DECRET\u00a0<\/strong><strong>SUr LE PORT DU MASQUE EN ERP <\/strong><\/h1>\n<p><strong>\u00a0<\/strong><\/p>\n<p>&nbsp;<\/p>\n<p>Le d\u00e9cret du 25 novembre paru au journal officiel ce matin ne concerne pas le port du masque en ERP.<\/p>\n<p>Pour info, voici le lien\u00a0: <a href=\"https:\/\/www.legifrance.gouv.fr\/jorf\/id\/JORFTEXT000044368194?fbclid=IwAR2TGJbvZAt5E4DT8nTPdKPTkNJwcG4nZ4CGjhI4yRrJ3VP9MS7H9Vz5tto\">https:\/\/www.legifrance.gouv.fr\/jorf\/id\/JORFTEXT000044368194?fbclid=IwAR2TGJbvZAt5E4DT8nTPdKPTkNJwcG4nZ4CGjhI4yRrJ3VP9MS7H9Vz5tto<\/a><\/p>\n<p>&nbsp;<\/p>\n<p><strong>Vous l\u2019imaginez bien, nous sommes totalement mobilis\u00e9s pour tenter de convaincre jusqu\u2019\u00e0 la derni\u00e8re minute que le port du masque en discoth\u00e8que n\u2019est pas possible \u00e9conomiquement et d\u00e9cr\u00e9dibiliserait d&#8217;autant plus le protocole sanitaire impos\u00e9 par l\u2019\u00c9tat que nous appliquons avec une rigueur exemplaire depuis le 9 juillet dernier.<\/strong><\/p>\n<p><strong>\u00a0<\/strong><\/p>\n<p><strong>Rien n\u2019est simple et pour personne dans ce contexte de reprise de cette pand\u00e9mie. <\/strong><\/p>\n<p><strong>\u00a0<\/strong><\/p>\n<p>Certains de nos interlocuteurs savent combien il serait difficile de faire face \u00e0 cette mesure compl\u00e9mentaire sans remettre en cause l\u2019\u00e9quilibre \u00e9conomique tr\u00e8s fragile de nos lieux d\u00e9j\u00e0 tr\u00e8s s\u00e9v\u00e8rement touch\u00e9s par cette fermeture de 16 mois cons\u00e9cutifs.<strong>\u00a0<\/strong><\/p>\n<p><strong>\u00a0<\/strong><\/p>\n<p><strong>Les exploitants de discoth\u00e8ques n\u2019ont jamais ni\u00e9 la r\u00e9alit\u00e9 sanitaire, bien au contraire. Nous avons inaugur\u00e9 le passe sanitaire associ\u00e9 au contr\u00f4le de l\u2019identit\u00e9, la r\u00e9duction de jauge : nous avons travaill\u00e9 avec ces contraintes, \u00a0mais le port du masque dans nos lieux, n\u2019est pas une mesure de m\u00eame nature. <\/strong><\/p>\n<p><strong>\u00a0<\/strong><\/p>\n<p><strong>Rappelons-le encore, 100% de la client\u00e8le qui p\u00e9n\u00e8tre dans nos lieux d\u00e9tient un VRAI passe sanitaire, avec un justificatif d\u2019identit\u00e9 contr\u00f4l\u00e9 par nos soins.<\/strong><strong>\u00a0<\/strong><\/p>\n<p><strong>\u00a0<\/strong><\/p>\n<p>Nous ne manquerons pas de vous tenir inform\u00e9s.<\/p>\n<p>&nbsp;<\/p>\n<p>A tr\u00e8s vite<\/p>\n<p><strong>\u00a0<\/strong><\/p>\n<p>&nbsp;<\/p>\n<p style=\"text-align: center;\"><strong>Christian JOUNY\u00a0\u00a0\u00a0\u00a0\u00a0\u00a0\u00a0\u00a0\u00a0\u00a0\u00a0\u00a0\u00a0\u00a0\u00a0\u00a0\u00a0\u00a0\u00a0\u00a0\u00a0\u00a0\u00a0\u00a0\u00a0\u00a0\u00a0\u00a0\u00a0\u00a0\u00a0\u00a0\u00a0\u00a0\u00a0\u00a0\u00a0\u00a0\u00a0\u00a0\u00a0\u00a0\u00a0\u00a0\u00a0\u00a0\u00a0\u00a0\u00a0\u00a0\u00a0\u00a0\u00a0\u00a0\u00a0\u00a0\u00a0\u00a0\u00a0\u00a0\u00a0\u00a0\u00a0\u00a0\u00a0\u00a0\u00a0\u00a0\u00a0\u00a0\u00a0\u00a0\u00a0\u00a0\u00a0\u00a0\u00a0\u00a0\u00a0\u00a0\u00a0\u00a0\u00a0\u00a0\u00a0\u00a0\u00a0\u00a0\u00a0\u00a0 Patrick MALVA\u00cbS<\/strong><\/p>\n<p><strong>\u00a0<\/strong><\/p>\n","protected":false},"excerpt":{"rendered":"<p>CE MATIN : PAS DE DECRET\u00a0SUr LE PORT DU MASQUE EN ERP \u00a0 &nbsp; Le d\u00e9cret du 25 novembre paru au journal officiel ce matin ne concerne pas le port du masque en ERP&#8230;.<\/p>\n","protected":false},"author":1,"featured_media":0,"comment_status":"closed","ping_status":"closed","sticky":false,"template":"","format":"standard","meta":{"_mi_skip_tracking":false,"_monsterinsights_sitenote_active":false,"_monsterinsights_sitenote_note":"","_monsterinsights_sitenote_category":0},"categories":[1],"tags":[],"_links":{"self":[{"href":"https:\/\/sndll.info\/index.php?rest_route=\/wp\/v2\/posts\/5540"}],"collection":[{"href":"https:\/\/sndll.info\/index.php?rest_route=\/wp\/v2\/posts"}],"about":[{"href":"https:\/\/sndll.info\/index.php?rest_route=\/wp\/v2\/types\/post"}],"author":[{"embeddable":true,"href":"https:\/\/sndll.info\/index.php?rest_route=\/wp\/v2\/users\/1"}],"replies":[{"embeddable":true,"href":"https:\/\/sndll.info\/index.php?rest_route=%2Fwp%2Fv2%2Fcomments&post=5540"}],"version-history":[{"count":3,"href":"https:\/\/sndll.info\/index.php?rest_route=\/wp\/v2\/posts\/5540\/revisions"}],"predecessor-version":[{"id":5543,"href":"https:\/\/sndll.info\/index.php?rest_route=\/wp\/v2\/posts\/5540\/revisions\/5543"}],"wp:attachment":[{"href":"https:\/\/sndll.info\/index.php?rest_route=%2Fwp%2Fv2%2Fmedia&parent=5540"}],"wp:term":[{"taxonomy":"category","embeddable":true,"href":"https:\/\/sndll.info\/index.php?rest_route=%2Fwp%2Fv2%2Fcategories&post=5540"},{"taxonomy":"post_tag","embeddable":true,"href":"https:\/\/sndll.info\/index.php?rest_route=%2Fwp%2Fv2%2Ftags&post=5540"}],"curies":[{"name":"wp","href":"https:\/\/api.w.org\/{rel}","templated":true}]}}