{"id":5547,"date":"2021-11-26T19:00:03","date_gmt":"2021-11-26T18:00:03","guid":{"rendered":"http:\/\/pjcrpry.cluster031.hosting.ovh.net\/?p=5547"},"modified":"2021-11-30T19:44:43","modified_gmt":"2021-11-30T18:44:43","slug":"derniere-minute-derniere-minute-derniere-minute","status":"publish","type":"post","link":"https:\/\/sndll.info\/?p=5547","title":{"rendered":"DERNI\u00c8RE MINUTE \/ MASQUE OBLIGATOIRE \/ DERNI\u00c8RE MINUTE"},"content":{"rendered":"<h2 style=\"text-align: center;\">DERNI\u00c8RE MINUTE<\/h2>\n<h2 style=\"text-align: center;\">ERREUR D\u2019INTERPR\u00c9TATION<\/h2>\n<h2 style=\"text-align: center;\">Vendredi 26 Novembre 19h00<\/h2>\n<p>&nbsp;<\/p>\n<p>&nbsp;<\/p>\n<p>Chers.e.s exploitant.e.s, cher.e.s ami.e.s,<\/p>\n<p>&nbsp;<\/p>\n<p>La cacophonie g\u00e9n\u00e9rale qui r\u00e8gne depuis hier apr\u00e8s-midi sur le renforcement des mesures et plus particuli\u00e8rement sur le port du masque en ERP nous a conduit \u00e0 commettre une erreur d\u2019interpr\u00e9tation.<\/p>\n<p>&nbsp;<\/p>\n<p>En effet, le d\u00e9cret de ce jour a pour objet de modifier le d\u00e9cret du 1<sup>er<\/sup> juin. En \u00e9changeant entre nous et en relisant le d\u00e9cret paru au journal officiel de ce matin, nous avons relev\u00e9 la disparition de la r\u00e9daction du paragraphe V de l\u2019article 47-1 qui lui exon\u00e9rait le port du masque pour ceux qui pr\u00e9sentaient un passe sanitaire\u00a0!<\/p>\n<p>Pourquoi faire simple lorsqu\u2019on peut faire compliqu\u00e9.<\/p>\n<p>Le Minist\u00e8re lui-m\u00eame le reconnait et nous a \u00e9crit ce qui suit ::<\/p>\n<p><span style=\"color: #3366ff;\"><em>&#8220;<\/em><\/span><\/p>\n<p><span style=\"color: #3366ff;\"><em>Le d\u00e9cret traduisant les annonces sur le port des masques a bien \u00e9t\u00e9 publi\u00e9 ce matin (c\u2019est le d\u00e9cret que vous avez identifi\u00e9). Toutefois, comme il s\u2019agit d\u2019une suppression du d\u00e9cret initial de la mention sur la d\u00e9rogation du port de masque dans les \u00e9tablissements soumis au passe sanitaire, du coup cette \u00e9volution ne para\u00eet pas claire dans le d\u00e9cret modificatif publi\u00e9 ce matin. Le d\u00e9cret consolid\u00e9 est mis a jour g\u00e9n\u00e9ralement 1-2 j apr\u00e8s la publication du d\u00e9cret, et sera plus simple pour la compr\u00e9hension probablement.<\/em><\/span><\/p>\n<p><span style=\"color: #3366ff;\"><em>Bien \u00e0 vous,<\/em><\/span><\/p>\n<p><span style=\"color: #3366ff;\"><em><strong>Arpin\u00e9 GZRYAN<\/strong><\/em><\/span><\/p>\n<p><span style=\"color: #3366ff;\"><em>Conseill\u00e8re environnement r\u00e9glementaire, cr\u00e9ation, d\u00e9veloppement et transmission d\u2019entreprises<\/em><\/span><\/p>\n<p><span style=\"color: #3366ff;\"><em>Alain GRISET, ministre d\u00e9l\u00e9gu\u00e9 aux petites et moyennes entreprises<\/em><\/span><\/p>\n<p><span style=\"color: #3366ff;\"><em>Minist\u00e8re de l\u2019Economie, des Finances et de la Relance\u00a0 &#8220;<\/em><\/span><\/p>\n<p>&nbsp;<\/p>\n<p>Bref, cette affaire reste pleine et enti\u00e8re pour nous et nous persistons \u00e0 consid\u00e9rer que ce port du masque est \u00e0 la fois particuli\u00e8rement difficile \u00e0 appliquer et impossible \u00e0 faire respecter.<\/p>\n<p>&nbsp;<\/p>\n<p>A compter de ce soir, vendredi 26 novembre 2021 : <strong><u>le port du masque est donc bien obligatoire.<\/u><\/strong><\/p>\n<p>&nbsp;<\/p>\n<p>Anim\u00e9 d\u2019une volont\u00e9 d\u2019\u00eatre efficaces et le plus rapide possible nous nous excusons sinc\u00e8rement de cette erreur d\u2019interpr\u00e9tation initiale.<\/p>\n<p><strong>Nous reviendrons vers vous d\u00e8s que nous aurons des informations compl\u00e9mentaires.<\/strong><\/p>\n<p>&nbsp;<\/p>\n<p>\u00c0 tr\u00e8s vite<\/p>\n<p>&nbsp;<\/p>\n<p>Vous pouvez compter sur notre d\u00e9termination.<\/p>\n<p>&nbsp;<\/p>\n<p>&nbsp;<\/p>\n<p style=\"text-align: center;\">Christian JOUNY\u00a0 \u00a0\u00a0\u00a0\u00a0\u00a0\u00a0 \u00a0\u00a0\u00a0\u00a0 \u00a0\u00a0\u00a0\u00a0\u00a0\u00a0\u00a0\u00a0\u00a0\u00a0\u00a0\u00a0\u00a0\u00a0\u00a0\u00a0 \u00a0\u00a0\u00a0\u00a0\u00a0Patrick MALVA\u00cbS<\/p>\n","protected":false},"excerpt":{"rendered":"<p>DERNI\u00c8RE MINUTE ERREUR D\u2019INTERPR\u00c9TATION Vendredi 26 Novembre 19h00 &nbsp; &nbsp; Chers.e.s exploitant.e.s, cher.e.s ami.e.s, &nbsp; La cacophonie g\u00e9n\u00e9rale qui r\u00e8gne depuis hier apr\u00e8s-midi sur le renforcement des mesures et plus particuli\u00e8rement sur le port&#8230;<\/p>\n","protected":false},"author":1,"featured_media":0,"comment_status":"closed","ping_status":"closed","sticky":false,"template":"","format":"standard","meta":{"_mi_skip_tracking":false,"_monsterinsights_sitenote_active":false,"_monsterinsights_sitenote_note":"","_monsterinsights_sitenote_category":0},"categories":[1],"tags":[],"_links":{"self":[{"href":"https:\/\/sndll.info\/index.php?rest_route=\/wp\/v2\/posts\/5547"}],"collection":[{"href":"https:\/\/sndll.info\/index.php?rest_route=\/wp\/v2\/posts"}],"about":[{"href":"https:\/\/sndll.info\/index.php?rest_route=\/wp\/v2\/types\/post"}],"author":[{"embeddable":true,"href":"https:\/\/sndll.info\/index.php?rest_route=\/wp\/v2\/users\/1"}],"replies":[{"embeddable":true,"href":"https:\/\/sndll.info\/index.php?rest_route=%2Fwp%2Fv2%2Fcomments&post=5547"}],"version-history":[{"count":4,"href":"https:\/\/sndll.info\/index.php?rest_route=\/wp\/v2\/posts\/5547\/revisions"}],"predecessor-version":[{"id":5555,"href":"https:\/\/sndll.info\/index.php?rest_route=\/wp\/v2\/posts\/5547\/revisions\/5555"}],"wp:attachment":[{"href":"https:\/\/sndll.info\/index.php?rest_route=%2Fwp%2Fv2%2Fmedia&parent=5547"}],"wp:term":[{"taxonomy":"category","embeddable":true,"href":"https:\/\/sndll.info\/index.php?rest_route=%2Fwp%2Fv2%2Fcategories&post=5547"},{"taxonomy":"post_tag","embeddable":true,"href":"https:\/\/sndll.info\/index.php?rest_route=%2Fwp%2Fv2%2Ftags&post=5547"}],"curies":[{"name":"wp","href":"https:\/\/api.w.org\/{rel}","templated":true}]}}