{"id":5556,"date":"2021-12-02T15:08:04","date_gmt":"2021-12-02T14:08:04","guid":{"rendered":"http:\/\/pjcrpry.cluster031.hosting.ovh.net\/?p=5556"},"modified":"2021-12-02T15:08:04","modified_gmt":"2021-12-02T14:08:04","slug":"protocole-sanitaire-applicable-aux-salaries","status":"publish","type":"post","link":"https:\/\/sndll.info\/?p=5556","title":{"rendered":"PROTOCOLE SANITAIRE APPLICABLE AUX SALARIES"},"content":{"rendered":"<div class=\"main-article__titraille title-h6\">\n<h1>Taper sur TELECHARGEMENT<\/h1>\n<h1><a class=\"doc-joint__link pdf blank spip_doc\" title=\"T\u00e9l\u00e9chargement\t(1.3\u00a0Mo) (nouvelle fen\u00eatre)\" href=\"https:\/\/travail-emploi.gouv.fr\/IMG\/pdf\/protocole-nationale-sante-securite-en-entreprise.pdf\" target=\"_blank\" rel=\"blank noopener noreferrer\" type=\"application\/pdf\"><span class=\"doc-joint__libelle-lien\">T\u00e9l\u00e9chargement<\/span>\u00a0<span class=\"doc-joint__taille\">(1.3\u00a0Mo)\u00a0\u00a0<\/span><\/a><\/h1>\n<h1 class=\"main-article__titre crayon article-titre-377873 \">Protocole national pour assurer la sant\u00e9 et la s\u00e9curit\u00e9 des salari\u00e9s en entreprise face \u00e0 l\u2019\u00e9pid\u00e9mie de COVID-19<\/h1>\n<div class=\"main-article__horodatage\"><span class=\"main-article__date date--publication\"><span class=\"date__label\">publi\u00e9 le<\/span>29.06.21<\/span>\u00a0<span class=\"main-article__date date--maj\"><span class=\"date__label\">mise \u00e0 jour<\/span>29.11.21<\/span><\/div>\n<\/div>\n<div class=\"main-article__tags tags--encart\"><span class=\"main-article__tag tag--encart\"><a href=\"https:\/\/travail-emploi.gouv.fr\/mot\/conditions-de-travail\">Conditions de travail<\/a><\/span><span class=\"main-article__tag tag--encart\"><a href=\"https:\/\/travail-emploi.gouv.fr\/mot\/organisation-du-travail\">Organisation du travail <\/a><\/span><span class=\"main-article__tag tag--encart\"><a href=\"https:\/\/travail-emploi.gouv.fr\/mot\/sante-au-travail-1049\">Sant\u00e9 au travail <\/a><\/span><span class=\"main-article__tag tag--encart\"><a href=\"https:\/\/travail-emploi.gouv.fr\/mot\/teletravail\">T\u00e9l\u00e9travail<\/a><\/span><\/div>\n<div class=\"main-article__outils barre-outils\">\n<p>&nbsp;<\/p>\n<\/div>\n<div class=\"main-article__chapo texte--editorial crayon article-chapo-377873 \">\n<p>Le protocole national pour assurer la sant\u00e9 et la s\u00e9curit\u00e9 des salari\u00e9s en entreprise face \u00e0 l\u2019\u00e9pid\u00e9mie de Covid-19 a \u00e9t\u00e9\u00a0<strong>actualis\u00e9 le 29 novembre 2021\u00a0<\/strong>pour prendre en compte l\u2019\u00e9volution de la situation sanitaire.<\/p>\n<\/div>\n<div class=\"main-article__texte texte--editorial crayon article-texte-377873 \">\n<p><a name=\"protocole\"><\/a><\/p>\n<h3 id=\"Le-protocole\" class=\"spip\">Le protocole<\/h3>\n<p><strong>DERNI\u00c8RE MISE \u00c0 JOUR\u00a0: le 29 novembre 2021<\/strong><\/p>\n<hr class=\"spip\" \/>\n<div class=\"doc-joint doc-joint--24 crayon document-titre-436219 \"><span class=\"doc-joint__extension doc-joint__icone\">PDF <\/span><span class=\"doc-joint__titre\">Protocole national pour assurer la sant\u00e9 et la s\u00e9curit\u00e9 des salari\u00e9s en\u00a0(&#8230;)<\/span>\u00a0<a class=\"doc-joint__link pdf blank spip_doc\" title=\"T\u00e9l\u00e9chargement\t(1.3\u00a0Mo) (nouvelle fen\u00eatre)\" href=\"https:\/\/travail-emploi.gouv.fr\/IMG\/pdf\/protocole-nationale-sante-securite-en-entreprise.pdf\" target=\"_blank\" rel=\"blank noopener noreferrer\" type=\"application\/pdf\"><span class=\"doc-joint__libelle-lien\">T\u00e9l\u00e9chargement<\/span>\u00a0<span class=\"doc-joint__taille\">(1.3\u00a0Mo)\u00a0\u00a0<\/span><\/a><\/div>\n<hr class=\"spip\" \/>\n<p>Le protocole national pour assurer la sant\u00e9 et la s\u00e9curit\u00e9 des salari\u00e9s en entreprise face \u00e0 l\u2019\u00e9pid\u00e9mie de la Covid-19 est un document de r\u00e9f\u00e9rence pour assurer la sant\u00e9 et la s\u00e9curit\u00e9 des salari\u00e9s et la poursuite de l\u2019activit\u00e9 \u00e9conomique.<br class=\"autobr\" \/>Il a \u00e9t\u00e9 mis \u00e0 jour le 29 novembre 2021 pour prendre en compte la reprise \u00e9pid\u00e9mique. Les principales \u00e9volutions portent sur le strict respect des gestes barri\u00e8res et du port du masque en int\u00e9rieur et l\u2019a\u00e9ration de locaux.<\/p>\n<hr class=\"spip\" \/>\n<h3 id=\"Pour-aller-plus-loin-et-accompagner-les-employeurs-et-les-salaries-nbsp\" class=\"spip\">Pour aller plus loin et accompagner les employeurs et les salari\u00e9s\u00a0:<\/h3>\n<p><img class=\"puce\" src=\"https:\/\/travail-emploi.gouv.fr\/plugins\/site\/themes\/mass_theme_travail\/v1\/puce.gif\" alt=\"-\" width=\"8\" height=\"11\" \/>\u00a0<a class=\"spip_in\" href=\"https:\/\/travail-emploi.gouv.fr\/le-ministere-en-action\/coronavirus-covid-19\/protection-des-travailleurs\/vaccination-pass-sanitaire-au-travail\">Fiche Vaccination et pass sanitaire au travail<\/a>\u00a0\u00e0 destination des employeurs et des salari\u00e9s\u00a0;<br \/>\n<img class=\"puce\" src=\"https:\/\/travail-emploi.gouv.fr\/plugins\/site\/themes\/mass_theme_travail\/v1\/puce.gif\" alt=\"-\" width=\"8\" height=\"11\" \/>\u00a0<a class=\"spip_in\" href=\"https:\/\/travail-emploi.gouv.fr\/le-ministere-en-action\/coronavirus-covid-19\/protection-des-travailleurs\/covid-19-conseils-et-bonnes-pratiques-au-travail\">Les guides Conseils de bonnes pratiques et fiches m\u00e9tiers<\/a>\u00a0\u00e0 destination des employeurs, des salari\u00e9s et de toute personne intervenant dans l\u2019entreprise\u00a0;<br \/>\n<img class=\"puce\" src=\"https:\/\/travail-emploi.gouv.fr\/plugins\/site\/themes\/mass_theme_travail\/v1\/puce.gif\" alt=\"-\" width=\"8\" height=\"11\" \/>\u00a0<a class=\"spip_in\" href=\"https:\/\/travail-emploi.gouv.fr\/le-ministere-en-action\/coronavirus-covid-19\/poursuite-de-l-activite-en-periode-de-covid-19\/article\/reprise-d-activite-en-presentiel-guides-pour-accompagner-les-employeurs\">Guides pour accompagner les employeurs\u00a0: Reprise d\u2019activit\u00e9 apr\u00e8s fermeture des entreprises<\/a>\u00a0r\u00e9alis\u00e9s avec l\u2019Agence nationale pour l\u2019am\u00e9lioration des conditions de travail (Anact)\u00a0;<br \/>\n<img class=\"puce\" src=\"https:\/\/travail-emploi.gouv.fr\/plugins\/site\/themes\/mass_theme_travail\/v1\/puce.gif\" alt=\"-\" width=\"8\" height=\"11\" \/>\u00a0Le Questions-R\u00e9ponses &#8220;<a class=\"spip_in\" href=\"https:\/\/travail-emploi.gouv.fr\/le-ministere-en-action\/coronavirus-covid-19\/questions-reponses-par-theme\/article\/mesures-de-prevention-dans-l-entreprise-contre-la-covid-19\">Mesures de pr\u00e9vention dans l\u2019entreprise contre la Covid-19<\/a>\u00a0;<br \/>\n<img class=\"puce\" src=\"https:\/\/travail-emploi.gouv.fr\/plugins\/site\/themes\/mass_theme_travail\/v1\/puce.gif\" alt=\"-\" width=\"8\" height=\"11\" \/>\u00a0Le Questions-r\u00e9ponses &#8220;<a class=\"spip_in\" href=\"https:\/\/travail-emploi.gouv.fr\/le-ministere-en-action\/coronavirus-covid-19\/protection-des-travailleurs\/vaccination-pass-sanitaire-au-travail\">Obligation de vaccination ou de d\u00e9tenir un pass sanitaire pour certaines professions<\/a>.<\/p>\n<\/div>\n","protected":false},"excerpt":{"rendered":"<p>Taper sur TELECHARGEMENT T\u00e9l\u00e9chargement\u00a0(1.3\u00a0Mo)\u00a0\u00a0 Protocole national pour assurer la sant\u00e9 et la s\u00e9curit\u00e9 des salari\u00e9s en entreprise face \u00e0 l\u2019\u00e9pid\u00e9mie de COVID-19 publi\u00e9 le29.06.21\u00a0mise \u00e0 jour29.11.21 Conditions de travailOrganisation du travail Sant\u00e9 au travail&#8230;<\/p>\n","protected":false},"author":2,"featured_media":0,"comment_status":"closed","ping_status":"closed","sticky":false,"template":"","format":"standard","meta":{"_mi_skip_tracking":false,"_monsterinsights_sitenote_active":false,"_monsterinsights_sitenote_note":"","_monsterinsights_sitenote_category":0},"categories":[1],"tags":[],"_links":{"self":[{"href":"https:\/\/sndll.info\/index.php?rest_route=\/wp\/v2\/posts\/5556"}],"collection":[{"href":"https:\/\/sndll.info\/index.php?rest_route=\/wp\/v2\/posts"}],"about":[{"href":"https:\/\/sndll.info\/index.php?rest_route=\/wp\/v2\/types\/post"}],"author":[{"embeddable":true,"href":"https:\/\/sndll.info\/index.php?rest_route=\/wp\/v2\/users\/2"}],"replies":[{"embeddable":true,"href":"https:\/\/sndll.info\/index.php?rest_route=%2Fwp%2Fv2%2Fcomments&post=5556"}],"version-history":[{"count":1,"href":"https:\/\/sndll.info\/index.php?rest_route=\/wp\/v2\/posts\/5556\/revisions"}],"predecessor-version":[{"id":5557,"href":"https:\/\/sndll.info\/index.php?rest_route=\/wp\/v2\/posts\/5556\/revisions\/5557"}],"wp:attachment":[{"href":"https:\/\/sndll.info\/index.php?rest_route=%2Fwp%2Fv2%2Fmedia&parent=5556"}],"wp:term":[{"taxonomy":"category","embeddable":true,"href":"https:\/\/sndll.info\/index.php?rest_route=%2Fwp%2Fv2%2Fcategories&post=5556"},{"taxonomy":"post_tag","embeddable":true,"href":"https:\/\/sndll.info\/index.php?rest_route=%2Fwp%2Fv2%2Ftags&post=5556"}],"curies":[{"name":"wp","href":"https:\/\/api.w.org\/{rel}","templated":true}]}}