{"id":5569,"date":"2021-12-03T19:19:27","date_gmt":"2021-12-03T18:19:27","guid":{"rendered":"http:\/\/pjcrpry.cluster031.hosting.ovh.net\/?p=5569"},"modified":"2021-12-03T19:19:27","modified_gmt":"2021-12-03T18:19:27","slug":"point-de-situation-et-rappel-aides-couts-fixes","status":"publish","type":"post","link":"https:\/\/sndll.info\/?p=5569","title":{"rendered":"POINT DE SITUATION ET RAPPEL AIDES &#8216;COUTS FIXES&#8221;"},"content":{"rendered":"<p>Chers amis, chers confr\u00e8res,<\/p>\n<p>Compte tenu des diverses mesures en ce domaine, compte tenu de la diversit\u00e9 des situations, il est opportun de refaire une synth\u00e8se sur la question des aides &#8220;couts fixes&#8221;. Rappel ci-apr\u00e8s.<\/p>\n<p>Faites une bonne utilisation mais, malheureusement,<strong><span style=\"color: #ff00ff;\"> le dispositif a r\u00e9tr\u00e9ci et n&#8217;est pas \u00e0 la hauteur de la nouvelle situation et des incertitudes qui se profilent.\u00a0<\/span><\/strong><\/p>\n<p>Je vous confirme ce soir que notre interpr\u00e9tation (article pr\u00e9c\u00e9dent) sur le port du masque est -malheureusement- la bonne: <strong><span style=\"color: #0000ff;\">masque obligatoire quoi qu&#8217;en disent des sites (y compris celui de Bercy) et certains TWITS.<\/span><\/strong><\/p>\n<p>Sur <strong><span style=\"color: #ff00ff;\">ce qui nous attend<\/span><\/strong> nous n&#8217;avons \u00e0 cette heure aucun indice ni direction (masque, retour aux jauges etc &#8230;). Le nouveau variant OMICRON et la tr\u00e8s rapide d\u00e9gradation r\u00e9cente de la pand\u00e9mie en FRANCE nous font redouter <strong><span style=\"color: #ff00ff;\">des mesures drastiques \u00e0 la hauteur des craintes. <\/span><\/strong><\/p>\n<p>Je m&#8217;inqui\u00e8te en particulier d&#8217;un\u00a0 <strong><span style=\"color: #0000ff;\">\u00e9ventuel couvre-feu !<\/span><\/strong> Nous avons d&#8217;ores et d\u00e9j\u00e0 fait valoir que cela signifierait pour nous une nouvelle fermeture. Cette &#8220;mont\u00e9e des p\u00e9rils&#8221; mobilise tous nos permanents mais A CETTE HEURE: aucun indice.<\/p>\n<p>Nous sommes vigilants. Cette sarabande sur les masques a d\u00e9j\u00e0 fait chuter les CA qui red\u00e9marraient entre 30 et 50 %. Nous avons d\u00e9j\u00e0 pos\u00e9 la question de nouvelles aides. Silence radio jusqu&#8217;alors&#8230; Nous sommes sur le front. Vous \u00eates inform\u00e9s en temps r\u00e9el sur ce site !<\/p>\n<p>Cordialement,<\/p>\n<p>Patrick MALVA\u00cbS<\/p>\n<p>&nbsp;<\/p>\n<p>&nbsp;<\/p>\n<div id=\"block-economie-page-title\" class=\"block block-core block-page-title-block\">\n<h1 class=\"page-title\"><span class=\"field field--name-title field--type-string field--label-hidden\">Prise en charge des co\u00fbts fixes des entreprises<\/span><\/h1>\n<\/div>\n<div id=\"block-economie-content\" class=\"block block-system block-system-main-block\">\n<article class=\"node node--type-article-espace node--view-mode-full\" role=\"article\" data-history-node-id=\"269842\">\n<div class=\"node__content\">\n<div class=\"clearfix text-formatted field field--name-field-chapo field--type-text-long field--label-hidden field__item\">\n<p>Une aide exceptionnelle pour la prise en charge des co\u00fbts fixes des entreprises est mise en place. Le dispositif est op\u00e9rationnel <strong>depuis le 31 mars 2021<\/strong>.<\/p>\n<\/div>\n<div class=\"field field--name-field-paragraphes field--type-entity-reference-revisions field--label-hidden field__items\">\n<div class=\"field__item\">\n<div class=\"paragraph paragraph--type--contenu-libre paragraph--view-mode--default\">\n<div class=\"clearfix text-formatted field field--name-field-contenu-libre field--type-text-long field--label-hidden field__item\">\n<div class=\"paragraph--type--bloc-bloc-de-texte-encadre- titre--like\">\n<p class=\"field--name-field-titre\"><span style=\"color: #0000ff;\"><strong>Fin du dispositif co\u00fbts fixes<\/strong><\/span><\/p>\n<div class=\"field--name-field-contenu-libre\">\n<p>Dans un contexte de reprise forte de l\u2019activit\u00e9 \u00e9conomique (pr\u00e9visions de croissance \u00e0 6,25 %), les ministres ont annonc\u00e9 que le dispositif \u00ab co\u00fbts fixes \u00bb n\u2019est pas renouvel\u00e9.<\/p>\n<p>Le<strong>\u00a0traitement des dossiers en cours pour le dispositif reste une priorit\u00e9<\/strong>. Tous les dossiers d\u2019un montant inf\u00e9rieur \u00e0 30 000 euros (environ 60% des dossiers) seront d\u00e9sormais trait\u00e9s de mani\u00e8re automatique pour acc\u00e9l\u00e9rer le versement de l\u2019aide.<\/p>\n<\/div>\n<\/div>\n<div class=\"paragraph--type--bloc-bloc-de-texte-encadre- titre--like\">\n<p class=\"field--name-field-titre\"><strong><span style=\"color: #0000ff;\">\u00a0Le dispositif co\u00fbts fixes en septembre et octobre 2021<\/span><\/strong><\/p>\n<div class=\"field--name-field-contenu-libre\">\n<p>Suite\u00a0<a href=\"https:\/\/www.economie.gouv.fr\/covid19-soutien-entreprises\/covid-19-aides-entreprises-evoluent-prochains-mois\">aux annonces gouvernementales<\/a>, le\u00a0<strong>dispositif de prise en charge des co\u00fbts fixes sera \u00e9tendu<sup>\u00a0<\/sup>en octobre<\/strong>\u00a02021. Celui-ci\u00a0<strong>concernera d\u00e9sormais toutes les entreprises des secteurs dont l\u2019activit\u00e9 reste p\u00e9nalis\u00e9e par les restrictions sanitaires<\/strong>\u00a0(secteurs S1 et S1bis). L&#8217;acc\u00e8s \u00e0 cette aide sera d\u00e9sormais possible pour toutes les entreprises, m\u00eame celles r\u00e9alisant moins d&#8217;un million d&#8217;euros de chiffre d&#8217;affaires (en attente de la publication d&#8217;un futur d\u00e9cret).<\/p>\n<p>Cette aide couvre :<\/p>\n<ul>\n<li>70 % des pertes d\u2019exploitation pour les entreprises de plus de 50 salari\u00e9s,<\/li>\n<li>90 % des pertes d\u2019exploitation pour les entreprises de moins de 50 salari\u00e9s, dans la limite du plafond de 10 millions d&#8217;euros.<\/li>\n<\/ul>\n<\/div>\n<\/div>\n<div class=\"paragraph--type--bloc-bloc-de-texte-encadre- titre--like\">\n<p class=\"field--name-field-titre\">Le dispositif loyers pour les entreprises n&#8217;ayant pas pu toucher l\u2019aide au titre du fonds de solidarit\u00e9 et\/ou le dispositif \u00ab co\u00fbts fixes \u00bb (octobre 2021)<\/p>\n<div class=\"field--name-field-contenu-libre\">\n<p>Un\u00a0<a href=\"https:\/\/www.economie.gouv.fr\/covid19-soutien-entreprises\/soutien-entreprises-dispositif-loyers#\">nouveau dispositif de soutien<\/a>\u00a0est destin\u00e9 aux\u00a0<strong>commerces de d\u00e9tails et de services qui ont \u00e9t\u00e9 ferm\u00e9s entre f\u00e9vrier 2021 et mai 2021<\/strong>\u00a0en raison de la reprise \u00e9pid\u00e9mique de la Covid-19.<\/p>\n<p><strong>L&#8217;aide s\u2019adresse aux entreprises disposant de plusieurs magasins dont certains, situ\u00e9s en centre-ville sont rest\u00e9s ouverts et d\u2019autres ayant \u00e9t\u00e9 ferm\u00e9s,<\/strong>\u00a0puisque situ\u00e9s dans des centres commerciaux interdits d\u2019accueil du public, en particulier en f\u00e9vrier et mars 2021.<\/p>\n<p>L\u2019\u00e9ligibilit\u00e9 \u00e0 l\u2019aide est appr\u00e9ci\u00e9e mois par mois au regard de celles d\u00e9j\u00e0 obtenues par l\u2019entreprise. Par exemple :<\/p>\n<ul>\n<li>lorsqu\u2019une entreprise avec plusieurs points de vente dont certains ayant \u00e9t\u00e9 ferm\u00e9s a pu acc\u00e9der au\u00a0<a href=\"https:\/\/www.economie.gouv.fr\/covid19-soutien-entreprises\/fonds-de-solidarite-pour-les-tpe-independants-et-micro\">fonds de solidarit\u00e9<\/a>\u00a0et\/ou au\u00a0<a href=\"https:\/\/www.economie.gouv.fr\/covid19-soutien-entreprises\/prise-en-charge-couts-fixes-entreprises\">dispositif \u00ab co\u00fbts fixes \u00bb<\/a>,\u00a0<strong>l\u2019acc\u00e8s au dispositif \u00ab loyers \u00bb ne sera pas possible.<\/strong>\u00a0Seule exception, s\u2019ils en ont atteint les plafonds soit 1,8 million d\u2019euros pour le fonds de solidarit\u00e9 et 10 millions d\u2019euros pour le dispositif \u00ab co\u00fbts fixes \u00bb.<\/li>\n<li>en revanche, si cette m\u00eame entreprise n\u2019a pas pu toucher l\u2019aide au titre du fonds de solidarit\u00e9 et\/ou le dispositif \u00ab co\u00fbts fixes \u00bb car sa perte de chiffre d\u2019affaires globale \u00e9tait inf\u00e9rieure \u00e0 50%, elle pourra b\u00e9n\u00e9ficier du dispositif \u00ab loyers \u00bb pour le mois en question.<\/li>\n<\/ul>\n<p>Le montant de l\u2019aide correspond \u00e0 la\u00a0<strong>somme des loyers et des charges calcul\u00e9s par magasin au prorata des journ\u00e9es d\u2019interdiction d\u2019accueil du public<\/strong>.<\/p>\n<\/div>\n<\/div>\n<p>Une aide dite &#8220;co\u00fbts fixes&#8221;, compl\u00e9mentaire \u00e0 l&#8217;aide vers\u00e9e dans le cadre du Fonds de Solidarit\u00e9, a \u00e9t\u00e9 instaur\u00e9e afin de permettre la couverture de 70 % de l&#8217;Exc\u00e9dent Brut d&#8217;Exploitation (EBE) quand il est n\u00e9gatif (90 % pour les micros et petites entreprises) dans la limite de 10 millions d&#8217;euros sur la p\u00e9riode de janvier \u00e0 ao\u00fbt 2021.<\/p>\n<h2>L&#8217;aide co\u00fbts fixes rebond<\/h2>\n<p>L&#8217;aide<strong>\u00a0&#8220;co\u00fbts fixes rebond&#8221;\u00a0<\/strong>prend la suite du fonds de solidarit\u00e9 et de l\u2019aide co\u00fbts fixes. Les entreprises \u00e9ligibles doivent :<\/p>\n<ul>\n<li>soit avoir \u00e9t\u00e9 cr\u00e9\u00e9es avant le 1<sup>er<\/sup>\u00a0janvier 2019 et avoir subi une interdiction d&#8217;accueil du public de fa\u00e7on ininterrompue au moins un mois au cours de la p\u00e9riode \u00e9ligible, soit \u00eatre une entreprise dite S1 et S1bis (y compris les magasins de vente des centres commerciaux ferm\u00e9s et les commerces de d\u00e9tail des stations dites de montagne) ;<\/li>\n<li>justifier d&#8217;une perte de CA d&#8217;au mois 50 % et d&#8217;un EBE co\u00fbts fixes n\u00e9gatif ;<\/li>\n<\/ul>\n<p>Par rapport \u00e0 l\u2019aide co\u00fbts fixes existante, l\u2019aide &#8220;co\u00fbts fixes rebond&#8221; comporte des modifications sur les points suivants\u00a0:<\/p>\n<ul>\n<li>suppression de la condition de chiffre d&#8217;affaires de r\u00e9f\u00e9rence minimal d&#8217;un million d&#8217;euros mensuel ou douze millions d&#8217;euros de CA annuel ;<\/li>\n<li>ajout d&#8217;une condition de CA minimal en octobre 2021 de 5 % du CA de r\u00e9f\u00e9rence ;<\/li>\n<li>suppression de la condition d&#8217;avoir pr\u00e9alablement touch\u00e9 le fonds de solidarit\u00e9 ;<\/li>\n<li>le calcul du montant de l&#8217;aide est effectu\u00e9 sur la totalit\u00e9 de la p\u00e9riode janvier &#8211; octobre 2021.<\/li>\n<\/ul>\n<p>Si l&#8217;entreprise\u00a0<strong>a d\u00e9j\u00e0 b\u00e9n\u00e9fici\u00e9<\/strong>\u00a0de l&#8217;aide co\u00fbts fixes au titre des p\u00e9riodes pr\u00e9c\u00e9dentes,\u00a0<strong>le montant des aides co\u00fbts fixes d\u00e9j\u00e0 vers\u00e9es doit \u00eatre d\u00e9duit<\/strong>\u00a0du montant de l&#8217;aide &#8220;co\u00fbts fixes rebond&#8221; auquel l&#8217;entreprise a droit pour la p\u00e9riode allant du 1<sup>er<\/sup>\u00a0janvier 2021 au 31 octobre 2021. Le montant devant figurer dans le formulaire en ligne sur l&#8217;espace professionnel doit \u00eatre retrait\u00e9 du montant des aides d\u00e9j\u00e0 per\u00e7ues.<\/p>\n<p class=\"fond-gris\"><span style=\"color: #0000ff;\">Cette demande est \u00e0 d\u00e9poser entre le 1<sup>er<\/sup>\u00a0d\u00e9cembre et le 31 janvier 2022.<\/span><\/p>\n<h2>L&#8217;aide nouvelle entreprise rebond<\/h2>\n<p>L&#8217;aide\u00a0<strong>&#8220;nouvelle entreprise rebond&#8221;\u00a0<\/strong>qui prend la suite du fonds de solidarit\u00e9 et de l&#8217;aide &#8220;co\u00fbts fixes nouvelle entreprise&#8221;, instaur\u00e9e par le d\u00e9cret du 16 juillet 2021. Les crit\u00e8res d&#8217;\u00e9ligibilit\u00e9 restent les m\u00eames que pour l&#8217;aide &#8220;co\u00fbts fixes rebond&#8221;, exception faite de la date de cr\u00e9ation de l&#8217;entreprise, car sont \u00e9ligibles \u00e0 ce dispositif les entreprises cr\u00e9\u00e9es entre le 1<sup>er<\/sup>\u00a0janvier 2019 et le 31 janvier 2021. Les aides vers\u00e9es au titre de ce dispositif sont en revanche plafonn\u00e9es \u00e0 1,8 million d&#8217;euros.<\/p>\n<p>Si l&#8217;entreprise\u00a0<strong>a d\u00e9j\u00e0 b\u00e9n\u00e9fici\u00e9<\/strong>\u00a0de l&#8217;aide co\u00fbts fixes au titre de la p\u00e9riode semestrielle du 1<sup>er<\/sup>\u00a0janvier au 30 juin 2021,\u00a0<strong>le montant de l&#8217;aide co\u00fbts fixes d\u00e9j\u00e0 vers\u00e9 doit \u00eatre d\u00e9duit<\/strong>\u00a0du montant d&#8217;aide &#8220;nouvelle entreprise rebond&#8221; auquel l&#8217;entreprise a droit pour la p\u00e9riode allant du 1<sup>er<\/sup>\u00a0janvier 2021 au 31 octobre 2021. Le montant devant figurer dans le formulaire en ligne sur l&#8217;espace professionnel doit \u00eatre retrait\u00e9 du montant des aides d\u00e9j\u00e0 per\u00e7ues.<\/p>\n<p class=\"fond-gris\"><strong>Cette demande est \u00e0 d\u00e9poser entre le 1<sup>er<\/sup>\u00a0d\u00e9cembre et le 31 janvier 2022.<\/strong><\/p>\n<h2>L&#8217;aide co\u00fbts fixes originale<\/h2>\n<p>Une aide\u00a0<strong>&#8220;co\u00fbts fixes originale&#8221;\u00a0<\/strong>est ouverte aux entreprises r\u00e9alisant plus d&#8217;un million d&#8217;euros de chiffre d&#8217;affaires mensuel ou douze millions d&#8217;euros annuel en 2019 (ou appartenant \u00e0 un groupe dont le CA annuel de 2019 est sup\u00e9rieur \u00e0 un million d&#8217;euros) et aux entreprises de plus petite taille de certains secteurs limitativement \u00e9num\u00e9r\u00e9s qui ont des charges fixes tr\u00e8s \u00e9lev\u00e9es.<\/p>\n<p>Les crit\u00e8res d&#8217;\u00e9ligibilit\u00e9 sont notamment de justifier d&#8217;une perte de 50 % de chiffre d&#8217;affaires au cours de la p\u00e9riode \u00e9ligible par rapport \u00e0 la p\u00e9riode de r\u00e9f\u00e9rence, d&#8217;avoir un exc\u00e9dent brut d&#8217;exploitation co\u00fbts fixes (EBE co\u00fbts fixes) n\u00e9gatif sur la p\u00e9riode et d&#8217;avoir \u00e9t\u00e9 cr\u00e9\u00e9es deux ans avant le premier jour de la p\u00e9riode \u00e9ligible.<\/p>\n<p>Cette aide &#8220;co\u00fbts fixes&#8221; dite originale offre le choix pour l&#8217;entreprise d&#8217;opter :<\/p>\n<ul>\n<li>pour une maille mensuelle<\/li>\n<li>pour une maille bimestrielle.<\/li>\n<\/ul>\n<h2>L&#8217;aide co\u00fbts fixes saisonnalit\u00e9<\/h2>\n<p>L&#8217;aide\u00a0<strong>&#8220;co\u00fbts fixes saisonnalit\u00e9<\/strong>&#8221; cible les entreprises saisonni\u00e8res exclues du dispositif co\u00fbts fixes car ne pouvant d\u00e9montrer une perte de CA de plus de 50 % en raison de leur activit\u00e9 structurellement fluctuante sur les quatre p\u00e9riodes &#8220;co\u00fbts fixes&#8221;. Le dispositif saisonnalit\u00e9 pr\u00e9voit donc de calculer le crit\u00e8re de la perte de 50 % et le montant de l&#8217;aide sur toute la p\u00e9riode de six mois (janvier-juin 2021) ou de huit mois (janvier-ao\u00fbt 2021).<\/p>\n<p class=\"fond-gris\"><strong>Cette demande est \u00e0 d\u00e9poser sous 45 jours apr\u00e8s le versement du fonds de solidarit\u00e9.<\/strong><\/p>\n<h2>L&#8217;aide co\u00fbts fixes groupe<\/h2>\n<p>L&#8217;aide\u00a0<strong>&#8220;co\u00fbts fixes&#8221;<\/strong><strong>\u00a0groupe<\/strong>\u00a0vise uniquement les entreprises n&#8217;ayant pas pu b\u00e9n\u00e9ficier du fonds de solidarit\u00e9 car appartenant \u00e0 des groupes saturant le plafond mensuel de 200 000 euros du fonds de solidarit\u00e9 au moins un mois sur une des p\u00e9riodes \u00e9ligibles ou atteignant le plafond de 1,8 million d&#8217;euros.<\/p>\n<p>La demande &#8220;co\u00fbts fixes&#8221; groupe peut concerner chacune des quatre p\u00e9riodes pr\u00e9vues pour l&#8217;aide &#8220;co\u00fbts fixes&#8221;.\u00a0<strong>Elle peut \u00eatre d\u00e9pos\u00e9e sans attendre la fin des diff\u00e9rentes p\u00e9riodes<\/strong>, notamment lorsque la demande d&#8217;aide atteint d\u00e9j\u00e0 le plafond de 10 millions d&#8217;euros.<\/p>\n<p class=\"fond-gris\"><strong>Cette demande est \u00e0 d\u00e9poser sous 45 jours apr\u00e8s le versement du fonds de solidarit\u00e9.<\/strong><\/p>\n<h2>L&#8217;aide co\u00fbts fixes nouvelle entreprise<\/h2>\n<p>L&#8217;aide\u00a0<strong>&#8220;co\u00fbts fixes nouvelle entreprise&#8221;<\/strong>\u00a0est destin\u00e9e aux\u00a0<strong>entreprises cr\u00e9\u00e9es apr\u00e8s le 1<sup>er<\/sup>\u00a0janvier 2019<\/strong>\u00a0et ayant des charges fixes non couvertes par les contributions aux recettes. Elles ne peuvent pr\u00e9tendre \u00e0 l\u2019aide &#8220;co\u00fbts fixes&#8221; laquelle requiert une date de cr\u00e9ation ant\u00e9rieure au 1<sup>er<\/sup>\u00a0janvier 2019. La demande d\u2019aide s\u2019effectue<strong>\u00a0en une fois au titre de la p\u00e9riode comprise entre le 1<sup>er<\/sup>\u00a0janvier 2021<\/strong>, ou \u00e0 d\u00e9faut la date de cr\u00e9ation de l&#8217;entreprise,<strong>\u00a0et le 30 juin 2021 inclus.<\/strong><\/p>\n<p>L\u2019aide est ouverte aux entreprises qui remplissent,\u00a0<strong>cumulativement<\/strong>, les conditions suivantes :<\/p>\n<ul>\n<li>Elles ont \u00e9t\u00e9<strong>\u00a0cr\u00e9\u00e9es entre le 1<sup>er<\/sup>\u00a0janvier 2019 et le 31 janvier 2021\u00a0<\/strong>;<\/li>\n<li>Vis-\u00e0-vis du fonds de solidarit\u00e9\u00a0:\n<ul>\n<li>soit elles ont b\u00e9n\u00e9fici\u00e9 au moins une fois du volet 1 du fonds de solidarit\u00e9 au titre des mois de janvier 2021 \u00e0 juin 2021 inclus ;<\/li>\n<li>soit elles n&#8217;ont pas b\u00e9n\u00e9fici\u00e9 au moins une fois du volet 1 du fonds de solidarit\u00e9 au titre d\u2019un des mois du premier semestre 2021 mais appartiennent \u00e0 un groupe dont au moins une entreprise a obtenu un versement du fonds de solidarit\u00e9 au titre d&#8217;au moins l&#8217;un des mois de la p\u00e9riode \u00e9ligible et dont les autres entreprises n&#8217;ont pu obtenir le versement du fonds de solidarit\u00e9 pour le mois consid\u00e9r\u00e9 en raison de la contrainte li\u00e9e au plafond mensuel de 200 000 euros au niveau du groupe\u00a0;<\/li>\n<\/ul>\n<\/li>\n<li>Sur le secteur d\u2019activit\u00e9 ou leur situation\u00a0:\n<ul>\n<li>soit leur secteur figure \u00e0 l\u2019annexe 1 du d\u00e9cret \u00ab co\u00fbts fixes \u00bb ;<\/li>\n<li>soit elles, ou le groupe auquel elles appartiennent, justifient en 2019 ou 2020 d\u2019un chiffre d\u2019affaires (CA) de r\u00e9f\u00e9rence sup\u00e9rieur \u00e0 1 million d&#8217;euros mensuel (ou 12 millions d&#8217;euros annuel) et rel\u00e8vent d\u2019une des situations suivantes\u00a0:\n<ul>\n<li>elles ont \u00e9t\u00e9 interdites d\u2019accueil du public au moins un mois au cours du premier semestre 2021\u00a0;<\/li>\n<li>elles appartiennent aux secteurs S1 \/ S1 bis (annexes 1 et 2 du d\u00e9cret 2020-371 du 30 mars 2020 modifi\u00e9)\u00a0;<\/li>\n<li>elles exercent leur activit\u00e9 principale dans le commerce de d\u00e9tail, \u00e0 l&#8217;exception des automobiles et des motocycles, ou dans la location de biens immobiliers r\u00e9sidentiels ou la coiffure et les soins de beaut\u00e9, et sont domicili\u00e9es dans une commune mentionn\u00e9e \u00e0 l&#8217;annexe 3 du d\u00e9cret 2020-371 du 30 mars 2020 modifi\u00e9\u00a0;<\/li>\n<li>elles exercent leur activit\u00e9 principale dans le commerce de d\u00e9tail et au moins un de leurs magasins de vente situ\u00e9 dans un\u00a0<strong>centre commercial\u00a0<\/strong>comportant un ou plusieurs b\u00e2timents dont la surface commerciale utile est sup\u00e9rieure ou \u00e9gale \u00e0 vingt mille m\u00e8tres carr\u00e9s, a fait l&#8217;objet d&#8217;une interdiction d&#8217;accueil du public sans interruption pendant au moins un mois calendaire de la p\u00e9riode \u00e9ligible, en application de l&#8217;article 37 du d\u00e9cret 2020-1310 du 29 octobre 2020 modifi\u00e9 ;<\/li>\n<\/ul>\n<\/li>\n<li>elles ont perdu au moins 50 % de CA au cours du premier semestre 2021 ;<\/li>\n<li>elles ont un exc\u00e9dent brut d\u2019exploitation (EBE) \u00ab co\u00fbts fixes \u00bb n\u00e9gatif au cours du premier semestre 2021.<\/li>\n<\/ul>\n<\/li>\n<\/ul>\n<p class=\"fond-gris\"><strong>Cette demande devra \u00eatre d\u00e9pos\u00e9e entre le 15 ao\u00fbt et le 30 septembre 2021.<\/strong><\/p>\n<h2 class=\"titre-bleu-1\">Comment b\u00e9n\u00e9ficier des aides ?<\/h2>\n<p>Les entreprises \u00e9ligibles peuvent d\u00e9poser leur demande \u00e0 partir de leur\u00a0<a class=\"ext\" title=\"\u00ab impots.gouv.fr \u00bb dans une nouvelle fen\u00eatre\" href=\"https:\/\/cfspro.impots.gouv.fr\/LoginAccess?op=c&amp;url=aHR0cHM6Ly9jZnNwcm8uaW1wb3RzLmdvdXYuZnIvbWlyZS9hY2N1ZWlsLmRv\" target=\"_blank\" rel=\"noopener noreferrer\" data-extlink=\"\">espace professionnel sur le site impots.gouv.fr<\/a>. Une attestation de leur expert-comptable ou d&#8217;un commissaires aux comptes sera exig\u00e9e.<\/p>\n<ul>\n<li>La mise en ligne du formulaire pour la p\u00e9riode 1, janvier &#8211; f\u00e9vrier 2021, est effective depuis le mercredi 31 mars 2021 ;<\/li>\n<li>La mise en ligne du formulaire pour la p\u00e9riode 2, mars &#8211; avril 2021, est effective depuis le vendredi 7 mai 2021 ;<\/li>\n<li>La mise en ligne du formulaire pour la p\u00e9riode 3, mai &#8211; juin 2021, est effective depuis le lundi 19 juillet 2021 ;<\/li>\n<li>La mise en ligne du formulaire pour la p\u00e9riode 4,\u00a0 juillet &#8211; ao\u00fbt 2021 est effective depuis le mercredi 15 septembre 2021.<\/li>\n<li>La mise en ligne du formulaire pour la p\u00e9riode 5, septembre 2021, est effective depuis le vendredi 15 octobre 2021.<\/li>\n<\/ul>\n<h2>Tous les d\u00e9tails de l&#8217;aide<\/h2>\n<ul>\n<li>Consulter le\u00a0<a class=\"pdf ext\" title=\"\u00ab entreprises.gouv.fr \u00bb dans une nouvelle fen\u00eatre\" href=\"https:\/\/www.entreprises.gouv.fr\/files\/files\/enjeux\/france-relance\/faq_couts_fixes.pdf\" target=\"_blank\" rel=\"noopener noreferrer\" data-extlink=\"\">d\u00e9tail complet de cette aide<\/a>. [PDF &#8211; 1,2 Mo]<\/li>\n<li><a class=\"ext\" title=\"\u00ab impots.gouv.fr \u00bb dans une nouvelle fen\u00eatre\" href=\"https:\/\/www.impots.gouv.fr\/portail\/node\/14068\" target=\"_blank\" rel=\"noopener noreferrer\" data-extlink=\"\">Sur le site des imp\u00f4ts<\/a><\/li>\n<\/ul>\n<p><em>Mis \u00e0 jour le 08\/11\/2021<\/em><\/p>\n<\/div>\n<\/div>\n<\/div>\n<\/div>\n<\/div>\n<\/article>\n<\/div>\n","protected":false},"excerpt":{"rendered":"<p>Chers amis, chers confr\u00e8res, Compte tenu des diverses mesures en ce domaine, compte tenu de la diversit\u00e9 des situations, il est opportun de refaire une synth\u00e8se sur la question des aides &#8220;couts fixes&#8221;. Rappel&#8230;<\/p>\n","protected":false},"author":2,"featured_media":0,"comment_status":"closed","ping_status":"closed","sticky":false,"template":"","format":"standard","meta":{"_mi_skip_tracking":false,"_monsterinsights_sitenote_active":false,"_monsterinsights_sitenote_note":"","_monsterinsights_sitenote_category":0},"categories":[1],"tags":[],"_links":{"self":[{"href":"https:\/\/sndll.info\/index.php?rest_route=\/wp\/v2\/posts\/5569"}],"collection":[{"href":"https:\/\/sndll.info\/index.php?rest_route=\/wp\/v2\/posts"}],"about":[{"href":"https:\/\/sndll.info\/index.php?rest_route=\/wp\/v2\/types\/post"}],"author":[{"embeddable":true,"href":"https:\/\/sndll.info\/index.php?rest_route=\/wp\/v2\/users\/2"}],"replies":[{"embeddable":true,"href":"https:\/\/sndll.info\/index.php?rest_route=%2Fwp%2Fv2%2Fcomments&post=5569"}],"version-history":[{"count":1,"href":"https:\/\/sndll.info\/index.php?rest_route=\/wp\/v2\/posts\/5569\/revisions"}],"predecessor-version":[{"id":5570,"href":"https:\/\/sndll.info\/index.php?rest_route=\/wp\/v2\/posts\/5569\/revisions\/5570"}],"wp:attachment":[{"href":"https:\/\/sndll.info\/index.php?rest_route=%2Fwp%2Fv2%2Fmedia&parent=5569"}],"wp:term":[{"taxonomy":"category","embeddable":true,"href":"https:\/\/sndll.info\/index.php?rest_route=%2Fwp%2Fv2%2Fcategories&post=5569"},{"taxonomy":"post_tag","embeddable":true,"href":"https:\/\/sndll.info\/index.php?rest_route=%2Fwp%2Fv2%2Ftags&post=5569"}],"curies":[{"name":"wp","href":"https:\/\/api.w.org\/{rel}","templated":true}]}}