{"id":5572,"date":"2021-12-06T21:38:21","date_gmt":"2021-12-06T20:38:21","guid":{"rendered":"http:\/\/pjcrpry.cluster031.hosting.ovh.net\/?p=5572"},"modified":"2021-12-07T15:42:12","modified_gmt":"2021-12-07T14:42:12","slug":"une-decision-scandaleuse","status":"publish","type":"post","link":"https:\/\/sndll.info\/?p=5572","title":{"rendered":"UNE DECISION SCANDALEUSE !"},"content":{"rendered":"<h1 style=\"text-align: center;\">UNE DECISION SCANDALEUSE\u00a0!<\/h1>\n<p>&nbsp;<\/p>\n<p>Cher.e.s ami.e.s, cher.e.s exploitant.e.s,<\/p>\n<p>&nbsp;<\/p>\n<p>Le Gouvernement vient de prendre arbitrairement la d\u00e9cision de fermer pour la deuxi\u00e8me fois nos \u00e9tablissements. Cette d\u00e9cision est \u00e9videmment injuste, totalement incoh\u00e9rente et scandaleuse.<\/p>\n<p>&nbsp;<\/p>\n<ul>\n<li><u>INJUSTE<\/u>\u00a0: Depuis le 9 juillet dernier, tous nos exploitants ont suivi une rigueur exceptionnelle de travail en respectant scrupuleusement le contenu du protocole sanitaire qui nous a \u00e9t\u00e9 impos\u00e9. Contr\u00f4le du passe sanitaire accompagn\u00e9 de la v\u00e9rification de la coh\u00e9rence de l\u2019identit\u00e9 de la personne pr\u00e9sentant son passe-sanitaire. Personne en France n\u2019a cette obligation \u00e0 part nous, exploitants de discoth\u00e8ques.<\/li>\n<\/ul>\n<p style=\"padding-left: 40px;\">L\u2019urgence sanitaire n\u2019est absolument pas la fermeture des discoth\u00e8ques\u00a0! Nos lieux sont les plus s\u00e9curis\u00e9s, pr\u00e9cis\u00e9ment au travers des contr\u00f4les op\u00e9r\u00e9s, mais \u00e9galement par la surveillance du respect des gestes barri\u00e8res. D\u2019ailleurs, depuis notre r\u00e9ouverture, des milliers de clients se sont crois\u00e9s ont fait la f\u00eate sans que nous ayons d\u00e9plor\u00e9 l\u2019apparition de cluster. <strong>Ce constat est particuli\u00e8rement illustratif de la rigueur exemplaire dont nous avons fait preuve.<\/strong><\/p>\n<p>&nbsp;<\/p>\n<ul>\n<li><u>INCOH\u00c9RENTE<\/u>\u00a0: Contrairement aux milliers de bars et de restaurants o\u00f9 personne ne contr\u00f4le l\u2019identit\u00e9 puisqu\u2019ils n\u2019en ont pas l\u2019obligation, le Gouvernement choisi la fermeture des discoth\u00e8ques au lieu de donner priorit\u00e9 \u00e0 la g\u00e9n\u00e9ralisation d\u2019un processus impos\u00e9 aux discoth\u00e8ques qui lui a d\u00e9montr\u00e9 son efficacit\u00e9 sanitaire.<\/li>\n<\/ul>\n<p>&nbsp;<\/p>\n<ul>\n<li><u>SCANDALEUSE<\/u> : Le Gouvernement stigmatise les discoth\u00e8ques alors que cette profession a d\u00e9j\u00e0 pay\u00e9 un tr\u00e8s lourd tribut dans cette crise covid, avec 16 mois de fermeture cons\u00e9cutive. Aucune autre profession n\u2019a connu un tel traitement\u2026 A peine avons-nous retrouv\u00e9 la fr\u00e9quentation de notre client\u00e8le qu\u2019une d\u00e9cision de fermeture r\u00e9-intervient.<\/li>\n<\/ul>\n<p>&nbsp;<\/p>\n<p>Fermer nos discoth\u00e8ques c\u2019est encourager notre client\u00e8le \u00e0 se tourner vers des lieux moins s\u00e9curis\u00e9s. Sur le plan sanitaire, c\u2019est un comble, dans cette parodie de lutte contre la pand\u00e9mie. Soyons lucides, les \u00ab\u00a0faux passes-sanitaires vont se multiplier\u00a0\u00bb.<\/p>\n<p>&nbsp;<\/p>\n<p><u>QUATRE SEMAINES<\/u>\u00a0: Ce soir, la question centrale est de savoir quel cr\u00e9dit pouvons-nous apporter \u00e0 cette annonce de <u>\u00ab\u00a04 semaines de fermeture\u00a0\u00bb<\/u>. Nous n\u2019avons pas oubli\u00e9 ce que nous avons connu comme difficult\u00e9 de tous ordres au cours des seize mois de fermeture.<\/p>\n<p>&nbsp;<\/p>\n<p>Nous avons encore en m\u00e9moire cette notion de double peine quand le Gouvernement nous indiquait\u00a0apr\u00e8s l\u2019\u00e9t\u00e9 2020, \u00ab\u00a0d\u00e9sol\u00e9 mais les autres n\u2019ayant pas \u00e9t\u00e9 scrupuleux (sous-entendu les bars et restaurants \u00e0 ambiance musicale notamment) nous ne pouvons pas vous rouvrir\u2026\u00a0\u00bb<\/p>\n<p>&nbsp;<\/p>\n<p>Ce soir, nous devons tout faire pour obtenir en urgence une r\u00e9union avec nos interlocuteurs habituels \u00e0 Bercy.<\/p>\n<p>&nbsp;<\/p>\n<p>Ce soir, nous devons penser aussi \u00e0 nos salari\u00e9s qui eux comme nous ont des familles, ont leurs charges et appr\u00e9hendent la mani\u00e8re dont ils vont pouvoir aborder cette p\u00e9riode de f\u00eate de fin d\u2019ann\u00e9e.<\/p>\n<p>&nbsp;<\/p>\n<p><strong>La profession doit parler d\u2019une seule et m\u00eame voix. C\u2019est indispensable pour nous tous. D\u00e9j\u00e0 cet apr\u00e8s-midi, nous avons beaucoup \u00e9chang\u00e9 entre nous et nous sommes pr\u00eats \u00e0 affronter cette crise avec d\u00e9termination.<\/strong><\/p>\n<p>Un dispositif d\u2019accompagnement est obligatoire.<\/p>\n<p>Ce soir, nous sommes constern\u00e9s de constater qu\u2019un Gouvernement puisse une nouvelle fois en l\u2019espace de quelques secondes an\u00e9antir des mois de travail intensif surtout en se trompant de cible\u2026.<\/p>\n<p>&nbsp;<\/p>\n<p>&nbsp;<\/p>\n<p><u>DERNI\u00c8RE MINUTE\u00a021H38<\/u>\u00a0:\u00a0<strong>A l\u2019instant, nous venons de recevoir l\u2019invitation \u00e0 une r\u00e9union de travail avec le Ministre Alain GRISET \u00e0 13h45 demain mardi 7 d\u00e9cembre 2021.<\/strong><\/p>\n<p>&nbsp;<\/p>\n<p>Nous vous tiendrons \u00e9videmment inform\u00e9s du contenu de nos travaux.<\/p>\n<p>&nbsp;<\/p>\n<p>&nbsp;<\/p>\n<p>Courage \u00e0 tous ;\u00a0\u00c0 tr\u00e8s vite<\/p>\n<p>&nbsp;<\/p>\n<p>&nbsp;<\/p>\n<p style=\"text-align: center;\">Christian JOUNY\u00a0\u00a0\u00a0\u00a0\u00a0\u00a0\u00a0\u00a0\u00a0\u00a0\u00a0\u00a0\u00a0\u00a0\u00a0\u00a0\u00a0\u00a0\u00a0\u00a0\u00a0\u00a0\u00a0\u00a0\u00a0\u00a0\u00a0\u00a0\u00a0\u00a0\u00a0\u00a0\u00a0\u00a0\u00a0\u00a0\u00a0\u00a0\u00a0\u00a0\u00a0\u00a0\u00a0\u00a0\u00a0\u00a0\u00a0\u00a0\u00a0\u00a0\u00a0\u00a0\u00a0\u00a0\u00a0\u00a0\u00a0\u00a0\u00a0\u00a0\u00a0\u00a0\u00a0\u00a0\u00a0\u00a0\u00a0\u00a0\u00a0\u00a0\u00a0\u00a0\u00a0\u00a0\u00a0\u00a0\u00a0\u00a0\u00a0\u00a0\u00a0\u00a0\u00a0\u00a0\u00a0\u00a0\u00a0\u00a0\u00a0\u00a0\u00a0 Patrick MALVA\u00cbS<\/p>\n<p>&nbsp;<\/p>\n<p>Nous ne sommes pas des fanas de l&#8217;\u00e9criture inclusive mais nous respectons les susceptibilit\u00e9s et e sommes pas machistes, non plus ! \ud83d\ude0a<\/p>\n","protected":false},"excerpt":{"rendered":"<p>UNE DECISION SCANDALEUSE\u00a0! &nbsp; Cher.e.s ami.e.s, cher.e.s exploitant.e.s, &nbsp; Le Gouvernement vient de prendre arbitrairement la d\u00e9cision de fermer pour la deuxi\u00e8me fois nos \u00e9tablissements. Cette d\u00e9cision est \u00e9videmment injuste, totalement incoh\u00e9rente et scandaleuse&#8230;.<\/p>\n","protected":false},"author":1,"featured_media":0,"comment_status":"closed","ping_status":"closed","sticky":false,"template":"","format":"standard","meta":{"_mi_skip_tracking":false,"_monsterinsights_sitenote_active":false,"_monsterinsights_sitenote_note":"","_monsterinsights_sitenote_category":0},"categories":[1],"tags":[],"_links":{"self":[{"href":"https:\/\/sndll.info\/index.php?rest_route=\/wp\/v2\/posts\/5572"}],"collection":[{"href":"https:\/\/sndll.info\/index.php?rest_route=\/wp\/v2\/posts"}],"about":[{"href":"https:\/\/sndll.info\/index.php?rest_route=\/wp\/v2\/types\/post"}],"author":[{"embeddable":true,"href":"https:\/\/sndll.info\/index.php?rest_route=\/wp\/v2\/users\/1"}],"replies":[{"embeddable":true,"href":"https:\/\/sndll.info\/index.php?rest_route=%2Fwp%2Fv2%2Fcomments&post=5572"}],"version-history":[{"count":6,"href":"https:\/\/sndll.info\/index.php?rest_route=\/wp\/v2\/posts\/5572\/revisions"}],"predecessor-version":[{"id":5618,"href":"https:\/\/sndll.info\/index.php?rest_route=\/wp\/v2\/posts\/5572\/revisions\/5618"}],"wp:attachment":[{"href":"https:\/\/sndll.info\/index.php?rest_route=%2Fwp%2Fv2%2Fmedia&parent=5572"}],"wp:term":[{"taxonomy":"category","embeddable":true,"href":"https:\/\/sndll.info\/index.php?rest_route=%2Fwp%2Fv2%2Fcategories&post=5572"},{"taxonomy":"post_tag","embeddable":true,"href":"https:\/\/sndll.info\/index.php?rest_route=%2Fwp%2Fv2%2Ftags&post=5572"}],"curies":[{"name":"wp","href":"https:\/\/api.w.org\/{rel}","templated":true}]}}