{"id":5578,"date":"2021-12-07T15:45:30","date_gmt":"2021-12-07T14:45:30","guid":{"rendered":"http:\/\/pjcrpry.cluster031.hosting.ovh.net\/?p=5578"},"modified":"2021-12-14T15:18:36","modified_gmt":"2021-12-14T14:18:36","slug":"5578","status":"publish","type":"post","link":"https:\/\/sndll.info\/?p=5578","title":{"rendered":"DEUX SEISMES EN MOINS DE 24 h"},"content":{"rendered":"<h3 style=\"text-align: center;\">DEUX S\u00c9ISMES\u00a0EN MOINS DE 24h<\/h3>\n<p>Ce jour, \u00e0 14h00, s\u2019est tenue la r\u00e9union \u00e0 laquelle Alain GRISET nous avait d\u00e8s hier soir invit\u00e9s.<\/p>\n<p>Le Ministre s\u2019est pr\u00e9sent\u00e9 devant nous comme l\u2019interlocuteur habituel des exploitants de discoth\u00e8ques &#8211; ce qui est exact &#8211; et nous a demand\u00e9 d\u2019aller au fond des choses afin de rechercher des solutions \u00e0 cette crise.<\/p>\n<p>Il convient \u00e9galement de souligner que nos trois organisations professionnelles AFEDD, UMIH et SNDLL se sont longuement concert\u00e9es sur la situation de notre profession face \u00e0 cette fermeture arbitraire et incompr\u00e9hensible des seules discoth\u00e8ques de France.<\/p>\n<p>Nous avons soulign\u00e9 l\u2019incoh\u00e9rence de la d\u00e9cision de fermeture des discoth\u00e8ques en ajoutant le fait qu\u2019apr\u00e8s seulement cinq mois d\u2019activit\u00e9 (dans la meilleures des hypoth\u00e8ses!) nous allons de fait nous retrouver dans une situation financi\u00e8re extr\u00eamement pr\u00e9caire.<\/p>\n<p>En mars\/avril, nous devrons faire face aux premiers remboursements du PGE ! Avec quelle tr\u00e9sorerie\u00a0?<\/p>\n<p>Le Ministre s\u2019est d\u00e9clar\u00e9 favorable \u00e0 un accompagnement d\u2019un report du remboursement du PGE pour nos entreprises ferm\u00e9es et s\u2019engage \u00e0 solliciter le m\u00e9diateur du cr\u00e9dit pour notre profession.<\/p>\n<p>Le Ministre a d\u00e9clar\u00e9 que le Pr\u00e9sident de la R\u00e9publique souhaitait tr\u00e8s vite rouvrir les discoth\u00e8ques et a ajout\u00e9 que\u00a0: <strong><em>\u00ab\u00a0le Gouvernement accompagnerait notre profession pour limiter les cons\u00e9quences financi\u00e8res de cette fermeture\u00a0\u00bb.<\/em><\/strong><\/p>\n<p><u>IL A ANNONC\u00c9<\/u>\u00a0:<\/p>\n<ul>\n<li><strong>Le ch\u00f4mage partiel accord\u00e9 \u00e0 nos salari\u00e9s \u00e0 hauteur de 100 % <\/strong><\/li>\n<li><strong>L\u2019exon\u00e9ration des cotisations sociales durant la fermeture<\/strong><\/li>\n<li><strong>Mise en place d\u2019un dispositif &#8220;co\u00fbts fixes&#8221; \u00e0 hauteur de 100 %<\/strong><\/li>\n<\/ul>\n<p><strong>\u00a0<\/strong><em><strong><u>Au sujet des co\u00fbts fixes<\/u>\u00a0:<\/strong><\/em><\/p>\n<p><em><strong>Nous avons insist\u00e9 sur le fait qu\u2019au sein de la DGFIP, les dossiers discoth\u00e8ques \u00e9taient l\u2019objet d\u2019un traitement \u00e9nigmatique puisque selon les cas et en fonction de l\u2019interlocuteur qui g\u00e9rait nos demandes nous pouvions essuyer des refus injustifi\u00e9s ou \u00eatre b\u00e9n\u00e9ficiaires d\u2019un traitement normal au sein m\u00eame parfois de soci\u00e9t\u00e9s d\u00e9tenues par les m\u00eames dirigeants sur les m\u00eames p\u00e9riodes de r\u00e9f\u00e9rence.<\/strong><\/em><\/p>\n<p><em><strong>Le Ministre nous a annonc\u00e9 d&#8217;avoir d\u00e9cid\u00e9 de la mise en place d\u2019un interlocuteur unique avec lequel il serait possible d\u2019\u00e9changer, de s\u2019expliquer et de faciliter le traitement des demandes en cours.<\/strong><\/em><\/p>\n<p>Nous avons exprim\u00e9 au Ministre notre d\u00e9sapprobation face au contenu des mesures annonc\u00e9es qui sont loin de constituer <strong><em>\u00ab\u00a0<u>un accompagnement massif\u00a0<\/u> \u00bb<\/em><\/strong> pour reprendre les propos du porte-parole du gouvernement Gabriel ATAL ou encore \u00ab\u00a0<strong><em><u>un accompagnement exemplaire<\/u><\/em><\/strong>\u00a0\u00bb pour citer le Pr\u00e9sident de la R\u00e9publique.<\/p>\n<p>Nous lui avons indiqu\u00e9 que nous consid\u00e9rions que la p\u00e9riode de fermeture du mois de d\u00e9cembre repr\u00e9sentait 20% de perte de chiffre d\u2019affaires annuel (plus pour le saisonniers !) et par cons\u00e9quent, nous estimions que nous raccrocher \u00e0 des dispositifs connus de type &#8220;co\u00fbts fixes&#8221; n\u2019\u00e9tait pas \u00e0 la hauteur du s\u00e9isme que nous avions v\u00e9cu hier soir \u00e0 19h00.<\/p>\n<p>Pour nous tous, <strong>la r\u00e9f\u00e9rence de 30 % des trois meilleurs mois d\u2019activit\u00e9 de 2021 ou son \u00e9quivalent<\/strong> \u00e9tait une position commune justifi\u00e9e eu \u00e9gard \u00e0 la perte colossale de notre chiffre d\u2019affaires de fin d\u2019ann\u00e9e \u00e0 laquelle nous allons \u00eatre confront\u00e9s\u00a0<strong>\u00e0 la suite de cette d\u00e9cision de fermeture incompr\u00e9hensible\u00a0!<\/strong><\/p>\n<p>Nous avons ajout\u00e9 <strong>qu\u2019un dispositif sp\u00e9cial devait \u00eatre mis en place pour les saisonniers d\u2019hiver qui se voient confront\u00e9s \u00e0 leur deuxi\u00e8me saison de fermeture.<\/strong><\/p>\n<p><strong><u>CONCLUSION<\/u>\u00a0:<\/strong><\/p>\n<p><strong>Nous vivons donc l\u00e0 le deuxi\u00e8me s\u00e9isme en moins de 24h00<\/strong>. Nous pouvions l\u00e9gitimement nous attendre \u00e0 une prise en charge sup\u00e9rieure \u00e0 celle annonc\u00e9e par Alain GRISET.<\/p>\n<p><strong>QUID de la perte de notre chiffre d\u2019affaires cinq mois apr\u00e8s avoir repris notre activit\u00e9 \u00e0 l\u2019issue de 16 mois cons\u00e9cutifs d\u2019arr\u00eat et de la perte totale de nos tr\u00e9soreries ?<\/strong><\/p>\n<p>Le Gouvernement ne prend pas la mesure de ce qu\u2019il g\u00e9n\u00e8re par cette d\u00e9cisions injuste, incoh\u00e9rente et scandaleuse, <strong>car il stigmatise notre m\u00e9tier.<\/strong><\/p>\n<p><strong>Nous avons demand\u00e9 au Ministre de transmettre \u00e0 l\u2019ensemble du Gouvernement notre profonde d\u00e9ception face au traitement social inadapt\u00e9 qui nous est r\u00e9serv\u00e9 pendant que tous les autres secteurs d\u2019activit\u00e9s moins s\u00e9curis\u00e9s sur le plan sanitaire vont eux accueillir nos clients sans contr\u00f4le de pi\u00e8ce d\u2019identit\u00e9 et par cons\u00e9quent en encourageant la fraude sanitaire.<\/strong><strong>\u00a0<\/strong><\/p>\n<p><strong>Il appartiendra au Gouvernement d\u2019en assumer la responsabilit\u00e9, sans que nous soyons victimes de la double peine comme \u00e0 l\u2019issue de l\u2019\u00e9t\u00e9 2020 ou l\u2019on nous a annonc\u00e9 :<\/strong><strong>\u00a0<\/strong><\/p>\n<p><strong><em>\u00ab D\u00e9sol\u00e9 messieurs, mais face au manque de rigueur des autres acteurs ouverts qui n\u2019ont pas fait respecter les gestes barri\u00e8res \u00e0 leur client\u00e8le, nous ne pouvons pas vous rouvrir.\u00bb<\/em><\/strong><\/p>\n<p><strong>Soulignons la parfaite coh\u00e9rence de vue de nos organisations professionnelles. C\u2019est \u00e9videmment le gage de r\u00e9ussite dont nous avons imp\u00e9rativement besoin.<\/strong><\/p>\n<p><strong>Nous vous tiendrons \u00e9videmment inform\u00e9 de la suite<\/strong><\/p>\n<p><strong>A tr\u00e8s bient\u00f4t<\/strong><\/p>\n<p><strong>\u00a0 \u00a0 \u00a0 \u00a0 \u00a0 \u00a0 \u00a0 \u00a0 \u00a0 \u00a0 \u00a0 \u00a0 \u00a0 \u00a0 \u00a0 \u00a0 \u00a0 \u00a0 \u00a0 \u00a0 \u00a0 \u00a0 \u00a0 \u00a0 \u00a0 \u00a0 \u00a0 Christian JOUNY\u00a0 \u00a0 \u00a0 \u00a0 \u00a0 \u00a0 \u00a0 \u00a0 \u00a0 \u00a0 \u00a0 \u00a0 \u00a0 \u00a0 \u00a0 \u00a0 \u00a0 \u00a0 \u00a0 \u00a0 \u00a0 \u00a0 \u00a0 \u00a0Patrick MALVAES<\/strong><\/p>\n","protected":false},"excerpt":{"rendered":"<p>DEUX S\u00c9ISMES\u00a0EN MOINS DE 24h Ce jour, \u00e0 14h00, s\u2019est tenue la r\u00e9union \u00e0 laquelle Alain GRISET nous avait d\u00e8s hier soir invit\u00e9s. Le Ministre s\u2019est pr\u00e9sent\u00e9 devant nous comme l\u2019interlocuteur habituel des exploitants&#8230;<\/p>\n","protected":false},"author":1,"featured_media":0,"comment_status":"closed","ping_status":"closed","sticky":false,"template":"","format":"standard","meta":{"_mi_skip_tracking":false,"_monsterinsights_sitenote_active":false,"_monsterinsights_sitenote_note":"","_monsterinsights_sitenote_category":0},"categories":[1],"tags":[],"_links":{"self":[{"href":"https:\/\/sndll.info\/index.php?rest_route=\/wp\/v2\/posts\/5578"}],"collection":[{"href":"https:\/\/sndll.info\/index.php?rest_route=\/wp\/v2\/posts"}],"about":[{"href":"https:\/\/sndll.info\/index.php?rest_route=\/wp\/v2\/types\/post"}],"author":[{"embeddable":true,"href":"https:\/\/sndll.info\/index.php?rest_route=\/wp\/v2\/users\/1"}],"replies":[{"embeddable":true,"href":"https:\/\/sndll.info\/index.php?rest_route=%2Fwp%2Fv2%2Fcomments&post=5578"}],"version-history":[{"count":10,"href":"https:\/\/sndll.info\/index.php?rest_route=\/wp\/v2\/posts\/5578\/revisions"}],"predecessor-version":[{"id":5620,"href":"https:\/\/sndll.info\/index.php?rest_route=\/wp\/v2\/posts\/5578\/revisions\/5620"}],"wp:attachment":[{"href":"https:\/\/sndll.info\/index.php?rest_route=%2Fwp%2Fv2%2Fmedia&parent=5578"}],"wp:term":[{"taxonomy":"category","embeddable":true,"href":"https:\/\/sndll.info\/index.php?rest_route=%2Fwp%2Fv2%2Fcategories&post=5578"},{"taxonomy":"post_tag","embeddable":true,"href":"https:\/\/sndll.info\/index.php?rest_route=%2Fwp%2Fv2%2Ftags&post=5578"}],"curies":[{"name":"wp","href":"https:\/\/api.w.org\/{rel}","templated":true}]}}