{"id":5624,"date":"2021-12-15T19:30:23","date_gmt":"2021-12-15T18:30:23","guid":{"rendered":"http:\/\/pjcrpry.cluster031.hosting.ovh.net\/?p=5624"},"modified":"2021-12-15T21:18:06","modified_gmt":"2021-12-15T20:18:06","slug":"en-attendant-le-conseil-detat","status":"publish","type":"post","link":"https:\/\/sndll.info\/?p=5624","title":{"rendered":"EN ATTENDANT LE CONSEIL D\u2019\u00c9TAT"},"content":{"rendered":"<h1 style=\"text-align: center;\"><strong>EN ATTENDANT\u00a0<\/strong><strong style=\"font-size: 5vw; letter-spacing: 0.05em;\">LE CONSEIL D\u2019\u00c9TAT LUNDI<\/strong><\/h1>\n<p>&nbsp;<\/p>\n<p>NOUS VOUS TRANSMETTONS CI-DESSOUS\u00a0LE LIEN DU COMMUNIQU\u00c9 DE PRESSE DU MINIST\u00c8RE DE L\u2019\u00c9CONOMIE DES FINANCES ET DE LA RELANCE CONCERNANT LES DISCOTH\u00c8QUES :<strong><em>\u00a0<\/em><\/strong><a href=\"https:\/\/minefi.hosting.augure.com\/Augure_Minefi\/default.ashx?WCI=ContenuEnLigne&amp;ID=72C17A97-C757-4A3C-8141-EB094CF73134\">https:\/\/minefi.hosting.augure.com\/Augure_Minefi\/default.ashx?WCI=ContenuEnLigne&amp;ID=72C17A97-C757-4A3C-8141-EB094CF73134<\/a><\/p>\n<p>&nbsp;<\/p>\n<p>&nbsp;<\/p>\n<p><u>CH\u00d4MAGE PARTIEL\u00a0:<\/u><\/p>\n<p>Vous noterez que l\u2019acc\u00e8s au ch\u00f4mage partiel pour nos entreprises est soumis \u00e0 la perte de 65% du chiffre d\u2019affaires au lieu de 80% pr\u00e9c\u00e9demment.<\/p>\n<p>&nbsp;<\/p>\n<p><u>DISPOSITIF \u00ab\u00a0CO\u00dbTS FIXES\u00a0\u00bb:<\/u><\/p>\n<p>Le dispositif \u00ab\u00a0co\u00fbts fixes\u00a0\u00bb (dit renforc\u00e9) prendra en charge 100% des charges fixes des discoth\u00e8ques au lieu de 90% jusque-l\u00e0, pour les entreprises de moins de 50 salari\u00e9s.<\/p>\n<p>&nbsp;<\/p>\n<p>La notion de 4 semaines de fermeture a tout son sens dans le d\u00e9clenchement du dit dispositif \u00ab\u00a0co\u00fbts fixes\u00a0\u00bb puisque nous avions soulign\u00e9 les difficult\u00e9s d\u2019\u00e9ligibilit\u00e9 \u00e0 cette mesure avec l\u2019obligation d\u2019un Exc\u00e9dent Brut d\u2019Exploitation n\u00e9gatif.<\/p>\n<p>&nbsp;<\/p>\n<p>Nous notons que nos remarques \u00e0 ce sujet ont \u00e9t\u00e9 prises en compte.<\/p>\n<p>&nbsp;<\/p>\n<p><u>\u00c9QUIPE D\u00c9DI\u00c9E AU TRAITEMENT DES DOSSIERS DISCOTH\u00c8QUES\u00a0:<\/u><\/p>\n<p>La mise en place au sein de la DGFIP, d\u2019une \u00e9quipe d\u00e9di\u00e9e sp\u00e9cifiquement au traitement des dossiers \u00ab\u00a0co\u00fbts fixes\u00a0\u00bb d\u00e9pos\u00e9s par nos entreprises discoth\u00e8ques r\u00e9pond \u00e0 nos sollicitations face \u00e0 la lenteur constat\u00e9e du traitement de nos demandes d\u2019indemnisations pr\u00e9c\u00e9dentes et du manque de coh\u00e9rence dans les r\u00e9ponses formul\u00e9es par la DGFIP.<\/p>\n<p>&nbsp;<\/p>\n<p><u>EXON\u00c9RATIONS DE COTISATIONS SOCIALES\u00a0:<\/u><\/p>\n<p>Nous relevons \u00e9galement que l\u2019exon\u00e9ration des cotisations sociales est act\u00e9e <strong><u>pour la p\u00e9riode des mois de novembre et de d\u00e9cembre 2021.<\/u><\/strong><\/p>\n<p>&nbsp;<\/p>\n<p><u>QUID DE NOTRE PERTE DE CHIFFRE D\u2019AFFAIRES ?<\/u><\/p>\n<p>Nous regrettons que le Gouvernement \u00e0 ce stade, n\u2019ait pas souhait\u00e9 r\u00e9pondre \u00e0 nos demandes d\u2019indemnisation de notre perte de chiffre d\u2019affaires de d\u00e9cembre li\u00e9e \u00e0 cette fermeture arbitraire et scandaleuse.<\/p>\n<p>&nbsp;<\/p>\n<p>&nbsp;<\/p>\n<p><u>LE D\u00c9CRET ATTENDU\u00a0:<\/u><\/p>\n<p>Attendons d\u00e9sormais la parution du d\u00e9cret qui ent\u00e9rinera les dispositions relev\u00e9es dans le contenu de ce communiqu\u00e9 qui fait suite \u00e0 des \u00e9changes assez nourris entre le cabinet de Bruno LE MAIRE et celui de Jean-Baptiste LEMOYNE et nos organisations professionnelles.<\/p>\n<p>&nbsp;<\/p>\n<p>&nbsp;<\/p>\n<p style=\"text-align: center;\"><u>DANS L\u2019ORDRE, NOTRE R\u00d4LE CONSISTE D\u2019ABORD \u00c0 SOLLICITER\u00a0<\/u><u>ET OBTENIR DES MESURES D\u2019URGENCE \u00a0\u00c9CONOMIQUES POUR LA PROFESSION<\/u><\/p>\n<p>&nbsp;<\/p>\n<p>C\u2019est chose faite au travers des mesures certes, encore incompl\u00e8tes, mais ce sont des r\u00e9ponses indispensables au traitement de la situation \u00e9conomique actuelle de nos entreprises. Encore une fois, nous d\u00e9plorons et condamnons fermement le refus de prise en compte par le Gouvernement de la perte consid\u00e9rable de chiffre d\u2019affaires, mais un premier pas est franchi.<\/p>\n<p>&nbsp;<\/p>\n<p><strong><u>NOUS N\u2019EN RESTERONS \u00c9VIDEMMENT PAS L\u00c0 :\u00a0<\/u><\/strong>D\u00e8s lundi 20 d\u00e9cembre prochain, nous irons d\u00e9fendre notre droit d\u2019exercer notre m\u00e9tier au Conseil d\u2019\u00c9tat.<\/p>\n<p>&nbsp;<\/p>\n<p style=\"text-align: center;\"><strong>NOUS NE LAISSERONS PAS LE GOUVERNEMENT\u00a0<\/strong><strong>PORTER ATTEINTE A NOTRE LIBERT\u00c9 FONDAMENTALE SANS REAGIR\u00a0!<\/strong><\/p>\n<p><strong>\u00a0<\/strong><\/p>\n<p>&nbsp;<\/p>\n<p><strong><u>Nous le redisons avec force et d\u00e9termination<\/u><\/strong> :\u00a0Le d\u00e9cret du mardi 7 d\u00e9cembre en maintenant ferm\u00e9s les discoth\u00e8ques et \u00e9tablissements de nuit (\u00e9tablissements class\u00e9s P) sur l\u2019ensemble du territoire national, porte une atteinte grave et manifestement ill\u00e9gale \u00e0 la libert\u00e9 d\u2019entreprendre et \u00e0 la libert\u00e9 du commerce et de l\u2019industrie, lesquelles sont des libert\u00e9s fondamentales au sens de l\u2019article L.521-2 du code de justice administrative.<\/p>\n<p>&nbsp;<\/p>\n<p>&nbsp;<\/p>\n<p>Nous d\u00e9montrerons par ailleurs, sans difficult\u00e9 que la fermeture des discoth\u00e8ques ne conduit absolument pas \u00e0 r\u00e9duire la danse dans notre pays. Outre la stigmatisation de notre profession, elle cr\u00e9e une situation paradoxale o\u00f9 les lieux moins s\u00e9curis\u00e9s que les n\u00f4tres vont pouvoir b\u00e9n\u00e9ficier de l\u2019effet d\u2019aubaine comme nous l\u2019avons d\u00e9j\u00e0 d\u00e9nonc\u00e9 en 2020, mais plus grave encore, les faux passe-sanitaires vont donc se multiplier et <strong>contribuer au d\u00e9veloppement de la vague pand\u00e9mique et cela seul le Gouvernement en portera la responsabilit\u00e9\u00a0!\u00a0 <\/strong><\/p>\n<p><strong>\u00a0<\/strong><\/p>\n<p>&nbsp;<\/p>\n<p>A tr\u00e8s vite,<\/p>\n<p>&nbsp;<\/p>\n<p>&nbsp;<\/p>\n<p>Bien cordialement<\/p>\n<p>&nbsp;<\/p>\n<p>&nbsp;<\/p>\n<p style=\"text-align: center;\">Christian JOUNY \u00a0 \u00a0 \u00a0 \u00a0 \u00a0 \u00a0 \u00a0 \u00a0 \u00a0 \u00a0 \u00a0 \u00a0 \u00a0 \u00a0 \u00a0 \u00a0 \u00a0 \u00a0 \u00a0 \u00a0 \u00a0 Patrick MALVA\u00cbS<\/p>\n<p>&nbsp;<\/p>\n<p>&nbsp;<\/p>\n","protected":false},"excerpt":{"rendered":"<p>EN ATTENDANT\u00a0LE CONSEIL D\u2019\u00c9TAT LUNDI &nbsp; NOUS VOUS TRANSMETTONS CI-DESSOUS\u00a0LE LIEN DU COMMUNIQU\u00c9 DE PRESSE DU MINIST\u00c8RE DE L\u2019\u00c9CONOMIE DES FINANCES ET DE LA RELANCE CONCERNANT LES DISCOTH\u00c8QUES :\u00a0https:\/\/minefi.hosting.augure.com\/Augure_Minefi\/default.ashx?WCI=ContenuEnLigne&amp;ID=72C17A97-C757-4A3C-8141-EB094CF73134 &nbsp; &nbsp; CH\u00d4MAGE PARTIEL\u00a0: Vous&#8230;<\/p>\n","protected":false},"author":1,"featured_media":0,"comment_status":"closed","ping_status":"closed","sticky":false,"template":"","format":"standard","meta":{"_mi_skip_tracking":false,"_monsterinsights_sitenote_active":false,"_monsterinsights_sitenote_note":"","_monsterinsights_sitenote_category":0},"categories":[1],"tags":[],"_links":{"self":[{"href":"https:\/\/sndll.info\/index.php?rest_route=\/wp\/v2\/posts\/5624"}],"collection":[{"href":"https:\/\/sndll.info\/index.php?rest_route=\/wp\/v2\/posts"}],"about":[{"href":"https:\/\/sndll.info\/index.php?rest_route=\/wp\/v2\/types\/post"}],"author":[{"embeddable":true,"href":"https:\/\/sndll.info\/index.php?rest_route=\/wp\/v2\/users\/1"}],"replies":[{"embeddable":true,"href":"https:\/\/sndll.info\/index.php?rest_route=%2Fwp%2Fv2%2Fcomments&post=5624"}],"version-history":[{"count":3,"href":"https:\/\/sndll.info\/index.php?rest_route=\/wp\/v2\/posts\/5624\/revisions"}],"predecessor-version":[{"id":5627,"href":"https:\/\/sndll.info\/index.php?rest_route=\/wp\/v2\/posts\/5624\/revisions\/5627"}],"wp:attachment":[{"href":"https:\/\/sndll.info\/index.php?rest_route=%2Fwp%2Fv2%2Fmedia&parent=5624"}],"wp:term":[{"taxonomy":"category","embeddable":true,"href":"https:\/\/sndll.info\/index.php?rest_route=%2Fwp%2Fv2%2Fcategories&post=5624"},{"taxonomy":"post_tag","embeddable":true,"href":"https:\/\/sndll.info\/index.php?rest_route=%2Fwp%2Fv2%2Ftags&post=5624"}],"curies":[{"name":"wp","href":"https:\/\/api.w.org\/{rel}","templated":true}]}}