{"id":5643,"date":"2021-12-21T05:28:02","date_gmt":"2021-12-21T04:28:02","guid":{"rendered":"http:\/\/pjcrpry.cluster031.hosting.ovh.net\/?p=5643"},"modified":"2021-12-21T05:29:13","modified_gmt":"2021-12-21T04:29:13","slug":"le-president-du-sndll-livre-ses-impressions","status":"publish","type":"post","link":"https:\/\/sndll.info\/?p=5643","title":{"rendered":"LE PRESIDENT DU SNDLL LIVRE SES IMPRESSIONS !"},"content":{"rendered":"<p>&nbsp;<\/p>\n<p><span style=\"color: #ff00ff;\"><strong>ARTICLE DU FIGARO CE MARDI 21 MATIN.<\/strong><\/span><\/p>\n<p>Pr\u00e9cision: Je ne suis pas du tout &#8220;r\u00e9sign\u00e9&#8221; sur le fond !<\/p>\n<p>J&#8217;irai, comme toujours jusqu&#8217;au bout de nos droits, de notre d\u00e9fense.<\/p>\n<p>Amiti\u00e9s \u00e0 tous.<\/p>\n<p>Patrick MALVA\u00cbS<\/p>\n<h1 class=\"fig-headline fig-pagination__hidden\">Discoth\u00e8ques\u00a0: les professionnels ont plaid\u00e9 leur cause devant le Conseil d&#8217;\u00c9tat pour annuler la fermeture<\/h1>\n<div class=\"fig-wrapper fig-zone-main fig-content-metas-info\">\n<p><span class=\"fig-content-metas__authors\">Par\u00a0Alexia Sardi-Antasan<\/span><\/p>\n<div class=\"fig-content-metas__pub\"><span class=\"fig-content-metas__pub-date fig-content-metas__pub-date--hide-small\">Publi\u00e9\u00a0<time datetime=\"2021-12-20T19:07:34+01:00\">hier \u00e0 19:07<\/time>,<\/span><span class=\"fig-content-metas__pub-maj-date\">\u00a0mis \u00e0 jour\u00a0<time datetime=\"2021-12-20T19:20:00+01:00\">hier \u00e0 19:20<\/time><\/span><\/div>\n<\/div>\n<figure class=\"fig-media fig-media--type-photo fig-media__content-main\">\n<div class=\"fig-media__container fig-lazy fig-lazy--16-9 fig-lazy--transparent\" style=\"box-sizing: border-box; border: 0px; font-style: inherit; font-variant: inherit; font-weight: inherit; font-stretch: inherit; line-height: inherit; font-family: inherit; font-size: 0px; margin: 0px; padding: 0px; vertical-align: baseline; max-width: 100%; position: relative; cursor: pointer;\" data-module=\"fig-photo\" data-context=\"was @visible\" data-modal-image=\"&lt;img srcset=&quot;https:\/\/i.f1g.fr\/media\/cms\/1194x804\/2021\/12\/20\/44642b37a110c61c396728716814d9d88ca08a8fee19d6c4f9fe53ab5d7b392b.jpg, https:\/\/i.f1g.fr\/media\/cms\/704x704\/2021\/12\/20\/44642b37a110c61c396728716814d9d88ca08a8fee19d6c4f9fe53ab5d7b392b.jpg, https:\/\/i.f1g.fr\/media\/cms\/320x395\/2021\/12\/20\/44642b37a110c61c396728716814d9d88ca08a8fee19d6c4f9fe53ab5d7b392b.jpg&quot; sizes=&quot;(min-width: 64em) 1194px, (min-width: 48em) and (max-width: 63.99em) 704px, 100vw&quot; class=&quot;fig-media-modal__image&quot; alt=&quot;Selon Patrick Malva\u00ebs, le pr\u00e9sident de la SNDLL, le secteur est un \u00abbouc \u00e9missaire\u00bb.&quot;\/&gt;\" data-modal-image-credit=\"9parusnikov \/ stock.adobe.com\" aria-label=\"Agrandir l'image\">\n<p><img class=\"fig-media-photo fig-img--complete\" sizes=\"(min-width: 64em) 616px, (min-width: 48em) and (max-width: 63.99em) 704px, 100vw\" srcset=\"https:\/\/i.f1g.fr\/media\/cms\/414x233_cropupscale\/2021\/12\/20\/44642b37a110c61c396728716814d9d88ca08a8fee19d6c4f9fe53ab5d7b392b.jpg 414w, https:\/\/i.f1g.fr\/media\/cms\/616x347_cropupscale\/2021\/12\/20\/44642b37a110c61c396728716814d9d88ca08a8fee19d6c4f9fe53ab5d7b392b.jpg 616w, https:\/\/i.f1g.fr\/media\/cms\/704x396_cropupscale\/2021\/12\/20\/44642b37a110c61c396728716814d9d88ca08a8fee19d6c4f9fe53ab5d7b392b.jpg 704w\" alt=\"Selon Patrick Malva\u00ebs, le pr\u00e9sident de la SNDLL, le secteur est un \u00abbouc \u00e9missaire\u00bb.\" \/><\/p>\n<div class=\"fig-media__button\"><\/div>\n<\/div><figcaption class=\"fig-media__legend\">Selon Patrick Malva\u00ebs, le pr\u00e9sident de la SNDLL, <strong><span style=\"color: #0000ff;\">le secteur est un\u00a0<i>\u00abbouc \u00e9missaire\u00bb.<\/i><\/span><\/strong><span class=\"fig-media__credits\"><strong><span style=\"color: #0000ff;\">\u00a0<\/span><\/strong>9parusnikov \/ stock.adobe.com<\/span><\/figcaption><\/figure>\n<p class=\"fig-standfirst\">Le Syndicat national des discoth\u00e8ques et des lieux de loisirs (SNDLL) d\u00e9nonce <strong><span style=\"color: #0000ff;\">une d\u00e9cision \u00abincoh\u00e9rente, hypocrite et injuste\u00bb<\/span><\/strong> mais ne se fait aucune illusion quant \u00e0 l&#8217;issue du recours.<\/p>\n<div class=\"fig-ad-content fig-ad-content--native_atf\">\n<div id=\"native_atf\" data-figtag=\"native_atf\" data-google-query-id=\"CJbO8fSE9PQCFRRQjwod3GwHqw\">\n<div id=\"google_ads_iframe_\/31695825\/lefigaro\/web_desktop_nos\/desktop_lefigaro_economie-conjoncture-articles_native_atf_0__container__\"><\/div>\n<\/div>\n<\/div>\n<div class=\"fig-content-body\" data-agora-base-url=\"https:\/\/connect.lefigaro.fr\" data-component=\"fig-content-body\" data-context=\"was @visible\" data-id=\"bGVmaWdhcm8uZnJfXzU4MjhjNDczLTYxOWEtMTFlYy04ZmYwLWEwMzY5ZjkxZjMwNF9fTmV3c0ZsYXNo\" data-module=\"fig-body\" data-premium=\"false\">\n<p class=\"fig-paragraph\">\u00ab<em>Enfin, et c&#8217;est la seule exception que nous ferons \u00e0 notre principe de ne pas restreindre d&#8217;activit\u00e9s, nous fermerons les discoth\u00e8ques pendant les quatre prochaines semaines<\/em>\u00bb. En une phrase, prononc\u00e9e le 6 d\u00e9cembre par le premier ministre Jean Castex, le gouvernement a r\u00e9duit \u00e0 n\u00e9ant les \u00e9lans festifs de milliers de Fran\u00e7ais et bien s\u00fbr ceux des professionnels du secteur.<\/p>\n<p class=\"fig-paragraph\">Bien d\u00e9cid\u00e9 \u00e0 protester contre cette d\u00e9cision \u00ab<em>incoh\u00e9rente, hypocrite et injuste<\/em>\u00bb, le Syndicat national des discoth\u00e8ques et des lieux de loisirs (SNDLL) avait rendez-vous ce lundi 20 d\u00e9cembre au Conseil d&#8217;\u00c9tat apr\u00e8s sa saisie, annonc\u00e9e sur Twitter le 13 d\u00e9cembre.<\/p>\n<div class=\"fig-recommended fig-crosslinking\"><\/div>\n<p class=\"fig-paragraph\">\u00ab<em>Nous n&#8217;avons aucun r\u00e9el espoir suite \u00e0 cette proc\u00e9dure d&#8217;urgence [r\u00e9f\u00e9r\u00e9-libert\u00e9]. D&#8217;ici mardi ou mercredi, ils vont nous trouver un argument juridique bidon pour justifier la fermeture des discoth\u00e8ques<\/em>\u00bb, s&#8217;agace le pr\u00e9sident de la SNDLL Patrick Malva\u00ebs.<\/p>\n<p class=\"fig-paragraph\">Selon lui, le secteur est un \u00ab<em>bouc \u00e9missaire<\/em>\u00bb.<\/p>\n<p class=\"fig-paragraph\">\u00ab<em>Comment le gouvernement peut-il se baser sur le rapport de l&#8217;Institut Pasteur [dont les r\u00e9sultats ont \u00e9t\u00e9 publi\u00e9s dans le Lancet Regional Health Europe le 26 novembre] alors que les discoth\u00e8ques n&#8217;ont ouvert que 33 jours entre mai et octobre\u00a0?<\/em>\u00bb, se questionne-t-il.<\/p>\n<p class=\"fig-paragraph\">Il d\u00e9nonce le<strong><span style=\"color: #0000ff;\"> caract\u00e8re discriminatoire de la d\u00e9cision\u00a0<\/span><\/strong>: \u00ab<em>Nous sommes les seuls \u00e0 v\u00e9rifier le passe sanitaire et l&#8217;identit\u00e9 de son propri\u00e9taire<\/em>\u00bb.<\/p>\n<p class=\"fig-paragraph\">Patrick Malva\u00ebs s&#8217;\u00e9tonne \u00e9galement que les restaurants, bars, saunas et clubs libertins restent ouverts. Plus mesur\u00e9, Thierry Fontaine, pr\u00e9sident de l&#8217;UMIH Nuit reconna\u00eet de son c\u00f4t\u00e9 que \u00ab<em>les restaurants sont ventil\u00e9s alors que les bars festifs non<\/em>\u00bb.<\/p>\n<p class=\"fig-paragraph\">Au-del\u00e0 du risque sanitaire point\u00e9 par le SNDLL, Patrick Malva\u00ebs estime que cette p\u00e9riode de fermeture repr\u00e9sente une perte de 15 \u00e0 25% du chiffre d&#8217;affaires. \u00ab<em>Et<\/em>\u00a0<em>Les<\/em>\u00a0<em>aides du gouvernement sont prophylactiques<\/em>\u00bb.<\/p>\n<p class=\"fig-paragraph\">Le pr\u00e9sident du syndicat, qui regroupe 425 adh\u00e9rents \u00ab<em>soit 60 \u00e0 65% du secteur<\/em>\u00bb, a <strong><span style=\"color: #ff0000;\">peu d&#8217;espoir concernant une r\u00e9ouverture en janvier<\/span><\/strong>: \u00ab<em>Vous verrez, ce sera double peine apr\u00e8s les d\u00e9rapages dus aux f\u00eates<\/em>\u00bb, glisse-t-il, r\u00e9sign\u00e9.<\/p>\n<\/div>\n","protected":false},"excerpt":{"rendered":"<p>&nbsp; ARTICLE DU FIGARO CE MARDI 21 MATIN. Pr\u00e9cision: Je ne suis pas du tout &#8220;r\u00e9sign\u00e9&#8221; sur le fond ! J&#8217;irai, comme toujours jusqu&#8217;au bout de nos droits, de notre d\u00e9fense. Amiti\u00e9s \u00e0 tous&#8230;.<\/p>\n","protected":false},"author":2,"featured_media":0,"comment_status":"closed","ping_status":"closed","sticky":false,"template":"","format":"standard","meta":{"_mi_skip_tracking":false,"_monsterinsights_sitenote_active":false,"_monsterinsights_sitenote_note":"","_monsterinsights_sitenote_category":0},"categories":[1],"tags":[],"_links":{"self":[{"href":"https:\/\/sndll.info\/index.php?rest_route=\/wp\/v2\/posts\/5643"}],"collection":[{"href":"https:\/\/sndll.info\/index.php?rest_route=\/wp\/v2\/posts"}],"about":[{"href":"https:\/\/sndll.info\/index.php?rest_route=\/wp\/v2\/types\/post"}],"author":[{"embeddable":true,"href":"https:\/\/sndll.info\/index.php?rest_route=\/wp\/v2\/users\/2"}],"replies":[{"embeddable":true,"href":"https:\/\/sndll.info\/index.php?rest_route=%2Fwp%2Fv2%2Fcomments&post=5643"}],"version-history":[{"count":2,"href":"https:\/\/sndll.info\/index.php?rest_route=\/wp\/v2\/posts\/5643\/revisions"}],"predecessor-version":[{"id":5646,"href":"https:\/\/sndll.info\/index.php?rest_route=\/wp\/v2\/posts\/5643\/revisions\/5646"}],"wp:attachment":[{"href":"https:\/\/sndll.info\/index.php?rest_route=%2Fwp%2Fv2%2Fmedia&parent=5643"}],"wp:term":[{"taxonomy":"category","embeddable":true,"href":"https:\/\/sndll.info\/index.php?rest_route=%2Fwp%2Fv2%2Fcategories&post=5643"},{"taxonomy":"post_tag","embeddable":true,"href":"https:\/\/sndll.info\/index.php?rest_route=%2Fwp%2Fv2%2Ftags&post=5643"}],"curies":[{"name":"wp","href":"https:\/\/api.w.org\/{rel}","templated":true}]}}