{"id":5663,"date":"2021-12-22T14:00:47","date_gmt":"2021-12-22T13:00:47","guid":{"rendered":"http:\/\/pjcrpry.cluster031.hosting.ovh.net\/?p=5663"},"modified":"2021-12-22T17:54:37","modified_gmt":"2021-12-22T16:54:37","slug":"communique-de-presse-du-22-decembre","status":"publish","type":"post","link":"https:\/\/sndll.info\/?p=5663","title":{"rendered":"COMMUNIQU\u00c9 DE PRESSE DU 22 D\u00c9CEMBRE"},"content":{"rendered":"<h1 style=\"text-align: center;\">COMMUNIQU\u00c9 DE PRESSE DU 22 D\u00c9CEMBRE<\/h1>\n<p>\u200b<\/p>\n<p class=\"s6\"><span class=\"s4\"><span class=\"bumpedFont15\">Sans surprise,\u00a0<\/span><\/span><span class=\"s5\"><span class=\"bumpedFont15\">le Conseil d&#8217;\u00c9tat a rejet\u00e9 la demande du SNDLL d&#8217;annulation de la fermeture des discoth\u00e8ques.<\/span><\/span><\/p>\n<p class=\"s6\"><span class=\"s4\"><span class=\"bumpedFont15\">\u00c9taient en jeu la d\u00e9fense de la libert\u00e9 fondamentale du commerce, la non-discrimination et l&#8217;\u00e9galit\u00e9 de traitement.<\/span><\/span><\/p>\n<p class=\"s9\"><span class=\"s4\"><span class=\"bumpedFont15\">Le Conseil d&#8217;\u00c9tat a pr\u00e9f\u00e9r\u00e9<\/span><\/span><span class=\"s5\"><span class=\"bumpedFont15\">\u00a0<\/span><\/span><span class=\"s5\"><span class=\"bumpedFont15\">ne pas r\u00e9pondre sur le fond\u00a0et se r\u00e9fugier derri\u00e8re l&#8217;alibi sanitaire\u00a0<\/span><\/span><span class=\"s4\"><span class=\"bumpedFont15\">de l&#8217;actuelle aggravation pour\u00a0<\/span><\/span><span class=\"s7\"><span class=\"bumpedFont15\">&#8221; <\/span><\/span><span class=\"s8\"><span class=\"bumpedFont15\">botter en touche\u00a0\u00bb.<\/span><\/span><\/p>\n<p class=\"s6\"><span class=\"s4\"><span class=\"bumpedFont15\">En<\/span><\/span><span class=\"s5\"><span class=\"bumpedFont15\">\u00a0<\/span><\/span><span class=\"s5\"><span class=\"bumpedFont15\">refusant de se prononcer sur<\/span><\/span><span class=\"s4\"><span class=\"bumpedFont15\">\u00a0<\/span><\/span><span class=\"s5\"><span class=\"bumpedFont15\">L&#8217;ABSENCE DE COH\u00c9RENCE du dispositif d&#8217;ensemble du Gouvernement,<\/span><\/span><span class=\"s5\"><span class=\"bumpedFont15\">\u00a0<\/span><\/span><span class=\"s5\"><span class=\"bumpedFont15\">le C<\/span><\/span><span class=\"s5\"><span class=\"bumpedFont15\">onseil d\u2019\u00c9tat<\/span><\/span><span class=\"s5\"><span class=\"bumpedFont15\"> avalise une situation inadmissible comme l&#8217;ouverture de salles<\/span><\/span> <span class=\"s5\"><span class=\"bumpedFont15\">type\u00a0<\/span><\/span><span class=\"s5\"><span class=\"bumpedFont15\">(prenons l\u2019exemple du\u00a0<\/span><\/span><span class=\"s5\"><span class=\"bumpedFont15\">Concert de NINO)<\/span><\/span><span class=\"s5\"><span class=\"bumpedFont15\">\u00a0<\/span><\/span><span class=\"s4\"><span class=\"bumpedFont15\">mais pas seulement.<\/span><\/span><\/p>\n<p class=\"s6\"><span class=\"s5\"><span class=\"bumpedFont15\">Le C<\/span><\/span><span class=\"s5\"><span class=\"bumpedFont15\">onseil d\u2019\u00c9tat<\/span><\/span><span class=\"s5\"><span class=\"bumpedFont15\">\u00a0\u00ab pr\u00e9f\u00e8re \u00bb camper sur un &#8220;<\/span><\/span><span class=\"s8\"><span class=\"bumpedFont15\">risque\u00a0discoth\u00e8que<\/span><\/span><span class=\"s5\"><span class=\"bumpedFont15\">&#8221; qu&#8217;il appr\u00e9cie sur le seul plan th\u00e9orique (les id\u00e9es re\u00e7ues ont la vie dure) plut\u00f4t que de constater l&#8217;absence de risque empiriquement observ\u00e9 en discoth\u00e8que. Ce d\u00e9ni est choquant et r\u00e9v\u00e9lateur de la confusion culturelle de nos &#8220;\u00e9lites&#8221;, incapables d&#8217;analyser objectivement la situation qui leur \u00e9chappe.\u00a0<\/span><\/span><\/p>\n<p class=\"s6\"><span class=\"s4\"><span class=\"bumpedFont15\">Nous avions d\u00e9nonc\u00e9 \u00e0 l&#8217;audience que RIEN n&#8217;incrimine les discoth\u00e8ques et surtout pas l&#8217;\u00e9tude <\/span><\/span><span class=\"s4\"><span class=\"bumpedFont15\">Comcor<\/span><\/span> <span class=\"s4\"><span class=\"bumpedFont15\">\/<\/span><\/span> <span class=\"s4\"><span class=\"bumpedFont15\">PASTEUR. <\/span><\/span><span class=\"s10\"><span class=\"bumpedFont15\">Celle-ci &#8220;pointe&#8221; clairement et en priorit\u00e9 d&#8217;autres responsables (bars et parties priv\u00e9es, publiques et soir\u00e9es)<\/span><\/span><span class=\"s4\"><span class=\"bumpedFont15\">.<\/span><\/span><\/p>\n<p class=\"s6\"><span class=\"s5\"><span class=\"bumpedFont15\">Mis clairement en difficult\u00e9, le gouvernement, \u00e0 l&#8217;audience, l\u00e0-dessus, n&#8217;a pas pu prouver l&#8217;existence de clusters en discoth\u00e8ques qui auraient occasionn\u00e9 la fameuse derni\u00e8re vague.<\/span><\/span><\/p>\n<p>&nbsp;<\/p>\n<p class=\"s6\"><span class=\"s10\"><span class=\"bumpedFont15\">Le Conseil d\u2019\u00c9tat ne reprend pas cet \u00e9l\u00e9ment pourtant essentiel<\/span><\/span><span class=\"s4\"><span class=\"bumpedFont15\"> et se borne \u00e0 dire que le premier Ministre n&#8217;\u00e9tait pas juridiquement oblig\u00e9 de consulter le Comit\u00e9 Scientifique. Il n&#8217;emp\u00eache que c&#8217;est au nom de l&#8217;invocation d&#8217;avis de scientifiques dont l&#8217;\u00e9tude <\/span><\/span><span class=\"s4\"><span class=\"bumpedFont15\">ComCor<\/span><\/span> <span class=\"s4\"><span class=\"bumpedFont15\">\/<\/span><\/span> <span class=\"s4\"><span class=\"bumpedFont15\">Pasteur et les jugements de valeur du Professeur DELFRAISSY sur les discoth\u00e8ques que le Gouvernement a pris sa d\u00e9cision.<\/span><\/span><\/p>\n<p class=\"s6\"><span class=\"s5\"><span class=\"bumpedFont15\">Le C<\/span><\/span><span class=\"s5\"><span class=\"bumpedFont15\">onseil d\u2019\u00c9tat<\/span><\/span><span class=\"s5\"><span class=\"bumpedFont15\"> ne rel\u00e8ve pas la malhonn\u00eatet\u00e9 intellectuelle qui nous a condamn\u00e9s en ignorant les autres coupables identifi\u00e9s pourtant nettement par l&#8217;\u00e9tude PASTEUR.<\/span><\/span><span class=\"s5\"><span class=\"bumpedFont15\">\u00a0<\/span><\/span><\/p>\n<p class=\"s6\"><span class=\"s4\"><span class=\"bumpedFont15\">Ce n&#8217;est pas rendre justice \u00e0 nos m\u00e9tiers ni redonner de la cr\u00e9dibilit\u00e9 \u00e0 une action publique dont nous avons bien d\u00e9montr\u00e9 l&#8217;incoh\u00e9rence<\/span><\/span><span class=\"s4\"><span class=\"bumpedFont15\">.<\/span><\/span><\/p>\n<p class=\"s6\"><span class=\"s5\"><span class=\"bumpedFont15\">D\u2019ailleurs nous<\/span><\/span><span class=\"s5\"><span class=\"bumpedFont15\"> ne tarderons pas \u00e0<\/span><\/span><span class=\"s5\"><span class=\"bumpedFont15\"> en<\/span><\/span><span class=\"s5\"><span class=\"bumpedFont15\">\u00a0payer le<\/span><\/span><span class=\"s5\"><span class=\"bumpedFont15\">\u00a0prix sanitaire c\u2019est malheureusement \u00e9vident\u2026<\/span><\/span><\/p>\n<p class=\"s6\"><span class=\"s4\"><span class=\"bumpedFont15\">Le C<\/span><\/span><span class=\"s4\"><span class=\"bumpedFont15\">onseil d\u2019\u00c9tat<\/span><\/span><span class=\"s4\"><span class=\"bumpedFont15\"> ajoute que<\/span><\/span><span class=\"s5\"><span class=\"bumpedFont15\">\u00a0<\/span><\/span><span class=\"s5\"><span class=\"bumpedFont15\">rien n&#8217;interdit au Premier Ministre d&#8217;utiliser le crit\u00e8re arbitraire de la classification en mati\u00e8re de s\u00e9curit\u00e9<\/span><\/span><span class=\"s5\"><span class=\"bumpedFont15\">\u00a0<\/span><\/span><span class=\"s4\"><span class=\"bumpedFont15\">(lettres P, N etc..) <\/span><\/span><span class=\"s10\"><span class=\"bumpedFont15\">qui <\/span><\/span><span class=\"s10\"><span class=\"bumpedFont15\">aboutit artificiellement<\/span><\/span><span class=\"s10\"><span class=\"bumpedFont15\"> \u00e0 <\/span><\/span><span class=\"s10\"><span class=\"bumpedFont15\">ne viser<\/span><\/span><span class=\"s10\"><span class=\"bumpedFont15\"> que les discoth\u00e8ques<\/span><\/span><span class=\"s4\"><span class=\"bumpedFont15\">. <\/span><\/span><\/p>\n<p class=\"s6\"><span class=\"s4\"><span class=\"bumpedFont15\">Pourtant, nous avions expos\u00e9 \u00e0 l&#8217;audience qu&#8217;existaient des crit\u00e8res <\/span><\/span><span class=\"s4\"><span class=\"bumpedFont15\">d\u2019identification <\/span><\/span><span class=\"s4\"><span class=\"bumpedFont15\">plus efficaces (contrats SACEM et SPRE par exemple) et plus \u00e9quitables pour \u00e9viter le risque de propagation \u00e9pid\u00e9mique dans tous les lieux ayant <\/span><\/span><span class=\"s4\"><span class=\"bumpedFont15\">la <\/span><\/span><span class=\"s4\"><span class=\"bumpedFont15\">m\u00eame <\/span><\/span><span class=\"s4\"><span class=\"bumpedFont15\">vocation \u00e0<\/span><\/span><span class=\"s4\"><span class=\"bumpedFont15\"> un moment donn\u00e9, que les discoth\u00e8ques (bars, restaurants, clubs libertins, saunas, bars de rencontres, salles de f\u00eates, de spectacles <\/span><\/span><span class=\"s4\"><span class=\"bumpedFont15\">etc<\/span><\/span><span class=\"s4\"><span class=\"bumpedFont15\">)<\/span><\/span><span class=\"s4\"><span class=\"bumpedFont15\">.<\/span><\/span><\/p>\n<p class=\"s6\"><span class=\"s5\"><span class=\"bumpedFont15\">Le C<\/span><\/span><span class=\"s5\"><span class=\"bumpedFont15\">onseil d\u2019\u00c9tat<\/span><\/span><span class=\"s5\"><span class=\"bumpedFont15\"> ne<\/span><\/span><span class=\"s5\"><span class=\"bumpedFont15\"> se prononce m\u00eame pas sur ce crit\u00e8re alternatif, et permet ainsi la migration de l&#8217;\u00e9pid\u00e9mie dans une multitude\u00a0de lieux publics et priv\u00e9s.\u00a0<\/span><\/span><\/p>\n<p class=\"s6\"><span class=\"s5\"><span class=\"bumpedFont15\">D\u2019autant pr\u00e9cise le<\/span><\/span><span class=\"s5\"><span class=\"bumpedFont15\"> C<\/span><\/span><span class=\"s5\"><span class=\"bumpedFont15\">onseil d\u2019\u00c9tat<\/span><\/span><span class=\"s5\"><span class=\"bumpedFont15\">, que le Gouvernement a interdit la danse dans les \u00e9tablissements de type P et que tous les autres sont soumis aux &#8220;r\u00e8gles g\u00e9n\u00e9rales applicables en cas de rassemblement de personnes&#8221;. <\/span><\/span><\/p>\n<p class=\"s6\"><span class=\"s5\"><span class=\"bumpedFont15\">Il est interdit de rire !!! <\/span><\/span><\/p>\n<p class=\"s6\"><span class=\"s5\"><span class=\"bumpedFont15\">Il est vrai que c&#8217;est la saison des contes de No\u00ebl&#8230;<\/span><\/span><\/p>\n<p>&nbsp;<\/p>\n<p class=\"s6\"><span class=\"s4\"><span class=\"bumpedFont15\">En janvier, nous constaterons ainsi une aggravation (comme \u00e0 la fin de l&#8217;\u00e9t\u00e9 2020) de l&#8217;\u00e9pid\u00e9mie faute d&#8217;avoir eu le courage d&#8217;imposer au Gouvernement l&#8217;utilisation de crit\u00e8res moins arbitraires pour <\/span><\/span><span class=\"s4\"><span class=\"bumpedFont15\">vraiment promouvoir<\/span><\/span><span class=\"s4\"><span class=\"bumpedFont15\"> des d\u00e9cisions justes et efficaces.<\/span><\/span><\/p>\n<p class=\"s6\"><span class=\"s5\"><span class=\"bumpedFont15\">Enfin, pour masquer ce recul, l<\/span><\/span><span class=\"s4\"><span class=\"bumpedFont15\">e C<\/span><\/span><span class=\"s4\"><span class=\"bumpedFont15\">onseil d\u2019\u00c9tat<\/span><\/span><span class=\"s4\"><span class=\"bumpedFont15\"> &#8220;fait ses choux gras&#8221;, comme le Gouvernement, de<\/span><\/span><span class=\"s4\"><span class=\"bumpedFont15\">\u00a0<\/span><\/span><span class=\"s5\"><span class=\"bumpedFont15\">l&#8217;aggravation g\u00e9n\u00e9rale de la situation<\/span><\/span><span class=\"s5\"><span class=\"bumpedFont15\">\u00a0<\/span><\/span><span class=\"s5\"><span class=\"bumpedFont15\">sanitaire<\/span><\/span><span class=\"s4\"><span class=\"bumpedFont15\">\u00a0<\/span><\/span><span class=\"s4\"><span class=\"bumpedFont15\">ces derniers jours. <\/span><\/span><\/p>\n<p class=\"s6\"><span class=\"s4\"><span class=\"bumpedFont15\">Cette<\/span><\/span><span class=\"s4\"><span class=\"bumpedFont15\">\u00a0<\/span><\/span><span class=\"s5\"><span class=\"bumpedFont15\">dramaturgie<\/span><\/span><span class=\"s4\"><span class=\"bumpedFont15\">\u00a0<\/span><\/span><span class=\"s4\"><span class=\"bumpedFont15\">bien commode &#8220;pour noyer les <\/span><\/span><span class=\"s4\"><span class=\"bumpedFont15\">d\u00e9cisions \u00bb est<\/span><\/span><span class=\"s4\"><span class=\"bumpedFont15\"> connue et justifierait n&#8217;importe quelle(s) mesure(s) et donc aussi notre fermeture.<\/span><\/span><\/p>\n<p class=\"s6\"><span class=\"s4\"><span class=\"bumpedFont15\">Pour le C<\/span><\/span><span class=\"s4\"><span class=\"bumpedFont15\">onseil d\u2019\u00c9tat<\/span><\/span><span class=\"s4\"><span class=\"bumpedFont15\">, au moins un trou de la passoire est bouch\u00e9. Mais <\/span><\/span><span class=\"s4\"><span class=\"bumpedFont15\">cela semble<\/span><\/span> <span class=\"s4\"><span class=\"bumpedFont15\">plus que court !<\/span><\/span><\/p>\n<p class=\"s6\"><span class=\"s5\"><span class=\"bumpedFont15\">Pour le C<\/span><\/span><span class=\"s5\"><span class=\"bumpedFont15\">onseil d\u2019\u00c9tat<\/span><\/span><span class=\"s5\"><span class=\"bumpedFont15\"> il ne s&#8217;agit pas de se prononcer en \u00e9quit\u00e9 ou efficacit\u00e9. Il s&#8217;est agit simplement de justifier juridiquement ce qui a \u00e9t\u00e9 d\u00e9cid\u00e9.\u00a0<\/span><\/span><\/p>\n<p class=\"s6\"><span class=\"s4\"><span class=\"bumpedFont15\">Ni la sant\u00e9 publique, ni les libert\u00e9s publiques n&#8217;y <\/span><\/span><span class=\"s4\"><span class=\"bumpedFont15\">gagnent&#8230;<\/span><\/span><\/p>\n<p>&nbsp;<\/p>\n<p class=\"s6\"><span class=\"s5\"><span class=\"bumpedFont15\">L&#8217;essentiel \u00e9tait de fournir un barrage (<\/span><\/span><span class=\"s5\"><span class=\"bumpedFont15\">voir <\/span><\/span><span class=\"s5\"><span class=\"bumpedFont15\">un bardage ?) juridique au Gouvernement et nullement d&#8217;essayer au nom des libert\u00e9s publiques et au nom de la sant\u00e9 publique d&#8217;infl\u00e9chir ce qui est incoh\u00e9rent. <\/span><\/span><\/p>\n<p class=\"s6\"><span class=\"s5\"><span class=\"bumpedFont15\">Nous le paierons tous ;\u00a0<\/span><\/span><span class=\"s5\"><span class=\"bumpedFont15\">Nous en ferons ensemble le bilan\u00a0!<\/span><\/span><\/p>\n<p class=\"s6\"><span class=\"s5\"><span class=\"bumpedFont15\">C&#8217;est toujours un honneur d&#8217;avoir le courage de d\u00e9fendre jusqu&#8217;au bout ce que l&#8217;on estime juste et bon.<\/span><\/span><\/p>\n<p class=\"s6\"><span class=\"s4\"><span class=\"bumpedFont15\">Cette d\u00e9cision n\u2019entame en rien la d\u00e9termination <\/span><\/span><span class=\"s4\"><span class=\"bumpedFont15\">\u00e0<\/span><\/span><span class=\"s4\"><span class=\"bumpedFont15\"> d\u00e9fendre la profession probablement la plus touch\u00e9e \u00e9conomiquement par cette crise sanitaire.<\/span><\/span><\/p>\n<p class=\"s6\"><span class=\"s5\"><span class=\"bumpedFont15\">Notre<\/span><\/span><span class=\"s5\"><span class=\"bumpedFont15\"> priorit\u00e9 d\u00e9sormais porte sur la finalisation de l\u2019obtention des mesures d\u2019accompagnement \u00e9conomique pour lesquelles nous intervenons quotidiennement aupr\u00e8s du Gouvernement.<\/span><\/span><\/p>\n<p class=\"s13\"><span class=\"s12\"><span class=\"bumpedFont15\">Les d\u00e9crets devraient \u00eatre publi\u00e9s prochainement.<\/span><\/span><\/p>\n<p class=\"s13\" style=\"text-align: center;\"><span class=\"s14\"><span class=\"bumpedFont15\">Christian JOUNY<\/span><\/span>\u200b\u200b\u200b<span class=\"s14\"><span class=\"bumpedFont15\"> \u00a0 \u00a0<\/span><\/span><span class=\"s14\"><span class=\"bumpedFont15\">Patrick MALVA\u00cbS<\/span><\/span><\/p>\n<p class=\"s13\">\n","protected":false},"excerpt":{"rendered":"<p>COMMUNIQU\u00c9 DE PRESSE DU 22 D\u00c9CEMBRE \u200b Sans surprise,\u00a0le Conseil d&#8217;\u00c9tat a rejet\u00e9 la demande du SNDLL d&#8217;annulation de la fermeture des discoth\u00e8ques. \u00c9taient en jeu la d\u00e9fense de la libert\u00e9 fondamentale du commerce,&#8230;<\/p>\n","protected":false},"author":1,"featured_media":0,"comment_status":"closed","ping_status":"closed","sticky":false,"template":"","format":"standard","meta":{"_mi_skip_tracking":false,"_monsterinsights_sitenote_active":false,"_monsterinsights_sitenote_note":"","_monsterinsights_sitenote_category":0},"categories":[1],"tags":[],"_links":{"self":[{"href":"https:\/\/sndll.info\/index.php?rest_route=\/wp\/v2\/posts\/5663"}],"collection":[{"href":"https:\/\/sndll.info\/index.php?rest_route=\/wp\/v2\/posts"}],"about":[{"href":"https:\/\/sndll.info\/index.php?rest_route=\/wp\/v2\/types\/post"}],"author":[{"embeddable":true,"href":"https:\/\/sndll.info\/index.php?rest_route=\/wp\/v2\/users\/1"}],"replies":[{"embeddable":true,"href":"https:\/\/sndll.info\/index.php?rest_route=%2Fwp%2Fv2%2Fcomments&post=5663"}],"version-history":[{"count":2,"href":"https:\/\/sndll.info\/index.php?rest_route=\/wp\/v2\/posts\/5663\/revisions"}],"predecessor-version":[{"id":5666,"href":"https:\/\/sndll.info\/index.php?rest_route=\/wp\/v2\/posts\/5663\/revisions\/5666"}],"wp:attachment":[{"href":"https:\/\/sndll.info\/index.php?rest_route=%2Fwp%2Fv2%2Fmedia&parent=5663"}],"wp:term":[{"taxonomy":"category","embeddable":true,"href":"https:\/\/sndll.info\/index.php?rest_route=%2Fwp%2Fv2%2Fcategories&post=5663"},{"taxonomy":"post_tag","embeddable":true,"href":"https:\/\/sndll.info\/index.php?rest_route=%2Fwp%2Fv2%2Ftags&post=5663"}],"curies":[{"name":"wp","href":"https:\/\/api.w.org\/{rel}","templated":true}]}}