{"id":5669,"date":"2021-12-27T10:04:22","date_gmt":"2021-12-27T09:04:22","guid":{"rendered":"http:\/\/pjcrpry.cluster031.hosting.ovh.net\/?p=5669"},"modified":"2021-12-27T10:04:22","modified_gmt":"2021-12-27T09:04:22","slug":"representativite","status":"publish","type":"post","link":"https:\/\/sndll.info\/?p=5669","title":{"rendered":"REPRESENTATIVITE"},"content":{"rendered":"<p>Chers amis,<\/p>\n<p>Comme tous les 4 ans, les services de l&#8217;Etat ont enqu\u00eat\u00e9 sur la repr\u00e9sentativit\u00e9 des organisations patronales, notamment \u00e0 partir des chiffres d&#8217;adh\u00e9sion et des bilans syndicaux v\u00e9rifi\u00e9s par un Commissaire aux Comptes agr\u00e9\u00e9.<\/p>\n<p>Comme il y a 4 ans, <strong><span style=\"color: #ff00ff;\">le SNDLL est la seule organisation professionnelle consacr\u00e9e aux seules discoth\u00e8ques qui a \u00e9t\u00e9 reconnue repr\u00e9sentative.<\/span><\/strong><\/p>\n<p>Mieux m\u00eame, dans la branche des loisirs (qui comprend les parcs dont les 17 000 salari\u00e9s de DISNEY et ses 50 000 emplois indirects), le SNDLL repr\u00e9sente d\u00e9sormais pr\u00e8s de 15% du secteur !<\/p>\n<p>C&#8217;est une satisfaction pour nous tous et une <strong><span style=\"color: #000080;\">mesure incontestable de notre audience faite \u00e0 partir de donn\u00e9es objectives par les services de l&#8217;Etat.<\/span><\/strong><\/p>\n<p>Patrick MALVA\u00cbS<\/p>\n<div class=\"head-code-page\">\n<h1 class=\"main-title-light\">Arr\u00eat\u00e9 du 6 octobre 2021 fixant la liste des organisations professionnelles d&#8217;employeurs reconnues repr\u00e9sentatives dans la convention collective nationale des espaces de loisirs, d&#8217;attractions et culturels (n\u00b0 1790)<\/h1>\n<div class=\"jo-subtitle\">\n<div class=\"top-page-jo\">NOR : MTRT2125823A<br \/>\n<span class=\"word-break-all\">ELI : https:\/\/www.legifrance.gouv.fr\/eli\/arrete\/2021\/10\/6\/MTRT2125823A\/jo\/texte<br \/>\n<\/span><span class=\"word-break-all\"><a href=\"https:\/\/www.legifrance.gouv.fr\/jorf\/jo\/2021\/10\/23\/0248\">JORF n\u00b00248 du 23 octobre 2021<br \/>\n<\/a><\/span>Texte n\u00b0 60<\/div>\n<div class=\"top-page-jo-button\"><a class=\"doc-download top-page-jo-download\" title=\"Extrait du Journal officiel \u00e9lectronique authentifi\u00e9 (PDF - 179,5 Ko, nouvelle fen\u00eatre)\" href=\"https:\/\/www.legifrance.gouv.fr\/download\/pdf?id=7UcuwtYmfcfajAxEynH_4qxDSBPnsB4U0XeWDsEtAIM=\" target=\"_blank\" rel=\"noopener noreferrer nofollow\">Extrait du Journal officiel \u00e9lectronique authentifi\u00e9<span class=\"info-doc\">PDF &#8211; 179,5 Ko<\/span><\/a><\/div>\n<\/div>\n<div class=\"small-search-block\" role=\"search\">\n<fieldset>\n<legend id=\"jorfSearchInfo\" class=\"hidden-element\">\u00a0<\/legend>\n<\/fieldset>\n<\/div>\n<\/div>\n<div class=\"page-content\">\n<div class=\"summary-box\"><\/div>\n<div data-anchor=\"topAnchor\"><\/div>\n<div class=\"summary-preface\"><\/div>\n<div class=\"summary-preface\">\n<p align=\"left\">\nLa ministre du travail, de l&#8217;emploi et de l&#8217;insertion,<br \/>\nVu le\u00a0<a title=\"Code du travail (V)\" href=\"https:\/\/www.legifrance.gouv.fr\/affichCode.do?cidTexte=LEGITEXT000006072050&amp;dateTexte=29990101&amp;categorieLien=cid\">code du travail<\/a>, notamment ses articles L. 2151-1, L. 2152-1, L. 2261-19 et L. 2152-6 ;<br \/>\nVu la pr\u00e9sentation des r\u00e9sultats de l&#8217;audience au Haut Conseil du dialogue social le 7 juillet 2021, conform\u00e9ment aux\u00a0<a title=\"Code du travail - art. R2152-18 (V)\" href=\"https:\/\/www.legifrance.gouv.fr\/affichCodeArticle.do?cidTexte=LEGITEXT000006072050&amp;idArticle=LEGIARTI000030730118&amp;dateTexte=29990101&amp;categorieLien=cid\">dispositions de l&#8217;article R. 2152-18 du code du travail<\/a>\u00a0;<br \/>\nVu l&#8217;avis du Haut Conseil du dialogue social rendu le 29 septembre 2021, en application de l&#8217;<a title=\"Code du travail - art. L2152-6 (M)\" href=\"https:\/\/www.legifrance.gouv.fr\/affichCodeArticle.do?cidTexte=LEGITEXT000006072050&amp;idArticle=LEGIARTI000028689669&amp;dateTexte=29990101&amp;categorieLien=cid\">article L. 2152-6 du code du travail<\/a>,<br \/>\nArr\u00eate :<\/p>\n<\/div>\n<ul id=\"liste-sommaire\" class=\"code-consommation-list summary-list summary-list-headers-tag js-list-expanded folding-element\" data-on=\"Replier\" data-off=\"D\u00e9plier\">\n<li class=\"opened\" data-a=\"false\">\n<article class=\"js-child list-article-consommation\">\n<div data-a=\"false\">\n<div>\n<p id=\"JORFARTI000044237846-1\" class=\"name-article\" data-anchor=\"JORFARTI000044237846\"><a id=\"linkJORFARTI000044237846-1\" href=\"https:\/\/www.legifrance.gouv.fr\/jorf\/article_jo\/JORFARTI000044237846\">Article 1<\/a><\/p>\n<\/div>\n<div class=\"content\">\n<p>Sont reconnues repr\u00e9sentatives dans la convention collective nationale des espaces de loisirs, d&#8217;attractions et culturels (n\u00b0 1790), les organisations professionnelles d&#8217;employeurs suivantes :<\/p>\n<p>&#8211; Syndicat National des Espaces de Loisirs d&#8217;Attractions et Culturels (SNELAC) ;<br \/>\n&#8211; Syndicat National des Discoth\u00e8ques et lieux de loisirs (SNDLL) ;<br \/>\n&#8211; Association Fran\u00e7aise des Espaces de Loisirs Indoor (SPACE) ;<br \/>\n&#8211; Syndicat des Loisirs Actifs (SLA).<\/p>\n<\/div>\n<\/div>\n<\/article>\n<\/li>\n<\/ul>\n<\/div>\n","protected":false},"excerpt":{"rendered":"<p>Chers amis, Comme tous les 4 ans, les services de l&#8217;Etat ont enqu\u00eat\u00e9 sur la repr\u00e9sentativit\u00e9 des organisations patronales, notamment \u00e0 partir des chiffres d&#8217;adh\u00e9sion et des bilans syndicaux v\u00e9rifi\u00e9s par un Commissaire aux&#8230;<\/p>\n","protected":false},"author":2,"featured_media":0,"comment_status":"closed","ping_status":"closed","sticky":false,"template":"","format":"standard","meta":{"_mi_skip_tracking":false,"_monsterinsights_sitenote_active":false,"_monsterinsights_sitenote_note":"","_monsterinsights_sitenote_category":0},"categories":[1],"tags":[],"_links":{"self":[{"href":"https:\/\/sndll.info\/index.php?rest_route=\/wp\/v2\/posts\/5669"}],"collection":[{"href":"https:\/\/sndll.info\/index.php?rest_route=\/wp\/v2\/posts"}],"about":[{"href":"https:\/\/sndll.info\/index.php?rest_route=\/wp\/v2\/types\/post"}],"author":[{"embeddable":true,"href":"https:\/\/sndll.info\/index.php?rest_route=\/wp\/v2\/users\/2"}],"replies":[{"embeddable":true,"href":"https:\/\/sndll.info\/index.php?rest_route=%2Fwp%2Fv2%2Fcomments&post=5669"}],"version-history":[{"count":1,"href":"https:\/\/sndll.info\/index.php?rest_route=\/wp\/v2\/posts\/5669\/revisions"}],"predecessor-version":[{"id":5673,"href":"https:\/\/sndll.info\/index.php?rest_route=\/wp\/v2\/posts\/5669\/revisions\/5673"}],"wp:attachment":[{"href":"https:\/\/sndll.info\/index.php?rest_route=%2Fwp%2Fv2%2Fmedia&parent=5669"}],"wp:term":[{"taxonomy":"category","embeddable":true,"href":"https:\/\/sndll.info\/index.php?rest_route=%2Fwp%2Fv2%2Fcategories&post=5669"},{"taxonomy":"post_tag","embeddable":true,"href":"https:\/\/sndll.info\/index.php?rest_route=%2Fwp%2Fv2%2Ftags&post=5669"}],"curies":[{"name":"wp","href":"https:\/\/api.w.org\/{rel}","templated":true}]}}