{"id":5677,"date":"2021-12-28T13:00:01","date_gmt":"2021-12-28T12:00:01","guid":{"rendered":"http:\/\/pjcrpry.cluster031.hosting.ovh.net\/?p=5677"},"modified":"2021-12-28T14:55:03","modified_gmt":"2021-12-28T13:55:03","slug":"5677","status":"publish","type":"post","link":"https:\/\/sndll.info\/?p=5677","title":{"rendered":"R\u00c9UNION TELEPHONIQUE CE JOUR \u00c0 16H00"},"content":{"rendered":"<p class=\"s3\"><span class=\"s2\">FLASH INFO &#8211; FLASH INFO &#8211; FLASH INFO &#8211; FLASH INFO<\/span><\/p>\n<p>&nbsp;<\/p>\n<h1 class=\"s3\" style=\"text-align: center;\"><span class=\"s4\">R\u00c9UNION TELEPHONIQUE CE JOUR \u00c0 16H00<\/span><\/h1>\n<p class=\"s5\"><span class=\"s6\">Faisant suite <\/span><span class=\"s6\">\u00e0<\/span><span class=\"s6\"> la conf\u00e9rence de presse du <\/span><span class=\"s6\">P<\/span><span class=\"s6\">remier <\/span><span class=\"s6\">M<\/span><span class=\"s6\">inistre et du ministre de la <\/span><span class=\"s6\">sant\u00e9<\/span> <span class=\"s6\">ayant eu lieu <\/span><span class=\"s6\">hier soir,<\/span><span class=\"s6\"> lundi 27 d\u00e9cembre 2021,<\/span> <span class=\"s6\">aussit\u00f4t, <\/span><span class=\"s6\">nous avons fait connaitre notre stup\u00e9faction a<\/span><span class=\"s6\">upr\u00e8s du cabinet du ministre en charge de notre secteur.<\/span><\/p>\n<p class=\"s5\"><span class=\"s6\">Tant en ce qui concerne la mani\u00e8re de proc\u00e9der que sur la probl\u00e9matique de fond, c\u2019est-\u00e0-<\/span><span class=\"s6\">dire la<\/span><span class=\"s6\"> situation des discoth\u00e8ques qui, au d\u00e9tour d\u2019une conf\u00e9rence de presse comprennent que l\u2019ouverture du 6 janvier est une premi\u00e8re fois report\u00e9e comme nous l\u2019avons toujours craint\u00a0!<\/span><\/p>\n<p class=\"s5\"><span class=\"s6\">Nous apprenons \u00e0 l\u2019instant que nous sommes invit\u00e9s \u00e0 une r\u00e9union t\u00e9l\u00e9phonique \u00e0 16h00.<\/span><\/p>\n<p class=\"s5\"><span class=\"s6\">Nous vous tiendrons inform\u00e9s du contenu de nos \u00e9changes.<\/span><\/p>\n<p class=\"s5\" style=\"text-align: center;\"><span class=\"s6\">Christian JOUNY<\/span>\u200b\u200b\u200b\u200b\u200b\u200b\u200b\u200b<span class=\"s6\">\u00a0 \u00a0 \u00a0 \u00a0 \u00a0 \u00a0 \u00a0Patrick<\/span><span class=\"s6\"> MALVA\u00cbS<\/span><\/p>\n<p>&nbsp;<\/p>\n<p>&nbsp;<\/p>\n<p>&nbsp;<\/p>\n<p>&nbsp;<\/p>\n","protected":false},"excerpt":{"rendered":"<p>FLASH INFO &#8211; FLASH INFO &#8211; FLASH INFO &#8211; FLASH INFO &nbsp; R\u00c9UNION TELEPHONIQUE CE JOUR \u00c0 16H00 Faisant suite \u00e0 la conf\u00e9rence de presse du Premier Ministre et du ministre de la sant\u00e9&#8230;<\/p>\n","protected":false},"author":1,"featured_media":0,"comment_status":"closed","ping_status":"closed","sticky":false,"template":"","format":"standard","meta":{"_mi_skip_tracking":false,"_monsterinsights_sitenote_active":false,"_monsterinsights_sitenote_note":"","_monsterinsights_sitenote_category":0},"categories":[1],"tags":[],"_links":{"self":[{"href":"https:\/\/sndll.info\/index.php?rest_route=\/wp\/v2\/posts\/5677"}],"collection":[{"href":"https:\/\/sndll.info\/index.php?rest_route=\/wp\/v2\/posts"}],"about":[{"href":"https:\/\/sndll.info\/index.php?rest_route=\/wp\/v2\/types\/post"}],"author":[{"embeddable":true,"href":"https:\/\/sndll.info\/index.php?rest_route=\/wp\/v2\/users\/1"}],"replies":[{"embeddable":true,"href":"https:\/\/sndll.info\/index.php?rest_route=%2Fwp%2Fv2%2Fcomments&post=5677"}],"version-history":[{"count":3,"href":"https:\/\/sndll.info\/index.php?rest_route=\/wp\/v2\/posts\/5677\/revisions"}],"predecessor-version":[{"id":5681,"href":"https:\/\/sndll.info\/index.php?rest_route=\/wp\/v2\/posts\/5677\/revisions\/5681"}],"wp:attachment":[{"href":"https:\/\/sndll.info\/index.php?rest_route=%2Fwp%2Fv2%2Fmedia&parent=5677"}],"wp:term":[{"taxonomy":"category","embeddable":true,"href":"https:\/\/sndll.info\/index.php?rest_route=%2Fwp%2Fv2%2Fcategories&post=5677"},{"taxonomy":"post_tag","embeddable":true,"href":"https:\/\/sndll.info\/index.php?rest_route=%2Fwp%2Fv2%2Ftags&post=5677"}],"curies":[{"name":"wp","href":"https:\/\/api.w.org\/{rel}","templated":true}]}}