{"id":5682,"date":"2021-12-28T18:00:45","date_gmt":"2021-12-28T17:00:45","guid":{"rendered":"http:\/\/pjcrpry.cluster031.hosting.ovh.net\/?p=5682"},"modified":"2021-12-28T20:21:39","modified_gmt":"2021-12-28T19:21:39","slug":"call-avec-jean-baptiste-lemoyne","status":"publish","type":"post","link":"https:\/\/sndll.info\/?p=5682","title":{"rendered":"CALL AVEC JEAN BAPTISTE LEMOYNE"},"content":{"rendered":"<h1 style=\"text-align: center;\">CALL AVEC JEAN BAPTISTE LEMOYNE<\/h1>\n<h1 style=\"text-align: center;\">UN ENTRETIEN D\u2019UNE TRES GRANDE QUALIT\u00c9<\/h1>\n<p><strong>\u00a0<\/strong><\/p>\n<p><strong>\u00a0<\/strong><\/p>\n<p>Faisant suite \u00e0 la conf\u00e9rence de presse du Premier Ministre et du ministre de la sant\u00e9 nous avons imm\u00e9diatement transmis nos r\u00e9actions aux membres du cabinet de Jean Baptiste LEMOYNE.<\/p>\n<p>&nbsp;<\/p>\n<p>Le ministre a pris la d\u00e9cision d\u2019organiser un call avec nos organisations syndicales professionnelles ce jour mardi 28 d\u00e9cembre \u00e0 16h00.<\/p>\n<p>&nbsp;<\/p>\n<p>Nous avons en priorit\u00e9 exprim\u00e9 notre d\u00e9sapprobation d\u2019abord sur la m\u00e9thode, ensuite sur le fondement de la d\u00e9cision de fermeture de nos discoth\u00e8ques.<\/p>\n<p>&nbsp;<\/p>\n<p>Soulignons l\u2019unit\u00e9 de vue de l\u2019AFEDD \u2013 UMIH \u2013 SNDLL, c\u2019est fondamental pour l\u2019avenir de notre profession.<\/p>\n<p>&nbsp;<\/p>\n<p>Nous lui avons rappel\u00e9 la lourde histoire de la fermeture pr\u00e9c\u00e9dente, avec ses diff\u00e9rents niveaux d\u2019indemnisations et leurs carences ; Les \u00e9changes ont \u00e9t\u00e9 nourris et nous ont permis d\u2019aborder tous les points que nous souhaitions \u00e9voquer avec lui.<\/p>\n<p>&nbsp;<\/p>\n<p>D\u2019abord, la forme dont la profession est trait\u00e9e par l\u2019ex\u00e9cutif. Le ministre a d\u2019ailleurs \u00e0 juste raison rappel\u00e9 son r\u00f4le dans les premiers mois de notre premi\u00e8re fermeture o\u00f9 il a contribu\u00e9 \u00e0 nouer une relation avec l\u2019ex\u00e9cutif juste avant la nomination d\u2019Alain GRISET.<\/p>\n<p>&nbsp;<\/p>\n<p><strong>Ensuite, nous avons soulign\u00e9 l\u2019urgence de la mise en \u0153uvre des mesures d\u2019accompagnement annonc\u00e9es d\u00e9but d\u00e9cembre.<\/strong><\/p>\n<p><strong>\u00a0<\/strong><\/p>\n<p><strong><u>Synth\u00e9tiquement ce qu\u2019il faut retenir\u00a0:<\/u><\/strong><\/p>\n<p><strong>\u00a0<\/strong><\/p>\n<ul>\n<li><strong><u>Ch\u00f4mage partiel<\/u>\u00a0: le ministre nous a bien confirm\u00e9 qu\u2019il n\u2019y aura aucun reste \u00e0 charge pour l\u2019entreprise. Le d\u00e9cret de ce matin valide bien le fait que le seuil de d\u00e9clanchement du ch\u00f4mage partiel est bien \u00e0 hauteur de 65% de perte de chiffre d\u2019affaires et non les 80% pr\u00e9c\u00e9demment.<\/strong><\/li>\n<\/ul>\n<p><strong>\u00a0<\/strong><\/p>\n<ul>\n<li><strong>Dispositif co\u00fbts fixes\u00a0: <em><u>\u00ab\u00a0Le d\u00e9cret est d\u00e9sormais dans les tuyaux \u00bb<\/u>,<\/em> c\u2019est l\u2019expression du ministre.<\/strong><\/li>\n<\/ul>\n<p style=\"text-align: center;\"><strong><u>LE FORMULAIRE CO\u00dbTS FIXES SERA MIS EN LIGNE LE 6 JANVIER<\/u><\/strong><\/p>\n<p>&nbsp;<\/p>\n<ul>\n<li><strong>Mesure compl\u00e9mentaire : nous avons unanimement sollicit\u00e9 la mise en \u0153uvre d\u2019une mesure compl\u00e9mentaire de nature \u00e0 combler la perte consid\u00e9rable de chiffre d\u2019affaires li\u00e9e \u00e0 cette fermeture administrative de d\u00e9cembre et janvier d\u00e9sormais.\u00a0<\/strong>Le ministre a souhait\u00e9 prendre le temps d\u2019\u00e9couter nos explications et s\u2019est engag\u00e9 \u00e0 examiner cette situation sans \u00eatre en mesure d\u2019apporter des r\u00e9ponses imm\u00e9diates \u00e0 notre demande au cours de cette r\u00e9union.<\/li>\n<\/ul>\n<p>&nbsp;<\/p>\n<p>Nos \u00e9changes ont \u00e9videmment aussi port\u00e9 sur les confusions de la situation actuelle. <strong>Nous lui avons clairement rappel\u00e9 que partout en France la f\u00eate aura lieu d\u2019ici le nouvel an, sauf dans nos discoth\u00e8ques dont c\u2019est le c\u0153ur de m\u00e9tier. Nos lieux sont s\u00e9curis\u00e9s\u00a0y compris sanitairement c\u2019est aujourd\u2019hui incontestable\u00a0!<\/strong><\/p>\n<p><strong>\u00a0<\/strong><\/p>\n<p>Par ailleurs, nous avons soulign\u00e9 l\u2019incoh\u00e9rence de la mise en application des mesures annonc\u00e9es par le premier ministre puisqu\u2019elles ne seront effectives qu\u2019\u00e0 compter du 3 janvier 2022.<\/p>\n<p>&nbsp;<\/p>\n<p>Nous avons insist\u00e9 sur les autorisations d\u2019ouvertures tardives accord\u00e9es aux bars et restaurants \u00e0 l\u2019occasion des f\u00eates de fin d\u2019ann\u00e9e qui sont d\u2019abord choquantes et surtout incompr\u00e9hensibles au regard des mesures \u00ab<em><u>\u00a0dites de freinage \u00bb<\/u> <\/em>annonc\u00e9es<em>.<\/em><\/p>\n<p>&nbsp;<\/p>\n<p>Nous ne demandons la fermeture d\u2019aucun commerce. Toutefois, nous ne pouvons pas rester sans voie lorsque le Gouvernement d\u00e9cide de fermer seulement les discoth\u00e8ques et laisse les bars et d\u2019autres organisateurs de soir\u00e9es faire notre m\u00e9tier. Pire encore, des pr\u00e9fectures et mairies acceptent des ouvertures tardives de bars et de restaurants jusqu\u2019\u00e0 4 ou 6 heures\u00a0du matin. Si cela n\u2019est pas profiter de l\u2019effet d\u2019aubaine, de quoi s\u2019agit-il\u00a0?<\/p>\n<p>Ceci est tout simplement inacceptable\u00a0!<\/p>\n<p><strong>\u00a0<\/strong><\/p>\n<p><strong>La situation des autoentrepreneur \u2013 le remboursement des P.G.E. ont \u00e9t\u00e9 une nouvelle fois \u00e9voqu\u00e9s sans obtenir de r\u00e9ponse \u00e0 ce stade. <\/strong><\/p>\n<p><strong>\u00a0<\/strong><\/p>\n<p><strong><u>CONCLUSION<\/u><\/strong><strong>\u00a0: A l\u2019issue de cet entretien, il convient de souligner la qualit\u00e9 d\u2019\u00e9coute et le pragmatisme du ministre sur la situation actuelle.<\/strong><\/p>\n<p><strong>\u00a0<\/strong><\/p>\n<p><strong>Il r\u00e9sume\u00a0:\u00a0<\/strong><strong>\u00ab\u00a0J\u2019entends la d\u00e9tresse morale l\u2019exasp\u00e9ration et tout simplement la perception d\u2019un manque de respect\u00a0\u00bb.<\/strong><\/p>\n<p><strong>\u00a0<\/strong><\/p>\n<p><strong>Jean Baptiste LEMOYNE s\u2019est engag\u00e9 \u00e0 la mise en \u0153uvre rapide du dispositif d\u2019accompagnement \u00e9conomique annonc\u00e9.<\/strong><\/p>\n<p><strong>\u00a0<\/strong><\/p>\n<p><strong>Il s\u2019est engag\u00e9 \u00e0 examiner notre demande portant sur la perte importante de chiffre d\u2019affaires li\u00e9e \u00e0 la fermeture de d\u00e9cembre qui se poursuit en janvier. Il s\u2019est engag\u00e9 \u00e0 revenir vers nous tr\u00e8s tr\u00e8s vite.<\/strong><\/p>\n<p><strong>\u00a0<\/strong><\/p>\n<p><strong>Il a aussi ajout\u00e9 vouloir nous accompagner dans le repositionnement de ce m\u00e9tier qui n\u2019a selon lui aucune raison d\u2019\u00eatre sous-estim\u00e9 bien au contraire.<\/strong><\/p>\n<p><strong>\u00a0<\/strong><\/p>\n<p><strong>Nous nous sommes d\u00e9clar\u00e9s favorables \u00e0 soutenir ce type d\u2019initiative et l\u2019accompagner lorsque cette nouvelle \u00e9tape de crise covid sera pass\u00e9e. <\/strong><\/p>\n<p>&nbsp;<\/p>\n<ol>\n<li><strong><strong>La premi\u00e8re urgence \u00e9tait de nouer un lien avec le ministre en charge de notre secteur d\u2019activit\u00e9. C\u2019est fait.<\/strong><\/strong><br \/>\n<hr \/>\n<\/li>\n<li><strong><strong>La seconde urgence est la mise en \u0153uvre rapide des mesures annonc\u00e9es. C\u2019est en cours.<\/strong><\/strong><br \/>\n<hr \/>\n<\/li>\n<li><strong><strong>La troisi\u00e8me urgence c\u2019est aussi combler cette perte de chiffre d\u2019affaires de fin d\u2019ann\u00e9e.<\/strong><\/strong><br \/>\n<hr \/>\n<\/li>\n<li><strong><strong>La quatri\u00e8me urgence c\u2019est travailler sur une perspective r\u00e9aliste et concr\u00e8te de r\u00e9ouverture.<\/strong><\/strong><br \/>\n<hr \/>\n<\/li>\n<\/ol>\n<p><strong>\u00a0<\/strong><\/p>\n<p><strong>En r\u00e9sum\u00e9, apr\u00e8s le d\u00e9part d\u2019Alain Griset, nous constatons que nous avons d\u00e9sormais un pilote dans l\u2019avion qui est cens\u00e9 d\u2019abord nous accompagner \u00e9conomiquement et ensuite nous conduire \u00e0 la r\u00e9ouverture. <\/strong><\/p>\n<p><strong>\u00a0<\/strong><\/p>\n<p><strong>Comme toujours, nous porterons un jugement de valeur au moment o\u00f9 nous percevrons les effets des mesures annonc\u00e9es. <\/strong><\/p>\n<p><strong>Par principe, nous faisons confiance \u00e0 notre interlocuteur, et nous ne sommes pas dans un combat id\u00e9ologique, notre but est clair\u00a0: la d\u00e9fense des int\u00e9r\u00eats de la profession, rien d\u2019autre.<\/strong><\/p>\n<p><strong>\u00a0<\/strong><\/p>\n<p><strong>L\u2019initiative que le ministre a prise aujourd\u2019hui \u00e9tait indispensable et nous poursuivrons nos efforts pour \u00e9tablir une relation de confiance avec lui, dans l\u2019int\u00e9r\u00eats des exploitants de discoth\u00e8ques.<\/strong><\/p>\n<p><strong>\u00a0<\/strong><\/p>\n<p><strong>Nous ne manquerons pas de vous tenir inform\u00e9s de la suite.<\/strong><\/p>\n<p><strong>\u00a0<\/strong><strong>\u00a0<\/strong><\/p>\n<p><strong>A tr\u00e8s bient\u00f4t<\/strong><\/p>\n<p><strong>\u00a0<\/strong><\/p>\n<p><strong>\u00a0<\/strong><\/p>\n<p style=\"text-align: center;\"><strong>Christian JOUNY \u00a0 \u00a0 \u00a0 \u00a0 \u00a0 \u00a0 \u00a0 \u00a0 \u00a0Patrick MALVA\u00cbS<\/strong><\/p>\n<p><strong>\u00a0<\/strong><\/p>\n<p><strong>\u00a0<\/strong><\/p>\n<p><strong>\u00a0<\/strong><\/p>\n<p><strong>\u00a0<\/strong><\/p>\n","protected":false},"excerpt":{"rendered":"<p>CALL AVEC JEAN BAPTISTE LEMOYNE UN ENTRETIEN D\u2019UNE TRES GRANDE QUALIT\u00c9 \u00a0 \u00a0 Faisant suite \u00e0 la conf\u00e9rence de presse du Premier Ministre et du ministre de la sant\u00e9 nous avons imm\u00e9diatement transmis nos&#8230;<\/p>\n","protected":false},"author":1,"featured_media":0,"comment_status":"closed","ping_status":"closed","sticky":false,"template":"","format":"standard","meta":{"_mi_skip_tracking":false,"_monsterinsights_sitenote_active":false,"_monsterinsights_sitenote_note":"","_monsterinsights_sitenote_category":0},"categories":[1],"tags":[],"_links":{"self":[{"href":"https:\/\/sndll.info\/index.php?rest_route=\/wp\/v2\/posts\/5682"}],"collection":[{"href":"https:\/\/sndll.info\/index.php?rest_route=\/wp\/v2\/posts"}],"about":[{"href":"https:\/\/sndll.info\/index.php?rest_route=\/wp\/v2\/types\/post"}],"author":[{"embeddable":true,"href":"https:\/\/sndll.info\/index.php?rest_route=\/wp\/v2\/users\/1"}],"replies":[{"embeddable":true,"href":"https:\/\/sndll.info\/index.php?rest_route=%2Fwp%2Fv2%2Fcomments&post=5682"}],"version-history":[{"count":1,"href":"https:\/\/sndll.info\/index.php?rest_route=\/wp\/v2\/posts\/5682\/revisions"}],"predecessor-version":[{"id":5684,"href":"https:\/\/sndll.info\/index.php?rest_route=\/wp\/v2\/posts\/5682\/revisions\/5684"}],"wp:attachment":[{"href":"https:\/\/sndll.info\/index.php?rest_route=%2Fwp%2Fv2%2Fmedia&parent=5682"}],"wp:term":[{"taxonomy":"category","embeddable":true,"href":"https:\/\/sndll.info\/index.php?rest_route=%2Fwp%2Fv2%2Fcategories&post=5682"},{"taxonomy":"post_tag","embeddable":true,"href":"https:\/\/sndll.info\/index.php?rest_route=%2Fwp%2Fv2%2Ftags&post=5682"}],"curies":[{"name":"wp","href":"https:\/\/api.w.org\/{rel}","templated":true}]}}