{"id":5707,"date":"2021-12-31T03:59:56","date_gmt":"2021-12-31T02:59:56","guid":{"rendered":"https:\/\/sndll.info\/?p=5707"},"modified":"2021-12-31T04:16:07","modified_gmt":"2021-12-31T03:16:07","slug":"jusquau-bout-2","status":"publish","type":"post","link":"https:\/\/sndll.info\/?p=5707","title":{"rendered":"Jusqu&#8217;au bout !"},"content":{"rendered":"<p>Mes chers amis, mes chers confr\u00e8res,0<\/p>\n<p>Pas question pour nous de tr\u00eave des confiseurs avec ce qui arrive \u00e0 nos m\u00e9tiers.<\/p>\n<p><strong><span style=\"color: #ff00ff;\">Notre pr\u00e9sence est sur tous les fronts.\u00a0<\/span><\/strong><\/p>\n<p><strong><span style=\"color: #000080;\">D&#8217;abord pour les aides.<\/span><\/strong> Elles sont <strong><span style=\"color: #000080;\">acquises dans leur version de base<\/span><\/strong>: ch\u00f4mage partiel, co\u00fbts fixes, exon\u00e9ration de charges\u00a0 et j&#8217;ai d\u00e9l\u00e9gu\u00e9 \u00e0 Christian JOUNY la charge de suivre ce dossier et nous arbitrons tous les deux les. Le Ministre JB LEMOYNE a relay\u00e9 la demande qu&#8217;il a partag\u00e9e. Il l&#8217;a dit sur les m\u00e9dias. Je rappelle que ce fut le premier \u00e0 m&#8217;appeler au t\u00e9l positions du SNDLL avec la plus grande fermet\u00e9. Comptez sur nous !<\/p>\n<p>Notamment nous avons demand\u00e9 <strong><span style=\"color: #0000ff;\">en sus la compensation en cette p\u00e9riode d\u00e9cembre\/Janvier de la perte de 20% de notre CA <\/span><\/strong>(pour les saisonniers d&#8217;hiver, sanctionn\u00e9s depuis 2 ans, c&#8221;est pire encore !) .<\/p>\n<p>Monsieur le Ministre JB LEMOYNE a relay\u00e9 la demande qu&#8217;il a comprise et partag\u00e9e. Il l&#8217;a dit sur les m\u00e9dias. Je rappelle que ce fut le premier \u00e0 m&#8217;appeler directement au t\u00e9l\u00e9phone au tout d\u00e9but de la crise pour m&#8217;annoncer qu&#8217;il n&#8217;avait pas r\u00e9ussi \u00e0 convaincre le Conseil des Ministres de ne pas nous fermer. Il \u00e9tait tr\u00e8s d\u00e9\u00e7u et m&#8217;a accompagn\u00e9 d\u00e8s le d\u00e9but. Il ne faut jamais oublier. Sa r\u00e9cente nomination \u00e0 la place de Alain GRISET m&#8217;a donc r\u00e9joui car elle est porteuse d&#8217;espoirs. Il y en a peu en ce moment et il ne fat pas insulter l&#8217;avenir. Nous suivons ce point. Avec lui.<\/p>\n<p>Ensuite nous avons rappel\u00e9 qu&#8217;il n&#8217;\u00e9tait<strong><span style=\"color: #0000ff;\"> pas possible pour nous de rembourser cette ann\u00e9e qui vient les PGE<\/span> <\/strong>et avons demand\u00e9 un report de 3 ans. La perte de<span style=\"color: #0000ff;\"><strong> valeur de nos fonds<\/strong> <\/span>est aussi un r\u00e9el probl\u00e8me que nous soulevons.<\/p>\n<p>Je ne vais pas insister sur les d\u00e9tails, mais vous voyez et savez que nous sommes l\u00e0. N&#8217;ayez donc pas d&#8217;inqui\u00e9tude (je re\u00e7ois des dizaines d&#8217;appels, de mails etc) quant \u00e0 la prise en charge de nos probl\u00e8mes, de TOUS nos probl\u00e8mes. Nous ne r\u00e9ussirons peut-\u00eatre pas tout et compl\u00e8tement mais nous faisons l&#8217;impossible comme depuis le d\u00e9but. Ne vous trompez pas de cible dans nos malheurs. Il n&#8217;y a aucun manque de la part de votre syndicat. M\u00eame ce 31 d\u00e9cembre nous travaillons pour d\u00e9fendre notre m\u00e9tier et nos affaires, donc nos emplois.<\/p>\n<p>Au-del\u00e0 je d\u00e9nonce cet <strong><span style=\"color: #000080;\">invraisemblable manque de r\u00e9alisme et de coh\u00e9rence du gouvernement<\/span><\/strong> qui, en ne ciblant que les discoth\u00e8ques, autorise tous les d\u00e9bordements, partout ailleurs. Je vous joins, pour ne pas vous lasser, <strong><span style=\"color: #ff00ff;\">mon intervention sur France Info<\/span><\/strong> o\u00f9 je dis tout haut ce que tout le monde pense tout bas. Cette intervention a agi miraculeusement (!) comme un d\u00e9tonateur. La pr\u00e9f\u00e8te du TARN a interdit les festivit\u00e9s dans toutes les salles de type L, \u00e0 Paris pas de d\u00e9rogation pour les bars, le Pr\u00e9fet de Seine Saint Denis a, enfin, pris la d\u00e9cision d&#8217;emp\u00eacher la manifestation que je d\u00e9non\u00e7ais sur les ondes etc&#8230;<\/p>\n<p>Il est quand m\u00eame invraisemblable que des Maires et des Pr\u00e9fets puissent en cette p\u00e9riode accorder des d\u00e9rogations aux bars-restaurants, que des salles &#8220;L&#8221; publiques re\u00e7oivent des r\u00e9veillonneurs et j&#8217;en passe.\u00a0 Comment se fait-il que le gouvernement ait laiss\u00e9 tous les trous de la passoire sauf celui des discoth\u00e8ques. L&#8217;opinion publique ne comprend d&#8217;ailleurs pas et nous soutient. La fermeture apr\u00e8s les f\u00eates et d\u00e9j\u00e0 l&#8217;actuelle explosion des cas (presqu&#8217;autant qu&#8217;aux USA !) sont le r\u00e9sultat de ce manque de coh\u00e9rence dans la lutte contre la propagation virale. Nos gouvernants sont responsables.\u00a0 <strong><span style=\"color: #ff00ff;\">Ce n&#8217;est pas en sacrifiant comme victimes expiatoires les discoth\u00e8ques qu&#8217;ils vont exorciser le mal !<\/span><\/strong><\/p>\n<p>Retournez nous les exemples d&#8217;abus que vous constatez en ces jours de f\u00eates. Nous les utiliserons. CLIQUER SUR LE LIEN QUI SUIT :<\/p>\n<p><a href=\"https:\/\/we.tl\/t-B9aYiq4Qv9\">https:\/\/we.tl\/t-B9aYiq4Qv9<\/a>.0.<\/p>\n<p><strong><span style=\"color: #0000ff;\">JOURNAL LE FIGARO:<\/span><\/strong><\/p>\n<h1 class=\"c-title \"><span class=\"c-title__main\">Fermeture des discoth\u00e8ques prolong\u00e9e : &#8220;On tire sur un corbillard&#8221;, d\u00e9nonce le pr\u00e9sident du Syndicat national des discoth\u00e8ques<\/span><\/h1>\n<div class=\"c-chapo \">\n<p>Les discoth\u00e8ques resteront ferm\u00e9es trois semaines de plus, a annonc\u00e9 le gouvernement mercredi 29 d\u00e9cembre. Une mesure &#8220;pas \u00e9quitable&#8221; et surtout &#8220;incoh\u00e9rente&#8221; pour Patrick Malva\u00ebs.<\/p>\n<\/div>\n<div class=\"c-time\">\n<div class=\"publication-date\"><span class=\"publication-date__published\">Publi\u00e9\u00a0<time datetime=\"2021-12-29T17:03:35+01:00\">le 29\/12\/2021 17:03<\/time><\/span><\/div>\n<div class=\"reading-time\">\u00a0Temps de lecture :\u00a02 min.<\/div>\n<\/div>\n<div class=\"c-cover \">\n<div class=\"c-cover--media\">\n<figure><picture class=\"picture-wrapper\"><source srcset=\"https:\/\/www.francetvinfo.fr\/pictures\/U0HhyDhG91AlfSszTZupswt3-F8\/0x0:1600x899\/752x423\/filters:format(webp)\/2021\/07\/10\/phpFfPcGp.jpg 752w, https:\/\/www.francetvinfo.fr\/pictures\/trJYNilntNGTBSwS65OZy_ibGwk\/0x0:1600x899\/944x531\/filters:format(webp)\/2021\/07\/10\/phpFfPcGp.jpg 944w\" type=\"image\/webp\" \/><source srcset=\"https:\/\/www.francetvinfo.fr\/pictures\/9pWjiMKMlDCcrkB4B5Y5G2mJFxA\/0x0:1600x899\/752x423\/2021\/07\/10\/phpFfPcGp.jpg 752w, https:\/\/www.francetvinfo.fr\/pictures\/vUJTMzjngItCBygK6eSHibJ81KU\/0x0:1600x899\/944x531\/2021\/07\/10\/phpFfPcGp.jpg 944w\" \/><img src=\"https:\/\/www.francetvinfo.fr\/pictures\/V-MwyIg_oBcu73xCdxb517z4fn0\/752x423\/2021\/07\/10\/phpFfPcGp.jpg\" sizes=\"100vw\" srcset=\"https:\/\/www.francetvinfo.fr\/pictures\/9pWjiMKMlDCcrkB4B5Y5G2mJFxA\/0x0:1600x899\/752x423\/2021\/07\/10\/phpFfPcGp.jpg 752w, https:\/\/www.francetvinfo.fr\/pictures\/vUJTMzjngItCBygK6eSHibJ81KU\/0x0:1600x899\/944x531\/2021\/07\/10\/phpFfPcGp.jpg 944w\" alt=\"La discoth\u00e8que du Chalet du Lac, vendredi 9 juillet, \u00e0 Paris. (MARGAUX QUEFFELEC \/ RADIO FRANCE)\" width=\"752\" height=\"423\" \/><\/picture><figcaption aria-hidden=\"true\">La discoth\u00e8que du Chalet du Lac, vendredi 9 juillet, \u00e0 Paris.\u00a0(MARGAUX QUEFFELEC \/ RADIO FRANCE)<\/figcaption><\/figure>\n<\/div>\n<\/div>\n<div class=\"c-body\">\n<p><em>&#8220;On tire sur un corbillard de fa\u00e7on assez facile et assez d\u00e9sinvolte&#8221;,<\/em>\u00a0a d\u00e9nonc\u00e9 mercredi 29 d\u00e9cembre sur franceinfo Patrick Malva\u00ebs, pr\u00e9sident du Syndicat national des discoth\u00e8ques et lieux de loisirs (SNDLL), alors que le gouvernement a annonc\u00e9 la prolongation de la\u00a0<a class=\"ftvi-click--binded\" href=\"https:\/\/www.francetvinfo.fr\/sante\/maladie\/coronavirus\/video-covid-19-jean-castex-annonce-la-fermeture-des-discotheques-pour-quatre-semaines-a-partir-du-10-decembre_4871629.html\" data-click-value=\"content::link-in-content::article::\/sante\/maladie\/coronavirus\/video-covid-19-jean-castex-annonce-la-fermeture-des-discotheques-pour-quatre-semaines-a-partir-du-10-decembre_4871629.html\">fermeture des discoth\u00e8ques<\/a>\u00a0de trois semaines suppl\u00e9mentaires, pour limiter la propagation du Covid-19.\u00a0<em>&#8220;La mesure n&#8217;est pas \u00e9quitable, mais elle est surtout incoh\u00e9rente&#8221;,<\/em>\u00a0affirme-t-il.<\/p>\n<p><strong>Franceinfo : Vous attendiez-vous \u00e0 cette annonce ?<\/strong><\/p>\n<p><strong>Patrick Malva\u00ebs :\u00a0<\/strong>Nous nous y attendions. Normalement, on ne tire pas sur une ambulance, mais apparemment, on tire sur un corbillard de fa\u00e7on assez facile et assez d\u00e9sinvolte. Depuis que les discoth\u00e8ques sont ferm\u00e9es, nous sommes pass\u00e9s de moins de 20\u00a0000 contaminations par jour \u00e0 200\u00a0000 contaminations par jour. Le lien entre les discoth\u00e8ques et la propagation du virus n\u2019est donc absolument pas \u00e9tabli. Cette mesure pourrait \u00eatre compr\u00e9hensible en elle-m\u00eame si elle \u00e9tait coh\u00e9rente dans un plan d&#8217;ensemble. Or, ce n&#8217;est pas le cas parce qu\u2019il y a encore aujourd\u2019hui des lieux o\u00f9 l\u2019on continue \u00e0 faire n&#8217;importe quoi. Tout ce que l&#8217;on regrette, c&#8217;est que ce ne soit pas dans un ensemble coh\u00e9rent qui interdise toutes les activit\u00e9s de ce genre.<\/p>\n<p><strong>Ce que vous auriez aim\u00e9, c\u2019est que les caf\u00e9s et restaurants ferment aussi ?<\/strong><\/p>\n<p>Dans beaucoup d\u2019autres pays qui ont ferm\u00e9 les discoth\u00e8ques, on oublie de dire qu\u2019ils ont \u00e9galement r\u00e9duit les horaires des caf\u00e9s et restaurants, que ce soit en Allemagne, aux Pays-Bas,\u00a0<a class=\"ftvi-click--binded\" href=\"https:\/\/www.francetvinfo.fr\/sante\/maladie\/coronavirus\/variant-omicron\/variant-omicron-les-salles-de-spectacle-fermees-en-belgique-a-compter-de-dimanche_4890461.html\" data-click-value=\"content::link-in-content::article::\/sante\/maladie\/coronavirus\/variant-omicron\/variant-omicron-les-salles-de-spectacle-fermees-en-belgique-a-compter-de-dimanche_4890461.html\">en Belgique<\/a>. En France, nous n\u2019avons absolument pas pris de mesures de ce style et nous n\u2019avons absolument pas vis\u00e9 des salles qui ne sont pas des discoth\u00e8ques et qui vont pouvoir recevoir jusqu\u2019\u00e0 2\u00a0000 personnes le 31 janvier. Alors, de qui se moque-t-on ?<\/p>\n<p><strong>Cette mesure n\u2019est donc pas \u00e9quitable, selon vous ?<\/strong><\/p>\n<p>La mesure n&#8217;est pas \u00e9quitable, mais elle est surtout incoh\u00e9rente. Je pourrais comprendre la mesure de fermeture des discoth\u00e8ques pour lutter contre la propagation du virus mais il faudrait que cela se fasse dans un ensemble coh\u00e9rent. Or, c&#8217;est la coh\u00e9rence du plan d&#8217;ensemble qui est absolument fautive. Le ministre Jean-Baptiste Lemoyne nous a appel\u00e9 et il est en train de mettre en place les aides pour prendre en compte la perte de 20% du chiffre d&#8217;affaires. \u00c7a, c&#8217;est tr\u00e8s bien. Mais ce que je veux dire, c&#8217;est que si la sant\u00e9 publique de notre pays est en cause, il ne faut pas laisser d&#8217;autres trous dans la passoire. Ce n\u2019est pas parce qu\u2019on bouche un trou de la passoire qu\u2019on a r\u00e9solu le probl\u00e8me.<\/p>\n<\/div>\n<section class=\"social-zone\"><\/section>\n<p>&nbsp;<\/p>\n<p>Je reviens vers vous d\u00e8s que possible car nous, nous ne sommes pas \u00e0 la f\u00eate !<\/p>\n<p>Courage, nous vaincrons<\/p>\n<p>Patrick MALVA\u00cbS<\/p>\n","protected":false},"excerpt":{"rendered":"<p>Mes chers amis, mes chers confr\u00e8res,0 Pas question pour nous de tr\u00eave des confiseurs avec ce qui arrive \u00e0 nos m\u00e9tiers. Notre pr\u00e9sence est sur tous les fronts.\u00a0 D&#8217;abord pour les aides. Elles sont&#8230;<\/p>\n","protected":false},"author":2,"featured_media":0,"comment_status":"closed","ping_status":"closed","sticky":false,"template":"","format":"standard","meta":{"_mi_skip_tracking":false,"_monsterinsights_sitenote_active":false,"_monsterinsights_sitenote_note":"","_monsterinsights_sitenote_category":0},"categories":[1],"tags":[],"_links":{"self":[{"href":"https:\/\/sndll.info\/index.php?rest_route=\/wp\/v2\/posts\/5707"}],"collection":[{"href":"https:\/\/sndll.info\/index.php?rest_route=\/wp\/v2\/posts"}],"about":[{"href":"https:\/\/sndll.info\/index.php?rest_route=\/wp\/v2\/types\/post"}],"author":[{"embeddable":true,"href":"https:\/\/sndll.info\/index.php?rest_route=\/wp\/v2\/users\/2"}],"replies":[{"embeddable":true,"href":"https:\/\/sndll.info\/index.php?rest_route=%2Fwp%2Fv2%2Fcomments&post=5707"}],"version-history":[{"count":3,"href":"https:\/\/sndll.info\/index.php?rest_route=\/wp\/v2\/posts\/5707\/revisions"}],"predecessor-version":[{"id":5711,"href":"https:\/\/sndll.info\/index.php?rest_route=\/wp\/v2\/posts\/5707\/revisions\/5711"}],"wp:attachment":[{"href":"https:\/\/sndll.info\/index.php?rest_route=%2Fwp%2Fv2%2Fmedia&parent=5707"}],"wp:term":[{"taxonomy":"category","embeddable":true,"href":"https:\/\/sndll.info\/index.php?rest_route=%2Fwp%2Fv2%2Fcategories&post=5707"},{"taxonomy":"post_tag","embeddable":true,"href":"https:\/\/sndll.info\/index.php?rest_route=%2Fwp%2Fv2%2Ftags&post=5707"}],"curies":[{"name":"wp","href":"https:\/\/api.w.org\/{rel}","templated":true}]}}