{"id":5725,"date":"2022-01-03T16:10:05","date_gmt":"2022-01-03T15:10:05","guid":{"rendered":"https:\/\/sndll.info\/?p=5725"},"modified":"2022-01-03T16:10:05","modified_gmt":"2022-01-03T15:10:05","slug":"conference-telephonique-avec-bruno-lemaire-jean-baptiste-lemoyne-et-elisabeth-borne","status":"publish","type":"post","link":"https:\/\/sndll.info\/?p=5725","title":{"rendered":"CONF\u00c9RENCE T\u00c9L\u00c9PHONIQUE AVEC BRUNO LEMAIRE, JEAN BAPTISTE LEMOYNE ET \u00c9LISABETH BORNE"},"content":{"rendered":"<h1 class=\"s3\" style=\"text-align: center;\"><span class=\"s2\">CONF\u00c9RENCE T\u00c9L\u00c9PHONIQUE<\/span><\/h1>\n<h1 class=\"s3\" style=\"text-align: center;\"><span class=\"s2\">AVEC BRUNO LEMAIRE, JEAN BAPTISTE LEMOYNE <\/span><\/h1>\n<h1 class=\"s3\" style=\"text-align: center;\"><span class=\"s2\">ET<\/span><span class=\"s2\"> \u00c9<\/span><span class=\"s2\">LISABETH BORNE<\/span><\/h1>\n<p>&nbsp;<\/p>\n<p class=\"s4\">Chers (es) amis (es)<\/p>\n<p class=\"s4\">Cher (es) Exploitants (es)<\/p>\n<p class=\"s4\">\n<p class=\"s4\">L\u2019ann\u00e9e d\u00e9bute donc avec de nouveaux rendez-vous avec les membres du gouvernement. <span class=\"s5\">Ce matin lundi 3 janvier nous \u00e9tions en r\u00e9union t\u00e9l\u00e9phonique avec Bruno LEMAIRE<\/span><span class=\"s5\">, <\/span><span class=\"s5\">Jean Baptiste LEMOYNE<\/span><span class=\"s5\">, <\/span><span class=\"s5\">et \u00c9lisabeth B<\/span><span class=\"s5\">ORNE, dans le cadre du suivi des entreprises frapp\u00e9es par cette crise <\/span><span class=\"s5\">COVID<\/span><span class=\"s5\">.<\/span><\/p>\n<p class=\"s4\">\n<p class=\"s4\">Cette r\u00e9union n\u2019\u00e9tait pas r\u00e9serv\u00e9e aux discoth\u00e8ques. Comme il l\u2019avait d\u00e9j\u00e0 fait \u00e0 deux reprises, Il s\u2019agissait pour Bruno LEMAIRE, de mesurer l\u2019impact de la crise secteur par secteur.L\u2019\u00e9v\u00e8nementiel, les traiteurs, les agences de voyages, les associations de tourismes, etc\u2026 bref, <span class=\"s6\">nous \u00e9tions 85 interlocuteurs en ligne.<\/span><\/p>\n<p class=\"s4\">\n<p class=\"s4\">Le temps de parole est particuli\u00e8rement limit\u00e9 face au nombre d\u2019intervenants, c\u2019est pourquoi, un seul interlocuteur a parl\u00e9 au nom de la profession. <span class=\"s5\">La derni\u00e8re fois c\u2019\u00e9tait Christian JOUNY, cette fois c\u2019\u00e9tait Thierry Fontaine.<\/span><span class=\"s5\"> Nous avions convenu commun\u00e9ment du contenu commun.<\/span><\/p>\n<p class=\"s4\">\n<p class=\"s4\">Bruno LEMAIRE apr\u00e8s nous avoir pr\u00e9sent\u00e9 ses v\u0153ux, s\u2019est voulu plut\u00f4t rassurant sur la sant\u00e9 \u00e9conomique de notre Pays en cette p\u00e9riode de crise sanitaire. Il a appel\u00e9 \u00e0 \u00ab\u00a0<span class=\"s7\">garder son <\/span><span class=\"s7\">sang-froid<\/span><span class=\"s7\">, \u00e0 \u00e9viter de noircir le tableau \u00e9conomique en ajoutant que l\u2019\u00e9pargne est abondante, les Fran\u00e7ais sont <\/span><span class=\"s7\">pr\u00eats<\/span> <span class=\"s7\">\u00e0<\/span><span class=\"s7\"> d\u00e9penser <\/span><span class=\"s7\">ils l\u2019ont<\/span><span class=\"s7\"> montr\u00e9 <\/span><span class=\"s7\">\u00e0<\/span><span class=\"s7\"> No\u00ebl<\/span><span class=\"s7\">\u00a0\u00bb<\/span><span class=\"s7\">. <\/span><\/p>\n<p class=\"s4\">\n<p class=\"s4\"><span class=\"s7\">Il r\u00e9sume en indiquant<\/span><span class=\"s7\">\u00a0:<\/span> <span class=\"s7\">\u00ab\u00a0<\/span><span class=\"s7\">la situation n\u2019est pas trop pr\u00e9occupante et ajoute qu\u2019il va apporter des solutions<\/span><span class=\"s7\">\u00e9conomiques cibl\u00e9es \u00e0 certains secteurs qui n\u2019avaient pas acc\u00e8s jusque-l\u00e0 <\/span><span class=\"s7\">\u00e0<\/span><span class=\"s7\"> certains dispositifs \u00bb.<\/span><\/p>\n<p class=\"s4\">\n<p class=\"s4\">Nous n\u2019entrerons pas dans l\u2019\u00e9tendu des \u00e9changes portants sur les autres professions et nous mettrons en avant les mesures dont nous serons b\u00e9n\u00e9ficiaires, <span class=\"s6\">m\u00eame si \u00e0 ce jour, le dispositif d\u2019accompagnement pour les discoth\u00e8ques est <\/span><span class=\"s6\">encore selon-nous, <\/span><span class=\"s6\">incomplet<\/span>, mais nous y reviendrons.<\/p>\n<p class=\"s4\">\n<p class=\"s4\"><span class=\"s6\">Dispositif co\u00fbts fixes\u00a0:<\/span><\/p>\n<p class=\"s4\">\n<p class=\"s4\">Retenons d\u2019abord, que le dispositif \u00ab\u00a0<span class=\"s8\">co\u00fbts fixes<\/span>\u00a0\u00bb est \u00e9largi aux secteur S1 \u2013 S1 bis avec une seuil d\u2019acc\u00e8s port\u00e9 a moins 50% de chiffre d\u2019affaires au lieu de moins 65%.<\/p>\n<p class=\"s4\">\n<p class=\"s4\"><span class=\"s5\">Pour les demandes inf\u00e9rieures \u00e0 50 000\u20ac un dispositif de traitement simplifi\u00e9 sera mis en place au sein de la DGFIP<\/span><\/p>\n<p class=\"s4\">\n<p class=\"s4\">D\u2019ailleurs Bruno LEMAIRE a d\u00e9cid\u00e9 de porter l\u2019effectif d\u00e9volu au traitement de ces dossiers de 80 \u00e0 120 personnes <span class=\"s5\">afin de traiter <\/span><span class=\"s5\">tr\u00e8s rapidement les demandes.<\/span><\/p>\n<p class=\"s4\">\n<p class=\"s4\"><span class=\"s5\">Le ministre a \u00e9voqu\u00e9 une dur\u00e9e de traitement de quelques jours.<\/span><\/p>\n<p class=\"s4\"><span class=\"s6\">Ch\u00f4mage partiel\u00a0:<\/span><\/p>\n<p class=\"s4\">Le ministre a rappel\u00e9 que l\u2019acc\u00e8s au b\u00e9n\u00e9fice du ch\u00f4mage partiel sera bien accord\u00e9 aux entreprises \u00e9tant l\u2019objet de restrictions sanitaires et ayant perdu 65% de leur chiffre d\u2019affaires, sans reste \u00e0 charge pour l\u2019entreprise. <span class=\"s5\">Les discoth\u00e8ques l\u2019avaient d\u00e9j\u00e0.<\/span><\/p>\n<p class=\"s4\">\n<p class=\"s4\">\n<p class=\"s4\"><span class=\"s6\">P.G.E.<\/span><\/p>\n<p class=\"s4\">\n<p class=\"s4\">S\u2019agissant du P.G.E., Bruno LEMAIRE nous a indiqu\u00e9 avoir travaill\u00e9 avec ses interlocuteurs au sein de la commission Europ\u00e9enne <span class=\"s5\">afin d\u2019obtenir leur accord sur un <\/span><span class=\"s5\">d\u00e9calage<\/span><span class=\"s5\"> de<\/span><span class=\"s5\">remboursement de six mois <\/span><span class=\"s5\">pour la premi\u00e8re \u00e9ch\u00e9ance <\/span><span class=\"s5\">ou un \u00e9talement sur 10 ans au lieu de six.,<\/span> mais ceci se fera au cas par cas entreprise par entreprise sur d\u00e9cision du m\u00e9diateur du cr\u00e9dit.<\/p>\n<p class=\"s4\">\n<p class=\"s4\"><span class=\"s6\">Conclusion\u00a0:<\/span><\/p>\n<p class=\"s4\">\n<p class=\"s4\">A deux reprises, Bruno LEMAIRE a clairement dit\u00a0<span class=\"s8\">\u00ab\u00a0les discoth\u00e8ques restent un secteur <\/span><span class=\"s8\">\u00e0<\/span><span class=\"s8\"> part, qui sera trait\u00e9 sp\u00e9cifiquement\u00a0\u00bb<\/span><span class=\"s8\">.<\/span><\/p>\n<p class=\"s4\">\n<p class=\"s4\">Il a donn\u00e9 mission \u00e0 Jean baptiste LEMOYNE de travailler avec nos organisations professionnelles pour finaliser notre dispositif d\u2019accompagnement.<\/p>\n<p class=\"s4\">\n<p class=\"s4\">Nous n\u2019ajouterons rien de plus et nous mettrons tout en \u0153uvre pour finaliser nos six sujets fondamentaux\u00a0:<\/p>\n<p class=\"s4\">\n<p class=\"s4\"><span class=\"s6\">Acc\u00e8s ch\u00f4mage partiel<\/span><span class=\"s6\">\u00a0:<\/span> (en cours) <span class=\"s5\">faites la demande<\/span><span class=\"s5\">.<\/span><\/p>\n<p class=\"s4\">\n<p class=\"s4\"><span class=\"s6\">B\u00e9n\u00e9fice du dispositif co\u00fbts fixes<\/span><span class=\"s6\">\u00a0:<\/span> (en cours de mise en \u0153uvre &#8211; <span class=\"s6\">6 janvier formulaire en ligne<\/span>)<\/p>\n<p class=\"s4\">\n<p class=\"s4\"><span class=\"s6\">Dur\u00e9e de <\/span><span class=\"s6\">Traitement des dossiers d\u00e9pos\u00e9 \u00e0 la DGFIP\u00a0<\/span><\/p>\n<p class=\"s4\">\n<p class=\"s4\">(Engagement du ministre d\u2019un traitement sp\u00e9cifique, <span class=\"s6\">moins de 50 000\u20ac quelques jours)<\/span><\/p>\n<p class=\"s4\">\n<p class=\"s4\"><span class=\"s6\">Exon\u00e9ration de charges\u00a0: <\/span>attente parution du d\u00e9cret, mais accord sur ce sujet<\/p>\n<p class=\"s4\">\n<p class=\"s4\"><span class=\"s6\">Perte de chiffre d\u2019affaires de d\u00e9cembre et janvier\u00a0:<\/span> A ce jour, nous attendons le retour du ministre Jean baptiste LEMOYNE qui s\u2019est engag\u00e9 \u00e0 le faire.<\/p>\n<p class=\"s4\">\n<p class=\"s4\"><span class=\"s6\">Conditions de r\u00e9ouverture et date\u00a0:<\/span><\/p>\n<p class=\"s4\">\n<p class=\"s4\"><span class=\"s5\">Voici d\u00e9sormais l\u2019un des deux sujets majeurs<\/span><span class=\"s5\"> pour lesquels nous avons d\u00e9j\u00e0 commenc\u00e9 \u00e0 travailler durant cette traditionnelle tr\u00eave des confiseurs\u2026.<\/span><\/p>\n<p class=\"s4\">\n<p class=\"s4\"><span class=\"s5\">Nous avons sollicit\u00e9 de tr\u00e8s nombreux parlementaires au sujet du <\/span><span class=\"s5\">vote sur le <\/span><span class=\"s5\">passe vaccinal et surtout <\/span><span class=\"s5\">concernant la<\/span><span class=\"s5\"> volont\u00e9 du ministre de la sant\u00e9 de stigmatiser une fois de plus, les discoth\u00e8ques en voulant imposer un passe vaccinal accompagn\u00e9 d\u2019un test<\/span><span class=\"s5\"> suppl\u00e9mentaire, ce qui constituerait une ligne rouge franchie par le gouvernement.<\/span><\/p>\n<p class=\"s4\">\n<p class=\"s4\"><span class=\"s5\">Nous avons d\u00e9j\u00e0 beaucoup donn\u00e9\u00a0!<\/span><\/p>\n<p class=\"s4\">\n<p class=\"s4\"><span class=\"s5\">Nous avons inaugur\u00e9 <\/span><span class=\"s5\">le passe sanitaire<\/span><span class=\"s5\"> avec contr\u00f4le d\u2019identit\u00e9, nous sommes pr\u00eats \u00e0 poursuivre la pratique de ces contr\u00f4les, toutefois, ajouter un test au passe vaccinal serait une d\u00e9claration de guerre \u00e0 notre profession.<\/span><\/p>\n<p class=\"s4\">\n<p class=\"s4\">Nous ne manquerons pas de revenir vers vous d\u00e8s que la situation le n\u00e9cessitera.<\/p>\n<p class=\"s4\">\n<p class=\"s4\">A tr\u00e8s bient\u00f4t,<\/p>\n<p class=\"s4\">\n<p class=\"s4\">\n<p class=\"s4\" style=\"text-align: center;\"><span class=\"s5\">Christian JOUNY <\/span>\u200b\u200b\u200b\u200b\u200b\u200b\u200b\u200b\u200b \u00a0 \u00a0 \u00a0<span class=\"s5\">Patrick MALVA\u00cbS<\/span><\/p>\n","protected":false},"excerpt":{"rendered":"<p>CONF\u00c9RENCE T\u00c9L\u00c9PHONIQUE AVEC BRUNO LEMAIRE, JEAN BAPTISTE LEMOYNE ET \u00c9LISABETH BORNE &nbsp; Chers (es) amis (es) Cher (es) Exploitants (es) L\u2019ann\u00e9e d\u00e9bute donc avec de nouveaux rendez-vous avec les membres du gouvernement. Ce matin&#8230;<\/p>\n","protected":false},"author":1,"featured_media":0,"comment_status":"closed","ping_status":"closed","sticky":false,"template":"","format":"standard","meta":{"_mi_skip_tracking":false,"_monsterinsights_sitenote_active":false,"_monsterinsights_sitenote_note":"","_monsterinsights_sitenote_category":0},"categories":[1],"tags":[],"_links":{"self":[{"href":"https:\/\/sndll.info\/index.php?rest_route=\/wp\/v2\/posts\/5725"}],"collection":[{"href":"https:\/\/sndll.info\/index.php?rest_route=\/wp\/v2\/posts"}],"about":[{"href":"https:\/\/sndll.info\/index.php?rest_route=\/wp\/v2\/types\/post"}],"author":[{"embeddable":true,"href":"https:\/\/sndll.info\/index.php?rest_route=\/wp\/v2\/users\/1"}],"replies":[{"embeddable":true,"href":"https:\/\/sndll.info\/index.php?rest_route=%2Fwp%2Fv2%2Fcomments&post=5725"}],"version-history":[{"count":1,"href":"https:\/\/sndll.info\/index.php?rest_route=\/wp\/v2\/posts\/5725\/revisions"}],"predecessor-version":[{"id":5727,"href":"https:\/\/sndll.info\/index.php?rest_route=\/wp\/v2\/posts\/5725\/revisions\/5727"}],"wp:attachment":[{"href":"https:\/\/sndll.info\/index.php?rest_route=%2Fwp%2Fv2%2Fmedia&parent=5725"}],"wp:term":[{"taxonomy":"category","embeddable":true,"href":"https:\/\/sndll.info\/index.php?rest_route=%2Fwp%2Fv2%2Fcategories&post=5725"},{"taxonomy":"post_tag","embeddable":true,"href":"https:\/\/sndll.info\/index.php?rest_route=%2Fwp%2Fv2%2Ftags&post=5725"}],"curies":[{"name":"wp","href":"https:\/\/api.w.org\/{rel}","templated":true}]}}