{"id":5729,"date":"2022-01-05T04:03:57","date_gmt":"2022-01-05T03:03:57","guid":{"rendered":"https:\/\/sndll.info\/?p=5729"},"modified":"2022-01-05T15:55:44","modified_gmt":"2022-01-05T14:55:44","slug":"charges-fixes-prises-en-compte","status":"publish","type":"post","link":"https:\/\/sndll.info\/?p=5729","title":{"rendered":"CHARGES FIXES PRISES EN COMPTE &#8220;CHARGES RENFORT&#8221;"},"content":{"rendered":"<p>Chers amis, chers confr\u00e8res,<\/p>\n<p>3h30 du matin&#8230;<\/p>\n<p>Vient de sortir le texte renfor\u00e7ant la prise en compte par l&#8217;Etat de nos frais fixes &#8220;renforc\u00e9s&#8221;, comme nous l&#8217;avions r\u00e9clam\u00e9;<\/p>\n<p>Transmettez \u00e0 votre comptable illico ! Texte ci-dessous.<\/p>\n<p>Nous reviendrons vers vous pour les commentaires mais j&#8217;ai tenu \u00e0 vous informer au plus vite !<\/p>\n<p>Voici, d&#8217;ailleurs le r\u00e9sum\u00e9 du texte:<\/p>\n<p>Le pr\u00e9sent d\u00e9cret met en place une aide dite \u00ab renfort \u00bb permettant de compenser certaines charges des entreprises interdites d\u2019accueil du public pour la p\u00e9riode \u00e9ligible mensuelle du mois de d\u00e9cembre 2021. Cette aide est accessible aux entreprises remplissant les conditions suivantes :<br \/>\n\u2013 avoir \u00e9t\u00e9 cr\u00e9\u00e9es avant le 31 janvier 2021 ;<br \/>\n\u2013 avoir fait l\u2019objet d\u2019une interdiction d\u2019accueil du public au mois de d\u00e9cembre 2021, en application des\u00a0<a title=\"D\u00e9cret n\u00b02021-699 du 1er juin 2021 - art. 45 (M)\" href=\"https:\/\/www.legifrance.gouv.fr\/affichTexteArticle.do?cidTexte=JORFTEXT000043575238&amp;idArticle=JORFARTI000043575614&amp;categorieLien=cid\">dispositions du I de l\u2019article 45 du d\u00e9cret n\u00b0 2021-699 du 1er juin 2021<\/a>\u00a0(en pratique les salles de danse \u2013 ERP de type P \u2013 et les restaurants et d\u00e9bits de boisson \u2013 ERP de type N \u2013 accueillant des activit\u00e9s de danse) ;<br \/>\n\u2013 avoir subi une perte de chiffre d\u2019affaires d\u2019au moins 50 %.<br \/>\nL\u2019aide au titre de la p\u00e9riode \u00e9ligible de d\u00e9cembre 2021 est \u00e9gale \u00e0 100 % du montant total des charges dites renfort (formule de calcul figurant en annexe du d\u00e9cret). Elle est limit\u00e9e, conform\u00e9ment au plafond europ\u00e9en de l\u2019encadrement temporaire, \u00e0 2,3 M\u20ac. Ce plafond prend en compte l\u2019ensemble des aides vers\u00e9es depuis mars 2020 au titre de ce r\u00e9gime, notamment le fonds de solidarit\u00e9.<br \/>\nLes demandes d\u2019aide pourront \u00eatre d\u00e9pos\u00e9es, par voie d\u00e9mat\u00e9rialis\u00e9e sur le site impots.gouv.fr, entre le 6 janvier 2022 et le 6 mars 2022.<\/p>\n<p>Je vous pr\u00e9cise, par ailleurs que <strong><span style=\"color: #000080;\">vous devez absolument passer par un expert-comptable qui doit faire le dossier \u00e0 partir du site du Minist\u00e8re.<\/span><\/strong><\/p>\n<p>Cordialement,<\/p>\n<p>Patrick MALVA\u00cbS<\/p>\n<p>&nbsp;<\/p>\n<div class=\"head-code-page\">\n<h1 class=\"main-title-light\">D\u00e9cret n\u00b0 2022-3 du 4 janvier 2022 instituant une aide \u00ab renfort \u00bb visant \u00e0 compenser certaines charges pour les entreprises dont l&#8217;activit\u00e9 est interdite d&#8217;accueil du public \u00e0 la suite des restrictions sanitaires mises en place pour faire face \u00e0 l&#8217;\u00e9pid\u00e9mie de covid-19<\/h1>\n<div class=\"jo-subtitle\">\n<div class=\"top-page-jo\">NOR : ECOI2137980D<br \/>\n<span class=\"word-break-all\">ELI : https:\/\/www.legifrance.gouv.fr\/eli\/decret\/2022\/1\/4\/ECOI2137980D\/jo\/texte<br \/>\n<\/span><span class=\"word-break-all\">Alias : https:\/\/www.legifrance.gouv.fr\/eli\/decret\/2022\/1\/4\/2022-3\/jo\/texte<br \/>\n<\/span><span class=\"word-break-all\"><a href=\"https:\/\/www.legifrance.gouv.fr\/jorf\/jo\/2022\/01\/05\/0003\">JORF n\u00b00003 du 5 janvier 2022<br \/>\n<\/a><\/span>Texte n\u00b0 4<\/div>\n<div class=\"top-page-jo-button\"><a class=\"doc-download top-page-jo-download\" title=\"Extrait du Journal officiel \u00e9lectronique authentifi\u00e9 (PDF - 219,3 Ko, nouvelle fen\u00eatre)\" href=\"https:\/\/www.legifrance.gouv.fr\/download\/pdf?id=BouzIePWRxMSFk0XOJpiT3WJxxTi3iGaJHtrBnqWc5M=\" target=\"_blank\" rel=\"noopener noreferrer nofollow\">Extrait du Journal officiel \u00e9lectronique authentifi\u00e9<span class=\"info-doc\">PDF &#8211; 219,3 Ko<\/span><\/a><\/div>\n<\/div>\n<div class=\"small-search-block\" role=\"search\">\n<fieldset>\n<legend id=\"jorfSearchInfo\" class=\"hidden-element\">\u00a0<\/legend>\n<\/fieldset>\n<\/div>\n<\/div>\n<div id=\"stickyScrollDefault\"><\/div>\n<p class=\"vigor-title version\">Version initiale<\/p>\n<div class=\"page-content\">\n<div class=\"summary-box\">\n<p><a id=\"navigationSommaire\" class=\"summary-link closed\" role=\"button\" href=\"https:\/\/www.legifrance.gouv.fr\/jorf\/id\/JORFTEXT000044833602\" aria-expanded=\"false\" data-off=\"Naviguer dans le sommaire\" data-on=\"Replier le sommaire\">Naviguer dans le sommaire<\/a><\/p>\n<div id=\"conteneurSommaire\" class=\"summary-recall scroll-sommaire lodajorfsommaire\">\n<ul id=\"liste-sommaire-noeud\" class=\"code-consommation-list summary-list summary-list-headers-tag js-list-expanded folding-element decalScrollBar\" data-on=\"Replier\" data-off=\"D\u00e9plier\">\n<li class=\"opened\" data-sa=\"false\"><a id=\"JORFSCTA000044833627\" class=\"title-link\"><\/a><a>Annexe<\/a>\n<div class=\"js-child\"><\/div>\n<\/li>\n<\/ul>\n<\/div>\n<\/div>\n<div data-anchor=\"topAnchor\"><\/div>\n<div class=\"summary-preface\">\n<p align=\"left\">Publics concern\u00e9s : les entreprises dont l&#8217;activit\u00e9 est interdite d&#8217;accueil du public \u00e0 la suite des restrictions sanitaires mises en place pour faire face \u00e0 l&#8217;\u00e9pid\u00e9mie de covid-19.<br \/>\nObjet : instauration d&#8217;une aide sp\u00e9cifique dite \u00ab renfort \u00bb \u00e0 destination des entreprises dont l&#8217;activit\u00e9 est interdite d&#8217;accueil du public \u00e0 la suite des restrictions sanitaires mises en place pour faire face \u00e0 l&#8217;\u00e9pid\u00e9mie de covid-19.<br \/>\nEntr\u00e9e en vigueur : le texte entre en vigueur le lendemain de sa publication.<br \/>\nNotice : Le pr\u00e9sent d\u00e9cret met en place une aide dite \u00ab renfort \u00bb permettant de compenser certaines charges des entreprises interdites d&#8217;accueil du public pour la p\u00e9riode \u00e9ligible mensuelle du mois de d\u00e9cembre 2021. Cette aide est accesible aux entreprises remplissant les conditions suivantes :<br \/>\n&#8211; avoir \u00e9t\u00e9 cr\u00e9\u00e9es avant le 31 janvier 2021 ;<br \/>\n&#8211; avoir fait l&#8217;objet d&#8217;une interdiction d&#8217;accueil du public au mois de d\u00e9cembre 2021, en application des\u00a0<a title=\"D\u00e9cret n\u00b02021-699 du 1er juin 2021 - art. 45 (M)\" href=\"https:\/\/www.legifrance.gouv.fr\/affichTexteArticle.do?cidTexte=JORFTEXT000043575238&amp;idArticle=JORFARTI000043575614&amp;categorieLien=cid\">dispositions du I de l&#8217;article 45 du d\u00e9cret n\u00b0 2021-699 du 1er juin 2021<\/a>\u00a0(en pratique les salles de danse &#8211; ERP de type P &#8211; et les restaurants et d\u00e9bits de boisson &#8211; ERP de type N &#8211; accueillant des activit\u00e9s de danse) ;<br \/>\n&#8211; avoir subi une perte de chiffre d&#8217;affaires d&#8217;au moins 50 %.<br \/>\nL&#8217;aide au titre de la p\u00e9riode \u00e9ligible de d\u00e9cembre 2021 est \u00e9gale \u00e0 100 % du montant total des charges dites renfort (formule de calcul figurant en annexe du d\u00e9cret). Elle est limit\u00e9e, conform\u00e9ment au plafond europ\u00e9en de l&#8217;encadrement temporaire, \u00e0 2,3 M\u20ac. Ce plafond prend en compte l&#8217;ensemble des aides vers\u00e9es depuis mars 2020 au titre de ce r\u00e9gime, notamment le fonds de solidarit\u00e9.<br \/>\nLes demandes d&#8217;aide pourront \u00eatre d\u00e9pos\u00e9es, par voie d\u00e9mat\u00e9rialis\u00e9e sur le site impots.gouv.fr, entre le 6 janvier 2022 et le 6 mars 2022.<\/p>\n<\/div>\n<div class=\"summary-preface\">\n<p align=\"left\">Le Premier ministre,<br \/>\nSur le rapport du ministre de l&#8217;\u00e9conomie, des finances et de la relance,<br \/>\nVu le r\u00e9gime cadre temporaire pour le soutien aux entreprises n\u00b0 SA.56985 (2020\/N) COVID-19, modifi\u00e9 par les d\u00e9cisions de la Commission europ\u00e9enne n\u00b0 SA.57299 (2020\/N), n\u00b0 SA.59722 (2020\/N), n\u00b0 SA.62102 (2021\/N), et n\u00b0 SA.100959 (2021\/N) ;<br \/>\nVu le\u00a0<a title=\"Code de commerce (V)\" href=\"https:\/\/www.legifrance.gouv.fr\/affichCode.do?cidTexte=LEGITEXT000005634379&amp;dateTexte=29990101&amp;categorieLien=cid\">code du commerce<\/a>, notamment son article L. 233-3 ;<br \/>\nVu la\u00a0<a title=\"Loi n\u00b0 2000-321 du 12 avril 2000 (V)\" href=\"https:\/\/www.legifrance.gouv.fr\/affichTexte.do?cidTexte=JORFTEXT000000215117&amp;categorieLien=cid\">loi n\u00b0 2000-321 du 12 avril 2000<\/a>\u00a0relative aux droits des citoyens dans leurs relations avec les administrations, notamment son article 10 ;<br \/>\nVu l&#8217;<a title=\"Ordonnance n\u00b02020-317 du 25 mars 2020 (V)\" href=\"https:\/\/www.legifrance.gouv.fr\/affichTexte.do?cidTexte=JORFTEXT000041755852&amp;categorieLien=cid\">ordonnance n\u00b0 2020-317 du 25 mars 2020<\/a>\u00a0portant cr\u00e9ation d&#8217;un fonds de solidarit\u00e9 \u00e0 destination des entreprises particuli\u00e8rement touch\u00e9es par les cons\u00e9quences \u00e9conomiques, financi\u00e8res et sociales de la propagation de l&#8217;\u00e9pid\u00e9mie de covid-19 et des mesures prises pour limiter cette propagation ;<br \/>\nVu le\u00a0<a title=\"D\u00e9cret n\u00b02001-495 du 6 juin 2001 (V)\" href=\"https:\/\/www.legifrance.gouv.fr\/affichTexte.do?cidTexte=JORFTEXT000000214706&amp;categorieLien=cid\">d\u00e9cret n\u00b0 2001-495 du 6 juin 2001<\/a>\u00a0pris pour l&#8217;application de l&#8217;<a title=\"Loi n\u00b0 2000-321 du 12 avril 2000 - art. 10 (M)\" href=\"https:\/\/www.legifrance.gouv.fr\/affichTexteArticle.do?cidTexte=JORFTEXT000000215117&amp;idArticle=LEGIARTI000006529194&amp;dateTexte=20000413&amp;categorieLien=cid\">article 10 de la loi n\u00b0 2000-321 du 12 avril 2000<\/a>\u00a0et relatif \u00e0 la transparence financi\u00e8re des aides octroy\u00e9es par les personnes publiques ;<br \/>\nVu le\u00a0<a title=\"D\u00e9cret n\u00b02012-1246 du 7 novembre 2012 (V)\" href=\"https:\/\/www.legifrance.gouv.fr\/affichTexte.do?cidTexte=JORFTEXT000026597003&amp;categorieLien=cid\">d\u00e9cret n\u00b0 2012-1246 du 7 novembre 2012<\/a>\u00a0modifi\u00e9 relatif \u00e0 la gestion budg\u00e9taire et comptable publique ;<br \/>\nVu le\u00a0<a title=\"D\u00e9cret n\u00b02020-371 du 30 mars 2020 (V)\" href=\"https:\/\/www.legifrance.gouv.fr\/affichTexte.do?cidTexte=JORFTEXT000041768315&amp;categorieLien=cid\">d\u00e9cret n\u00b0 2020-371 du 30 mars 2020<\/a>\u00a0modifi\u00e9 relatif au fonds de solidarit\u00e9 \u00e0 destination des entreprises particuli\u00e8rement touch\u00e9es par les cons\u00e9quences \u00e9conomiques, financi\u00e8res et sociales de la propagation de l&#8217;\u00e9pid\u00e9mie de covid-19 et des mesures prises pour limiter cette propagation ;<br \/>\nVu le\u00a0<a title=\"D\u00e9cret n\u00b02021-699 du 1er juin 2021 (V)\" href=\"https:\/\/www.legifrance.gouv.fr\/affichTexte.do?cidTexte=JORFTEXT000043575238&amp;categorieLien=cid\">d\u00e9cret n\u00b0 2021-699 du 1er juin 2021<\/a>\u00a0prescrivant les mesures g\u00e9n\u00e9rales n\u00e9cessaires \u00e0 la gestion de la sortie de crise sanitaire,<br \/>\nD\u00e9cr\u00e8te :<\/p>\n<\/div>\n<ul id=\"liste-sommaire\" class=\"code-consommation-list summary-list summary-list-headers-tag js-list-expanded folding-element\" data-on=\"Replier\" data-off=\"D\u00e9plier\">\n<li class=\"opened\" data-a=\"false\">\n<article class=\"js-child list-article-consommation\">\n<div data-a=\"false\">\n<div>\n<p id=\"JORFARTI000044833612-1\" class=\"name-article\" data-anchor=\"JORFARTI000044833612\"><a id=\"linkJORFARTI000044833612-1\" href=\"https:\/\/www.legifrance.gouv.fr\/jorf\/article_jo\/JORFARTI000044833612\">Article 1<\/a><\/p>\n<\/div>\n<div class=\"content\">\n<p>I. &#8211; Les entreprises mentionn\u00e9es \u00e0 l&#8217;<a title=\"D\u00e9cret n\u00b02020-371 du 30 mars 2020 - art. 1 (M)\" href=\"https:\/\/www.legifrance.gouv.fr\/affichTexteArticle.do?cidTexte=JORFTEXT000041768315&amp;idArticle=JORFARTI000041768319&amp;categorieLien=cid\">article 1er du d\u00e9cret du 30 mars 2020 susvis\u00e9<\/a>, n&#8217;ayant pas fait l&#8217;objet d&#8217;un arr\u00eat\u00e9 pris par le pr\u00e9fet ordonnant la fermeture de l&#8217;entreprise en application du\u00a0<a title=\"D\u00e9cret n\u00b02021-699 du 1er juin 2021 - art. 29 (V)\" href=\"https:\/\/www.legifrance.gouv.fr\/affichTexteArticle.do?cidTexte=JORFTEXT000043575238&amp;idArticle=JORFARTI000043575564&amp;categorieLien=cid\">troisi\u00e8me alin\u00e9a de l&#8217;article 29 du d\u00e9cret du 1er juin 2021 susvis\u00e9<\/a>, b\u00e9n\u00e9ficient, au titre de chaque p\u00e9riode \u00e9ligible, d&#8217;une aide financi\u00e8re prenant la forme d&#8217;une subvention destin\u00e9e \u00e0 compenser certaines de leurs charges fixes, dites charges renfort, lorsqu&#8217;elles remplissent les conditions suivantes au jour de la demande :<br \/>\n1\u00b0 Elles ont subi une perte de chiffre d&#8217;affaires, calcul\u00e9e selon les modalit\u00e9s de l&#8217;article 3, d&#8217;au moins 50 % durant la p\u00e9riode \u00e9ligible ;<br \/>\n2\u00b0 Elles ont fait l&#8217;objet d&#8217;une interdiction d&#8217;accueil du public, au mois de d\u00e9cembre 2021, en application des\u00a0<a title=\"D\u00e9cret n\u00b02021-699 du 1er juin 2021 - art. 45 (M)\" href=\"https:\/\/www.legifrance.gouv.fr\/affichTexteArticle.do?cidTexte=JORFTEXT000043575238&amp;idArticle=JORFARTI000043575614&amp;categorieLien=cid\">dispositions du I de l&#8217;article 45 du d\u00e9cret du 1er juin 2021 susvis\u00e9<\/a>\u00a0;<br \/>\n3\u00b0 Elles ont \u00e9t\u00e9 cr\u00e9\u00e9es avant le 31 janvier 2021.<br \/>\nII. &#8211; Au sens du pr\u00e9sent d\u00e9cret :<\/p>\n<p>&#8211; on appelle p\u00e9riode \u00e9ligible le mois calendaire au titre duquel l&#8217;aide est demand\u00e9e ;<br \/>\n&#8211; on appelle charges renfort, la somme des charges de l&#8217;entreprise pour la p\u00e9riode \u00e9ligible telle que calcul\u00e9e conform\u00e9ment \u00e0 la formule figurant en annexe ;<br \/>\n&#8211; la notion de chiffre d&#8217;affaires s&#8217;entend comme du chiffre d&#8217;affaires hors taxes ou, lorsque l&#8217;entreprise rel\u00e8ve de la cat\u00e9gorie des b\u00e9n\u00e9fices non commerciaux, comme des recettes nettes hors taxes ;<br \/>\n&#8211; un groupe est soit une entreprise n&#8217;\u00e9tant ni contr\u00f4l\u00e9e par une autre, ni ne contr\u00f4lant une autre entreprise dans les conditions pr\u00e9vues \u00e0 l&#8217;<a title=\"Code de commerce - art. L233-3 (V)\" href=\"https:\/\/www.legifrance.gouv.fr\/affichCodeArticle.do?cidTexte=LEGITEXT000005634379&amp;idArticle=LEGIARTI000006229187&amp;dateTexte=&amp;categorieLien=cid\">article L. 233-3 du code du commerce<\/a>, soit un ensemble de soci\u00e9t\u00e9s et d&#8217;entreprises en nom propre li\u00e9es entre elles dans les conditions pr\u00e9vues \u00e0 l&#8217;article L. 233-3 pr\u00e9cit\u00e9.<\/p>\n<p>Par d\u00e9rogation \u00e0 l&#8217;<a title=\"D\u00e9cret n\u00b02001-495 du 6 juin 2001 - art. 1 (V)\" href=\"https:\/\/www.legifrance.gouv.fr\/affichTexteArticle.do?cidTexte=JORFTEXT000000214706&amp;idArticle=LEGIARTI000006549571&amp;dateTexte=&amp;categorieLien=cid\">article 1er du d\u00e9cret du 6 juin 2001 susvis\u00e9<\/a>\u00a0et pour l&#8217;application du pr\u00e9sent d\u00e9cret, le montant au-del\u00e0 duquel s&#8217;applique l&#8217;obligation de conclure une convention est fix\u00e9 \u00e0 2,3 millions d&#8217;euros.<\/p>\n<\/div>\n<div class=\"tabs-secondary tabs-main\"><button id=\"tip-tab-liens-JORFARTI000044833612-1-button\" class=\"js-tab-secondary tabs__link ajax-load-tab-liens tab-second-order\" tabindex=\"0\" data-textecid=\"JORFTEXT000044833602\" data-articlecid=\"JORFARTI000044833612\" data-articleid=\"JORFARTI000044833612\" aria-expanded=\"false\" data-tip=\"tip-tab-liens-JORFARTI000044833612-1\" aria-describedby=\"JORFARTI000044833612-1\">Liens relatifs\u00a0<\/button><\/div>\n<\/div>\n<\/article>\n<\/li>\n<li class=\"opened\" data-a=\"false\">\n<article class=\"js-child list-article-consommation\">\n<div data-a=\"false\">\n<div>\n<p id=\"JORFARTI000044833618-2\" class=\"name-article\" data-anchor=\"JORFARTI000044833618\"><a id=\"linkJORFARTI000044833618-2\" href=\"https:\/\/www.legifrance.gouv.fr\/jorf\/article_jo\/JORFARTI000044833618\">Article 2<\/a><\/p>\n<\/div>\n<div class=\"content\">\n<p>I. &#8211; Pour la p\u00e9riode \u00e9ligible du mois de d\u00e9cembre 2021, l&#8217;aide prend la forme d&#8217;une subvention \u00e9gale \u00e0 100 % du montant total des charges renfort constat\u00e9es au cours de ladite p\u00e9riode.<br \/>\nII. &#8211; Les charges renfort sont, pour la p\u00e9riode \u00e9ligible, calcul\u00e9es par un expert-comptable, ou v\u00e9rifi\u00e9es par un commissaire aux comptes, tiers de confiance, \u00e0 partir du grand livre de l&#8217;entreprise ou de la balance g\u00e9n\u00e9rale \u00e0 l&#8217;aide de la formule figurant en annexe.<br \/>\nIII. &#8211; Le montant de l&#8217;aide est limit\u00e9 au plafond mentionn\u00e9 au point 17 de la d\u00e9cision de la Commission europ\u00e9enne du 20 avril 2020 notifi\u00e9e sous le num\u00e9ro SA.56985. Toutes les aides vers\u00e9es en application du point 17 sont prises en compte dans ce plafond.<br \/>\nIV. &#8211; Le montant de l&#8217;aide ne peut exc\u00e9der le chiffre d&#8217;affaires de r\u00e9f\u00e9rence d\u00e9fini \u00e0 l&#8217;article 3.<\/p>\n<\/div>\n<\/div>\n<\/article>\n<\/li>\n<li class=\"opened\" data-a=\"false\">\n<article class=\"js-child list-article-consommation\">\n<div data-a=\"false\">\n<div>\n<p id=\"JORFARTI000044833619-3\" class=\"name-article\" data-anchor=\"JORFARTI000044833619\"><a id=\"linkJORFARTI000044833619-3\" href=\"https:\/\/www.legifrance.gouv.fr\/jorf\/article_jo\/JORFARTI000044833619\">Article 3<\/a><\/p>\n<\/div>\n<div class=\"content\">\n<p>I. &#8211; La perte de chiffre d&#8217;affaires au titre d&#8217;une p\u00e9riode \u00e9ligible est la diff\u00e9rence entre, d&#8217;une part, le chiffre d&#8217;affaires constat\u00e9 au cours du mois et, d&#8217;autre part, le chiffre d&#8217;affaires de r\u00e9f\u00e9rence d\u00e9fini comme le chiffre d&#8217;affaires r\u00e9alis\u00e9 le m\u00eame mois de l&#8217;ann\u00e9e 2019.<br \/>\nII. &#8211; Pour les entreprises cr\u00e9\u00e9es apr\u00e8s le 1er janvier 2019, la perte de chiffre d&#8217;affaires au titre d&#8217;un mois est la diff\u00e9rence entre, d&#8217;une part, le chiffre d&#8217;affaires constat\u00e9 au cours du mois et, d&#8217;autre part, le chiffre d&#8217;affaires de r\u00e9f\u00e9rence d\u00e9fini comme :<\/p>\n<p>&#8211; pour les entreprises cr\u00e9\u00e9es entre le 1er janvier 2019 et le 31 mai 2019, le chiffre d&#8217;affaires mensuel moyen de l&#8217;ann\u00e9e 2019 ;<br \/>\n&#8211; pour les entreprises cr\u00e9\u00e9es entre le 1er juin 2019 et le 31 janvier 2020, le chiffre d&#8217;affaires mensuel moyen sur la p\u00e9riode comprise entre la date de cr\u00e9ation de l&#8217;entreprise et le 29 f\u00e9vrier 2020 ;<br \/>\n&#8211; pour les entreprises cr\u00e9\u00e9es entre le 1er f\u00e9vrier 2020 et le 29 f\u00e9vrier 2020, le chiffre d&#8217;affaires r\u00e9alis\u00e9 en f\u00e9vrier 2020 et ramen\u00e9 sur un mois ;<br \/>\n&#8211; pour les entreprises cr\u00e9\u00e9es apr\u00e8s le 1er mars 2020, le chiffre d&#8217;affaires r\u00e9alis\u00e9 jusqu&#8217;au 15 mars 2020 et ramen\u00e9 sur un mois.<\/p>\n<\/div>\n<\/div>\n<\/article>\n<\/li>\n<li class=\"opened\" data-a=\"false\">\n<article class=\"js-child list-article-consommation\">\n<div data-a=\"false\">\n<div>\n<p id=\"JORFARTI000044833620-4\" class=\"name-article\" data-anchor=\"JORFARTI000044833620\"><a id=\"linkJORFARTI000044833620-4\" href=\"https:\/\/www.legifrance.gouv.fr\/jorf\/article_jo\/JORFARTI000044833620\">Article 4<\/a><\/p>\n<\/div>\n<div class=\"content\">\n<p>I. &#8211; La demande d&#8217;aide au titre de la p\u00e9riode \u00e9ligible mentionn\u00e9e \u00e0 l&#8217;article 1er est r\u00e9alis\u00e9e par voie d\u00e9mat\u00e9rialis\u00e9e.<br \/>\nL&#8217;aide de la p\u00e9riode \u00e9ligible du mois de d\u00e9cembre 2021 est d\u00e9pos\u00e9e entre le 6 janvier 2022 et le 6 mars 2022.<br \/>\nII. &#8211; La demande est accompagn\u00e9e des justificatifs suivants :<br \/>\n1\u00b0 Une d\u00e9claration sur l&#8217;honneur attestant que l&#8217;entreprise remplit les conditions pr\u00e9vues par le pr\u00e9sent d\u00e9cret et l&#8217;exactitude des informations d\u00e9clar\u00e9es ; un mod\u00e8le de d\u00e9claration sur l&#8217;honneur est disponible sur le site www.impots.gouv.fr ;<br \/>\n2\u00b0 Une attestation d&#8217;un expert-comptable, tiers de confiance. L&#8217;attestation de l&#8217;expert-comptable est d\u00e9livr\u00e9e \u00e0 la suite d&#8217;une mission d&#8217;assurance de niveau raisonnable r\u00e9alis\u00e9e conform\u00e9ment \u00e0 la norme professionnelle agr\u00e9\u00e9e \u00e0 l&#8217;article 5 de l&#8217;arr\u00eat\u00e9 du 1er septembre 2016 portant agr\u00e9ment des normes professionnelles relatives au cadre de r\u00e9f\u00e9rence, au glossaire, \u00e0 la norme professionnelle de ma\u00eetrise de la qualit\u00e9 (NPMQ), \u00e0 la norme professionnelle relative \u00e0 la mission de pr\u00e9sentation de comptes (NP 2300), \u00e0 la norme professionnelle relative aux missions d&#8217;assurance sur des informations autres que des comptes complets historiques-attestations particuli\u00e8res (NP 3100), \u00e9labor\u00e9es par le Conseil sup\u00e9rieur de l&#8217;ordre des experts-comptables dans sa r\u00e9daction en vigueur \u00e0 la date de publication du pr\u00e9sent d\u00e9cret.<br \/>\nL&#8217;attestation mentionne :<\/p>\n<p>&#8211; les charges renfort pour la p\u00e9riode \u00e9ligible ;<br \/>\n&#8211; le chiffre d&#8217;affaires pour la p\u00e9riode \u00e9ligible ;<br \/>\n&#8211; le chiffre d&#8217;affaires de r\u00e9f\u00e9rence mentionn\u00e9 \u00e0 l&#8217;article 3 pour la p\u00e9riode \u00e9ligible ;<br \/>\n&#8211; le num\u00e9ro professionnel de l&#8217;expert-comptable ;<br \/>\n&#8211; les coordonn\u00e9es bancaires de l&#8217;entreprise.<\/p>\n<p>Cette attestation est conforme au mod\u00e8le \u00e9tabli par la direction g\u00e9n\u00e9rale des finances publiques et est disponible sur le site www.impots.gouv.fr.<br \/>\nSi l&#8217;entreprise mentionn\u00e9e \u00e0 l&#8217;article 1er appartient \u00e0 un groupe, l&#8217;expert-comptable indique dans l&#8217;attestation les noms, raison sociale et adresse du groupe.<br \/>\n3\u00b0 Le calcul des charges renfort, tel que d\u00e9taill\u00e9 en annexe et \u00e9tabli conform\u00e9ment au formulaire mis \u00e0 disposition par la direction g\u00e9n\u00e9rale des finances publiques sur le site www.impots.gouv.fr ;<br \/>\n4\u00b0 La balance g\u00e9n\u00e9rale pour chaque p\u00e9riode \u00e9ligible ;<br \/>\nLes pi\u00e8ces justificatives sont conserv\u00e9es par l&#8217;entreprise et communiqu\u00e9es aux agents de la direction g\u00e9n\u00e9rale des finances publiques et aux agents publics affect\u00e9s dans les services d\u00e9concentr\u00e9s des administrations civiles de l&#8217;Etat dans les conditions pr\u00e9vues par l&#8217;<a title=\"Ordonnance n\u00b02020-317 du 25 mars 2020 - art. 3-1 (M)\" href=\"https:\/\/www.legifrance.gouv.fr\/affichTexteArticle.do?cidTexte=JORFTEXT000041755852&amp;idArticle=LEGIARTI000041815652&amp;dateTexte=&amp;categorieLien=cid\">article 3-1 de l&#8217;ordonnance du 25 mars 2020 susvis\u00e9e<\/a>.<br \/>\nIII. &#8211; Par d\u00e9rogation au 2\u00b0 du II du pr\u00e9sent article, pour les entreprises mentionn\u00e9es \u00e0 l&#8217;article 1er et dont les comptes sont certifi\u00e9s par un commissaire aux comptes, l&#8217;attestation de l&#8217;expert-comptable peut \u00eatre remplac\u00e9e par une attestation de l&#8217;entreprise et par une attestation du commissaire aux comptes, tiers de confiance ind\u00e9pendant, r\u00e9alis\u00e9e dans le respect des dispositions du titre II du livre VIII du code de commerce, de la r\u00e8glementation europ\u00e9enne et des principes d\u00e9finis par le code de d\u00e9ontologie de la profession.<br \/>\nL&#8217;attestation remplie et sign\u00e9e par l&#8217;entreprise mentionne :<\/p>\n<p>&#8211; les charges renfort pour la p\u00e9riode \u00e9ligible ;<br \/>\n&#8211; le chiffre d&#8217;affaires pour la p\u00e9riode \u00e9ligible ;<br \/>\n&#8211; le chiffre d&#8217;affaires de r\u00e9f\u00e9rence mentionn\u00e9 \u00e0 l&#8217;article 3 pour la p\u00e9riode \u00e9ligible ;<br \/>\n&#8211; les coordonn\u00e9es bancaires de l&#8217;entreprise ;<br \/>\n&#8211; les nom, pr\u00e9noms et qualit\u00e9 du signataire.<\/p>\n<p>L&#8217;attestation de l&#8217;entreprise est conforme au mod\u00e8le \u00e9tabli par la direction g\u00e9n\u00e9rale des finances publiques et est disponible sur le site www.impots.gouv.fr.<br \/>\nSi l&#8217;entreprise mentionn\u00e9e \u00e0 l&#8217;article 1er appartient \u00e0 un groupe, elle indique dans l&#8217;attestation les nom, raison sociale et adresse du groupe.<br \/>\nL&#8217;attestation remplie et sign\u00e9e par le commissaire aux comptes est conforme au mod\u00e8le \u00e9tabli par la direction g\u00e9n\u00e9rale des finances publiques et est disponible sur le site www.impots.gouv.fr.<br \/>\nIV. &#8211; L&#8217;aide est vers\u00e9e sur le compte bancaire fourni par l&#8217;entreprise lors de la demande.<\/p>\n<\/div>\n<div class=\"tabs-secondary tabs-main\"><button id=\"tip-tab-liens-JORFARTI000044833620-4-button\" class=\"js-tab-secondary tabs__link ajax-load-tab-liens tab-second-order\" tabindex=\"0\" data-textecid=\"JORFTEXT000044833602\" data-articlecid=\"JORFARTI000044833620\" data-articleid=\"JORFARTI000044833620\" aria-expanded=\"false\" data-tip=\"tip-tab-liens-JORFARTI000044833620-4\" aria-describedby=\"JORFARTI000044833620-4\">Liens relatifs\u00a0<\/button><\/div>\n<\/div>\n<\/article>\n<\/li>\n<li class=\"opened\" data-a=\"false\">\n<article class=\"js-child list-article-consommation\">\n<div data-a=\"false\">\n<div>\n<p id=\"JORFARTI000044833623-5\" class=\"name-article\" data-anchor=\"JORFARTI000044833623\"><a id=\"linkJORFARTI000044833623-5\" href=\"https:\/\/www.legifrance.gouv.fr\/jorf\/article_jo\/JORFARTI000044833623\">Article 5<\/a><\/p>\n<\/div>\n<div class=\"content\">\n<p>I. &#8211; Le directeur g\u00e9n\u00e9ral des finances publiques conserve les dossiers d&#8217;instruction, comprenant notamment l&#8217;ensemble des pi\u00e8ces justificatives, pendant dix ann\u00e9es \u00e0 compter de la date de versement de l&#8217;aide.<br \/>\nII. &#8211; Les documents attestant du respect des conditions d&#8217;\u00e9ligibilit\u00e9 \u00e0 l&#8217;aide et du calcul de son montant, ainsi que l&#8217;attestation mentionn\u00e9e \u00e0 l&#8217;article 4, sont conserv\u00e9s par le b\u00e9n\u00e9ficiaire pendant cinq ann\u00e9es \u00e0 compter de la date de versement de l&#8217;aide.<br \/>\nLes agents publics de la direction g\u00e9n\u00e9rale des finances publiques peuvent demander \u00e0 tout b\u00e9n\u00e9ficiaire de l&#8217;aide communication de tout document relatif \u00e0 son activit\u00e9, notamment administratif ou comptable, permettant de justifier de son \u00e9ligibilit\u00e9 et du montant de l&#8217;aide re\u00e7ue pendant cinq ann\u00e9es \u00e0 compter de la date de son versement. Le b\u00e9n\u00e9ficiaire dispose d&#8217;un d\u00e9lai d&#8217;un mois pour produire ces justifications \u00e0 compter de la date de la demande.<br \/>\nEn cas d&#8217;irr\u00e9gularit\u00e9s constat\u00e9es, d&#8217;absence de r\u00e9ponse ou de r\u00e9ponse incompl\u00e8te \u00e0 la demande pr\u00e9vue \u00e0 l&#8217;alin\u00e9a pr\u00e9c\u00e9dent, les sommes ind\u00fbment per\u00e7ues font l&#8217;objet d&#8217;une r\u00e9cup\u00e9ration selon les r\u00e8gles et proc\u00e9dures applicables en mati\u00e8re de cr\u00e9ances \u00e9trang\u00e8res \u00e0 l&#8217;imp\u00f4t et au domaine.<br \/>\nLa proc\u00e9dure pr\u00e9vue au pr\u00e9sent II ne constitue pas une proc\u00e9dure de contr\u00f4le de l&#8217;imp\u00f4t.<\/p>\n<\/div>\n<\/div>\n<\/article>\n<\/li>\n<li class=\"opened\" data-a=\"false\">\n<article class=\"js-child list-article-consommation\">\n<div data-a=\"false\">\n<div>\n<p id=\"JORFARTI000044833624-6\" class=\"name-article\" data-anchor=\"JORFARTI000044833624\"><a id=\"linkJORFARTI000044833624-6\" href=\"https:\/\/www.legifrance.gouv.fr\/jorf\/article_jo\/JORFARTI000044833624\">Article 6<\/a><\/p>\n<\/div>\n<div class=\"content\">\n<p>I. &#8211; Pour l&#8217;application du pr\u00e9sent d\u00e9cret en Nouvelle-Cal\u00e9donie et en Polyn\u00e9sie fran\u00e7aise, la convention pr\u00e9vue au\u00a0<a title=\"Ordonnance n\u00b02020-317 du 25 mars 2020 - art. 3 (V)\" href=\"https:\/\/www.legifrance.gouv.fr\/affichTexteArticle.do?cidTexte=JORFTEXT000041755852&amp;idArticle=JORFARTI000041755855&amp;categorieLien=cid\">deuxi\u00e8me alin\u00e9a de l&#8217;article 3 de l&#8217;ordonnance du 25 mars 2020 susvis\u00e9e<\/a>\u00a0fixe les modalit\u00e9s d&#8217;adaptation des dispositions du pr\u00e9sent d\u00e9cret pour le versement des aides distribu\u00e9es aux entreprises situ\u00e9es sur ces territoires.<br \/>\nII. &#8211; Le pr\u00e9sent d\u00e9cret est applicable \u00e0 Wallis-et-Futuna.<\/p>\n<\/div>\n<div class=\"tabs-secondary tabs-main\"><button id=\"tip-tab-liens-JORFARTI000044833624-6-button\" class=\"js-tab-secondary tabs__link ajax-load-tab-liens tab-second-order\" tabindex=\"0\" data-textecid=\"JORFTEXT000044833602\" data-articlecid=\"JORFARTI000044833624\" data-articleid=\"JORFARTI000044833624\" aria-expanded=\"false\" data-tip=\"tip-tab-liens-JORFARTI000044833624-6\" aria-describedby=\"JORFARTI000044833624-6\">Liens relatifs\u00a0<\/button><\/div>\n<\/div>\n<\/article>\n<\/li>\n<li class=\"opened\" data-a=\"false\">\n<article class=\"js-child list-article-consommation\">\n<div data-a=\"false\">\n<div>\n<p id=\"JORFARTI000044833626-7\" class=\"name-article\" data-anchor=\"JORFARTI000044833626\"><a id=\"linkJORFARTI000044833626-7\" href=\"https:\/\/www.legifrance.gouv.fr\/jorf\/article_jo\/JORFARTI000044833626\">Article 7<\/a><\/p>\n<\/div>\n<div class=\"content\">\n<p>Le ministre de l&#8217;\u00e9conomie, des finances et de la relance, le ministre des outre-mer, le ministre d\u00e9l\u00e9gu\u00e9 aupr\u00e8s du ministre de l&#8217;\u00e9conomie, des finances et de la relance, charg\u00e9 des comptes publics, et le ministre d\u00e9l\u00e9gu\u00e9 aupr\u00e8s du ministre de l&#8217;Europe et des affaires \u00e9trang\u00e8res, charg\u00e9 du tourisme, des Fran\u00e7ais de l&#8217;\u00e9tranger et de la francophonie, et aupr\u00e8s du ministre de l&#8217;\u00e9conomie, des finances et de la relance, charg\u00e9 des petites et moyennes entreprises, sont charg\u00e9s, chacun en ce qui le concerne, de l&#8217;ex\u00e9cution du pr\u00e9sent d\u00e9cret, qui sera publi\u00e9 au Journal officiel de la R\u00e9publique fran\u00e7aise.<\/p>\n<\/div>\n<\/div>\n<\/article>\n<\/li>\n<li class=\"opened\" data-a=\"false\"><button id=\"fold_JORFSCTA000044833627-7\" class=\"expanded title-link opened\" type=\"button\" aria-expanded=\"true\" aria-describedby=\"JORFSCTA000044833627-7\"><span class=\"hidden-element\">Replier<\/span><\/button><br \/>\n<h3><label id=\"JORFSCTA000044833627-7\" class=\"title-link\" for=\"fold_JORFSCTA000044833627-7\" data-anchor=\"JORFSCTA000044833627\"><span data-anchor=\"JORFSCTA000044833627\">Annexe<\/span><\/label><\/h3>\n<ul class=\"js-child\">\n<li class=\"opened\" data-a=\"false\">\n<article class=\"summary-preface\">\n<div data-a=\"false\">\n<div>\n<p id=\"JORFARTI000044833628-7-1\" class=\"name-article\" data-anchor=\"JORFARTI000044833628\" aria-label=\"Article non num\u00e9rot\u00e9\"><a id=\"linkJORFARTI000044833628-7-1\" href=\"https:\/\/www.legifrance.gouv.fr\/jorf\/article_jo\/JORFARTI000044833628\">Article<\/a><\/p>\n<\/div>\n<div class=\"content\">\n<p>ANNEXE<\/p>\n<p>Les charges renfort mentionn\u00e9es au II de l&#8217;article 2 sont calcul\u00e9es selon la formule suivante : charges renfort = [achats consomm\u00e9s + consommations en provenance de tiers + charges de personnels + imp\u00f4ts et taxes et versements assimil\u00e9s].<br \/>\nEn pratique, cette formule revient \u00e0 effectuer la somme de l&#8217;ensemble des \u00e9critures des postes comptable suivants pour la p\u00e9riode concern\u00e9e : charges renfort = [compte 60 + compte 61 + compte 62 + compte 63 + compte 64].<br \/>\nLes num\u00e9ros de compte indiqu\u00e9s correspondent aux classes du plan comptable g\u00e9n\u00e9ral, tel qu&#8217;il est d\u00e9fini par le r\u00e8glement n\u00b0 2014-03 du 5 juin 2014 relatif au plan comptable g\u00e9n\u00e9ral.<\/p>\n<\/div>\n<div class=\"tabs-secondary tabs-main\"><button id=\"tip-tab-liens-JORFARTI000044833628-7-1-button\" class=\"js-tab-secondary tabs__link ajax-load-tab-liens tab-second-order\" tabindex=\"0\" data-textecid=\"JORFTEXT000044833602\" data-articlecid=\"JORFARTI000044833628\" data-articleid=\"JORFARTI000044833628\" aria-expanded=\"false\" data-tip=\"tip-tab-liens-JORFARTI000044833628-7-1\" aria-describedby=\"JORFARTI000044833628-7-1\">Liens relatifs\u00a0<\/button><\/div>\n<\/div>\n<\/article>\n<\/li>\n<\/ul>\n<\/li>\n<\/ul>\n<div class=\"summary-annexe\">\n<p align=\"left\">Fait le 4 janvier 2022.<\/p>\n<p align=\"left\">Jean Castex<br \/>\nPar le Premier ministre :<\/p>\n<p align=\"left\">Le ministre de l&#8217;\u00e9conomie, des finances et de la relance,<br \/>\nBruno Le Maire<\/p>\n<p align=\"left\">Le ministre des outre-mer,<br \/>\nS\u00e9bastien Lecornu<\/p>\n<p align=\"left\">Le ministre d\u00e9l\u00e9gu\u00e9 aupr\u00e8s du ministre de l&#8217;\u00e9conomie, des finances et de la relance, charg\u00e9 des comptes publics,<br \/>\nOlivier Dussopt<\/p>\n<p align=\"left\">Le ministre d\u00e9l\u00e9gu\u00e9 aupr\u00e8s du ministre de l&#8217;Europe et des affaires \u00e9trang\u00e8res, charg\u00e9 du tourisme, des Fran\u00e7ais de l&#8217;\u00e9tranger et de la francophonie, et aupr\u00e8s du ministre de l&#8217;\u00e9conomie, des finances et de la relance, charg\u00e9 des petites et moyennes entreprises,<br \/>\nJean-Baptiste Lemoyne<\/p>\n<\/div>\n<div class=\"summary-annexe\"><\/div>\n<p><a class=\"doc-download\" title=\"Extrait du Journal officiel \u00e9lectronique authentifi\u00e9 (PDF - 219,3 Ko, nouvelle fen\u00eatre)\" href=\"https:\/\/www.legifrance.gouv.fr\/download\/pdf?id=BouzIePWRxMSFk0XOJpiT3WJxxTi3iGaJHtrBnqWc5M=\" target=\"_blank\" rel=\"noopener noreferrer nofollow\">Extrait du Journal officiel \u00e9lectronique authentifi\u00e9<span class=\"info-doc\">PDF &#8211; 219,3 Ko<\/span><\/a><\/p>\n<\/div>\n","protected":false},"excerpt":{"rendered":"<p>Chers amis, chers confr\u00e8res, 3h30 du matin&#8230; Vient de sortir le texte renfor\u00e7ant la prise en compte par l&#8217;Etat de nos frais fixes &#8220;renforc\u00e9s&#8221;, comme nous l&#8217;avions r\u00e9clam\u00e9; Transmettez \u00e0 votre comptable illico !&#8230;<\/p>\n","protected":false},"author":2,"featured_media":0,"comment_status":"closed","ping_status":"closed","sticky":false,"template":"","format":"standard","meta":{"_mi_skip_tracking":false,"_monsterinsights_sitenote_active":false,"_monsterinsights_sitenote_note":"","_monsterinsights_sitenote_category":0},"categories":[1],"tags":[],"_links":{"self":[{"href":"https:\/\/sndll.info\/index.php?rest_route=\/wp\/v2\/posts\/5729"}],"collection":[{"href":"https:\/\/sndll.info\/index.php?rest_route=\/wp\/v2\/posts"}],"about":[{"href":"https:\/\/sndll.info\/index.php?rest_route=\/wp\/v2\/types\/post"}],"author":[{"embeddable":true,"href":"https:\/\/sndll.info\/index.php?rest_route=\/wp\/v2\/users\/2"}],"replies":[{"embeddable":true,"href":"https:\/\/sndll.info\/index.php?rest_route=%2Fwp%2Fv2%2Fcomments&post=5729"}],"version-history":[{"count":5,"href":"https:\/\/sndll.info\/index.php?rest_route=\/wp\/v2\/posts\/5729\/revisions"}],"predecessor-version":[{"id":5735,"href":"https:\/\/sndll.info\/index.php?rest_route=\/wp\/v2\/posts\/5729\/revisions\/5735"}],"wp:attachment":[{"href":"https:\/\/sndll.info\/index.php?rest_route=%2Fwp%2Fv2%2Fmedia&parent=5729"}],"wp:term":[{"taxonomy":"category","embeddable":true,"href":"https:\/\/sndll.info\/index.php?rest_route=%2Fwp%2Fv2%2Fcategories&post=5729"},{"taxonomy":"post_tag","embeddable":true,"href":"https:\/\/sndll.info\/index.php?rest_route=%2Fwp%2Fv2%2Ftags&post=5729"}],"curies":[{"name":"wp","href":"https:\/\/api.w.org\/{rel}","templated":true}]}}