{"id":5737,"date":"2022-01-06T05:09:53","date_gmt":"2022-01-06T04:09:53","guid":{"rendered":"https:\/\/sndll.info\/?p=5737"},"modified":"2022-01-07T05:35:44","modified_gmt":"2022-01-07T04:35:44","slug":"les-aides-aux-discotheques-analyse-du-sndll","status":"publish","type":"post","link":"https:\/\/sndll.info\/?p=5737","title":{"rendered":"LES AIDES AUX DISCOTHEQUES: analyse du SNDLL"},"content":{"rendered":"<p>Chers amis, chers confr\u00e8res,<\/p>\n<p>On trouvera ci-dessous (en bas) le rappel que fait BERCY des aides \u00e0 notre secteur.<\/p>\n<p><strong><span style=\"color: #ff00ff;\">De fait, nos services juridiques ont trouv\u00e9 la traduction dans les textes officiels de ces d\u00e9clarations d&#8217;intention mais aussi d&#8217;autres pr\u00e9cisions :<\/span><\/strong><\/p>\n<ul>\n<li>D\u00e9cret 2021-1816 du 27\/12\/21 relatif \u00e0 l&#8217;activit\u00e9 partielle reporte au 31\/01\/22 la baisse du taux horaire de l&#8217;Indemnit\u00e9 d&#8217;Activit\u00e9 Partielle ou IAP) et <strong><span style=\"color: #000080;\">ne prend pas en compte l&#8217;activit\u00e9 partielle ant\u00e9rieure<\/span><\/strong>. Nous avions demand\u00e9 cette mesure sans quoi risquaient d&#8217;\u00eatre \u00e9cart\u00e9s nos employ\u00e9s qui avaient retravaill\u00e9 quelques semaines ou jours.<\/li>\n<li>D\u00e9cret 2021-1817 du 27\/12\/21 qui <strong><span style=\"color: #000080;\">prolonge jusqu&#8217;au 31\/1\/22 le taux d&#8217;allocation partielle de 70%<\/span><\/strong> et modifie les modalit\u00e9s d&#8217;appr\u00e9ciation de la baisse du Chiffre d&#8217;Affaire (CA) port\u00e9e \u00e0 &#8211; 65% au lieu de &#8211; 80%. Le taux horaire correspondant aux 70% ira jusqu&#8217;au 31\/01\/22 (8,30 \u20ac minimum)<\/li>\n<li>D\u00e9cret 2021-1878 du 29:12:2021 qui porte, \u00e0 compter du 01\/01\/22, <strong><span style=\"color: #000080;\">le taux horaire minimum de l&#8217;activit\u00e9 partielle de 8,30 \u20ac \u00e0 8,37 \u20ac<\/span><\/strong><\/li>\n<li>D\u00e9cret 2021-1913 du 30\/12\/2021 qui prolonge le fonds de solidarit\u00e9 jusqu&#8217;au 31\/03\/2022. <strong><span style=\"color: #000080;\">Cela ne reconduit pas l&#8217;aide mais d\u00e9bloque les fonds pour que les demandes faites au titre d&#8217;Octobre 2021 soient instruites et vers\u00e9es<\/span><\/strong>. En effet certains n&#8217;avaient pas pu toucher l&#8217;aide du mois d&#8217;Octobre car juridiquement le Fonds de soutien avait \u00e9t\u00e9 vot\u00e9 jusqu&#8217;au 31\/08\/2021 seulement puis reconduit uniquement pour septembre (Le D\u00e9cret 2021-1581 du 07\/12\/21 avait port\u00e9 l&#8217;aide jusqu&#8217;au 30\/09\/21 et int\u00e9grait le principe d&#8217;octobre)<\/li>\n<li>D\u00e9cret (Min. Travail) 2011-1918 du 30\/12\/2021 fixe le <strong><span style=\"color: #000080;\">calcul de l&#8217;indemnit\u00e9 d&#8217;activit\u00e9 partielle pour les journaliers et ceux non soumis \u00e0 la dur\u00e9e l\u00e9gale du travail<\/span><\/strong>. C&#8217;\u00e9tait important pour nous car beaucoup ont des employ\u00e9s \u00e0 temps partiel qui ne pouvaient \u00eatre \u00e9cart\u00e9s de l&#8217;indemnisation.<\/li>\n<li>D\u00e9cret 2021-1936 relatif \u00e0 la r\u00e9duction g\u00e9n\u00e9rale des cotisations et contributions sociales \u00e0 la charge des employeurs. A compter du 01\/01\/2022.<\/li>\n<li>D\u00e9cret 2021-1956 du 31\/12\/2021 (JO du 01\/01\/2022) &#8230;..tr\u00e8s important pour le SNDLL qui avait &#8220;bataill\u00e9&#8221; sur la question. \u00a0Le d\u00e9cret <strong><span style=\"color: #000080;\">prolonge l&#8217;application des exon\u00e9rations et aides au paiement des cotisations et contributions sociales pour les seuls employeurs et travailleurs ind\u00e9pendants du secteur des salles de danse concern\u00e9s par une interdiction d&#8217;accueil du public pour les p\u00e9riodes d&#8217;emploi de novembre et d\u00e9cembre 2021.<\/span> <\/strong>Il pr\u00e9cise \u00e9galement le terme des p\u00e9riodes d&#8217;emploi pour lesquelles s&#8217;appliquent ces m\u00eames exon\u00e9rations et aides au paiement des cotisations et contributions sociales pour les autres employeurs et travailleurs mentionn\u00e9s \u00e0 l&#8217;<a title=\"LOI n\u00b02020-1576 du 14 d\u00e9cembre 2020 - art. 9\" href=\"https:\/\/www.legifrance.gouv.fr\/affichTexteArticle.do?cidTexte=JORFTEXT000042665307&amp;idArticle=JORFARTI000042665320&amp;categorieLien=cid\">article 9 de la loi n\u00b0 2020-1576 du 14 d\u00e9cembre 2020<\/a>\u00a0de financement de la s\u00e9curit\u00e9 sociale pour 2021, en le fixant aux p\u00e9riodes d&#8217;emploi courant au plus tard jusqu&#8217;au 31 d\u00e9cembre 2021.<\/li>\n<\/ul>\n<p>AU 06\/01\/2022 inclus, rien d&#8217;autre au JO. <strong><span style=\"color: #0000ff;\">Nous sommes en contact avec BERCY en permanence pour avancer dans le bon sens<\/span><\/strong>. Une \u00e9quipe d\u00e9di\u00e9e de fonctionnaires de la DGFIP (Finances Publiques) sera attach\u00e9e \u00e0 nos dossiers pour acc\u00e9l\u00e9rer le traitement. Nous avions sans cesse d\u00e9nonc\u00e9 les manquements, les divergences de traitement selon les r\u00e9gions etc &#8230; esp\u00e9rons que cela, avec cette \u00e9quipe, appartienne au pass\u00e9.<\/p>\n<p>&nbsp;<\/p>\n<p><strong><span style=\"color: #ff0000;\">Je voudrais vous dire 2 choses:<\/span><\/strong><\/p>\n<p><strong><span style=\"color: #000080;\">1\u00b0)<\/span><\/strong> Vous constaterez que j<strong><span style=\"color: #0000ff;\">usqu&#8217;au dernier souffle de 2021 le SNDLL tout entier a \u00e9t\u00e9 mobilis\u00e9<\/span> <\/strong>pour suivre nos revendications dont j&#8217;ai charg\u00e9 Christian JOUNY d&#8217;assurer le relais efficace. Au vu des textes, vous avouerez qu&#8217;il y a de quoi &#8220;avoir le tournis&#8221; ! Notre mobilisation porte sur tous les sujets et tous les territoires, y compris outre-mer.<\/p>\n<p>Nous sommes tout \u00e0 fait lucides: <strong><span style=\"color: #0000ff;\">rien n&#8217;est parfait sur toute la ligne du premier coup<\/span><\/strong>. Mais il fallait <strong><span style=\"color: #000080;\">mettre au plus vite en marche la &#8220;machine<\/span> <span style=\"color: #000080;\">indemnitaire&#8221;<\/span> <\/strong>sous peine de voir disparaitre beaucoup d&#8217;entre nous et leurs salari\u00e9s. Voil\u00e0 notre motivation premi\u00e8re. Ne boudons pas la r\u00e9alit\u00e9, c&#8217;est plut\u00f4t pas mal en quelques jours au coeur de la &#8220;tr\u00eave des confiseurs&#8221; ! Nous entendons les donneurs de le\u00e7ons qui appellent \u00e0 la r\u00e9volte&#8230; Notre d\u00e9termination paye beaucoup plus, m\u00eame si elle repr\u00e9sente un travail de titan pour une petite structure comme le SNDLL.<\/p>\n<p>Sans le d\u00e9vouement de ceux qui m&#8217;entourent et qui se laissent entrainer par ma d\u00e9termination, rien ne serait possible. Qu&#8217;ils en soient remerci\u00e9s. Que votre confiance soit \u00e0 la hauteur. Je suis, quand m\u00eame &#8220;sid\u00e9r\u00e9&#8221; (pour ne pas employer un autre mot) que 251 discoth\u00e8ques ne soient pas \u00e0 jour de leur cotisation 2021 alors que nous leur avons obtenu les aides et que la cotisation au SNDLL &#8220;rentre&#8221; dans les co\u00fbts fixes&#8230; C&#8217;est ahurissant !!!<\/p>\n<p><strong><span style=\"color: #000080;\">2\u00b0)<\/span><span style=\"color: #000080;\"> Il va y avoir des &#8220;couacs&#8221; et des &#8220;manquements&#8221;<\/span> <\/strong>nous le savons d&#8217;exp\u00e9rience. Certaines situations ne sont pas prises en compte et nous devrons &#8220;porter&#8221; ces dossiers. Nous l&#8217;avons fait jusque l\u00e0 et plut\u00f4t bien. Il reste \u00e0 faire !<\/p>\n<p>En particulier, nous pensons \u00e0 nos <strong><span style=\"color: #ff0000;\">adh\u00e9rents d&#8217;outre-mer<\/span><\/strong> (voir ci-dessous) dont la situation est catastrophique compte tenu de mesures tr\u00e8s restrictives avant m\u00eame la fermeture d\u00e9cr\u00e9t\u00e9e nationalement. Nos repr\u00e9sentants locaux (Antilles et La R\u00e9union) sont en contact avec moi et ils peuvent compter sur mon relais \u00e0 leurs c\u00f4t\u00e9s.<\/p>\n<p><strong><span style=\"color: #ff0000;\">Nous avons \u00e9galement demand\u00e9 au Ministre Jean Baptiste LEMOYNE, qui a d\u00e9clar\u00e9 nous avoir entendus, une prise en compte de l&#8217;indemnisation de la perte de 20% en moyenne de nos CA en cette p\u00e9riode qui inclut les f\u00eates.<\/span><\/strong> Mais pas seulement pour cette raison, nous pensons \u00e0<strong><span style=\"color: #ff0000;\"> nos saisonniers d&#8217;hiver<\/span><\/strong> qui perdent d&#8217;ores et d\u00e9j\u00e0 leur deuxi\u00e8me saison cons\u00e9cutive apr\u00e8s avoir perdu Mars\/mai 2020 ! La perte est consid\u00e9rable.<\/p>\n<p>&nbsp;<\/p>\n<p><strong><span style=\"color: #0000ff;\">J&#8217;ajoute que se profile \u00e0 l&#8217;horizon une menace PARFAITEMENT INADMISSIBLE: l&#8217;obligation pour les seules discoth\u00e8ques -si elles r\u00e9ouvrent- d&#8217;exiger de leurs clients un test de d\u00e9pistage en sus du pass sanitaire devenu pass vaccinal. <\/span><\/strong><\/p>\n<p><strong><span style=\"color: #0000ff;\">Je le dis tout net au gouvernement: ne franchissez pas cette ligne rouge ! L\u00e0, il ne faudra pas compter sur notre coop\u00e9ration.<\/span><\/strong><\/p>\n<p>&nbsp;<\/p>\n<p>Ne tournez pas votre impatience, votre exasp\u00e9ration ou tout simplement votre angoisse contre le syndicat. <strong><span style=\"color: #0000ff;\">Ne vous trompez pas de cible. Nous faisons le maximum.<\/span><\/strong> Obligation de moyens, pas de r\u00e9sultats ! Cela ne veut pas dire que nous baissions les bras. Surtout pas. Je remets simplement en perspective notre travail &#8230; b\u00e9n\u00e9vole et totalement d\u00e9vou\u00e9.<\/p>\n<p>Nous devons faire face, ENSEMBLE, UNIS et LUCIDES.<\/p>\n<p>Le SNDLL, en tout cas, est en ordre de marche.<\/p>\n<p>Bonne ann\u00e9e \u00e0 tous encore et courage, nous vaincrons !<\/p>\n<p>Patrick MALVA\u00cbS<\/p>\n<p>&nbsp;<\/p>\n<p><span style=\"color: #ff0000;\"><strong>Nous demandons l&#8217;inclusion des discoth\u00e8ques d&#8217;outre-mer dans le dispositif d&#8217;aides\u00a0 SPECIFIQUES tel que d\u00e9crit ci-dessous. C&#8217;est VITAL !<\/strong><\/span><\/p>\n<h2><strong><span style=\"color: #ff0000;\"><em>Des mesures de soutien sp\u00e9cifiques aux territoires ultra-marins<\/em><\/span><\/strong><\/h2>\n<h3><em>Prolongation du fonds de solidarit\u00e9<\/em><\/h3>\n<p><em>Pour les territoires soumis \u00e0 l&#8217;\u00e9tat d&#8217;urgence sanitaire et plac\u00e9s sous un r\u00e9gime de restriction d\u2019activit\u00e9 (confinement ou couvre-feu)<strong>\u00a0pendant au moins 20 jours en novembre ou en d\u00e9cembre<\/strong>, le\u00a0<strong>fonds de solidarit\u00e9<\/strong>\u00a0est prolong\u00e9 jusqu\u2019\u00e0 la fin de l\u2019ann\u00e9e 2021. Les entreprises des secteurs prot\u00e9g\u00e9s (secteurs S1\/S1 bis) de ces territoires qui ont b\u00e9n\u00e9fici\u00e9 du fonds de solidarit\u00e9 entre janvier et mai 2021, peuvent b\u00e9n\u00e9ficier, d\u00e8s 10 % de perte de chiffre d\u2019affaires, d\u2019une aide renforc\u00e9e \u00e9gale \u00e0 40 % de cette perte.<\/em><\/p>\n<h3><em>Un nouveau dispositif \u00ab co\u00fbts fixes \u00bb<\/em><\/h3>\n<p><em>Pour les territoires soumis \u00e0 l&#8217;\u00e9tat d&#8217;urgence sanitaire et plac\u00e9s sous un r\u00e9gime de restriction d\u2019activit\u00e9 (confinement ou couvre-feu)\u00a0<strong>pendant au moins 8 jours au mois de novembre, un nouveau dispositif \u00ab co\u00fbts fixes \u00bb<\/strong>\u00a0est mis en \u0153uvre en novembre et d\u00e9cembre.<\/em><\/p>\n<p><em>Toutes les entreprises des secteurs prot\u00e9g\u00e9s (S1\/S1bis) de ces territoires peuvent ainsi b\u00e9n\u00e9ficier,\u00a0<strong>d\u00e8s lors qu\u2019elles perdent plus de 50 % de leur chiffre d\u2019affaires et connaissent des pertes d\u2019exploitation (EBE n\u00e9gatif) sur le mois concern\u00e9<\/strong>, d\u2019une indemnisation \u00e9gale \u00e0 90 % (70 % pour les entreprises de plus de 50 salari\u00e9s) de la perte d\u2019exploitation. Le plafond d\u2019indemnisation est de 12 millions d\u2019euros par groupe sur toute la dur\u00e9e de la crise.<\/em><\/p>\n<p><em>Ce dispositif sera maintenu et adapt\u00e9 en janvier si la situation l\u2019exige.<\/em><\/p>\n<h3><em>D&#8217;autres dispositifs toujours disponibles<\/em><\/h3>\n<p><em><strong>L\u2019activit\u00e9 partielle<\/strong>\u00a0avec un reste \u00e0 charge nul est accessible :<\/em><\/p>\n<ul>\n<li><em>aux entreprises des secteurs prot\u00e9g\u00e9s, d\u00e8s 65% de perte de chiffre d\u2019affaires ;<\/em><\/li>\n<li><em>aux entreprises situ\u00e9es dans une circonscription territoriale soumise \u00e0 des restrictions sp\u00e9cifiques des conditions d&#8217;exercice de l&#8217;activit\u00e9 \u00e9conomique et de circulation des personnes prises par l&#8217;autorit\u00e9 administrative, d\u00e8s 60% de perte de chiffre d\u2019affaires.<\/em><\/li>\n<\/ul>\n<p><em>Les entreprises peuvent toujours b\u00e9n\u00e9ficier de certains dispositifs en place : pr\u00eats garantis par l&#8217;\u00c9tat, plans d\u2019apurement des dettes sociales, m\u00e9diation du cr\u00e9dit, fonds de transition, nouvelles proc\u00e9dures de sortie de crise mises en \u0153uvre par les tribunaux de commerce, etc.<\/em><\/p>\n<p><em>Un conseiller \u00e0 la sortie de crise a \u00e9t\u00e9 d\u00e9sign\u00e9 dans chaque d\u00e9partement ou r\u00e9gion d\u2019Outre-mer pour accueillir les entreprises en situation de fragilit\u00e9 financi\u00e8re et les orienter vers les dispositifs ad\u00e9quats.<\/em><\/p>\n<p>&nbsp;<\/p>\n<p><span style=\"color: #000080;\"><strong>Les d\u00e9clarations officielles de BERCY pour la m\u00e9tropole ci-dessous.<\/strong><\/span><\/p>\n<div id=\"block-economie-page-title\" class=\"block block-core block-page-title-block\">\n<h1 class=\"page-title\"><span class=\"field field--name-title field--type-string field--label-hidden\">Crise sanitaire : les mesures de soutien pour les discoth\u00e8ques<\/span><\/h1>\n<\/div>\n<div id=\"block-economie-content\" class=\"block block-system block-system-main-block\">\n<article class=\"node node--type-actualite-espace node--view-mode-full\" role=\"article\" data-history-node-id=\"2447300\">\n<div class=\"article--infos\">03\/01\/2022<\/div>\n<div class=\"node__content\">\n<div class=\"clearfix text-formatted field field--name-field-chapo field--type-text-long field--label-hidden field__item\">\n<p>Face \u00e0 la situation sanitaire pr\u00e9occupante, le Gouvernement a pris la d\u00e9cision de maintenir la fermeture des discoth\u00e8ques les trois premi\u00e8res semaines de janvier 2022. Plusieurs dispositifs sont adapt\u00e9s et mobilis\u00e9s pour soutenir ces entreprises.<\/p>\n<\/div>\n<div class=\"article--image\">\n<div class=\"field field--name-field-image-contenu field--type-image field--label-hidden field__item\"><img class=\"image-style-image-contenu-actualite-espace\" src=\"https:\/\/www.economie.gouv.fr\/files\/styles\/image_contenu_actualite_espace\/public\/files\/directions_services\/covid19-soutien-entreprises\/fermeture_discotheques_covid.png?h=adf84fca&amp;itok=JV-UZz2l\" alt=\"\" width=\"550\" height=\"320\" \/><\/div>\n<div class=\"field field--name-field-legende field--type-string field--label-hidden field__item\">\u00a9DWP &#8211; stock.adobe.com<\/div>\n<\/div>\n<div class=\"field field--name-field-paragraphes field--type-entity-reference-revisions field--label-hidden field__items\">\n<div class=\"field__item\">\n<div class=\"paragraph paragraph--type--contenu-libre paragraph--view-mode--default\">\n<div class=\"clearfix text-formatted field field--name-field-contenu-libre field--type-text-long field--label-hidden field__item\">\n<p><strong>Trois nouvelles semaines de fermeture<\/strong>. Pour endiguer la propagation de la Covid-19, la\u00a0<strong>fermeture des discoth\u00e8ques<\/strong>\u00a0a \u00e9t\u00e9 prolong\u00e9e en janvier 2022. Pour soutenir les \u00e9tablissements impact\u00e9s par ces mesures de restrictions sanitaires, le Gouvernement r\u00e9affirme son soutien en prolongeant et adaptant certains dispositifs.<\/p>\n<h2>Le dispositif \u00ab co\u00fbts fixes \u00bb renforc\u00e9<\/h2>\n<p>Les discoth\u00e8ques b\u00e9n\u00e9ficieront du\u00a0<a href=\"https:\/\/www.economie.gouv.fr\/covid19-soutien-entreprises\/prise-en-charge-couts-fixes-entreprises\">dispositif \u00ab co\u00fbts fixes \u00bb<\/a>\u00a0<strong>\u00e0 hauteur de 100 % des pertes d\u2019exploitation (EBE n\u00e9gatif)<\/strong>\u00a0<strong>pour les mois de d\u00e9cembre et de janvier<\/strong>, contre 90 % jusque-l\u00e0 pour les entreprises de moins de 50 salari\u00e9s et 70 % pour les entreprises de plus de 50 salari\u00e9s.<\/p>\n<p>Le montant de l\u2019ensemble des aides ne pourra pas d\u00e9passer 2,3 millions d\u2019euros sur la p\u00e9riode de mars 2020 \u00e0 juin 2022. Pour assurer un traitement rapide des demandes des aides des discoth\u00e8ques,\u00a0<strong>une \u00e9quipe d\u00e9di\u00e9e sp\u00e9cifiquement \u00e0 ces entreprises est mise en place<\/strong>\u00a0au sein de la direction g\u00e9n\u00e9rale des finances publiques.<\/p>\n<h2>L\u2019activit\u00e9 partielle<\/h2>\n<p>Le dispositif d\u00e9rogatoire de\u00a0<a href=\"https:\/\/www.economie.gouv.fr\/covid19-soutien-entreprises\/dispositif-de-chomage-partiel\">l\u2019activit\u00e9 partielle<\/a>\u00a0sans reste \u00e0 charge pour les employeurs est reconduit. Les entreprises des secteurs impact\u00e9s (<a class=\"ext\" title=\"\u00ab legifrance.gouv.fr \u00bb dans une nouvelle fen\u00eatre\" href=\"https:\/\/www.legifrance.gouv.fr\/loda\/article_lc\/LEGIARTI000043107675\" target=\"_blank\" rel=\"noopener\" data-extlink=\"\">S1<\/a>,\u00a0<a class=\"ext\" title=\"\u00ab legifrance.gouv.fr \u00bb dans une nouvelle fen\u00eatre\" href=\"https:\/\/www.legifrance.gouv.fr\/loda\/article_lc\/LEGIARTI000043724232\" target=\"_blank\" rel=\"noopener\" data-extlink=\"\">S1 Bis<\/a>), dont les discoth\u00e8ques,\u00a0<strong>perdant plus de 65 % de leur chiffre d\u2019affaires<\/strong>,\u00a0<strong>ou soumises \u00e0 des restrictions sanitaires\u00a0<\/strong>(interdiction des consommations debout, interdiction des consommations dans les lieux culturels, etc.), peuvent b\u00e9n\u00e9ficier du dispositif de l\u2019activit\u00e9 partielle sans reste \u00e0 charge.<\/p>\n<h2>Exon\u00e9rations des cotisations sociales et aides au paiement<\/h2>\n<p>Afin d\u2019apporter un soutien compl\u00e9mentaire aux exploitants des discoth\u00e8ques, les\u00a0<a href=\"https:\/\/www.economie.gouv.fr\/covid19-soutien-entreprises\/delais-de-paiement-decheances-sociales-et-ou-fiscales-urssaf#exonerationcotisationssociales\">exon\u00e9rations de charge<\/a><strong>\u00a0et les aides au paiement de 20 % seront r\u00e9activ\u00e9es<\/strong>\u00a0pour les mois de novembre et d\u00e9cembre.<\/p>\n<h2>D\u2019autres aides toujours accessibles<\/h2>\n<ul>\n<li>Le formulaire pour le\u00a0<a href=\"https:\/\/www.economie.gouv.fr\/covid19-soutien-entreprises\/fonds-de-solidarite-pour-les-tpe-independants-et-micro\">fonds de solidarit\u00e9<\/a>\u00a0du mois d&#8217;octobre est \u00e9galement disponible pour les entreprises des listes S1 et S1bis. Les demandes sont \u00e0 d\u00e9poser avant le 31 janvier 2022 sur\u00a0<a class=\"ext\" title=\"\u00ab impots.gouv.fr \u00bb dans une nouvelle fen\u00eatre\" href=\"https:\/\/www.impots.gouv.fr\/portail\/node\/13665\" target=\"_blank\" rel=\"noopener\" data-extlink=\"\">impots.gouv.fr<\/a>.<\/li>\n<li>les\u00a0<a href=\"https:\/\/www.economie.gouv.fr\/covid19-soutien-entreprises\/pret-garanti-par-letat\">pr\u00eats garantis par l\u2019\u00c9tat<\/a>\u00a0qui sont accessibles jusqu\u2019\u00e0 fin juin 2022 ;<\/li>\n<li>les plans d\u2019apurement de dettes de cotisations sociales, qui embarquent \u00e9galement les dettes sociales d\u2019avant la crise, qui peuvent \u00eatre sollicit\u00e9s pour une dur\u00e9e de 5 ans ;<\/li>\n<li>le\u00a0<a href=\"https:\/\/www.economie.gouv.fr\/covid19-soutien-entreprises\/entreprises-difficultes-lancement-fonds-transition\">fonds de transition<\/a>\u00a0qui peut \u00eatre sollicit\u00e9 jusqu\u2019\u00e0 fin 2021. Celui-ci permet d\u2019apporter des fonds propres ou quasi-fonds propres lorsque les outils existants ne sont pas suffisants (PGE, pr\u00eats et obligations relance) ;<\/li>\n<li><strong>l\u2019aide \u00ab fermeture \u00bb<\/strong>, qui est ouvert aux entreprises, qui ont satur\u00e9 l\u2019aide \u00ab co\u00fbts fixes \u00bb et ont \u00e9t\u00e9 interdites d\u2019accueil du public durant l\u2019ann\u00e9e 2021, ou d\u00e9pendent \u00e0 80 % d\u2019un lieu interdit d\u2019accueil, et ont perdu au moins 80 % de CA durant cette p\u00e9riode. Ce dispositif permet de compenser 70 % de l\u2019EBE n\u00e9gatif dans la limite de 25 millions d\u2019euros\u00a0 par entreprise.<\/li>\n<\/ul>\n<p class=\"titre-bleu-1\">Presse<\/p>\n<p>Communiqu\u00e9\u00a0<a class=\"pdf ext\" title=\"\u00ab presse \u00bb dans une nouvelle fen\u00eatre\" href=\"https:\/\/minefi.hosting.augure.com\/Augure_Minefi\/r\/ContenuEnLigne\/Download?id=72C17A97-C757-4A3C-8141-EB094CF73134&amp;filename=1822%20-%20CP%20-%20Accompagnement%20%C3%A9conomique%20de%20lEtat%20pour%20les%20secteurs%20dactivit%C3%A9s%20impact%C3%A9es%20par%20la%20situation%20sanitaire.pdf\" target=\"_blank\" rel=\"noopener\" data-extlink=\"\">Accompagnement \u00e9conomique de l\u2019\u00c9tat pour les secteurs d\u2019activit\u00e9s impact\u00e9es par la situation sanitaire<\/a>\u00a0[PDF &#8211; 114 Ko]<\/p>\n<\/div>\n<\/div>\n<\/div>\n<div class=\"field__item\">\n<div class=\"paragraph paragraph--type--informations-complementaires paragraph--view-mode--default\">\n<div class=\"field field--name-field-bloc-d-informations-comple field--type-entity-reference-revisions field--label-hidden field__items flex-container\">\n<div class=\"paragraph paragraph--type--bloc-information-complementaire paragraph--view-mode--default taille-bloc fond-couleur\">\n<h2 class=\"field field--name-field-titre field--type-string field--label-hidden field__item field--titre-paragraph\"><\/h2>\n<\/div>\n<\/div>\n<\/div>\n<\/div>\n<\/div>\n<\/div>\n<\/article>\n<\/div>\n","protected":false},"excerpt":{"rendered":"<p>Chers amis, chers confr\u00e8res, On trouvera ci-dessous (en bas) le rappel que fait BERCY des aides \u00e0 notre secteur. De fait, nos services juridiques ont trouv\u00e9 la traduction dans les textes officiels de ces&#8230;<\/p>\n","protected":false},"author":2,"featured_media":0,"comment_status":"closed","ping_status":"closed","sticky":false,"template":"","format":"standard","meta":{"_mi_skip_tracking":false,"_monsterinsights_sitenote_active":false,"_monsterinsights_sitenote_note":"","_monsterinsights_sitenote_category":0},"categories":[1],"tags":[],"_links":{"self":[{"href":"https:\/\/sndll.info\/index.php?rest_route=\/wp\/v2\/posts\/5737"}],"collection":[{"href":"https:\/\/sndll.info\/index.php?rest_route=\/wp\/v2\/posts"}],"about":[{"href":"https:\/\/sndll.info\/index.php?rest_route=\/wp\/v2\/types\/post"}],"author":[{"embeddable":true,"href":"https:\/\/sndll.info\/index.php?rest_route=\/wp\/v2\/users\/2"}],"replies":[{"embeddable":true,"href":"https:\/\/sndll.info\/index.php?rest_route=%2Fwp%2Fv2%2Fcomments&post=5737"}],"version-history":[{"count":8,"href":"https:\/\/sndll.info\/index.php?rest_route=\/wp\/v2\/posts\/5737\/revisions"}],"predecessor-version":[{"id":5751,"href":"https:\/\/sndll.info\/index.php?rest_route=\/wp\/v2\/posts\/5737\/revisions\/5751"}],"wp:attachment":[{"href":"https:\/\/sndll.info\/index.php?rest_route=%2Fwp%2Fv2%2Fmedia&parent=5737"}],"wp:term":[{"taxonomy":"category","embeddable":true,"href":"https:\/\/sndll.info\/index.php?rest_route=%2Fwp%2Fv2%2Fcategories&post=5737"},{"taxonomy":"post_tag","embeddable":true,"href":"https:\/\/sndll.info\/index.php?rest_route=%2Fwp%2Fv2%2Ftags&post=5737"}],"curies":[{"name":"wp","href":"https:\/\/api.w.org\/{rel}","templated":true}]}}