{"id":5748,"date":"2022-01-07T10:00:56","date_gmt":"2022-01-07T09:00:56","guid":{"rendered":"https:\/\/sndll.info\/?p=5748"},"modified":"2022-01-08T13:42:31","modified_gmt":"2022-01-08T12:42:31","slug":"call-de-17h30-avec-bercy-une-reunion-technique-consacree-aux-mesures-de-decembre","status":"publish","type":"post","link":"https:\/\/sndll.info\/?p=5748","title":{"rendered":"CALL DE 17H30 AVEC BERCY &#8211; UNE R\u00c9UNION TECHNIQUE CONSACR\u00c9E AUX MESURES DE D\u00c9CEMBRE"},"content":{"rendered":"<h3 style=\"text-align: center;\"><span class=\"s2\">CALL DE 17H30 AVEC BERCY<\/span><\/h3>\n<h1 style=\"text-align: center;\"><span class=\"s2\">UNE R\u00c9UNION TECHNIQUE<\/span><span class=\"s2\"> CONSACR\u00c9E AUX MESURES DE DECEMBRE<\/span><\/h1>\n<p>&nbsp;<\/p>\n<p>Cher.e.s exploitant.e.s, cher.e.s ami.e.s,<\/p>\n<p>&nbsp;<\/p>\n<p class=\"s4\">Ce jour, jeudi 6 janvier 2022, s\u2019est tenue une r\u00e9union de travail consacr\u00e9e au dispositif d\u2019accompagnement d\u00e9cid\u00e9 pour les discoth\u00e8ques, sous l\u2019autorit\u00e9 d\u2019Arpin\u00e9 GZRYAN membre du cabinet de Jean baptiste LEMOYNE, avec un repr\u00e9sentant de la direction g\u00e9n\u00e9rale des entreprises et un repr\u00e9sentant de la Direction G\u00e9n\u00e9rale des Finances Publiques.<\/p>\n<p class=\"s4\">L\u2019objectif de cette r\u00e9union \u00e9tait bien d\u2019examiner <span class=\"s5\">le contenu des mesures arr\u00eat\u00e9es pour d\u00e9cembre 2021 <\/span><span class=\"s5\">uniquement <\/span>(d\u00e9crets publi\u00e9s) et la m\u00e9thode de traitement des services administratifs, en s\u2019appuyant sur le retour d\u2019exp\u00e9rience des probl\u00e8mes rencontr\u00e9s lors des pr\u00e9c\u00e9dentes demande d\u2019aides \u00ab\u00a0<span class=\"s6\">co\u00fbts fixes<\/span>\u00a0\u00bb.<\/p>\n<p class=\"s4\">Clairement le but est de vous apporter \u00e0 vous exploitants et \u00e0 vos cabinets d\u2019expertises comptables, les <strong><span style=\"color: #ff00ff;\">\u00e9l\u00e9ments permettant d\u2019\u00e9viter d\u2019essuyer des refus par manque d\u2019information ou de rigueur dans la constitution des demandes d\u2019indemnisation.<\/span><\/strong><\/p>\n<p>&nbsp;<\/p>\n<ul>\n<li class=\"s4\"><span class=\"s7\">Champ d\u2019application<\/span><\/li>\n<\/ul>\n<p class=\"s4\">Comme toujours, <span class=\"s6\">\u00ab\u00a0des trous existent dans la raquette\u00a0\u00bb.\u00a0<\/span>Par exemple, nous avons rappel\u00e9 que les aides doivent imp\u00e9rativement \u00eatre vers\u00e9es \u00e0 toutes les discoth\u00e8ques ferm\u00e9es quelle que soit la date de cr\u00e9ation de la soci\u00e9t\u00e9 qui exploite l\u2019\u00e9tablissement. <span class=\"s8\">A ce jour, les soci\u00e9t\u00e9s cr\u00e9\u00e9es apr\u00e8s le 31 janvier 2021, ne sont pas \u00e9ligibles \u00e0 ce dispositif<\/span>, donc nous attendons des adaptations \u00e0 ce sujet pour leur permettre le b\u00e9n\u00e9fice des mesures d\u2019accompagnement.<\/p>\n<p><strong>De mani\u00e8re plus g\u00e9n\u00e9rale, sur l\u2019ensemble des mesures d\u2019accompagnement \u00e9conomique, nous consid\u00e9rons que la fermeture est d\u00e9cid\u00e9e par le gouvernement et par cons\u00e9quent aucune situation quelle qu\u2019elle<span class=\"Apple-converted-space\">\u00a0 <\/span>soit ne doit conduire un seul exploitant \u00e0 l\u2019exclusion du dispositif d\u2019indemnisation :\u00a0Quelque soit la date de cr\u00e9ation de sa soci\u00e9t\u00e9, quelque soit sa situation sp\u00e9cifique (en travaux ou non au moment d\u2019une p\u00e9riode dite de r\u00e9f\u00e9rence), pour nous, personne ne doit \u00eatre mis de c\u00f4t\u00e9.<\/strong><\/p>\n<p><strong>La d\u00e9cision politique qui a \u00e9t\u00e9 prise de fermer arbitrairement les seules discoth\u00e8ques dans notre pays doit \u00eatre assum\u00e9e jusqu\u2019au bout par le gouvernement.<\/strong><\/p>\n<p><strong>Nous d\u00e9fendrons bec et ongles cette logique jusqu\u2019au bout.\u00a0Notre secteur d\u2019activit\u00e9 a suffisamment \u00e9t\u00e9 stigmatis\u00e9,\u00a0la profession est \u00e0 bout et le gouvernement doit l\u2019entendre.<\/strong><\/p>\n<p>&nbsp;<\/p>\n<ul>\n<li class=\"s4\"><span class=\"s7\">Soci\u00e9t\u00e9 ou holding\u00a0?<\/span><\/li>\n<\/ul>\n<p class=\"s4\">La r\u00e9f\u00e9rence de l\u2019entit\u00e9 reconnue pour \u00eatre \u00e9ligible \u00e0 ces mesures, c\u2019est l\u2019unit\u00e9 l\u00e9gale donc la soci\u00e9t\u00e9, pas la holding.<\/p>\n<p>&nbsp;<\/p>\n<ul>\n<li class=\"s4\"><span class=\"s7\">Chiffre d\u2019affaires<\/span><\/li>\n<\/ul>\n<p class=\"s4\">La r\u00e9f\u00e9rence en termes de chiffre d\u2019affaires est bien hors taxes.<\/p>\n<p>&nbsp;<\/p>\n<ul>\n<li class=\"s4\"><span class=\"s7\">Logique du dispositif<\/span><\/li>\n<\/ul>\n<p class=\"s4\">Ce dispositif prend en charge \u00e0 100% les charges qui concernent les comptes 60 \u2013 61 \u2013 62 \u2013 63 \u2013 64 \u2013 du bilan. Il n\u2019y a pas de prise en compte de recette.<\/p>\n<p>&nbsp;<\/p>\n<ul>\n<li class=\"s4\"><span class=\"s7\">Situation sp\u00e9cifique des DOM TOM<\/span><\/li>\n<\/ul>\n<p class=\"s4\">Compte tenu des mesures sp\u00e9cifiques appliqu\u00e9es \u00e0 ces territoires, ces derniers devront choisir entre les mesures dites \u00ab\u00a0<span class=\"s6\">co\u00fbts fixes\u00a0<\/span><span class=\"s6\">\u2013<\/span><span class=\"s6\"> a<\/span><span class=\"s6\">ide renfort<\/span> \u00bb ou le dispositif sp\u00e9cifique associ\u00e9 au couvre-feu.<\/p>\n<p>&nbsp;<\/p>\n<ul>\n<li class=\"s4\"><span class=\"s7\">Formulaire<\/span><\/li>\n<\/ul>\n<p class=\"s4\">Celui-ci est en ligne depuis ce matin sur le site <span class=\"s8\">impot.<\/span><span class=\"s9\">gouv.fr<\/span>, onglet\u00a0: \u00ab\u00a0<span class=\"s10\">renfort\u00a0<\/span>\u00bb. Les dossiers de demandes devront \u00eatre d\u00e9pos\u00e9s entre le 6 janvier et le 6 mars prochain.<\/p>\n<p>&nbsp;<\/p>\n<ul>\n<li class=\"s4\">dispositif de ch\u00f4mage partiel<\/li>\n<\/ul>\n<p>Ce dernier est en place, ne comportera aucun reste a charge pour nos entreprises et permettra d\u2019indemniser nos salari\u00e9s \u00e0 hauteur de 70% de leur salaire brut.<\/p>\n<p>&nbsp;<\/p>\n<p class=\"s4\">En conclusion, le dispositif dit \u00ab\u00a0co\u00fbts fixes- aide renfort\u00a0\u00bb permettra c\u2019est acquis, de b\u00e9n\u00e9ficier de la prise en charge de 100% de nos charges fixes r\u00e9mun\u00e9ration des g\u00e9rants inclue.<\/p>\n<p class=\"s4\">Notez aussi que l\u2019exon\u00e9ration de charge pour les mois de novembre et jusqu\u2019au 10 d\u00e9cembre est acquise.<\/p>\n<p>&nbsp;<\/p>\n<p class=\"s4\"><span class=\"s7\">Plusieurs sujets <\/span><span class=\"s7\">restent n\u00e9anmoins\u00a0<\/span><span class=\"s7\">en suspens\u00a0:<\/span><\/p>\n<ol>\n<li class=\"s11\">Prise en compte des sp\u00e9cificit\u00e9s des saisonniers d\u2019\u00e9t\u00e9 pour janvier et plus, si par malheur, la fermeture devait se prolonger.<\/li>\n<li>Nous attendons toujours le retour du ministre Jean-Baptiste Lemoyne sur la question d\u2019indemnisation de la perte de notre chiffre d\u2019affaires li\u00e9s \u00e0 cette fermeture de d\u00e9cembre et janvier.<\/li>\n<li class=\"s11\">\u00a0Date et condition de r\u00e9ouverture de nos \u00e9tablissements<\/li>\n<\/ol>\n<p>&nbsp;<\/p>\n<p class=\"s4\">Il n\u2019a \u00e9chapp\u00e9 \u00e0 personne que le d\u00e9bat \u00e0 l\u2019Assembl\u00e9e Nationale a d\u00e9bouch\u00e9 sur un passe vaccinal vot\u00e9 ce matin.<\/p>\n<p class=\"s4\">C\u2019est une premi\u00e8re \u00e9tape franchie \u00e0 l\u2019\u00e9gard de laquelle nous resterons \u00e0 notre place et nous n\u2019interf\u00e9rerons pas dans le d\u00e9bat politique sur le bien-fond\u00e9 de cette loi ou pas.<\/p>\n<p class=\"s4\"><strong><span style=\"color: #ff00ff;\">Toutefois, <span class=\"s8\">cette loi ne doit en aucun cas \u00eatre l\u2019occasion de tenter d\u2019imposer au forceps un dispositif sp\u00e9cifique discoth\u00e8ques<\/span> comme le souhaiterait Olivier VERAN qui n\u2019h\u00e9site pas devant les d\u00e9put\u00e9s \u00e0 s\u2019exprimer au nom de la profession qu\u2019il ne connait absolument pas et qu\u2019il n\u2019a jamais pris soin de recevoir depuis le d\u00e9but de cette crise covid.<\/span><\/strong><\/p>\n<p class=\"s4\"><span class=\"s8\">L\u2019id\u00e9e d\u2019un passe vaccinal associ\u00e9 <\/span><span class=\"s8\">\u00e0<\/span><span class=\"s8\"> un test antig\u00e9nique <\/span><span class=\"s8\">r\u00e9serv\u00e9 seulement aux clients des discoth\u00e8ques <\/span><span class=\"s8\">est une fausse bonne id\u00e9e\u00a0! Nous la combattrons avec la plus grande force si d\u2019aventure le gouvernement d\u00e9cide de nous l\u2019imposer.<\/span><\/p>\n<p class=\"s3\">Vous trouverez ici les \u00e9l\u00e9ments synth\u00e9tiques qui nous ont \u00e9t\u00e9 transmis par le cabinet de Jean Baptiste LEMOYNE :<\/p>\n<p style=\"text-align: center;\"><a href=\"https:\/\/sndll.info\/wp-content\/uploads\/2022\/01\/FAQ_renfort_V3_20220107.pdf\">DOCUMENT DU MINIST\u00c8RE <\/a><\/p>\n<p class=\"s3\">Transmettez-les \u00e0 vos comptables afin d\u2019\u00e9viter tout manquement aux r\u00e8gles \u00e9tablies pour le traitement de vos demandes.<\/p>\n<p>&nbsp;<\/p>\n<p class=\"s4\">Courage &#8211; A tr\u00e8s bient\u00f4t<\/p>\n<p>&nbsp;<\/p>\n<p class=\"s4\" style=\"text-align: center;\">Christian JOUNY \u200b\u200b\u200b\u200b\u200b\u200b\u200b\u200b \u00a0 \u00a0 \u00a0 \u00a0 \u00a0 \u00a0 \u00a0Patrick MALVA\u00cbS<\/p>\n","protected":false},"excerpt":{"rendered":"<p>CALL DE 17H30 AVEC BERCY UNE R\u00c9UNION TECHNIQUE CONSACR\u00c9E AUX MESURES DE DECEMBRE &nbsp; Cher.e.s exploitant.e.s, cher.e.s ami.e.s, &nbsp; Ce jour, jeudi 6 janvier 2022, s\u2019est tenue une r\u00e9union de travail consacr\u00e9e au dispositif&#8230;<\/p>\n","protected":false},"author":1,"featured_media":0,"comment_status":"closed","ping_status":"closed","sticky":false,"template":"","format":"standard","meta":{"_mi_skip_tracking":false,"_monsterinsights_sitenote_active":false,"_monsterinsights_sitenote_note":"","_monsterinsights_sitenote_category":0},"categories":[1],"tags":[],"_links":{"self":[{"href":"https:\/\/sndll.info\/index.php?rest_route=\/wp\/v2\/posts\/5748"}],"collection":[{"href":"https:\/\/sndll.info\/index.php?rest_route=\/wp\/v2\/posts"}],"about":[{"href":"https:\/\/sndll.info\/index.php?rest_route=\/wp\/v2\/types\/post"}],"author":[{"embeddable":true,"href":"https:\/\/sndll.info\/index.php?rest_route=\/wp\/v2\/users\/1"}],"replies":[{"embeddable":true,"href":"https:\/\/sndll.info\/index.php?rest_route=%2Fwp%2Fv2%2Fcomments&post=5748"}],"version-history":[{"count":9,"href":"https:\/\/sndll.info\/index.php?rest_route=\/wp\/v2\/posts\/5748\/revisions"}],"predecessor-version":[{"id":5765,"href":"https:\/\/sndll.info\/index.php?rest_route=\/wp\/v2\/posts\/5748\/revisions\/5765"}],"wp:attachment":[{"href":"https:\/\/sndll.info\/index.php?rest_route=%2Fwp%2Fv2%2Fmedia&parent=5748"}],"wp:term":[{"taxonomy":"category","embeddable":true,"href":"https:\/\/sndll.info\/index.php?rest_route=%2Fwp%2Fv2%2Fcategories&post=5748"},{"taxonomy":"post_tag","embeddable":true,"href":"https:\/\/sndll.info\/index.php?rest_route=%2Fwp%2Fv2%2Ftags&post=5748"}],"curies":[{"name":"wp","href":"https:\/\/api.w.org\/{rel}","templated":true}]}}