{"id":5753,"date":"2022-01-07T05:50:59","date_gmt":"2022-01-07T04:50:59","guid":{"rendered":"https:\/\/sndll.info\/?p=5753"},"modified":"2022-01-07T05:50:59","modified_gmt":"2022-01-07T04:50:59","slug":"entreprises-ce-qui-change-au-1er-janvier-2022","status":"publish","type":"post","link":"https:\/\/sndll.info\/?p=5753","title":{"rendered":"ENTREPRISES : CE QUI CHANGE AU 1er JANVIER 2022"},"content":{"rendered":"<p>Chers amis, chers confr\u00e8res,<\/p>\n<p>Dans la foul\u00e9e de la Loi de Finances pour 2022, de nouvelles dispositions pourraient vous int\u00e9resser. J&#8217;en fais ci-dessous un rappel pour que vous puissiez utiliser ces donn\u00e9es avec vos conseils, selon votre situation et vos intentions.<\/p>\n<p>Je souligne en particulier <span style=\"color: #ff0000;\"><strong>la baisse ou l&#8217;exon\u00e9ration de l&#8217;imposition des plus values en cas de cession d&#8217;une entreprise individuelle.<\/strong><\/span><\/p>\n<div id=\"block-economie-content\" class=\"block block-system block-system-main-block\">\n<article class=\"node node--type-article node--view-mode-full entreprise\" role=\"article\" data-history-node-id=\"2400089\">\n<div class=\"node__content\">\n<div class=\"field field--name-field-paragraphes field--type-entity-reference-revisions field--label-hidden field__items\">\n<div class=\"field__item\">\n<div class=\"paragraph paragraph--type--contenu-libre paragraph--view-mode--default\">\n<div class=\"clearfix text-formatted field field--name-field-contenu-libre field--type-text-long field--label-hidden field__item\">\n<h2>Baisse de l\u2019imp\u00f4t sur les soci\u00e9t\u00e9s<\/h2>\n<p>En 2022, la derni\u00e8re \u00e9tape de la r\u00e9forme engag\u00e9e en 2018 sur l&#8217;imp\u00f4t sur les soci\u00e9t\u00e9 entre en vigueur.<\/p>\n<p>En 2022, le taux normal de l\u2019IS sera abaiss\u00e9 \u00e0\u00a0<strong>25 %<\/strong>\u00a0pour l\u2019ensemble des entreprises. Notez que sous certaines conditions, les PME peuvent b\u00e9n\u00e9ficier d&#8217;un taux de 15 %.<\/p>\n<p class=\"text-align-center\"><a class=\"btn--primary\" href=\"https:\/\/www.economie.gouv.fr\/entreprises\/impot-societes-IS\">En savoir plus sur l\u2019imp\u00f4t sur les soci\u00e9t\u00e9s (IS)<\/a><\/p>\n<h2>Prolongation du pr\u00eat garanti par l&#8217;\u00c9tat<\/h2>\n<p>Pour faire face au choc \u00e9conomique li\u00e9 \u00e0 la crise du coronavirus, le Gouvernement a mis en oeuvre, notamment, ce dispositif exceptionnel de garanties permettant de soutenir le financement bancaire des entreprises.<\/p>\n<p>Devant prendre fin au 31 d\u00e9cembre 2021, le\u00a0<strong>pr\u00eat garanti par l&#8217;\u00c9tat est prolong\u00e9 jusqu&#8217;au 30 juin 2022<\/strong>. Les r\u00e9gimes concern\u00e9s par cette prolongation seront annonc\u00e9s prochainement par le Gouvernement.<\/p>\n<p class=\"text-align-center\"><a class=\"btn--primary\" href=\"https:\/\/www.economie.gouv.fr\/covid19-soutien-entreprises\/pret-garanti-par-letat\">En savoir plus sur le pr\u00eat garanti par l&#8217;Etat<\/a><\/p>\n<p>Par ailleurs, une grande partie des aides mises en oeuvre par le Gouvernement pour soutenir les entreprises face aux difficult\u00e9s g\u00e9n\u00e9r\u00e9es par crise sanitaire, restent d&#8217;actualit\u00e9.<\/p>\n<p class=\"text-align-center\"><a class=\"btn--primary\" href=\"https:\/\/www.economie.gouv.fr\/entreprises\/aides-entreprises-sortie-crise\">Entreprises : quelles aides pour accompagner votre sortie de crise ?<\/a><\/p>\n<h2>Allongement des d\u00e9lais d\u2019option pour le choix de r\u00e9gime d\u2019imposition des micro-entreprises<\/h2>\n<p>Actuellement, si une entreprise soumise au r\u00e9gime micro-BIC souhaite opter pour le r\u00e9gime r\u00e9el d\u2019imposition (r\u00e9el simplifi\u00e9 ou r\u00e9el normal), il est n\u00e9cessaire de d\u00e9poser une demande avant le 1<sup>er<\/sup>\u00a0f\u00e9vrier de l&#8217;ann\u00e9e \u00ab n \u00bb,\u00a0 pour une application au titre de cette m\u00eame ann\u00e9e.<\/p>\n<p>La loi de Finances pour 2022 permet d\u2019augmenter la dur\u00e9e de ce d\u00e9lai d\u2019option. \u00c0 compter du 1<sup>er<\/sup>\u00a0janvier 2022, il est possible d&#8217;opter pour un r\u00e9gime r\u00e9el jusqu\u2019\u00e0 la date limite de d\u00e9p\u00f4t de la d\u00e9claration d\u2019ensemble des revenus. En pratique, il s\u2019agira du mois de mai ou de juin de l\u2019ann\u00e9e suivante.<\/p>\n<p class=\"text-align-center\"><a class=\"btn--primary ext\" title=\"\u00ab lecoindesentrepreneurs.fr \u00bb dans une nouvelle fen\u00eatre\" href=\"https:\/\/www.lecoindesentrepreneurs.fr\/projet-de-loi-de-finances-pour-2022-mesures-entreprises\/\" target=\"_blank\" rel=\"noopener\" data-extlink=\"\">En savoir plus sur cette mesure sur le site lecoindesentrepreneurs.fr<\/a><\/p>\n<h2>Cr\u00e9dit d\u2019imp\u00f4t formation des dirigeants : doublement du montant<\/h2>\n<p>Vous \u00eates chef d\u2019entreprise et vous souhaitez acqu\u00e9rir de nouvelles comp\u00e9tences ? Vous pouvez b\u00e9n\u00e9ficier d&#8217;un avantage fiscal prenant la forme d\u2019un cr\u00e9dit d\u2019imp\u00f4t sur vos d\u00e9penses de formation.<\/p>\n<p>La loi de Finances pour 2022 pr\u00e9voit de\u00a0<strong>doubler le montant de ce cr\u00e9dit d\u2019imp\u00f4t<\/strong>\u00a0pour les dirigeants des microentreprises au sens de la l\u00e9gislation europ\u00e9enne, c&#8217;est \u00e0 dire les microentreprises :<\/p>\n<ul>\n<li>dont l&#8217;effectif salari\u00e9 est inf\u00e9rieur \u00e0 10<\/li>\n<li>et dont le chiffre d&#8217;affaires ou le total de bilan est inf\u00e9rieur \u00e0 2 millions d&#8217;euros.<\/li>\n<\/ul>\n<p class=\"text-align-center\"><a class=\"btn--primary\" href=\"https:\/\/www.economie.gouv.fr\/entreprises\/credit-impot-formation-dirigeants-chef-entreprise\">En savoir plus sur ce cr\u00e9dit d&#8217;imp\u00f4t<\/a><\/p>\n<h2><span style=\"color: #ff0000;\">Transmission d\u2019entreprise individuelle : augmentation des plafonds d\u2019exon\u00e9ration<\/span><\/h2>\n<p><span style=\"color: #ff0000;\">Actuellement, lorsqu&#8217;un entrepreneur c\u00e8de son fonds de commerce et r\u00e9alise une plus-value, il peut b\u00e9n\u00e9ficier d\u2019un abattement fiscal. Si la valeur du fonds est inf\u00e9rieure \u00e0 300 000 \u20ac, l&#8217;exon\u00e9ration d\u2019imp\u00f4t sur le revenu est totale. Entre 300 000 \u20ac et 500 000 \u20ac, l\u2019exon\u00e9ration est partielle.<\/span><\/p>\n<p><span style=\"color: #ff0000;\">L&#8217;article 19 de la loi de finances pour 2022 modifie ces deux plafonds pour les porter respectivement \u00e0\u00a0<strong>500 000 \u20ac\u00a0<\/strong>et<strong>\u00a01 000 000 \u20ac<\/strong>.<\/span><\/p>\n<p class=\"text-align-center\"><span style=\"color: #ff0000;\"><a class=\"btn--primary ext\" style=\"color: #ff0000;\" title=\"\u00ab legifrance.gouv.fr \u00bb dans une nouvelle fen\u00eatre\" href=\"https:\/\/www.legifrance.gouv.fr\/jorf\/article_jo\/JORFARTI000044637670\" target=\"_blank\" rel=\"noopener\" data-extlink=\"\">En savoir plus (article 19 de la loi de Finances)<\/a><\/span><\/p>\n<p class=\"text-align-center\">\n<h2>Versement mobilit\u00e9, des changements au 1<sup>er<\/sup>\u00a0janvier 2022<\/h2>\n<p>Le versement mobilit\u00e9 est une contribution locale des employeurs, recouvr\u00e9e par l\u2019Urssaf afin de financer les transports en commun dans les r\u00e9gions, les d\u00e9partements et les communes.<\/p>\n<p>Des changements entrent en vigueur au 1<sup>er<\/sup>\u00a0janvier 2022. Par exemple,\u00a0<strong>le taux de versement mobilit\u00e9 \u00e9volue sur le territoire de plus d\u2019une vingtaine d\u2019Autorit\u00e9s organisatrices de mobilit\u00e9 (AOM)<\/strong>.<\/p>\n<p>Pour tout savoir des changements du versement mobilit\u00e9 en 2022, reportez vous \u00e0 la circulaire de l&#8217;Urssaf via le lien ci-dessous.<\/p>\n<p class=\"text-align-center\"><a class=\"btn--primary ext\" title=\"\u00ab https:\/\/www.urssaf.fr\/portail\/files\/live\/sites\/urssaf\/files\/Lettres_circulaires\/2021\/ref_LCIRC-2021-0000026.pdf?origine=recherche \u00bb dans une nouvelle fen\u00eatre\" href=\"https:\/\/www.urssaf.fr\/portail\/files\/live\/sites\/urssaf\/files\/Lettres_circulaires\/2021\/ref_LCIRC-2021-0000026.pdf?origine=recherche\" target=\"_blank\" rel=\"noopener\" data-extlink=\"\">Acc\u00e9dez \u00e0 la circulaire de l&#8217;Urssaf<\/a><\/p>\n<p class=\"text-align-center\">\n<h2>Annonces l\u00e9gales : les tarifs \u00e9voluent en 2022<\/h2>\n<p>Vous \u00eates en train de cr\u00e9er votre entreprise ? Dans le cadre de vos d\u00e9marches, vous devez sans doute publier une annonce l\u00e9gale !<\/p>\n<p>Sachez qu&#8217;un\u00a0<a class=\"ext\" title=\"\u00ab legifrance.gouv.fr \u00bb dans une nouvelle fen\u00eatre\" href=\"https:\/\/www.legifrance.gouv.fr\/jorf\/id\/JORFTEXT000044378066\" target=\"_blank\" rel=\"noopener\" data-extlink=\"\">arr\u00eat\u00e9 du 19 novembre 2021<\/a>\u00a0fait \u00e9voluer, \u00e0 compter du 1<sup>er<\/sup>\u00a0janvier 2022, les modalit\u00e9s de tarification des annonces l\u00e9gales (les annonces judiciaires sont \u00e9galement concern\u00e9es).<\/p>\n<p class=\"text-align-center\"><a class=\"btn--primary\" href=\"https:\/\/www.economie.gouv.fr\/entreprises\/publier-annonce-legale\">Pour en savoir plus sur les annonces l\u00e9gales<\/a><\/p>\n<p class=\"text-align-center\">\n<h2>Un acc\u00e8s simplifi\u00e9 aux services en ligne pour les entreprises<\/h2>\n<p>Afin de simplifier la recherche d\u2019informations et la r\u00e9alisation des d\u00e9marches en ligne par les entreprises, trois nouveaux sites internet vont \u00eatre lanc\u00e9s en 2022.<\/p>\n<p>Cr\u00e9ation, immatriculation, modification, cessation, d\u00e9claration, paiement&#8230;de nombreuses d\u00e9marches qui sont r\u00e9alis\u00e9es aujourd&#8217;hui par les entreprises sur une multitude de sites, seront d\u00e9sormais centralis\u00e9es sur ces trois sites.<\/p>\n<p class=\"text-align-center\"><a class=\"btn--primary\" href=\"https:\/\/www.economie.gouv.fr\/acces-simplifie-services-en-ligne-professionnels-2022\">En savoir plus sur le lancement de ces nouveaux services en ligne<\/a><\/p>\n<\/div>\n<\/div>\n<\/div>\n<div class=\"field__item\">\n<div class=\"paragraph paragraph--type--informations-complementaires paragraph--view-mode--default\">\n<div class=\"field field--name-field-bloc-d-informations-comple field--type-entity-reference-revisions field--label-hidden field__items flex-container\">\n<div class=\"paragraph paragraph--type--bloc-information-complementaire paragraph--view-mode--default taille-bloc taille-bloc--half fond-couleur\">\n<p class=\"field field--name-field-titre field--type-string field--label-hidden field__item field--titre-paragraph\">\n<\/div>\n<p>Pour faire ce r\u00e9sum\u00e9, nous nous sommes bas\u00e9s sur les informations officielles de Bercy, avec lesquelles nous avons repris des liens pour que vous puissiez aller plus loin sur le sujet qui vous int\u00e9resse.<\/p>\n<p>Je me suis bas\u00e9 sur ce que disent les textes r\u00e9cents (cliquer dessus si vous voulez les parcourir !!!!) :<\/p>\n<div class=\"paragraph paragraph--type--bloc-information-complementaire paragraph--view-mode--default taille-bloc taille-bloc--half fond-couleur\">\n<div class=\"clearfix text-formatted field field--name-field-contenu-libre field--type-text-long field--label-hidden field__item\">\n<ul>\n<li><a class=\"ext\" title=\"\u00ab https:\/\/www.legifrance.gouv.fr\/jorf\/id\/JORFTEXT000044637640 \u00bb dans une nouvelle fen\u00eatre\" href=\"https:\/\/www.legifrance.gouv.fr\/jorf\/id\/JORFTEXT000044637640\" target=\"_blank\" rel=\"noopener\" data-extlink=\"\">Loi de finances pour 2022<\/a><\/li>\n<li><a class=\"ext\" title=\"\u00ab https:\/\/www.legifrance.gouv.fr\/jorf\/id\/JORFTEXT000044553428 \u00bb dans une nouvelle fen\u00eatre\" href=\"https:\/\/www.legifrance.gouv.fr\/jorf\/id\/JORFTEXT000044553428\" target=\"_blank\" rel=\"noopener\" data-extlink=\"\">Loi de financement de la s\u00e9curit\u00e9 sociale pour 2022<\/a><\/li>\n<\/ul>\n<p>Bien cordialement,<\/p>\n<p>Patrick MALVA\u00cbS<\/p>\n<\/div>\n<\/div>\n<div class=\"paragraph paragraph--type--bloc-information-complementaire paragraph--view-mode--default taille-bloc taille-bloc--half fond-couleur\"><\/div>\n<\/div>\n<\/div>\n<\/div>\n<\/div>\n<\/div>\n<\/article>\n<\/div>\n<p>&nbsp;<\/p>\n","protected":false},"excerpt":{"rendered":"<p>Chers amis, chers confr\u00e8res, Dans la foul\u00e9e de la Loi de Finances pour 2022, de nouvelles dispositions pourraient vous int\u00e9resser. J&#8217;en fais ci-dessous un rappel pour que vous puissiez utiliser ces donn\u00e9es avec vos&#8230;<\/p>\n","protected":false},"author":2,"featured_media":0,"comment_status":"closed","ping_status":"closed","sticky":false,"template":"","format":"standard","meta":{"_mi_skip_tracking":false,"_monsterinsights_sitenote_active":false,"_monsterinsights_sitenote_note":"","_monsterinsights_sitenote_category":0},"categories":[1],"tags":[],"_links":{"self":[{"href":"https:\/\/sndll.info\/index.php?rest_route=\/wp\/v2\/posts\/5753"}],"collection":[{"href":"https:\/\/sndll.info\/index.php?rest_route=\/wp\/v2\/posts"}],"about":[{"href":"https:\/\/sndll.info\/index.php?rest_route=\/wp\/v2\/types\/post"}],"author":[{"embeddable":true,"href":"https:\/\/sndll.info\/index.php?rest_route=\/wp\/v2\/users\/2"}],"replies":[{"embeddable":true,"href":"https:\/\/sndll.info\/index.php?rest_route=%2Fwp%2Fv2%2Fcomments&post=5753"}],"version-history":[{"count":1,"href":"https:\/\/sndll.info\/index.php?rest_route=\/wp\/v2\/posts\/5753\/revisions"}],"predecessor-version":[{"id":5755,"href":"https:\/\/sndll.info\/index.php?rest_route=\/wp\/v2\/posts\/5753\/revisions\/5755"}],"wp:attachment":[{"href":"https:\/\/sndll.info\/index.php?rest_route=%2Fwp%2Fv2%2Fmedia&parent=5753"}],"wp:term":[{"taxonomy":"category","embeddable":true,"href":"https:\/\/sndll.info\/index.php?rest_route=%2Fwp%2Fv2%2Fcategories&post=5753"},{"taxonomy":"post_tag","embeddable":true,"href":"https:\/\/sndll.info\/index.php?rest_route=%2Fwp%2Fv2%2Ftags&post=5753"}],"curies":[{"name":"wp","href":"https:\/\/api.w.org\/{rel}","templated":true}]}}