{"id":5786,"date":"2022-01-15T17:13:55","date_gmt":"2022-01-15T16:13:55","guid":{"rendered":"https:\/\/sndll.info\/?p=5786"},"modified":"2022-01-16T09:02:02","modified_gmt":"2022-01-16T08:02:02","slug":"reouverture-quand-comment","status":"publish","type":"post","link":"https:\/\/sndll.info\/?p=5786","title":{"rendered":"REOUVERTURE ? QUAND, COMMENT ? L&#8217;ETUDE COMCOR DE PASTEUR&#8230;"},"content":{"rendered":"<p>Chers amis, chers confr\u00e8res,<\/p>\n<p>Nous sommes <strong><span style=\"color: #000080;\">ferm\u00e9s actuellement jusqu&#8217;au 24 Janvier. Beaucoup nous demandent \u00e0 juste titre &#8220;et apr\u00e8s ?&#8221;<\/span><\/strong><\/p>\n<p>Nous sommes \u00e0 l&#8217;heure actuelle <strong><span style=\"color: #000080;\">incapables de r\u00e9pondre<\/span><\/strong> de fa\u00e7on cat\u00e9gorique.<strong><span style=\"color: #000080;\"> Seulement au vu de la propagation de la COVID il est peu probable que\u00a0 nous rouvrions le 25 Janvier.<\/span> <\/strong>Rien ne nous a encore \u00e9t\u00e9 dit&#8230;<\/p>\n<p>Remarquons simplement que depuis la fermeture de nos \u00e9tablissements les contaminations sont pass\u00e9es de moins de 20 000\/jour \u00e0 pr\u00e8s de 400 000 et on ne peut nous l&#8217;imputer !!! Je dirais m\u00eame que, comme les fois pr\u00e9c\u00e9dentes, la fermeture de nos \u00e9tablissements a acc\u00e9l\u00e9r\u00e9 la propagatIon de la COVID ce qui prouve l&#8217;inanit\u00e9 de la mesure cibl\u00e9e uniquement sur nous !<\/p>\n<p><strong><span style=\"color: #000080;\">Ci-dessous mon intervention reprise dans les media qui fait le point<\/span><\/strong> (ARTICLE INTERNAUTE du 14 Janvier). On ne peut rien dire de plus sauf que la fameuse (fumeuse) \u00e9tude COMCOR telle que LE PARISIEN l&#8217;a relay\u00e9e ne nous accuse pas particuli\u00e8rement et encore moins que d&#8217;autres lieux !<\/p>\n<p>Encore e\u00fbt-il fallu que les media et les politiques lisent l&#8217;\u00e9tude en question que nous avons d\u00e9mont\u00e9e devant le Conseil d&#8217;Etat. Mais la paresse intellectuelle, le go\u00fbt du sensationnalisme et les a priori sur le m\u00e9tier l&#8217;emportent encore. C&#8217;est trop facile !<\/p>\n<p>Avec d\u00e9lectation , le Pr\u00e9fet du Centre Val de Loire s&#8217;est m\u00eame r\u00e9joui: &#8220;la bamboche, c&#8217;est fini !&#8221; De qui se moque-t-on ? Quel m\u00e9pris !<\/p>\n<p>Attendons la suite mais <strong><span style=\"color: #ff00ff;\">le gouvernement doit nous aider plus et encore.<\/span><\/strong><\/p>\n<p>Le SNDLL a demand\u00e9 par \u00e9crit d\u00e8s la sortie du D\u00e9cret sur les nouvelles aides (RENFORT) au moins trois choses pr\u00e9cises:<\/p>\n<div><\/div>\n<div>1) <strong><span style=\"color: #0000ff;\">tous les ERP classe P discoth\u00e8ques doivent \u00eatre indemnis\u00e9s, sans exception<\/span><\/strong><\/div>\n<div>2) quelle que soit leur date de cr\u00e9ation ou de rachat ( ou de restructuration juridique)<\/div>\n<div>3) y compris s&#8217;ils n\u2019ont pas de r\u00e9f\u00e9rence de chiffre d\u2019affaire en 2019 pour des raisons de travaux par exemple ou autres.<\/div>\n<div><\/div>\n<div>Bercy nous a indiqu\u00e9 (y compris par \u00e9crit) avoir bien pris note de ces insuffisances et \u00e9tudier les rem\u00e8des.<\/div>\n<div><\/div>\n<div>Nous sommes dans l\u2019attente d\u2019une prise en compte de ces demandes justifi\u00e9es.<\/div>\n<div><\/div>\n<div>Par ailleurs, le report du<strong><span style=\"color: #0000ff;\"> remboursement des PGE<\/span><\/strong> est imp\u00e9ratif\u00a0 tout comme les mesures sur <strong><span style=\"color: #0000ff;\">les loyers commerciaux<\/span><\/strong> qu&#8217;il n&#8217;est pas possible d&#8217;honorer.<\/div>\n<div><\/div>\n<div>Je rappelle aussi notre demande de <strong><span style=\"color: #0000ff;\">prise en compte de la baisse de 20% de notre CA<\/span><\/strong> en cette p\u00e9riode de d\u00e9cembre\/Janvier. L\u00e0, le Ministre JB LEMOYNE nous a dit comprendre la d\u00e9marche.<\/div>\n<div>Je ne parle m\u00eame pas des incertitudes sur le salaire des g\u00e9rants qui inqui\u00e8te l\u00e9gitimement certains. Mais elles sont dans les aides &#8220;renfort&#8221; de la m\u00eame fa\u00e7on qu&#8217;on le connaissait pour les co\u00fbts fixes.<\/div>\n<div><\/div>\n<div>Nous suivons le dossier mais, \u00e0 ce moment pr\u00e9cis,\u00a0 nous sommes dans l&#8217;attente la plus totale. Rien de pire pour une entreprise que l&#8217;incertitude.<\/div>\n<div><\/div>\n<div>Nous suivons, par ailleurs, les \u00e9lucubrations de certains qui veulent nous imposer \u00e0 la r\u00e9ouverture un test en plus du PASS ! Inacceptable.<\/div>\n<div>On le voit &#8220;la pente est forte&#8221; mais nous nous battons.<\/div>\n<div><\/div>\n<div>Je ne peux, h\u00e9las, rien dire de plus pour le moment.<\/div>\n<div><\/div>\n<div>Bien cordialement,<\/div>\n<div><\/div>\n<div>Patrick MALVA\u00cbS<\/div>\n<p>&nbsp;<\/p>\n<p>&nbsp;<\/p>\n<header>\n<h1>Bo\u00eete de nuit et Covid : quelle est la date de r\u00e9ouverture des discoth\u00e8ques<\/h1>\n<\/header>\n<aside class=\"app_author_box jDiaporamaVerticalMetasAuthor\" data-user-id=\"19557288\">\n<div class=\"vcard\">\n<div class=\"grid_row grid--norwd\">\n<div class=\"grid_col\"><\/div>\n<div class=\"grid_col\">\n<dl>\n<dt>\u00a0 <time datetime=\"2022-01-14T15:01:00+01:00\">Mis \u00e0 jour le\u00a014\/01\/22 15:01<\/time><\/dt>\n<dd class=\"org\"><\/dd>\n<\/dl>\n<\/div>\n<\/div>\n<\/div>\n<\/aside>\n<aside class=\"app_share_mod jSharer jDiaporamaVerticalSharer\">\u00a0<\/aside>\n<div id=\"jArticleInside\">\n<p class=\"app_entry_lead\"><a class=\"fancy\" title=\"\u00a0\u00a9\u00a0SIPA\" href=\"https:\/\/img-4.linternaute.com\/3tD7KaE69tp9y7-3ck2gkCS8M1c=\/1500x\/smart\/be9016c9b23746b7aaa986fc4b3d9968\/ccmcms-linternaute\/31061939.jpg\"><picture data-insertor-excluded=\"1\"><source srcset=\"https:\/\/img-4.linternaute.com\/PCRyTRJmCqgLZSjY2sOW3aD52kA=\/540x\/smart\/be9016c9b23746b7aaa986fc4b3d9968\/ccmcms-linternaute\/31061939.jpg\" media=\"(max-width: 480px)\" data-insertor-excluded=\"1\" \/><img src=\"https:\/\/img-4.linternaute.com\/3tD7KaE69tp9y7-3ck2gkCS8M1c=\/1500x\/smart\/be9016c9b23746b7aaa986fc4b3d9968\/ccmcms-linternaute\/31061939.jpg\" alt=\"Bo\u00eete de nuit\u00a0et Covid\u00a0: quelle est la date de r\u00e9ouverture des discoth\u00e8ques\u00a0?\" width=\"1500\" height=\"1000\" data-insertor-excluded=\"1\" \/><\/picture><\/a>DISCOTHEQUES. Pour faire face \u00e0 la propagation du Covid-19\u00a0et des variants Delta et Omicron, le gouvernement a d\u00e9cr\u00e9t\u00e9 la fermeture des \u00e9tablissements de nuit. Jusqu&#8217;\u00e0 quand\u00a0?<\/p>\n<aside class=\"ccmsummary marqueur_module ccmcss_cms_summary ccmcss_cms_summary--right\">\n<div class=\"ccmsummary-title ccmcss_cms_summary__title\">SOMMAIRE<\/div>\n<div class=\"ccmsummary-content\">\n<ul>\n<li data-insertor-excluded=\"1\"><a href=\"https:\/\/www.linternaute.com\/musique\/magazine\/2545572-boite-de-nuit-et-covid-quelle-date-de-reouverture-des-discotheques\/#dates-fermeture\" data-insertor-excluded=\"1\">Les dates de fermeture<\/a><\/li>\n<li data-insertor-excluded=\"1\"><a href=\"https:\/\/www.linternaute.com\/musique\/magazine\/2545572-boite-de-nuit-et-covid-quelle-date-de-reouverture-des-discotheques\/#covid\" data-insertor-excluded=\"1\">Pourquoi les discoth\u00e8ques ?<\/a><\/li>\n<li data-insertor-excluded=\"1\"><a href=\"https:\/\/www.linternaute.com\/musique\/magazine\/2545572-boite-de-nuit-et-covid-quelle-date-de-reouverture-des-discotheques\/#masque\" data-insertor-excluded=\"1\">Le masque obligatoire<\/a><\/li>\n<li data-insertor-excluded=\"1\"><a href=\"https:\/\/www.linternaute.com\/musique\/magazine\/2545572-boite-de-nuit-et-covid-quelle-date-de-reouverture-des-discotheques\/#gmail-une-ouverture-attendue-depuis-2020\" data-insertor-excluded=\"1\">16 mois de fermeture<\/a><\/li>\n<\/ul>\n<\/div>\n<\/aside>\n<p><strong>[Mis \u00e0 jour le 14\u00a0janvier \u00e0 15h01]<\/strong>\u00a0A quand la r\u00e9ouverture des discoth\u00e8ques\u00a0en France ? Le flou demeure pour les g\u00e9rants des \u00e9tablissements de nuit fran\u00e7ais. Apr\u00e8s avoir annonc\u00e9 dans un premier temps quatre semaines de fermeture d\u00e8s le 10 d\u00e9cembre 2021, le\u00a0<a title=\"Nouveau gouvernement\" href=\"https:\/\/www.linternaute.com\/actualite\/politique\/1388922-gouvernement-castex-liste-des-ministres-et-composition-detaillee-du-nouveau-gouvernement\/\">gouvernement<\/a>\u00a0a prolong\u00e9 la mesure sur trois semaines suppl\u00e9mentaires : \u00e0 compter du lundi 3 janvier et donc, jusqu&#8217;au 24 janvier 2022 (au moins), les discoth\u00e8ques resteront ferm\u00e9es. &#8220;Pour trois semaines il y aura la reconduction de la fermeture qui les concernait&#8221;, a d\u00e9clar\u00e9\u00a0Jean-Baptiste Lemoyne, ministre d\u00e9l\u00e9gu\u00e9 charg\u00e9 du Tourisme et des PME.<\/p>\n<div id=\"ctn_native_atf\" class=\"ads--insertor-casper\">\n<div id=\"hbv-native-native_ATF\" class=\"hbv-native\">\n<aside class=\"app_edito_na app_edito_na--above\" data-sponsor=\"Sponsoris\u00e9 par healthyday.online\">\n<div class=\"content-row\">\n<h4 class=\"app_edito_title_2\">\u00a0Un nouveau coup dur pour les g\u00e9rants de discoth\u00e8ques, qui ont d\u00fb baisser le rideau le 10 d\u00e9cembre dernier. Fin d\u00e9cembre, le\u00a0Syndicat National des Discoth\u00e8ques et Lieux de Loisirs, qui d\u00e9nonce une &#8220;stigmatisation&#8221; du gouvernement apr\u00e8s l&#8217;annonce de la fermeture des bo\u00eetes de nuit, s&#8217;est vu refuser sa demande d&#8217;annulation de cette mesure par le Conseil d&#8217;Etat. &#8220;Comme nous nous en doutions,\u00a0le Conseil d&#8217;Etat a rejet\u00e9 notre demande d&#8217;annulation de la fermeture des discoth\u00e8ques&#8221;, peut-on lire dans\u00a0<a href=\"https:\/\/sndll.info\/?p=5653\">un communiqu\u00e9 de presse<\/a>.<\/h4>\n<\/div>\n<\/aside>\n<\/div>\n<\/div>\n<p>Pour le SNDL, cette fermeture des \u00e9tablissements de nuit est une &#8220;stigmatisation&#8221;, une &#8220;discrimination&#8221;, une mesure inutile\u00a0qui n&#8217;est justifi\u00e9e par &#8220;aucun \u00e9l\u00e9ment sanitaire av\u00e9r\u00e9.&#8221;\u00a0&#8220;Ce sont ces lieux\u00a0dans lesquels aucun cluster n&#8217;est apparu depuis des mois, que le Gouvernement a d\u00e9cid\u00e9 de fermer&#8221;, peut-on lire dans ce document, dans lequel il est conclu :\u00a0&#8220;la cons\u00e9quence est d\u00e9j\u00e0 connue\u00a0: reprise de l&#8217;\u00e9pid\u00e9mie en janvier et maintien de notre fermeture\u00a0!&#8221;<\/p>\n<div id=\"ctn_infeed\" class=\"ads--insertor-casper\">\n<div id=\"ba_infeed\"><\/div>\n<\/div>\n<h2>Quelles sont les dates de fermetures des discoth\u00e8ques ?<\/h2>\n<p>Pour tenter de freiner la propagation du Covid-19 en France, le Premier ministre\u00a0<a title=\"Castex\" href=\"https:\/\/www.linternaute.com\/actualite\/biographie\/1747021-jean-castex-malade-du-covid-la-video-qui-embarrasse-l-executif\/\">Jean Castex<\/a> a annonc\u00e9 la fermeture des bo\u00eetes de nuit pour une dur\u00e9e de quatre semaines, \u00e0 compter du vendredi 10 d\u00e9cembre et jusqu&#8217;au jeudi 6 janvier 2022 inclus, avant de prolonger de trois semaines suppl\u00e9mentaires. Une annonce fortement contest\u00e9e par les professionnels du secteur, faite \u00e0 l&#8217;issue d&#8217;un nouveau Conseil de d\u00e9fense \u00e0 l&#8217;Elys\u00e9e lundi 6 d\u00e9cembre dernier.<\/p>\n<p>Dans un communiqu\u00e9 de presse dat\u00e9 du mardi 13 d\u00e9cembre,\u00a0le Syndicat national des discoth\u00e8ques et lieux de loisirs (SNDLL) annonc\u00e9 avoir saisi le Conseil d&#8217;\u00c9tat contre une mesure qu&#8217;il juge &#8220;arbitraire&#8221;. Et si les g\u00e9rants d&#8217;\u00e9tablissements de nuit d\u00e9noncent\u00a0une diff\u00e9rence de traitement avec les autres secteurs, le gouvernement a ajout\u00e9 que &#8220;les activit\u00e9s de danse&#8221; seront \u00e9galement interdites &#8220;jusqu&#8217;au 6 janvier inclus&#8221;, ce qui signifie qu&#8217;il sera interdit de danser dans les bars et restaurants, qui eux restent, pour le moment, ouverts.<\/p>\n<p>&#8220;Le virus circule beaucoup chez les jeunes et le port du masque est difficile dans ces lieux. Nous le faisons aussi par coh\u00e9rence avec le message g\u00e9n\u00e9ral de prudence&#8221;, avait\u00a0fait valoir Jean Castex, annon\u00e7ant que le gouvernement allait accompagner &#8220;\u00e9conomiquement les entreprises concern\u00e9es (&#8230;) autant que cela sera n\u00e9cessaire.&#8221; Le ch\u00f4mage partiel va \u00eatre r\u00e9instaur\u00e9 dans le secteur de l&#8217;\u00e9v\u00e9nementiel et de la nuit, annonce Elisabeth Borne sur LCI.\u00a0&#8220;Je veux vraiment les rassurer\u00a0: on va remettre en place de l&#8217;activit\u00e9 partielle, prise en charge \u00e0 100\u00a0% donc sans reste \u00e0 charge pour l&#8217;employeur, pour continuer \u00e0 prot\u00e9ger les emplois&#8221;, assurait\u00a0la ministre.<\/p>\n<div id=\"ctn_position3\" class=\"ads--insertor-casper\">\n<div id=\"ba_position3\"><\/div>\n<\/div>\n<h2>Les discoth\u00e8ques responsables de la flamb\u00e9e du Covid ?<\/h2>\n<p>Les discoth\u00e8ques, ferm\u00e9es durant seize mois, n&#8217;avaient rouvert que le 9 juillet dernier, avec un protocole stricte.\u00a0Protocole auquel le masque s&#8217;\u00e9tait de nouveau ajout\u00e9 apr\u00e8s une allocution du ministre de la Sant\u00e9 le 25\u00a0novembre 2021. Les bo\u00eetes de nuit comptaient parmi les lieux o\u00f9 le taux de contamination au Covid-19\u00a0est le plus \u00e9lev\u00e9.<\/p>\n<p>Comme le r\u00e9v\u00e9lait\u00a0le nouveau volet de\u00a0<a href=\"https:\/\/www.linternaute.com\/actualite\/guide-vie-quotidienne\/2489515-contagion-du-covid-comment-il-se-transmet-comment-se-proteger\/\">l&#8217;\u00e9tude ComCor de l&#8217;Institut Pasteur<\/a>\u00a0relay\u00e9e par\u00a0<a href=\"https:\/\/www.leparisien.fr\/societe\/covid-19-fetes-privees-bars-transports-ce-que-dit-la-nouvelle-etude-de-pasteur-sur-les-lieux-les-plus-a-risque-26-11-2021-KQ6MUIO2BJD6NNI5NCXXYYLZ4E.php?ts=1637934884883\" target=\"_blank\" rel=\"noopener\">Le Parisien<\/a>, les soir\u00e9es priv\u00e9es, les bars et discoth\u00e8ques ressortent comme \u00e9tant les plus \u00e0 risque\u00a0: chez les moins de 40\u00a0ans, les risques de contamination augmentent de 340% (150% chez les plus de 40\u00a0ans) par rapport \u00e0 une personne n&#8217;ayant pas fr\u00e9quent\u00e9 de discoth\u00e8que. A titre de comparaison, un trajet en voiture avec d&#8217;autres personnes augmente les risques de 30%. C&#8217;est avec cette \u00e9tude que le gouvernement justifie la fermeture des discoth\u00e8ques.<\/p>\n<div class=\"ads--insertor-casper\"><\/div>\n<h2>Le masque obligatoire dans les discoth\u00e8ques<\/h2>\n<p>Le jeudi 25 novembre dernier, deux semaines avant la fermeture des discoth\u00e8ques, Olivier V\u00e9ran annon\u00e7ait le retour du masque obligatoire\u00a0dans tous les lieux couverts. Y compris si leur acc\u00e8s est d\u00e9j\u00e0\u00a0soumis \u00e0 la pr\u00e9sentation du\u00a0<a title=\"Pass sanitaire\" href=\"https:\/\/www.linternaute.com\/sortir\/guide-des-loisirs\/2538272-pass-sanitaire-quel-delai-pour-la-dose-de-rappel\/\" data-insertor-excluded=\"1\">pass\u00a0sanitaire<\/a>. La loi n&#8217;imposait plus le port du masque dans les lieux int\u00e9rieurs o\u00f9 le pass sanitaire \u00e9tait demand\u00e9 depuis fin juillet (chaque exploitant restait libre de le faire).\u00a0Le masque a donc fait\u00a0son retour dans les bo\u00eetes de nuit d\u00e8s le\u00a0<strong>vendredi 26 novembre<\/strong>. Un r\u00e9pit de courte dur\u00e9e puisque les discoth\u00e8ques ont quelques jours plus tard referm\u00e9 leurs portes&#8230;<\/p>\n<div class=\"ads--insertor-casper\"><\/div>\n<h2 id=\"gmail-une-ouverture-attendue-depuis-2020\">16 mois de fermeture pour les discoth\u00e8ques<\/h2>\n<p>Les bo\u00eetes de nuit et discoth\u00e8ques ont ferm\u00e9 en mars 2020, dans la lign\u00e9e des mesures gouvernementales prises pour endiguer la pand\u00e9mie de\u00a0<a title=\"Covid France\" href=\"https:\/\/www.linternaute.com\/actualite\/guide-vie-quotidienne\/2462477-direct-coronavirus-en-france-le-taux-d-incidence-diminue-vers-une-decrue-de-l-epidemie\/\">coronavirus en France<\/a>.\u00a0Si les restaurants, cin\u00e9mas, mus\u00e9es et th\u00e9\u00e2tres avaient rouvert\u00a0les premiers, tout comme les clubs libertins ou les caf\u00e9 dansants, les g\u00e9rants des \u00e9tablissements de nuit avaient attendu plus longtemps\u00a0le feu vert du gouvernement.<\/p>\n<p>Apr\u00e8s des mois de flou, la date du 9\u00a0juillet a finalement \u00e9t\u00e9 celle de l&#8217;ouverture, apr\u00e8s avoir \u00e9t\u00e9 confirm\u00e9e par le gouvernement, Alain Griset, ancien ministre d\u00e9l\u00e9gu\u00e9 charg\u00e9 des Petites et moyennes entreprises. Selon les calculs du SNDLL (Syndicat national des discoth\u00e8ques et lieux de loisir), sur les 1\u00a0648\u00a0discoth\u00e8ques que comptait\u00a0la France avant la pand\u00e9mie, 25% \u00e9taient en difficult\u00e9 \u00e0 la r\u00e9ouverture, et 131\u00a0en liquidation judiciaire.\u00a0Seules 1\u00a0500\u00a0bo\u00eetes de nuit auraient pu rouvrir. Leur refermeture est un nouveau coup dur pour la profession.<\/p>\n<\/div>\n<div class=\"title-h3\"><span style=\"color: #000080;\"><strong>Etude COMCOR\/THE LANCET<\/strong><\/span><\/div>\n<p>Pour ceux qui seraient int\u00e9ress\u00e9s se reporter sur www.thelancet.com<\/p>\n<p>Voici le d\u00e9but du rapport en question (en anglais mais que nous vous traduisons) qui est clair. En rouge dans l&#8217;\u00e9tude en anglais, sont accus\u00e9s ceux qui fr\u00e9quentent les bars, les soir\u00e9es priv\u00e9es ou publiques les jardins d&#8217;enfants, les \u00e9coles primaires et \u00e9l\u00e9mentaires. Nous traduisons l&#8217;\u00e9tude et l&#8217;analysons:<\/p>\n<div><strong><span style=\"color: #ff00ff;\">La synth\u00e8se du LANCET (COMCORE PASTEUR) est sans appel et LE PARISIEN a eu la paresse intellectuelle de la travestir et la grande presse a surench\u00e9ri sans se reporter \u00e0 la source. <span style=\"color: #000000;\">Voyons donc le texte (traduction de l&#8217;original qui est ci-apr\u00e8s):<\/span><\/span><\/strong><\/div>\n<div><\/div>\n<div>&#8220;R\u00e9sultats: (3e \u00a7 du sommaire\u00a0<span style=\"color: #ff0000;\"><b>&#8220;Findings&#8221;<\/b><\/span>):<\/div>\n<div>&#8230;.dans des analyses \u00e0 multivariables concernant 12634 cas (8644 Delta et 3990 non-delta)\u00a0 et 5560 contr\u00f4les, <span style=\"color: #ff0000;\"><strong>nous avons trouv\u00e9 des sujets de moins<\/strong> <strong>de 40 ans et fr\u00e9quentant des bars<\/strong> <span style=\"color: #000000;\">(rapport de donn\u00e9es corrig\u00e9es:1.9; indice de fiabilit\u00e9 de 95% entre 1.6 et 2.2)<\/span> <strong>ou des soir\u00e9es<\/strong> (<span style=\"color: #000000;\">rapport 3 4)<\/span> av<strong>ec un risque accru d&#8217;infection. &#8230;&#8221;<\/strong><\/span><\/div>\n<div><span style=\"color: #0000ff;\">A\u00a0 AUCUN MOMENT LA SYNTH\u00c8SE NE &#8220;pointe&#8221; les discoth\u00e8ques.<span style=\"color: #000000;\"> L<\/span><\/span>es commerces dont les bars et soir\u00e9es sont vis\u00e9s.\u00a0 De m\u00eame les rassemblements dont familiaux (private gatherings vis\u00e9s page 5 de l&#8217;\u00e9tude) contrairement aux conclusions gouvernementales.<\/div>\n<div><\/div>\n<div>\n<div>Ce n&#8217;est que par un amalgame &#8220;incident&#8221; dans un rappel du contexte de recherche page 2<span style=\"color: #ff0000;\"><strong>&#8220;added value of this study&#8221;\u00a0<\/strong><\/span><span style=\"color: #000000;\">et page 5<\/span><span style=\"color: #ff0000;\"><b>&#8220;results&#8221;<\/b><\/span>que les night-clubs (acception plus large en am\u00e9ricain)\u00a0\u00a0<span style=\"color: #000000;\">sont raccroch\u00e9s aux &#8220;parties&#8221; (soir\u00e9es) et qu&#8217;y sont &#8220;raccroch\u00e9s&#8221; aussi les rassemblements priv\u00e9s (private gatherings).<\/span><\/div>\n<div><span style=\"color: #000000;\">On voit imm\u00e9diatement la dilution et la dissolution des r\u00e9sultats sp\u00e9cifiques aux discoth\u00e8ques !\u00a0\u00a0<\/span><\/div>\n<div><\/div>\n<div><span style=\"color: #000000;\">De fait, comment y aurait-il pu y avoir 5560 contr\u00f4les sur les night-clubs alors que moins de 300 fonctionnaient sur les 30 jours de la &#8220;recherche&#8221; COMCOR (83 jours pour les autres lieux de l&#8217;\u00e9chantillon dont plus de 15 000 bars et soir\u00e9es !). <\/span><\/div>\n<div><strong><span style=\"color: #000080;\">Pas d&#8217;autre issue pour englober les discoth\u00e8ques que de faire un amalgame peu scientifique et absolument pas fiable.<\/span><\/strong><\/div>\n<div><span style=\"color: #000000;\">La m\u00e9thodologie est radicalement vici\u00e9e pour les discoth\u00e8ques, pas pour les bars et soir\u00e9es et rassemblements\u00a0priv\u00e9s. L\u00e0, le gouvernement ne s\u00e9vit pas. Discrimination \u00e9vidente.<\/span><\/div>\n<div><span style=\"color: #000000;\">Pour m\u00e9moire, l&#8217;\u00e9tude accuse bien la responsabilit\u00e9 des \u00e9coles, jardins d&#8217;enfants etc &#8230; qui, \u00e0 l&#8217;\u00e9vidence, ont \u00e9t\u00e9 \u00e0 l&#8217;origine de cette 5 \u00e8me vague que l&#8217;on essaye de faire porter, par man\u0153uvre de diversion politique aux discoth\u00e8ques. La ficelle est grosse.<\/span><\/div>\n<div><span style=\"color: #000000;\">Page 5 (2 eme \u00a7 colonne de droite) l&#8217;\u00e9tude rench\u00e9rit &#8220;&#8230;nous avons trouv\u00e9 que pour ceux de moins de 40 ans fr\u00e9quentant les bars et les soir\u00e9es priv\u00e9es particuli\u00e8rement entre le 13 Juin et le 12 Juillet il y avait un risque accru d&#8217;infection&#8221;<\/span><\/div>\n<div><span style=\"color: #000000;\">Elle ajoute un risque qui chute radicalement apr\u00e8s le 9 juillet date de r\u00e9ouverture des discoth\u00e8ques qui deviendraient elles-m\u00eames alors des lieux de haut risque de transmission.<\/span><\/div>\n<div><span style=\"color: #000000;\">Comment mieux d\u00e9noncer la porosit\u00e9 entre bars\/soir\u00e9es priv\u00e9es et familiales et discoth\u00e8ques! Ces lieux (15 \u00e0 30 000) ont &#8220;export\u00e9&#8221; leurs contamin\u00e9s sur 200 \u00e0 300 discoth\u00e8ques, ce qui a infiniment moins de cons\u00e9quences car la tra\u00e7abilit\u00e9 est possible dans ces lieux du fait du pass et de la v\u00e9rification de sa concordance avec la pi\u00e8ce d&#8217;identit\u00e9. Les ARS ont ainsi &#8220;jugul\u00e9&#8221; dans l&#8217;\u0153uf les rares clusters de Juillet\/ao\u00fbt qui n&#8217;ont plus eu lieu ensuite.<\/span><\/div>\n<div><span style=\"color: #000000;\">Fermer les discoth\u00e8ques c&#8217;est donc bien contaminer davantage en bars et soir\u00e9es de toutes natures, contrairement \u00e0 ce que feint d&#8217;ignorer le gouvernement !<\/span><\/div>\n<div><span style=\"color: #000000;\">Notre propos n&#8217;est pas de dire, comme il essaye de l&#8217;accr\u00e9diter, que ce sont les dispositions\u00a0du d\u00e9cret attaqu\u00e9 qui encouragent les soir\u00e9es non encadr\u00e9es. <strong><span style=\"color: #000080;\">Les dispositions renvoient, par la discrimination des seules discoth\u00e8ques, \u00e0 la consommation dans des lieux plus contaminants.<\/span><\/strong><\/span><\/div>\n<div>L\u00e0, le gouvernement ne prend pas ses responsabilit\u00e9s et 3 semaines apr\u00e8s on a multipli\u00e9 les contaminations par 20 alors que les discoth\u00e8ques sont ferm\u00e9es. Quelle irresponsabilit\u00e9 &#8230;. oui l&#8217;\u00e9tude COMCOR donnait des enseignements que l&#8217;on a ignor\u00e9s pour focaliser sur nos seules entreprises.<\/div>\n<\/div>\n<div><\/div>\n<div>Texte original ci-dessous (introduction)<\/div>\n<div>\n<div><\/div>\n<\/div>\n<div data-widget-id=\"f3868982-daa5-45e3-92f6-84fdcc4ac3fe\" data-widget-name=\"ux3-layout-widget\">\n<header class=\"header base fixed\">\n<div data-widget-id=\"ff5ec9a2-0ea8-4f5e-aece-0786cac88a5c\" data-widget-name=\"ux3-layout-widget\">\n<div>\n<div class=\"header__wrapper clearfix\" data-widget-def=\"ux3-layout-widget\" data-widget-id=\"4014114d-054d-414e-bb5e-ea626d9a028c\" data-db-parent-of=\"quickSearch\">\n<div data-widget-id=\"4014114d-054d-414e-bb5e-ea626d9a028c\" data-widget-name=\"ux3-layout-widget\">\n<div class=\"col-xs-6\">\n<div class=\"journal-logos\"><span data-widget-id=\"1f3f5ace-3a36-4970-a5f1-d69d6e7bf4b6\" data-widget-name=\"ux3-general-image\"><a title=\"The Lancet Regional Health - Europe\" href=\"https:\/\/www.thelancet.com\/regional-health\/europe\"><img src=\"https:\/\/www.thelancet.com\/pb-assets\/Lancet\/regional\/reghealth_europe-1600773158423.svg\" alt=\"The Lancet Regional Health - Europe\" \/><\/a><\/span><\/div>\n<\/div>\n<\/div>\n<\/div>\n<\/div>\n<\/div>\n<\/header>\n<\/div>\n<p>&nbsp;<\/p>\n<article data-widget-id=\"613c3767-893e-4bf8-99cb-7afbffa7b9ed\" data-widget-name=\"UX3articleContent\" data-pii=\"S2666-7762(21)00264-7\">\n<div id=\"articleHeader\" class=\"article__header low-height\">\n<div class=\"article-header\">\n<div class=\"article-header__wrapper\">\n<div class=\"article-header__top\">\n<div class=\"row\">\n<div class=\"col-md-6\">\n<div class=\"article-header__dropZone pb-dropzone\" data-pb-dropzone=\"articleTools-dropzone\">\n<div class=\"article-tools sticky\" data-widget-id=\"daeead20-90ca-40c7-9a88-59138e573056\" data-widget-name=\"UX3ArticleToolsWidget\">\n<div class=\"article-tools__wrapper\">\n<div class=\"article-tools__holder pull-right\">\n<p>&nbsp;<\/p>\n<\/div>\n<\/div>\n<\/div>\n<\/div>\n<\/div>\n<\/div>\n<\/div>\n<div class=\"article-header__middle\">\n<h1 class=\"article-header__title smaller\">Impact of SARS-CoV-2 Delta variant on incubation, transmission settings and vaccine effectiveness: Results from a nationwide case-control study in France<span class=\"article-header__access\">Open Access<\/span><span class=\"article-header__publish-date bulleted\" style=\"color: #5f727f; font-family: 'Source Sans Pro'; font-size: 16px; font-weight: normal;\"><span class=\"article-header__publish-date__label\">Published:<\/span><span class=\"article-header__publish-date__value\">November 25, 2021<\/span><\/span><span class=\"article-header__doi bulleted\" style=\"color: #5f727f; font-family: 'Source Sans Pro'; font-size: 16px; font-weight: normal;\"><span class=\"article-header__doi__label\">DOI:<\/span><a class=\"article-header__doi__value\" href=\"https:\/\/doi.org\/10.1016\/j.lanepe.2021.100278\">https:\/\/doi.org\/10.1016\/j.lanepe.2021.100278<\/a><\/span><\/h1>\n<\/div>\n<\/div>\n<\/div>\n<\/div>\n<div id=\"articleHeader\" class=\"article__header low-height\">\n<div class=\"article-header\">\n<div class=\"article-header__wrapper\">\n<div class=\"article-header__bottom clearfix row\">\n<div class=\"col-md-6 static-md\">\n<div class=\"plum-jbs-theme\">\n<div class=\"PlumX-Popup\">\n<div class=\"ppp-container ppp-small ppp-badge\">\n<p>&nbsp;<\/p>\n<\/div>\n<\/div>\n<\/div>\n<\/div>\n<\/div>\n<\/div>\n<div class=\"article-header__dropZone pb-dropzone\" data-pb-dropzone=\"articleNavigation-Dropzone\">\n<div class=\"content-navigation clearfix js--sticky\" data-widget-id=\"45024cb7-3a38-4932-876d-1ddfe7426788\" data-widget-name=\"UX3ArticleNavigation\">\n<div class=\"content-navigation__extra\"><span style=\"color: #3c3950; font-family: Montserrat; font-size: 36px; font-weight: bold; letter-spacing: 0.05em; text-transform: uppercase;\">Summary<\/span><\/div>\n<\/div>\n<\/div>\n<\/div>\n<\/div>\n<div class=\"article__body\">\n<div class=\"container\">\n<div class=\"row\">\n<div class=\"col-md-7 col-lg-9 article__sections\">\n<section>\n<div class=\"section-paragraph\">\n<h3>Background<\/h3>\n<div class=\"section-paragraph\">We aimed to assess the settings and activities associated with SARS-CoV-2 infection in the context of B.1.617.2 (Delta) variant circulation in France, as well as the protection against symptomatic Delta infection.<\/div>\n<h3>Methods<\/h3>\n<div class=\"section-paragraph\">In this nationwide case-control study, cases were SARS-CoV-2 infected adults recruited between 23 May and 13 August 2021. Controls were non-infected adults from a national representative panel matched to cases by age, sex, region, population density and calendar week. Participants completed an online questionnaire and multivariable logistic regression analysis was used to determine the association between acute SARS-CoV-2 infection and recent activity-related exposures, past history of SARS-CoV-2 infection, and COVID-19 vaccination.<\/div>\n<h3>Findings<\/h3>\n<div class=\"section-paragraph\">We did not find any differences in the settings and activities associated with Delta versus non-Delta infections and grouped them for subsequent analyses. In multivariable analysis involving 12634 cases (8644 Delta and 3990 non-Delta) and 5560 controls,<strong><span style=\"color: #ff0000;\"> we found individuals under 40 years and attending bars (aOR:1.9; 95%CI:1.6-2.2) or parties (aOR:3.4; 95%CI:2.8-4.2) to be at increased risk of infection. In those aged 40 years and older, having children attend daycare (aOR:1.9; 95%CI:1.1-3.3), kindergarten (aOR:1.6; 95%CI:1.2-2.1), primary school (aOR:1.4; 95%CI:1.2-1.6) or middle school (aOR:1.3; 95%CI:1.2-1.6) were associated with increased risk of infection. <\/span><\/strong>We found strong protection against symptomatic Delta infection for those with prior infection whether it was recent (2-6 months) (95%; 95%CI:90-97) or associated with one dose (85%; 95%CI:78-90) or two doses of mRNA vaccine (96%; 95%CI:87-99). For those without past infection, protection was lower with two doses of mRNA vaccine (67%; 95%CI:63-71).<\/div>\n<\/div>\n<\/section>\n<\/div>\n<\/div>\n<\/div>\n<div><\/div>\n<div class=\"container\">\n<div><\/div>\n<\/div>\n<\/div>\n<\/article>\n<p><strong><span style=\"color: #000000;\">C<\/span><span style=\"color: #ff00ff;\"><span style=\"color: #000000;\">OMME DISAIT EINSTEIN<\/span> &#8220;LES STATISTIQUES?? C&#8217;EST COMME LE BIKINI, CA MONTRE TOUT MAIS CA CACHE L&#8217;ESSENTIEL&#8221; !<\/span><\/strong><\/p>\n<p><span style=\"color: #ff00ff;\"><strong>V\u00e9rification faite !<\/strong><\/span><\/p>\n<p>Patrick MALVA\u00cbS<\/p>\n","protected":false},"excerpt":{"rendered":"<p>Chers amis, chers confr\u00e8res, Nous sommes ferm\u00e9s actuellement jusqu&#8217;au 24 Janvier. Beaucoup nous demandent \u00e0 juste titre &#8220;et apr\u00e8s ?&#8221; Nous sommes \u00e0 l&#8217;heure actuelle incapables de r\u00e9pondre de fa\u00e7on cat\u00e9gorique. Seulement au vu&#8230;<\/p>\n","protected":false},"author":2,"featured_media":0,"comment_status":"closed","ping_status":"closed","sticky":false,"template":"","format":"standard","meta":{"_mi_skip_tracking":false,"_monsterinsights_sitenote_active":false,"_monsterinsights_sitenote_note":"","_monsterinsights_sitenote_category":0},"categories":[1],"tags":[],"_links":{"self":[{"href":"https:\/\/sndll.info\/index.php?rest_route=\/wp\/v2\/posts\/5786"}],"collection":[{"href":"https:\/\/sndll.info\/index.php?rest_route=\/wp\/v2\/posts"}],"about":[{"href":"https:\/\/sndll.info\/index.php?rest_route=\/wp\/v2\/types\/post"}],"author":[{"embeddable":true,"href":"https:\/\/sndll.info\/index.php?rest_route=\/wp\/v2\/users\/2"}],"replies":[{"embeddable":true,"href":"https:\/\/sndll.info\/index.php?rest_route=%2Fwp%2Fv2%2Fcomments&post=5786"}],"version-history":[{"count":8,"href":"https:\/\/sndll.info\/index.php?rest_route=\/wp\/v2\/posts\/5786\/revisions"}],"predecessor-version":[{"id":5796,"href":"https:\/\/sndll.info\/index.php?rest_route=\/wp\/v2\/posts\/5786\/revisions\/5796"}],"wp:attachment":[{"href":"https:\/\/sndll.info\/index.php?rest_route=%2Fwp%2Fv2%2Fmedia&parent=5786"}],"wp:term":[{"taxonomy":"category","embeddable":true,"href":"https:\/\/sndll.info\/index.php?rest_route=%2Fwp%2Fv2%2Fcategories&post=5786"},{"taxonomy":"post_tag","embeddable":true,"href":"https:\/\/sndll.info\/index.php?rest_route=%2Fwp%2Fv2%2Ftags&post=5786"}],"curies":[{"name":"wp","href":"https:\/\/api.w.org\/{rel}","templated":true}]}}