{"id":5798,"date":"2022-01-16T22:11:21","date_gmt":"2022-01-16T21:11:21","guid":{"rendered":"https:\/\/sndll.info\/?p=5798"},"modified":"2022-01-17T11:07:50","modified_gmt":"2022-01-17T10:07:50","slug":"vous-trouvez-cela-serieux-vous","status":"publish","type":"post","link":"https:\/\/sndll.info\/?p=5798","title":{"rendered":"VOUS TROUVEZ CELA SERIEUX VOUS\u00a0?"},"content":{"rendered":"<h1 style=\"text-align: center;\"><strong>VOUS TROUVEZ CELA SERIEUX VOUS\u00a0?<\/strong><\/h1>\n<p>&nbsp;<\/p>\n<p>Cher.e.s ami.e.s, cher.e.s exploitant.e.s,<\/p>\n<p>&nbsp;<\/p>\n<p>Tout d\u2019abord, nous tenons \u00e0 distinguer la relation de travail et de confiance qui s\u2019est nou\u00e9e avec nos interlocuteurs\/trices \u00e0 Bercy et les membres du Gouvernement en charge de prendre les d\u00e9cisions politiques nous concernant. <span style=\"color: #000080;\"><strong>Une fois cette pr\u00e9cision apport\u00e9e, la situation politique actuelle \u00e0 notre \u00e9gard est invraisemblable.<\/strong><\/span><\/p>\n<p>&nbsp;<\/p>\n<p>Nous sommes le 17 janvier 2022. A quelques jours de la date \u00e9voqu\u00e9e <strong><span style=\"color: #000080;\">pour notre \u00ab\u00a0\u00e9ventuelle r\u00e9ouverture\u00a0\u00bb, aucune information particuli\u00e8re ne circule.<\/span> <\/strong>Il est vrai qu\u2019une discoth\u00e8que n\u2019est pas une v\u00e9ritable entreprise, elle ne recrute pas de personnel, elle n\u2019a pas besoin de pr\u00e9voir quoi que soit, pas d\u2019achat particulier, pas de stock, pas d\u2019acheminement de mati\u00e8re, pas de booking, pas de communication : c\u2019est si simple, on met la lumi\u00e8re on d\u00e9marre les amplis et puis voil\u00e0 le tour est jou\u00e9 ! Non\u00a0?<\/p>\n<p>&nbsp;<\/p>\n<p>Si ce n\u2019\u00e9tait pas si grave nous pourrions probablement en rire mais malheureusement <span style=\"color: #0000ff;\"><strong>la mani\u00e8re dont le Gouvernement se comporte \u00e0 notre \u00e9gard est bien r\u00e9elle et particuli\u00e8rement choquante.<\/strong><\/span><\/p>\n<p>&nbsp;<\/p>\n<p>Souvenez-vous, 16 ou 18 mois de fermeture selon les cas, 5 mois de reprise d\u2019activit\u00e9 parfois moins, et en l\u2019espace de quelques heures, de nouveau nous revoil\u00e0 ferm\u00e9s pour quatre semaines et puis pour trois autres, annonc\u00e9es dans un langage cod\u00e9 au d\u00e9tour d\u2019une conf\u00e9rence de presse du Premier Ministre et du ministre de la sant\u00e9.<\/p>\n<p>&nbsp;<\/p>\n<p>Fait nouveau, enfin, la cause des probl\u00e8mes sanitaires est d\u00e9sormais clairement identifi\u00e9e: <strong><em><u>\u00ab\u00a0les discoth\u00e8ques sont des lieux de contamination av\u00e9r\u00e9s\u00a0\u00bb.<\/u><\/em><\/strong> Les repr\u00e9sentants du Gouvernement au Conseil d\u2019Etat l\u2019ont rappel\u00e9 avec force\u00a0 ans \u00eatre capable d\u2019apporter le moindre \u00e9l\u00e9ment probant.<\/p>\n<p>&nbsp;<\/p>\n<p>Mais, le Premier Ministre a pourtant bien d\u00e9cid\u00e9 de fermer les discoth\u00e8ques et s\u2019est empress\u00e9 d\u2019en faire paraitre le d\u00e9cret le 7 d\u00e9cembre.\u00a0 Celui-ci scelle notre sort \u00e0 compter du 10 d\u00e9cembre au matin, nous devions tous \u00eatre ferm\u00e9s.<\/p>\n<p>&nbsp;<\/p>\n<p>Heureusement que le Gouvernement eu le r\u00e9flexe de prendre cette d\u00e9cision, depuis la fermeture de nos \u00e9tablissements la situation se redresse, chacun d\u2019entre nous l\u2019a constat\u00e9\u00a0!<\/p>\n<p>Nous sommes a plus de 320 000 contaminations\/jour, parfois plus ! Avant notre fermeture, il n&#8217;y en avait pas 20 000 &#8230;.<\/p>\n<p>La clef du probl\u00e8me sanitaire existe d\u00e9sormais pour M.VERAN ! CQFD<\/p>\n<p>Il fallait effectivement fermer les discoth\u00e8ques, sans cette mesure nous aurions \u00e9t\u00e9 dans une situation explosive et incontr\u00f4lable\u2026<\/p>\n<p>&nbsp;<\/p>\n<p>D\u2019ailleurs, pour s\u2019en convaincre, il suffit de fr\u00e9quenter les bars qui s\u2019empressent de remplacer notre profession sans geste barri\u00e8re \u00e9videmment sans contr\u00f4le de passe sanitaire avec contr\u00f4le d\u2019identit\u00e9 bien entendu, avec l\u2019aval implicite de l\u2019\u00c9tat puisqu\u2019il ne diligente que tr\u00e8s peu de contr\u00f4les et laisse faire. C\u2019est plus simple.<\/p>\n<p>&nbsp;<\/p>\n<p>Les dizaines de vid\u00e9os nous ayant \u00e9t\u00e9 adress\u00e9es constitueront des \u00e9l\u00e9ments dat\u00e9s \u00e0 disposition lorsque le moment viendra de proc\u00e9der au bilan des d\u00e9cisions prises \u00e0 notre \u00e9gard.<\/p>\n<p>&nbsp;<\/p>\n<p><strong><span style=\"color: #ff00ff;\">La COVID ne franchit pas la porte des bars ni des restaurants festifs, ce virus ne touche pas non plus l\u2019organisation de rassemblements associatifs fussent-ils dansants : la COVID s\u2019int\u00e9resse exclusivement aux discoth\u00e8ques ! C\u2019est bien connu.<\/span><\/strong><\/p>\n<p>&nbsp;<\/p>\n<p>Bien entendu, pour tenter d\u2019apaiser nos inqui\u00e9tudes, le Pr\u00e9sident de la R\u00e9publique en personne invoque \u00ab\u00a0<strong><em><u>un accompagnement exemplaire de la part du Gouvernement<\/u><\/em><\/strong>, le ministre de l\u2019\u00e9conomie, des finances et de la Relance \u00e9voque <strong><em><u>\u00ab\u00a0un syst\u00e8me d\u2019indemnisation am\u00e9lior\u00e9 y compris la r\u00e9mun\u00e9ration des g\u00e9rants\u00a0\u00bb<\/u><\/em>. \u00a0<\/strong><\/p>\n<p><strong>\u00a0<\/strong><\/p>\n<p><strong>Pas de temps de perdu tout ceci est annonc\u00e9 dans les heures qui suivent les d\u00e9clarations du Premier Ministre.<\/strong><\/p>\n<p>&nbsp;<\/p>\n<p>Soulignons au passage qu\u2019en mati\u00e8re d\u2019exemplarit\u00e9, <strong>le Gouvernement peut mieux faire.<\/strong> Il eut \u00e9t\u00e9 pr\u00e9f\u00e9rable par exemple, de nous r\u00e9unir, d\u2019examiner ensemble les difficult\u00e9s rencontr\u00e9es au cours des indemnisations pr\u00e9c\u00e9dentes, et ensuite en tirer les cons\u00e9quences et apporter des r\u00e9ponses \u00e0 des situations que nous connaissons parfaitement.<\/p>\n<p>&nbsp;<\/p>\n<p>Cela s\u2019appelle pratiquer <strong><span style=\"color: #0000ff;\">le dialogue social<\/span><\/strong>, mais cette pratique <strong><span style=\"color: #0000ff;\">a beaucoup chang\u00e9<\/span><\/strong>. <strong><span style=\"color: #0000ff;\">D\u00e9sormais, on r\u00e9unit les organisations professionnelles lorsque les d\u00e9cisions sont prises, c\u2019est plus simple,<\/span> <\/strong>c\u2019est une m\u00e9thode connue qui d\u00e9bouchera sans nul doute sur ce que redoute toute majorit\u00e9 politique, une r\u00e9action incontr\u00f4l\u00e9e d\u2019une \u00ab\u00a0base\u00a0\u00bb qui n\u2019en peut plus\u00a0de cette incompr\u00e9hension permanente !<\/p>\n<p>&nbsp;<\/p>\n<p><span style=\"color: #ff00ff;\"><strong>Notre m\u00e9thode, celle de la concertation et de l\u2019anticipation plus commun\u00e9ment connue sous l\u2019appellation &#8220;gestion pr\u00e9visionnelle de crise&#8221; aurait eu le m\u00e9rite d\u2019\u00e9viter de laisser certains exploitants de discoth\u00e8ques sans indemnisation, au risque de les voir disparaitre.<\/strong> <\/span>Comme nous tous, ils n\u2019ont absolument rien demand\u00e9 d\u2019autre qu\u2019exercer leur m\u00e9tier.<\/p>\n<p>&nbsp;<\/p>\n<p><u>A ce jour\u00a0:<\/u><\/p>\n<ol>\n<li><strong>Toutes les soci\u00e9t\u00e9s cr\u00e9\u00e9es apr\u00e8s le 31 janvier 2021 sont exclues du dispositif d\u2019indemnisation.<\/strong><\/li>\n<li><strong>Tous ceux qui, pour une raison quelconque (travaux, fermeture, cong\u00e9s, &#8230;) ne peuvent pas avoir une r\u00e9f\u00e9rence de chiffre d\u2019affaires en 2019 sont exclus du dispositif d\u2019indemnisation.<\/strong><\/li>\n<li><strong>Les saisonniers d\u2019\u00e9t\u00e9, qui auront \u00e9t\u00e9 priv\u00e9s de 4 mois d\u2019exploitation en 2021, d\u00e8s janvier 2022 ne pourront pas pr\u00e9senter de r\u00e9f\u00e9rence de chiffre d\u2019affaires mais ils ont eux aussi des charges fixes et doivent imp\u00e9rativement \u00eatre aid\u00e9s, comme les autres.<\/strong><\/li>\n<\/ol>\n<p><strong>\u00a0<\/strong><\/p>\n<p>C\u2019est pourquoi, nous avons transmis ces cas d\u2019\u00e9cole recens\u00e9s et demand\u00e9 \u00e0 nos interlocuteurs \u00e0 Bercy, de r\u00e9pondre \u00e0 ces probl\u00e8mes clairement identifi\u00e9s.<\/p>\n<p>&nbsp;<\/p>\n<p><strong><span style=\"color: #0000ff;\">Pour nous, TOUTES les discoth\u00e8ques &#8211; ERP class\u00e9s de type P &#8211; ferm\u00e9es administrativement par le d\u00e9cret du 7 d\u00e9cembre 2021, doivent \u00eatre indemnis\u00e9es et b\u00e9n\u00e9ficier sans aucune r\u00e9serve du syst\u00e8me d\u2019indemnisation. <\/span><\/strong><\/p>\n<p>&nbsp;<\/p>\n<p>Nos interlocuteurs nous ont dit avoir pris bonne note de ces sujets mais sont \u00e0 l\u2019\u00e9vidence tous soumis aux arbitrages politiques.<\/p>\n<p>&nbsp;<\/p>\n<p><strong>Le nombre de situations \u00e0 r\u00e9gler est portant ridicule eu \u00e9gard aux nombres de commerces ayant \u00e9t\u00e9 indemnis\u00e9s.<\/strong><\/p>\n<p>&nbsp;<\/p>\n<p>Si nous osions, par comparaison, nous ferions r\u00e9f\u00e9rence aux bars qui d\u00e9j\u00e0 \u00e9videmment sont l\u2019objet d\u2019une attention toute particuli\u00e8re, allons donc, le Gouvernement doit se porter au chevet de ceux \u00e0 qui il a confi\u00e9 nos chiffres d\u2019affaires qui se plaignent d\u00e9j\u00e0 des cons\u00e9quences du t\u00e9l\u00e9travail\u2026.<\/p>\n<p>&nbsp;<\/p>\n<p><span style=\"color: #ff00ff;\"><strong>Aucun d\u2019entre eux n\u2019\u00e9voque l\u2019effet d\u2019aubaine dont ils profitent de fa\u00e7on \u00e9hont\u00e9e que repr\u00e9sente la fermeture de nos \u00e9tablissements discoth\u00e8ques et \u00e0 la r\u00e9cup\u00e9ration de leurs chiffres d\u2019affaires.<\/strong><\/span><\/p>\n<p><strong>\u00a0<\/strong><\/p>\n<p><strong><span style=\"color: #000080;\">Vous entendez tous le chant des sir\u00e8nes adress\u00e9 au Gouvernement\u00a0: <em><u>\u00ab\u00a0vous devez nous aider et donner acc\u00e8s \u00e0 l\u2019aide renfort pour les bars d\u00e8s 30% de perte de chiffre d\u2019affaires,\u00a0sinon cela vous coutera plus cher\u2026 Nous allons licencier.\u00bb <\/u><\/em>et pendant ce temps, la situation des discoth\u00e8ques n\u2019\u00e9meut personne, c\u2019est inacceptable\u00a0!<\/span><\/strong><\/p>\n<p>&nbsp;<\/p>\n<div class=\"title-h3\" style=\"text-align: center;\"><strong><u>CE MEPRIS CARACTERISE DOIT ETRE CONDAMNE<\/u><\/strong><\/div>\n<p>&nbsp;<\/p>\n<p>Personne ne peut dire que nous sommes une profession d\u2019excessifs ou d\u2019irresponsables. Notre patience dans cette crise in\u00e9dite est plut\u00f4t remarquable. Nous avons pos\u00e9 les probl\u00e8mes auxquels la profession est confront\u00e9e avec le ministre Jean Baptiste LEMOYNE le 28 d\u00e9cembre dernier.<\/p>\n<p>&nbsp;<\/p>\n<p>Le 3 janvier 2022, Bruno LE MAIRE laisse supposer que nos pr\u00e9occupations sont prises en compte et \u00ab<strong><em><u>semble<\/u><\/em><\/strong>\u00bb charger le ministre Jean Baptiste LEMOYNE de r\u00e9pondre \u00e0 notre pr\u00e9occupation portant <strong><u>sur la perte de chiffre d\u2019affaires li\u00e9e \u00e0 la fermeture de d\u00e9cembre et janvier.<\/u><\/strong><\/p>\n<p>&nbsp;<\/p>\n<p><strong><u>Nous sommes le 16 janvier 2022\u00a0:<\/u><\/strong><\/p>\n<ul>\n<li><strong>Aucun signe \u00e0 l\u2019horizon d\u2019une r\u00e9ponse politique \u00e0 notre situation sp\u00e9cifique de perte de chiffre d\u2019affaire.<\/strong><\/li>\n<li><strong>Aucun signe \u00e0 l\u2019horizon d\u2019une r\u00e9ouverture ou d\u2019une prolongation de la fermeture.<\/strong><\/li>\n<li><strong>De quelle consid\u00e9ration politique sommes-nous l\u2019objet\u00a0?<\/strong><\/li>\n<\/ul>\n<p>&nbsp;<\/p>\n<p><strong>Le paradoxe est toujours le m\u00eame : Le Gouvernement s\u2019\u00e9tonne de voir une pression vindicative monter dans l\u2019opinion, mais au moment o\u00f9 il a la capacit\u00e9 d\u2019\u00e9viter tout rapport de force inutile, <\/strong>il choisit l\u2019attente interminable ou encore l\u2019absence de r\u00e9ponse \u00e0 des probl\u00e8mes cruciaux.<\/p>\n<p><strong>\u00a0<\/strong><\/p>\n<p>Qui d\u00e9cide de notre fermeture\u00a0arbitraire\u00a0?<\/p>\n<p>Qui place les exploitants de discoth\u00e8ques dans des situations extr\u00eames\u00a0?<\/p>\n<p><strong>C\u2019est bien le Gouvernement et il lui appartient donc de r\u00e9pondre \u00e0 nos attentes au plus vite.<\/strong><\/p>\n<p>Oui nous sommes responsables, respectueux des r\u00e8gles, mais ce m\u00e9pris, ne peut plus durer\u00a0!<\/p>\n<p><strong>\u00a0<\/strong><\/p>\n<p><span style=\"color: #0000ff;\"><strong>Mercredi prochain 19 janvier, nous sommes invit\u00e9s \u00e0 un call avec nos interlocuteurs de Bercy \u00e0 17h00 concernant les mesures de soutien.<\/strong><\/span><\/p>\n<p><strong>\u00a0<\/strong><strong>Nous vous tiendrons inform\u00e9s.<\/strong><\/p>\n<p><strong>\u00a0<\/strong><\/p>\n<p><strong>A tr\u00e8s bient\u00f4t<\/strong><\/p>\n<p><strong>\u00a0<\/strong><\/p>\n<p><strong>\u00a0<\/strong><\/p>\n<p style=\"text-align: center;\"><strong>Christian JOUNY \u00a0\u00a0\u00a0\u00a0\u00a0\u00a0\u00a0<\/strong><strong>\u00a0 \u00a0 \u00a0 \u00a0 \u00a0 \u00a0 \u00a0 \u00a0 \u00a0 \u00a0 \u00a0 \u00a0 \u00a0 \u00a0 \u00a0 \u00a0 \u00a0 \u00a0 \u00a0 \u00a0 \u00a0 \u00a0 \u00a0 \u00a0 \u00a0 \u00a0 \u00a0 \u00a0 \u00a0 \u00a0 \u00a0 \u00a0 \u00a0 \u00a0 \u00a0 \u00a0 \u00a0 \u00a0 \u00a0 Patrick MALVA\u00cbS<\/strong><\/p>\n","protected":false},"excerpt":{"rendered":"<p>VOUS TROUVEZ CELA SERIEUX VOUS\u00a0? &nbsp; Cher.e.s ami.e.s, cher.e.s exploitant.e.s, &nbsp; Tout d\u2019abord, nous tenons \u00e0 distinguer la relation de travail et de confiance qui s\u2019est nou\u00e9e avec nos interlocuteurs\/trices \u00e0 Bercy et les&#8230;<\/p>\n","protected":false},"author":1,"featured_media":0,"comment_status":"closed","ping_status":"closed","sticky":false,"template":"","format":"standard","meta":{"_mi_skip_tracking":false,"_monsterinsights_sitenote_active":false,"_monsterinsights_sitenote_note":"","_monsterinsights_sitenote_category":0},"categories":[1],"tags":[],"_links":{"self":[{"href":"https:\/\/sndll.info\/index.php?rest_route=\/wp\/v2\/posts\/5798"}],"collection":[{"href":"https:\/\/sndll.info\/index.php?rest_route=\/wp\/v2\/posts"}],"about":[{"href":"https:\/\/sndll.info\/index.php?rest_route=\/wp\/v2\/types\/post"}],"author":[{"embeddable":true,"href":"https:\/\/sndll.info\/index.php?rest_route=\/wp\/v2\/users\/1"}],"replies":[{"embeddable":true,"href":"https:\/\/sndll.info\/index.php?rest_route=%2Fwp%2Fv2%2Fcomments&post=5798"}],"version-history":[{"count":3,"href":"https:\/\/sndll.info\/index.php?rest_route=\/wp\/v2\/posts\/5798\/revisions"}],"predecessor-version":[{"id":5804,"href":"https:\/\/sndll.info\/index.php?rest_route=\/wp\/v2\/posts\/5798\/revisions\/5804"}],"wp:attachment":[{"href":"https:\/\/sndll.info\/index.php?rest_route=%2Fwp%2Fv2%2Fmedia&parent=5798"}],"wp:term":[{"taxonomy":"category","embeddable":true,"href":"https:\/\/sndll.info\/index.php?rest_route=%2Fwp%2Fv2%2Fcategories&post=5798"},{"taxonomy":"post_tag","embeddable":true,"href":"https:\/\/sndll.info\/index.php?rest_route=%2Fwp%2Fv2%2Ftags&post=5798"}],"curies":[{"name":"wp","href":"https:\/\/api.w.org\/{rel}","templated":true}]}}