{"id":5810,"date":"2022-01-19T06:30:19","date_gmt":"2022-01-19T05:30:19","guid":{"rendered":"https:\/\/sndll.info\/?p=5810"},"modified":"2022-01-20T06:43:54","modified_gmt":"2022-01-20T05:43:54","slug":"reunion-technique-avec-bercy-19-janvier","status":"publish","type":"post","link":"https:\/\/sndll.info\/?p=5810","title":{"rendered":"REUNION TECHNIQUE AVEC BERCY 19 JANVIER &#8230;."},"content":{"rendered":"<p>Chers amis, chers confr\u00e8res,<\/p>\n<p>Vous trouverez &#8220;en temps r\u00e9el&#8221; ci-dessous le compte rendu de notre r\u00e9union de travail (en distanciel) avec BERCY.<\/p>\n<p>Des \u00e9volutions &#8230; mais un chemin encore \u00e0 parcourir !<\/p>\n<p>&nbsp;<\/p>\n<p><strong><span style=\"color: #ff0000;\">CALL AVEC BERCY EN ATTENDANT LE CONSEIL DE D\u00c9FENSE DEMAIN..\u00a0<\/span><\/strong><\/p>\n<p>Ce jour, Mercredi 19 janvier \u00e0 17 h00, s\u2019est tenu la r\u00e9union avec Arpin\u00e9 GZRYAN membre du cabinet du ministre Jean Baptiste LEMOYNE.<br \/>\nBien entendu, d\u2019entr\u00e9e de s\u00e9ance nous avons \u00e9voqu\u00e9 l\u2019absence de perspective de r\u00e9ouverture \u00e0 quelques jours de la date \u00e9ventuelle d\u2019une reprise d\u2019activit\u00e9.<\/p>\n<p>C\u2019EST LA D\u00c9CISION POLITIQUE QUI D\u00c9TERMINERA NOTRE AVENIR\u00a0!<\/p>\n<p>Comme toujours, en pareille situation, notre sort sera scell\u00e9 demain par le conseil de d\u00e9fense qui se r\u00e9unira sous l\u2019autorit\u00e9 du Pr\u00e9sident de la R\u00e9publique.<br \/>\nAucune information ne transpire ce soir \u00e0 19 h00 sur notre r\u00e9ouverture ou la prolongation de notre fermeture\u00a0!\u2026<\/p>\n<p><span style=\"color: #ff00ff;\"><strong>JANVIER 2022 RECONDUCTION DU DISPOSITIF DE D\u00c9CEMBRE<\/strong><\/span><\/p>\n<p>Bercy nous confirme la prolongation du dispositif d\u2019accompagnement \u00e9conomique actuel (prise en charge \u00e0 100% des charges fixes), pour le mois de janvier 2022.<\/p>\n<p><strong><span style=\"color: #ff00ff;\">AUJOURD\u2019HUI, IL S\u2019AGISSAIT D\u2019UNE R\u00c9UNION TECHNIQUE<\/span><\/strong><\/p>\n<p>L\u2019objectif de cet entretien \u00e9tait de faire un point sur la mise en \u0153uvre des aides attribu\u00e9es \u00e0 notre profession et de proc\u00e9der au r\u00e9ajustement des aides sur les points que nous avions d\u00e9j\u00e0 adress\u00e9s \u00e0 Bercy.<br \/>\nLa r\u00e9union s\u2019est d\u00e9roul\u00e9e avec une volont\u00e9 commune d\u2019identifier les probl\u00e8mes rencontr\u00e9s dans le cadre de l\u2019application du dispositif \u00ab aide renfort \u00bb pour les discoth\u00e8ques et de rechercher des solutions permettant d\u2019\u00e9viter de laisser l\u2019une ou l\u2019un d\u2019entre nous \u00ab sur le bord du chemin\u00a0\u00bb.<\/p>\n<p><strong><span style=\"color: #0000ff;\">CE QU\u2019IL FAUT RETENIR DE NOS \u00c9CHANGES<\/span><\/strong><\/p>\n<p>1 er sujet\u00a0: Les soci\u00e9t\u00e9s cr\u00e9\u00e9es apr\u00e8s le 31 janvier 2021<br \/>\nSur cette question, notre interlocutrice nous a indiqu\u00e9 que l\u2019\u00e9largissement jusqu\u2019\u00e0 fin octobre 2021 est accept\u00e9. La r\u00e9f\u00e9rence du chiffre d\u2019affaires sera celle de la p\u00e9riode d\u2019aout \u00e0 novembre 2021. Ce sera la moyenne entre septembre et novembre.<\/p>\n<p>2 \u00e8me sujet : La r\u00e9f\u00e9rence au chiffre d\u2019affaires pour ceux qui n\u2019en ont pas en 2019. Ce point est not\u00e9 et sera l\u2019objet d\u2019une \u00e9tude.<\/p>\n<p>3 \u00e8me sujet : Perte de chiffre d\u2019affaires inf\u00e9rieure \u00e0 50% par rapport au mois de r\u00e9f\u00e9rence de 2019 Une modification \u00ab pourrait \u00eatre apport\u00e9e \u00bb dans un prochain d\u00e9cret. D\u2019ailleurs, nous invitons les exploitants \u00e9tant dans cette situation \u00e0 nous en faire part et nous remontrons les dossiers pour les<br \/>\nquantifier.<\/p>\n<p>4 \u00e8me sujet\u00a0: Pr\u00e9l\u00e8vements URSSAF de novembre et d\u00e9cembre.<br \/>\nL\u2019exon\u00e9ration des cotisations sociales de novembre et de d\u00e9cembre n\u2019a pas interrompue les pr\u00e9l\u00e8vements URSSAF de cette p\u00e9riode. C\u2019est pourquoi, nous avons sollicit\u00e9 l\u2019obtention d\u2019\u00e9claircissements pour que chacun d\u2019entre nous puisse obtenir soit un avoir, soit un remboursement des sommes pr\u00e9lev\u00e9es.<br \/>\nLe principe est acquis. Vos comptables doivent se saisir de cette op\u00e9ration en demandant le remboursement ou \u00e0 d\u00e9faut un avoir des sommes pr\u00e9lev\u00e9es.<br \/>\nNous aurons prochainement une r\u00e9union de travail avec un repr\u00e9sentant de l\u2019URSSAF, alors adressez-nous vos dossiers si vous rencontrez des difficult\u00e9s, pour que nous puissions les remonter.<\/p>\n<p>5 \u00e8me sujet\u00a0: La situation des saisonniers d\u2019\u00e9t\u00e9.<br \/>\nEn effet, les saisonniers d\u2019\u00e9t\u00e9, qui n\u2019ont d\u00e9but\u00e9 leur activit\u00e9 qu\u2019au d\u00e9but juillet alors qu\u2019habituellement ils commencent leur saison en avril, se retrouvent avec une perte de quatre mois de chiffre d\u2019affaires.<br \/>\nPour ceux qui ouvrent en p\u00e9riode de d\u00e9cembre (il y en a) la fermeture de fin d\u2019ann\u00e9e s\u2019ajoute \u00e0 la perte d\u00e9j\u00e0 enregistr\u00e9e des mois d\u2019avril \u00e0 juin et les privent d\u2019une marge importante pour faire face \u00e0 leurs frais fixes du premier trimestre 2022.<br \/>\nIl convient donc selon-nous, de les raccrocher au dispositif pour janvier et plus, si la fermeture devait se prolonger.<br \/>\nCe point est not\u00e9 et sera l\u2019objet d\u2019une \u00e9tude nous r\u00e9pond Bercy.<\/p>\n<p><span style=\"color: #ff0000;\"><strong>ATTENTION D\u00c9POSEZ VOS DOSSIERS AU PLUS VITE<\/strong><\/span><\/p>\n<p>Sachez qu\u2019\u00e0 compter du 3 f\u00e9vrier prochain, les formulaires \u00ab co\u00fbts fixes \u00bb de tous les secteurs d\u2019activit\u00e9s &#8211; S1 et S1 bis, seront mis en ligne. Il convient donc de faire au plus vite pour pr\u00e9tendre obtenir le versement des aides au plus t\u00f4t.<\/p>\n<p><strong><span style=\"color: #0000ff;\">Consid\u00e9ration SNDLL :<\/span><\/strong><\/p>\n<p><span style=\"color: #ff00ff;\">DISPOSITIF D\u2019ACCOMPAGNEMENT\u00a0:<\/span><br \/>\nD\u2019une mani\u00e8re plus g\u00e9n\u00e9rale, nous avons rappel\u00e9 \u00e0 notre interlocutrice qui connait particuli\u00e8rement bien notre secteur, que la situation des discoth\u00e8ques \u00e9tait sp\u00e9cifique. Seule profession ferm\u00e9e aussi longtemps depuis cette crise covid et par cons\u00e9quent nous sollicitions comme l\u2019a annonc\u00e9 le Pr\u00e9sident de la R\u00e9publique un accompagnement exemplaire dans cette p\u00e9riode de fermeture.<\/p>\n<p>Selon nous, toutes les discoth\u00e8ques class\u00e9es P ferm\u00e9es administrativement par le d\u00e9cret du 7 d\u00e9cembre 2021, doivent \u00eatre indemnis\u00e9es et b\u00e9n\u00e9ficier sans aucune r\u00e9serve de l\u2019aide renfort(co\u00fbts fixes).<\/p>\n<p><span style=\"color: #ff00ff;\">PERTE DE CHIFFRE D\u2019AFFAIRES\u00a0:<\/span><br \/>\nApr\u00e8s avoir examin\u00e9 les probl\u00e8mes identifi\u00e9s, nous avons \u00e9voqu\u00e9 de nouveau les cons\u00e9quences de la perte de chiffre d\u2019affaires de fin d\u2019ann\u00e9e et la n\u00e9cessit\u00e9 de d\u00e9bloquer une mesure de compensation au plus vite.<br \/>\nBercy semble examiner cette question mais craint clairement les risques d\u2019extension \u00e0 d\u2019autres secteurs d\u2019activit\u00e9. C\u2019est la raison pour laquelle \u00e0 ce stade, des r\u00e9flexions sont en cours mais aucune d\u00e9cision n\u2019est prise.<\/p>\n<p><span style=\"color: #ff00ff;\">R\u00c9OUVERTURE DE NOS \u00c9TABLISSEMENTS\u00a0:<\/span><br \/>\nCe sujet est \u00e9videmment fondamental. Quand, sous quelle forme, dans quelle condition exacte allons-nous reprendre notre activit\u00e9\u00a0? C\u2019est encore et toujours la question centrale.<br \/>\nLe politique, s\u2019est empar\u00e9 de ce sujet, c\u2019est donc lui, qui apportera de nouveau la r\u00e9ponse \u00e0 nos interrogations. Une remarque s\u2019impose, \u00e0 400 000 contaminations\/jour, discoth\u00e8ques ferm\u00e9es, cette situation-l\u00e0 a telle encore un sens\u00a0? Nous avons le droit d\u2019\u00eatre dubitatif\u00a0!<br \/>\nNotre profession ne peut pas \u00eatre l\u2019objet d\u2019une stigmatisation permanente. Il faut imp\u00e9rativement que le gouvernement comprenne que nous ne pourrons pas supporter cette injustice plus longtemps\u00a0!<br \/>\nPour le coup, ce n\u2019est pas Bercy qui est en cause \u00e0 ce sujet, mais Matignon et L\u2019\u00c9lys\u00e9e.<\/p>\n<p>D\u2019ailleurs, en fin de r\u00e9union, nous avons clairement pris le temps de rappeler la n\u00e9cessit\u00e9 de construire une relation d\u2019un autre ordre que celle que nous connaissons de fa\u00e7on r\u00e9currente avec\u00a0 les autorit\u00e9s sur l\u2019ensemble du territoire.<\/p>\n<p>La discoth\u00e8que doit \u00eatre reconnue comme un \u00e9l\u00e9ment incontournable dans l\u2019exercice de son m\u00e9tier d\u2019encadrement et de s\u00e9curisation des espaces de f\u00eate, c\u2019est une question de bon sens.<\/p>\n<p>Notre interlocutrice s\u2019est prononc\u00e9e en faveur de la mise en \u0153uvre d\u2019un dialogue avec le minist\u00e8re de l\u2019int\u00e9rieur apr\u00e8s avoir trait\u00e9 le sujet de la r\u00e9ouverture. Nous verrons bien. L\u2019urgence est ailleurs\u00a0!<br \/>\nA tr\u00e8s bient\u00f4t,<\/p>\n<p>Christian JOUNY\u00a0 \u00a0 \u00a0 \u00a0 \u00a0 \u00a0 \u00a0 Patrick MALVA\u00cbS<\/p>\n","protected":false},"excerpt":{"rendered":"<p>Chers amis, chers confr\u00e8res, Vous trouverez &#8220;en temps r\u00e9el&#8221; ci-dessous le compte rendu de notre r\u00e9union de travail (en distanciel) avec BERCY. Des \u00e9volutions &#8230; mais un chemin encore \u00e0 parcourir ! &nbsp; CALL&#8230;<\/p>\n","protected":false},"author":2,"featured_media":0,"comment_status":"closed","ping_status":"closed","sticky":false,"template":"","format":"standard","meta":{"_mi_skip_tracking":false,"_monsterinsights_sitenote_active":false,"_monsterinsights_sitenote_note":"","_monsterinsights_sitenote_category":0},"categories":[1],"tags":[],"_links":{"self":[{"href":"https:\/\/sndll.info\/index.php?rest_route=\/wp\/v2\/posts\/5810"}],"collection":[{"href":"https:\/\/sndll.info\/index.php?rest_route=\/wp\/v2\/posts"}],"about":[{"href":"https:\/\/sndll.info\/index.php?rest_route=\/wp\/v2\/types\/post"}],"author":[{"embeddable":true,"href":"https:\/\/sndll.info\/index.php?rest_route=\/wp\/v2\/users\/2"}],"replies":[{"embeddable":true,"href":"https:\/\/sndll.info\/index.php?rest_route=%2Fwp%2Fv2%2Fcomments&post=5810"}],"version-history":[{"count":2,"href":"https:\/\/sndll.info\/index.php?rest_route=\/wp\/v2\/posts\/5810\/revisions"}],"predecessor-version":[{"id":5813,"href":"https:\/\/sndll.info\/index.php?rest_route=\/wp\/v2\/posts\/5810\/revisions\/5813"}],"wp:attachment":[{"href":"https:\/\/sndll.info\/index.php?rest_route=%2Fwp%2Fv2%2Fmedia&parent=5810"}],"wp:term":[{"taxonomy":"category","embeddable":true,"href":"https:\/\/sndll.info\/index.php?rest_route=%2Fwp%2Fv2%2Fcategories&post=5810"},{"taxonomy":"post_tag","embeddable":true,"href":"https:\/\/sndll.info\/index.php?rest_route=%2Fwp%2Fv2%2Ftags&post=5810"}],"curies":[{"name":"wp","href":"https:\/\/api.w.org\/{rel}","templated":true}]}}