{"id":5817,"date":"2022-01-24T05:28:37","date_gmt":"2022-01-24T04:28:37","guid":{"rendered":"https:\/\/sndll.info\/?p=5817"},"modified":"2022-01-25T14:36:59","modified_gmt":"2022-01-25T13:36:59","slug":"comment-cela-reouverture-le-16-fevrier","status":"publish","type":"post","link":"https:\/\/sndll.info\/?p=5817","title":{"rendered":"COMMENT CELA ? REOUVERTURE LE 16 FEVRIER &#8230;"},"content":{"rendered":"<p>Chers amis, chers confr\u00e8res,<\/p>\n<p>&nbsp;<\/p>\n<p>Certains s&#8217;\u00e9tonnent que nous n&#8217;ayons pas communiqu\u00e9 depuis l&#8217;annonce le 20 Janvier par Jean CASTEX de mesures d&#8217;assouplissement dont la r\u00e9ouverture des discoth\u00e8ques. Il faut dire que notre joie est pour le moins tr\u00e8s limit\u00e9e !<\/p>\n<ol>\n<li><strong><span style=\"color: #0000ff;\"><span style=\"color: #ff0000;\">En premier lieu<\/span> le D\u00e9cret 2022-51 paru hier au JO a modifi\u00e9 (commentaires en bas d&#8217;article) le d\u00e9cret 2021-699 du 1er Juin 2021 (nouvelle r\u00e9daction: <a href=\"https:\/\/sndll.info\/wp-content\/uploads\/2022\/01\/Decret-n\u00b0-2021-699-du-1er-juin-2021-prescrivant-les-mesures-generales-necessaires-a-la-gestion-de-la-sortie-de-crise-sanitaire-Legifrance.html\">D\u00e9cret n\u00b0 2021-699 du 1er juin 2021 prescrivant les mesures g\u00e9n\u00e9rales n\u00e9cessaires \u00e0 la gestion de la sortie de crise sanitaire &#8211; <\/a>\u00a0\u00a0pour accompagner ces annonces a surtout pour effet (certain celui-l\u00e0 !) de nous fermer trois semaines suppl\u00e9mentaires ! Depuis le 10 D\u00e9cembre (3 semaines &#8220;qui disaient, mon cul ! &#8221; -pour parler comme la ZAZIE de Raymond Queneau !) \u00e7a fait beaucoup ! Il faut \u00eatre clair.\u00a0<\/span><\/strong><\/li>\n<\/ol>\n<p>Nous aurons \u00e9t\u00e9 ferm\u00e9s \u00e0 la mi-mars pratiquement 2 ans avec juste un interm\u00e8de !!!<\/p>\n<p>R\u00e9ouverture non pas le 23 Janvier mais le 16 f\u00e9vrier (jour o\u00f9 le Service du Travail Obligatoire avait \u00e9t\u00e9 d\u00e9cr\u00e9t\u00e9 pendant la guerre ! tout un symbole ! ). On s&#8217;en accommodera pour peu que <strong><span style=\"color: #ff00ff;\">les aides promises soient bien en place.<\/span><\/strong><\/p>\n<p>&nbsp;<\/p>\n<p>2) L\u00e0 est <strong><span style=\"color: #ff0000;\">le second point d&#8217;inqui\u00e9tude: <span style=\"color: #000080;\">d<\/span><\/span><\/strong><strong><span style=\"color: #000080;\">es \u00e9tablissements sont maintenus encore \u00e0 ce jour hors du champ des aides.<\/span><\/strong> C&#8217;est inacceptable. Je vous renvoie \u00e0 nos pr\u00e9c\u00e9dents papiers o\u00f9 nous avons list\u00e9 les &#8220;trous dans la raquette&#8221;, comme il est devenu de mode de dire puisque maintenant les trous comptent plus que la raquette !<\/p>\n<p>S&#8217;y ajoutent sur le terrain <strong><span style=\"color: #003366;\">des services de l&#8217;Etat qui ne reprennent pas les promesses qu&#8217;il a faites<\/span><\/strong>. Ainsi des services URSSAF refusent d&#8217;entendre la suppression des charges et parlent de &#8220;report&#8221;. Il y a d&#8217;autres exemples. Soyez assur\u00e9s que nous faisons remonter et intervenons pour tous les dysfonctionnements. Vous imaginez le travail pour notre petite structure ! Heureusement que nous avons la foi chevill\u00e9e au corps ! On y arrivera.<\/p>\n<p>Nous esp\u00e9rons que le traitement des co\u00fbts fixes n&#8217;entrainera pas<strong><span style=\"color: #003366;\"> d&#8217;autres &#8220;couacs&#8221;<\/span> <\/strong>! Ceux que nous avons sur ce terrain proviennent d&#8217;adh\u00e9rents dont les comptables ne trouvent pas sur le site du Minist\u00e8re (changez de comptable !) la demande, ceux dont le comptable ou eux-m\u00eames n&#8217;ont pas compris que les discoth\u00e8ques avaient un r\u00e9gime &#8220;\u00e0 part&#8221; (?!) d\u00e9rogatoire des autres activit\u00e9s dont les CHR (caf\u00e9s, h\u00f4tels, restaurants=<\/p>\n<p>Nous r\u00e9pondons, sto\u00efques. Il ne faut pas s&#8217;affoler, chers amis. On a appris la patience et la quasi totalit\u00e9 des probl\u00e8me se solutionnent.<\/p>\n<p><strong><span style=\"color: #0000ff;\"><span style=\"color: #ff0000;\">\u00a0 \u00a0 \u00a0 \u00a0 \u00a03) Surtout<\/span><\/span><span style=\"color: #0000ff;\"> dans quelles conditions allons nous rouvrir ?<\/span><\/strong><\/p>\n<p>a) Concernant l<strong><span style=\"color: #000080;\">e protocole sanitaire qui sera appliqu\u00e9 pour la r\u00e9ouverture, il reste \u00e0 d\u00e9finir !!!<\/span><\/strong><\/p>\n<p><strong><span style=\"color: #ff0000;\"><em>&#8220;Pour les masques dans les discoth\u00e8ques, nous verrons&#8221;<\/em> <\/span><\/strong>a expliqu\u00e9 M. O.VERAN qui souhaite <strong><em>&#8220;ne pas prendre de risques suppl\u00e9mentaires&#8221;<\/em><\/strong> si la situation sanitaire ne permet pas d&#8217;enlever le masque sur les pistes de danse. Il ajoute : <strong><em>&#8220;cela d\u00e9pendra probablement de la situation \u00e9pid\u00e9mique. On ne prendra pas de risques inutiles. Si on est un peu limite, peut-\u00eatre qu&#8217;on sera amen\u00e9s \u00e0 demander \u00e0 conserver le masque encore quelques jours ou quelques semaines&#8221; !<\/em> <span style=\"color: #0000ff;\">Fermez le ban !!! <\/span><\/strong><\/p>\n<p>Pour compl\u00e9ter le tableau, en r\u00e9ponse \u00e0 une question sur les masques M. VERAN\u00a0 a soulign\u00e9 <strong><em>&#8220;cela d\u00e9pendra de la situation \u00e9pid\u00e9mique au moment o\u00f9 la d\u00e9cision sera prise <span style=\"color: #ff0000;\">VERITABLEMENT<\/span> de rouvrir les discoth\u00e8ques&#8221;\u00a0<\/em><\/strong> . Ce <strong><span style=\"color: #ff0000;\">&#8221; VERITABLEMENT&#8221;<\/span><\/strong> rajoute \u00e0 mes inqui\u00e9tudes. Vous pensez bien qu&#8217;avec plus de 400 000 cas positifs (dont aucun ne doit aux discoth\u00e8ques ferm\u00e9es depuis le 10 d\u00e9cembre) on peut craindre la menace \u00e0 peine dissimul\u00e9e de M. VERAN ! Il aime tellement les discoth\u00e8ques&#8230;<\/p>\n<p>Cela ne le g\u00eane pas les risques inutiles dans tous les lieux qu&#8217;on a\u00a0\u00a0fait remonter au gouvernement ? Les TV s&#8217;en gaussent \u00e0 pr\u00e9sent et pr\u00e9sentent des reportages sur les soir\u00e9es &#8220;festives&#8221; des bars et restaus et autres lieux &#8230;.\u00a0 \u00a0de qui se moque-t-on ?\u00a0 Vraiment le m\u00e9pris de notre profession. Il devient difficile de croire aux annonces de ce gouvernement m\u00eame si des responsables comme Jean Baptiste LEMOYNE rendent un hommage appuy\u00e9 \u00e0 notre patience et \u00e9coutent nos dol\u00e9ances. Hors la sph\u00e8re des aides de BERCY, rien ne fonctionne. Le Ministre de l&#8217;Int\u00e9rieur et e Ministre de la sant\u00e9 laissent faire &#8230; Je suis un homme mesur\u00e9 et p\u00e8se mes mots, mais l\u00e0 c&#8217;est un scandale sur tous les plans.<\/p>\n<p>b) il n&#8217;y aurait pas de jauge, encore faut-il que cela soit act\u00e9.<\/p>\n<p>c) faudra-t-il<strong> <span style=\"color: #ff0000;\">un test n\u00e9gatif \u00e0 l&#8217;entr\u00e9e en plus du pass vaccinal ?<\/span><\/strong> <em><strong>&#8220;le pass vaccinal sera impos\u00e9 \u00e0 l&#8217;entr\u00e9e des discoth\u00e8ques&#8221;<\/strong> <\/em>explique O.VERAN.= qui explique que si <em><strong>&#8220;la loi permet&#8221;<\/strong> <\/em>effectivement de demander un test n\u00e9gatif de moins de 24 heures (petit &#8220;rappel&#8221; quand m\u00eame au passage\u00a0 qui porte sa menace en lui-m\u00eame) le gouvernement <em><strong>&#8220;n&#8217;a pas l&#8217;ambition de le faire En tout cas, pas en l&#8217;\u00e9tat&#8221;\u00a0 <\/strong><\/em>On peut seulement &#8220;esp\u00e9rer&#8221; que le test n\u00e9gatif ne soit pas obligatoire en plus du pass vaccinal. MAIS RIEN N&#8217;EST SUR A CE JOUR.<\/p>\n<p>Je ne sais pas o\u00f9 est &#8220;l&#8217;ambition&#8221; l\u00e0-dedans, par contre je comprends parfaitement que tout est possible juridiquement et en pratique. Notre pr\u00e9carit\u00e9 est soulign\u00e9e par ce joli d\u00e9tour : &#8220;pas en l&#8217;\u00e9tat&#8221; !<\/p>\n<p><strong><span style=\"color: #0000ff;\">En tout cas si on veut en fait nous imposer le masque et le test n\u00e9gatif en plus, il vaut mieux qu&#8217;on nous dise que notre fermeture est encore prolong\u00e9e. Ce serait plus clair et plus &#8220;ambitieux&#8221; !<\/span><\/strong><\/p>\n<p>Vous pensez bien donc que je n&#8217;aie pas voulu r\u00e9agir aussit\u00f4t \u00e0 l&#8217;annonce de la r\u00e9ouverture.<\/p>\n<p>Avec Christian JOUNY, j&#8217;ai pr\u00e9f\u00e9r\u00e9 que l&#8217;on se consacre \u00e0 \u00e9claircir tout ce qui pr\u00e9c\u00e8de : 1) les aides\u00a0 \u00a02) les conditions de notre r\u00e9ouverture.<\/p>\n<p>Actuellement nous sommes donc actifs sur ces deux cr\u00e9neaux pour vous d\u00e9fendre tous. Voil\u00e0 la raison de notre mutisme tr\u00e8s relatif et tr\u00e8s momentan\u00e9 !<\/p>\n<p>Bien cordialement \u00e0 tous,<\/p>\n<p>Patrick MALVA\u00cbS<\/p>\n<p>(je ne fais pas endosser \u00e0 C.JOUNY mes propos mais je sais qu&#8217;il les partage tant nous \u00e9changeons !)<\/p>\n<p>&nbsp;<\/p>\n<p><strong><span style=\"color: #000080;\">A retenir dans les textes du JO d&#8217;hier: <\/span><\/strong><\/p>\n<p>les nouveaut\u00e9s apport\u00e9es par la loi et le d\u00e9cret du 22 janvier 2022<\/p>\n<p><strong><u>Pass vaccinal\u00a0:<\/u><\/strong><\/p>\n<p>La loi n\u00b02022-46 du 22 janvier 2022 renfor\u00e7ant les outils de gestion de la crise sanitaire qui instaure le pass vaccinal et son d\u00e9cret d\u2019application (n\u00b02022-51 du 22 janvier 2022) ont \u00e9t\u00e9 publi\u00e9s au Journal officiel du dimanche 23 janvier 2022.<\/p>\n<p>D\u00e9sormais, \u00e0 compter de ce lundi 24 janvier 2022, le\u00a0<strong>pass vaccinal remplace le pass sanitaire pour les personnes \u00e2g\u00e9es d\u2019au moins 16 ans<\/strong>. Cette obligation s\u2019impose tant\u00a0<strong>pour les clients que pour les salari\u00e9s<\/strong>\u00a0qui interviennent dans les lieux, activit\u00e9s et \u00e9v\u00e8nements soumis au pass.<\/p>\n<p>En pratique,\u00a0<strong>les salari\u00e9s jusqu\u2019alors soumis au pass sanitaire car travaillant ou intervenant dans les lieux assujettis au pass sanitaire, sont d\u00e9sormais soumis au pass vaccinal<\/strong>. En revanche, pour les salari\u00e9s pour lesquels le pass sanitaire n\u2019\u00e9tait jusqu\u2019alors pas exig\u00e9, ne sont donc pas concern\u00e9s par l\u2019obligation de pr\u00e9senter un pass vaccinal.<\/p>\n<p>. (<a href=\"http:\/\/399h.mj.am\/lnk\/AM0AALywdgAAAch_teoAAJsElBUAAYCrOI0Am3wjAAQepQBh77JTUqPSmeKkSpyrDSq33GDMvQADT3E\/3\/UQqO95csKqsDPWDe-RmGSw\/aHR0cHM6Ly9tZXNjb25zZWlsc2NvdmlkLnNhbnRlLmdvdXYuZnIvcGFzcy1zYW5pdGFpcmUtcXItY29kZS12b3lhZ2VzLmh0bWwjZXN0LWNlLXF1ZS1tb24tZW1wbG95ZXVyLXBldXQtZXhpZ2VyLW1vbi1wYXNzZS12YWNjaW5hbA#est-ce-que-mon-employeur-peut-exiger-mon-passe-vaccinal\" target=\"_blank\" rel=\"external nofollow noopener\" data-saferedirecturl=\"https:\/\/www.google.com\/url?q=http:\/\/399h.mj.am\/lnk\/AM0AALywdgAAAch_teoAAJsElBUAAYCrOI0Am3wjAAQepQBh77JTUqPSmeKkSpyrDSq33GDMvQADT3E\/3\/UQqO95csKqsDPWDe-RmGSw\/aHR0cHM6Ly9tZXNjb25zZWlsc2NvdmlkLnNhbnRlLmdvdXYuZnIvcGFzcy1zYW5pdGFpcmUtcXItY29kZS12b3lhZ2VzLmh0bWwjZXN0LWNlLXF1ZS1tb24tZW1wbG95ZXVyLXBldXQtZXhpZ2VyLW1vbi1wYXNzZS12YWNjaW5hbA%23est-ce-que-mon-employeur-peut-exiger-mon-passe-vaccinal&amp;source=gmail&amp;ust=1643203660838000&amp;usg=AOvVaw0nSYTJeIunDF6RIioV7JdO\">https:\/\/mesconseilscovid.<wbr \/>sante.gouv.fr\/pass-sanitaire-<wbr \/>qr-code-voyages.html#est-ce-<wbr \/>que-mon-employeur-peut-exiger-<wbr \/>mon-passe-vaccinal<\/a>)<\/p>\n<p><u>Comment justifier du pass vaccinal\u00a0?<\/u><\/p>\n<p>Ainsi, les personnes \u00e2g\u00e9es\u00a0<strong>d\u2019au moins seize ans<\/strong>\u00a0doivent pr\u00e9senter un\u00a0<strong>justificatif de leur statut vaccinal<\/strong>\u00a0attestant d\u2019un sch\u00e9ma vaccinal\u00a0<strong>complet<\/strong>\u00a0de l\u2019un des vaccins contre la covid-19 ayant fait l\u2019objet d\u2019une autorisation de mise sur le march\u00e9 d\u00e9livr\u00e9e par la Commission europ\u00e9enne.<\/p>\n<p>A d\u00e9faut, d\u2019un vaccin dont l\u2019utilisation a \u00e9t\u00e9 autoris\u00e9e par l\u2019Organisation mondiale de la sant\u00e9 \u00e0 condition que toutes les doses requises aient \u00e9t\u00e9 re\u00e7ues, 7 jours apr\u00e8s l\u2019administration d\u2019une dose compl\u00e9mentaire d\u2019un vaccin \u00e0 acide ribonucl\u00e9ique (ARN) messager b\u00e9n\u00e9ficiant d\u2019une autorisation ou reconnaissance de la Commission europ\u00e9enne.<\/p>\n<p>&gt; S\u2019agissant du vaccin \u201cCOVID-19 Vaccine Janssen\u201d, 28 jours apr\u00e8s l\u2019administration d\u2019une dose.<\/p>\n<p>Depuis le 15 d\u00e9cembre 2021, pour que le sch\u00e9ma vaccinal reste reconnu comme complet, une dose compl\u00e9mentaire d\u2019un vaccin \u00e0 acide ribonuc\u00e9lique (ARN) doit avoir \u00e9t\u00e9 r\u00e9alis\u00e9 entre 1 et 2 mois suivant l\u2019injection de la dose initiale.<\/p>\n<p>Pour les personnes ayant re\u00e7u cette dose compl\u00e9mentaire au-del\u00e0 de 2 mois apr\u00e8s la dose initiale, le sch\u00e9ma vaccinal est reconnu comme complet 7 jours apr\u00e8s son injection.<\/p>\n<p>&gt; S\u2019agissant des autres vaccins, 7 jours apr\u00e8s l\u2019administration d\u2019une deuxi\u00e8me dose, sauf en ce qui concerne les personnes ayant \u00e9t\u00e9 infect\u00e9es par la covid-19, pour lesquelles ce d\u00e9lai court apr\u00e8s l\u2019administration d\u2019une dose. Les personnes de dix-huit ans et un mois ou plus doivent, pour que leur sch\u00e9ma vaccinal reste reconnu comme complet \u00e0 partir du 15 janvier 2021, avoir re\u00e7u une dose compl\u00e9mentaire d\u2019un vaccin \u00e0 acide ribonucl\u00e9ique (ARN) messager au plus tard 7 mois suivant l\u2019injection de la derni\u00e8re dose requise.<\/p>\n<p><strong>A d\u00e9faut de pr\u00e9senter un tel justificatif de statut vaccinal complet<\/strong>, l\u2019acc\u00e8s \u00e0 l\u2019\u00e9tablissement, au lieu, au service ou \u00e0 l\u2019\u00e9v\u00e8nement est refus\u00e9, sauf pour les personnes\u00a0:<\/p>\n<p>*b\u00e9n\u00e9ficiant d\u2019un\u00a0<strong>certificat de r\u00e9tablissement<\/strong>\u00a0\u00e0 la suite d\u2019une contamination par la covid-19. Celui-ci est d\u00e9livr\u00e9 sur pr\u00e9sentation d\u2019un document mentionnant un r\u00e9sultat positif \u00e0 un examen de d\u00e9pistage RT-PCR ou \u00e0 un test antig\u00e9nique r\u00e9alis\u00e9 plus de onze jours et moins de six mois auparavant. Ce certificat n\u2019est valable que pour une dur\u00e9e de six mois \u00e0 compter de la date de r\u00e9alisation de l\u2019examen ou du test mentionn\u00e9s ci-dessus.<\/p>\n<p>*justifiant d\u2019une\u00a0<strong>contre-indication m\u00e9dicale \u00e0 la vaccination contre la covid 19<\/strong>. Les cas de contre-indication m\u00e9dicale faisant obstacle \u00e0 la vaccination contre la covid-19 pouvant faire l\u2019objet d\u2019une attestation par un m\u00e9decin sont list\u00e9s \u00e0 l\u2019annexe 2 du d\u00e9cret du 1er juin 2021 modifi\u00e9.<\/p>\n<p>Le d\u00e9cret a par ailleurs pr\u00e9vu une\u00a0<strong>r\u00e8gle transitoire pour les personnes jusqu\u2019\u00e0 pr\u00e9sent non vaccin\u00e9es qui d\u00e9cident d\u2019entrer dans un sch\u00e9ma de vaccination<\/strong>. Jusqu\u2019au 15 f\u00e9vrier 2022 inclus, les personnes ayant re\u00e7u une premi\u00e8re dose de vaccin depuis au plus 4 semaines peuvent acc\u00e9der aux \u00e9tablissements soumis au pass vaccinal\u00a0<u>sur pr\u00e9sentation du justificatif de l\u2019administration de leur premi\u00e8re dose et du r\u00e9sultat d\u2019un test ou examen de d\u00e9pistage n\u00e9gatif r\u00e9alis\u00e9 moins de 24 heures<\/u>\u00a0avant l\u2019acc\u00e8s \u00e0 l\u2019\u00e9tablissement.<\/p>\n<p><strong><u>Maintien du pass sanitaire pour les mineurs de moins de 16 ans<\/u><\/strong>\u00a0:<\/p>\n<p><strong>Le\u00a0<u>pass sanitaire<\/u>\u00a0est maintenu pour les personnes \u00e2g\u00e9es d\u2019au moins douze ans et de moins de seize ans.<\/strong><\/p>\n<p>Pour rappel, le pass sanitaire consiste en la pr\u00e9sentation num\u00e9rique (via l\u2019application TousAntiCovid) ou papier d\u2019une preuve sanitaire, parmi les 3 suivantes\u00a0:<\/p>\n<ul>\n<li>La preuve d\u2019un examen de d\u00e9pistage RT-PCR ou d\u2019un test antig\u00e9nique n\u00e9gatif de moins de 24 heures avant l\u2019acc\u00e8s \u00e0 l\u2019\u00e9tablissement\u00a0;<\/li>\n<li>Un justificatif du statut vaccinal attestant d\u2019un sch\u00e9ma vaccinal complet\u00a0;<\/li>\n<li>un certificat de r\u00e9tablissement \u00e0 la suite d\u2019une contamination par la covid 19. Ce certificat est d\u00e9livr\u00e9 sur pr\u00e9sentation d\u2019un document mentionnant un r\u00e9sultat positif datant d\u2019au moins 11 jours et de moins de 6 mois.<\/li>\n<\/ul>\n<p><u><strong>Contr\u00f4le d\u2019identit\u00e9<\/strong><\/u>\u00a0:<\/p>\n<p>La loi du 22 janvier 2022 habilite les personnes et services autoris\u00e9s \u00e0 contr\u00f4ler le pass vaccinal \u00e0 demander, en cas de\u00a0<strong>raisons s\u00e9rieuses<\/strong>\u00a0de penser que le pass pr\u00e9sent\u00e9 ne se rattache pas \u00e0 la personne qui le pr\u00e9sente, de\u00a0<strong>produire un document officiel comportant sa photographie<\/strong>\u00a0afin de v\u00e9rifier la concordance des \u00e9l\u00e9ments d\u2019identit\u00e9 mentionn\u00e9s sur ces documents.<\/p>\n<p>On se demande en vertu de quelle l\u00e9galit\u00e9 on a impos\u00e9 aux discoth\u00e8ques de v\u00e9rifier les identit\u00e9s !<\/p>\n<p>&nbsp;<\/p>\n<p>&nbsp;<\/p>\n","protected":false},"excerpt":{"rendered":"<p>Chers amis, chers confr\u00e8res, &nbsp; Certains s&#8217;\u00e9tonnent que nous n&#8217;ayons pas communiqu\u00e9 depuis l&#8217;annonce le 20 Janvier par Jean CASTEX de mesures d&#8217;assouplissement dont la r\u00e9ouverture des discoth\u00e8ques. Il faut dire que notre joie&#8230;<\/p>\n","protected":false},"author":2,"featured_media":0,"comment_status":"closed","ping_status":"closed","sticky":false,"template":"","format":"standard","meta":{"_mi_skip_tracking":false,"_monsterinsights_sitenote_active":false,"_monsterinsights_sitenote_note":"","_monsterinsights_sitenote_category":0},"categories":[1],"tags":[],"_links":{"self":[{"href":"https:\/\/sndll.info\/index.php?rest_route=\/wp\/v2\/posts\/5817"}],"collection":[{"href":"https:\/\/sndll.info\/index.php?rest_route=\/wp\/v2\/posts"}],"about":[{"href":"https:\/\/sndll.info\/index.php?rest_route=\/wp\/v2\/types\/post"}],"author":[{"embeddable":true,"href":"https:\/\/sndll.info\/index.php?rest_route=\/wp\/v2\/users\/2"}],"replies":[{"embeddable":true,"href":"https:\/\/sndll.info\/index.php?rest_route=%2Fwp%2Fv2%2Fcomments&post=5817"}],"version-history":[{"count":7,"href":"https:\/\/sndll.info\/index.php?rest_route=\/wp\/v2\/posts\/5817\/revisions"}],"predecessor-version":[{"id":5858,"href":"https:\/\/sndll.info\/index.php?rest_route=\/wp\/v2\/posts\/5817\/revisions\/5858"}],"wp:attachment":[{"href":"https:\/\/sndll.info\/index.php?rest_route=%2Fwp%2Fv2%2Fmedia&parent=5817"}],"wp:term":[{"taxonomy":"category","embeddable":true,"href":"https:\/\/sndll.info\/index.php?rest_route=%2Fwp%2Fv2%2Fcategories&post=5817"},{"taxonomy":"post_tag","embeddable":true,"href":"https:\/\/sndll.info\/index.php?rest_route=%2Fwp%2Fv2%2Ftags&post=5817"}],"curies":[{"name":"wp","href":"https:\/\/api.w.org\/{rel}","templated":true}]}}