{"id":5889,"date":"2022-01-27T04:53:37","date_gmt":"2022-01-27T03:53:37","guid":{"rendered":"https:\/\/sndll.info\/?p=5889"},"modified":"2022-01-27T09:00:33","modified_gmt":"2022-01-27T08:00:33","slug":"et-les-independants","status":"publish","type":"post","link":"https:\/\/sndll.info\/?p=5889","title":{"rendered":"ET LES INDEPENDANTS ?!!!!!"},"content":{"rendered":"<p>Chers amis, chers confr\u00e8res,<\/p>\n<p>A chacune de nos interventions, Christian JOUNY, notre d\u00e9l\u00e9gu\u00e9 g\u00e9n\u00e9ral, rappelle sans cesse les &#8220;oubli\u00e9s du quoi qu&#8217;il en co\u00fbte&#8221; dont bien s\u00fbr les discoth\u00e8ques \u00e9cart\u00e9es injustement du syst\u00e8me mais aussi les INDEPENDANTS (DJs, artistes et autoentrepreneurs).<\/p>\n<p>Pour ces derniers en vain jusqu&#8217;alors mais JEAN BAPTISE LEMOYNE, notre Ministre, est en train de changer la donne.<\/p>\n<p>Voici ce qu&#8217;il a d\u00e9clar\u00e9 \u00e0 l&#8217;AFP (voir en fin d&#8217;article) et j&#8217;attire votre attention que ce qui est d&#8217;ores et d\u00e9j\u00e0 pr\u00e9vu ne l&#8217;est pas pour notre secteur qui lui est en train d&#8217;\u00eatre &#8220;recalibr\u00e9&#8221; . Encore du travail pour nous mais nous le ferons avec force et conviction.<\/p>\n<p>Courage encore. Nous vaincrons !<\/p>\n<p>Patrick MALVA\u00cbS<\/p>\n<p>&nbsp;<\/p>\n<div class=\"sc-aamjrj-0 sc-15kkmyk-0 sc-cyue7g-2 bMXefN dvqCYx\">\n<header class=\"sc-cyue7g-0 gtokqA\">\n<h1 class=\"sc-14kwckt-6 sc-1ohdft1-0 ioAAYb fPCZzZ\">Covid\u00a0: le gouvernement annonce une \u00ab\u00a0aide financi\u00e8re exceptionnelle\u00a0\u00bb pour les ind\u00e9pendants<\/h1>\n<p class=\"sc-14kwckt-6 sc-1ohdft1-0 dJfEQv fPCZzZ\">Les travailleurs ind\u00e9pendants et autoentrepreneurs, dont l&#8217;activit\u00e9 est p\u00e9nalis\u00e9e par la cinqui\u00e8me vague de Covid, vont b\u00e9n\u00e9ficier d&#8217;all\u00e8gements de cotisations sociales et d&#8217;une \u00ab\u00a0aide financi\u00e8re exceptionnelle\u00a0\u00bb, a annonc\u00e9\u00a0le ministre d\u00e9l\u00e9gu\u00e9 aux PME, Jean-Baptiste Lemoyne. Son montant reste \u00e0 d\u00e9finir.<\/p>\n<div class=\"sc-tez3o0-2 izUKLt\">\n<ul class=\"sc-14kwckt-18 sc-tez3o0-1 jCPoEo gOBuXi\">\n<li class=\"sc-14kwckt-19 sc-tez3o0-0  jZuLSg\" style=\"text-align: center;\"><span style=\"color: #000000; font-family: Arial;\"><span style=\"font-size: 13.3333px; background-color: #efefef;\">\u00a0<\/span><\/span><\/li>\n<\/ul>\n<\/div>\n<\/header>\n<\/div>\n<div class=\"sc-aamjrj-0 sc-15kkmyk-0 bMXefN\">\n<div class=\"sc-1dyubqu-0 dGKHVu\">\n<figure class=\"sc-14kwckt-21 sc-12l15dn-1 NStZo cUPdlK\">\n<div class=\"sc-5oblao-1 cuUFDM\">\n<div class=\"sc-aamjrj-0 sc-rizxew-0 ftWdmO eoTZzi sc-of6wlx-0 hpogte\"><picture class=\"sc-1qf2dxr-0 kaYLgZ sc-d0u0l9-0 bJnync\"><source class=\"sc-1qf2dxr-1 cRizmD\" srcset=\"https:\/\/media.lesechos.com\/api\/v1\/images\/view\/61f17de28fe56f0824659968\/1280x720-webp\/070823617787-web-tete.webp 1280w, https:\/\/media.lesechos.com\/api\/v1\/images\/view\/61f17de28fe56f0824659968\/1024x576-webp\/070823617787-web-tete.webp 1024w, https:\/\/media.lesechos.com\/api\/v1\/images\/view\/61f17de28fe56f0824659968\/976x549-webp\/070823617787-web-tete.webp 976w, https:\/\/media.lesechos.com\/api\/v1\/images\/view\/61f17de28fe56f0824659968\/640x360-webp\/070823617787-web-tete.webp 640w, https:\/\/media.lesechos.com\/api\/v1\/images\/view\/61f17de28fe56f0824659968\/608x342-webp\/070823617787-web-tete.webp 608w, https:\/\/media.lesechos.com\/api\/v1\/images\/view\/61f17de28fe56f0824659968\/320x180-webp\/070823617787-web-tete.webp 320w, https:\/\/media.lesechos.com\/api\/v1\/images\/view\/61f17de28fe56f0824659968\/240x135-webp\/070823617787-web-tete.webp 240w, https:\/\/media.lesechos.com\/api\/v1\/images\/view\/61f17de28fe56f0824659968\/160x90-webp\/070823617787-web-tete.webp 160w, https:\/\/media.lesechos.com\/api\/v1\/images\/view\/61f17de28fe56f0824659968\/144x81-webp\/070823617787-web-tete.webp 144w\" type=\"image\/webp\" sizes=\"(max-width: 1280px) 100vw, 1280px\" \/><source class=\"sc-1qf2dxr-1 cRizmD\" srcset=\"https:\/\/media.lesechos.com\/api\/v1\/images\/view\/61f17de28fe56f0824659968\/1280x720\/070823617787-web-tete.jpg 1280w, https:\/\/media.lesechos.com\/api\/v1\/images\/view\/61f17de28fe56f0824659968\/1024x576\/070823617787-web-tete.jpg 1024w, https:\/\/media.lesechos.com\/api\/v1\/images\/view\/61f17de28fe56f0824659968\/976x549\/070823617787-web-tete.jpg 976w, https:\/\/media.lesechos.com\/api\/v1\/images\/view\/61f17de28fe56f0824659968\/640x360\/070823617787-web-tete.jpg 640w, https:\/\/media.lesechos.com\/api\/v1\/images\/view\/61f17de28fe56f0824659968\/608x342\/070823617787-web-tete.jpg 608w, https:\/\/media.lesechos.com\/api\/v1\/images\/view\/61f17de28fe56f0824659968\/320x180\/070823617787-web-tete.jpg 320w, https:\/\/media.lesechos.com\/api\/v1\/images\/view\/61f17de28fe56f0824659968\/240x135\/070823617787-web-tete.jpg 240w, https:\/\/media.lesechos.com\/api\/v1\/images\/view\/61f17de28fe56f0824659968\/160x90\/070823617787-web-tete.jpg 160w, https:\/\/media.lesechos.com\/api\/v1\/images\/view\/61f17de28fe56f0824659968\/144x81\/070823617787-web-tete.jpg 144w\" type=\"image\/jpg\" sizes=\"(max-width: 1280px) 100vw, 1280px\" \/><img class=\"sc-14kwckt-20 jEBahl\" src=\"https:\/\/media.lesechos.com\/api\/v1\/images\/view\/61f17de28fe56f0824659968\/1280x720\/070823617787-web-tete.jpg\" alt=\"Le montant de l'aide exceptionnelle \u00ab\u00a0doit encore \u00eatre calibr\u00e9\u00a0\u00bb dans les jours \u00e0 venir, a indiqu\u00e9 Jean-Baptiste Lemoyne, le ministre d\u00e9l\u00e9gu\u00e9 aux PME.\" \/><\/picture><\/div>\n<\/div><figcaption class=\"sc-12l15dn-0 jPdQRW\">Le montant de l&#8217;aide exceptionnelle \u00ab\u00a0doit encore \u00eatre calibr\u00e9\u00a0\u00bb dans les jours \u00e0 venir, a indiqu\u00e9 Jean-Baptiste Lemoyne, le ministre d\u00e9l\u00e9gu\u00e9 aux PME. (Come SITTLER\/REA)<\/figcaption><\/figure>\n<\/div>\n<div class=\"sc-aamjrj-0 egkYCq\">\n<div class=\"sc-aamjrj-0 sc-xiy60q-0 ekoCiM\">\n<div class=\"sc-1mpwnru-0 eeZFQT\">\n<p class=\"sc-14kwckt-6 sc-1ohdft1-0 hZbEGn iGA-djk\">\n<div class=\"sc-aamjrj-0 sc-1i0ieo8-1 cCZiIu iXMxcQ\"><span class=\"sc-1i0ieo8-0 duGKTr\">Publi\u00e9 le 26 janv. 2022 \u00e0 17:57<\/span><span class=\"sc-1i0ieo8-0 duGKTr\">Mis \u00e0 jour le 26 janv. 2022 \u00e0 18:50<\/span><\/div>\n<div class=\"sc-1r87fjh-0 cOxLmH post-paywall\">\n<p class=\"sc-14kwckt-6 hZbEGn\">Le gouvernement muscle, une nouvelle fois, son arsenal de mesures pour soutenir les secteurs les plus touch\u00e9s par la crise sanitaire. \u00ab\u00a0Un filet de s\u00e9curit\u00e9\u00a0\u00bb sera mis en place \u00ab\u00a0pour les ind\u00e9pendants qui ont peu ou pas du tout travaill\u00e9 \u00e0 cause des restrictions sanitaires\u00a0\u00bb, a annonc\u00e9 ce mercredi Jean-Baptiste Lemoyne, le ministre d\u00e9l\u00e9gu\u00e9 aux PME.<\/p>\n<p class=\"sc-14kwckt-6 hZbEGn\">Travailleurs ind\u00e9pendants et autoentrepreneurs pourront d&#8217;une part b\u00e9n\u00e9ficier d&#8217;all\u00e8gement de cotisations sociales. De l&#8217;autre, ils recevront une \u00ab\u00a0aide financi\u00e8re exceptionnelle\u00a0\u00bb, a indiqu\u00e9 le ministre.<\/p>\n<p class=\"sc-14kwckt-6 hZbEGn\">Cette annonce intervient alors que les professionnels du tourisme, de l&#8217;\u00e9v\u00e9nementiel,\u00a0<a class=\"sc-zhefrs-0 fRQrdK\" href=\"https:\/\/www.lesechos.fr\/industrie-services\/tourisme-transport\/nouveau-repli-pour-lactivite-des-vtc-en-france-1378996\">chauffeurs de taxi et de VTC,<\/a>\u00a0ont manifest\u00e9 ce mercredi devant le minist\u00e8re de l&#8217;Economie et des Finances. Ils se mobilisaient \u00e0 l&#8217;appel de plusieurs organisations d&#8217;ind\u00e9pendants pour r\u00e9clamer des aides face \u00e0 la cinqui\u00e8me\u00a0vague de Covid.<\/p>\n<h3 class=\"sc-14kwckt-2 iybLuj sc-14kwckt-6 sc-12m61ps-0 lnDKCl\">H\u00f4tels, bars, restaurants et mus\u00e9es concern\u00e9s<\/h3>\n<p class=\"sc-14kwckt-6 hZbEGn\">\u00ab\u00a0M\u00eame dans les secteurs qui b\u00e9n\u00e9ficient d&#8217;aides, les ind\u00e9pendants sont exclus de toutes les aides de l&#8217;Etat\u00a0\u00bb, a fait valoir Hind Elidrissi, porte-parole du \u00ab\u00a0n\u00e9o-syndicat\u00a0\u00bb Ind\u00e9pendants.co.<\/p>\n<p class=\"sc-14kwckt-6 hZbEGn\">Pour r\u00e9pondre \u00e0 leurs attentes, le gouvernement a fait le choix de mettre en place \u00ab\u00a0deux types de dispositifs\u00a0\u00bb. \u00ab\u00a0D&#8217;une part, une r\u00e9duction des cotisations sociales pour d\u00e9cembre et janvier selon des modalit\u00e9s propres \u00e0 leur statut\u00a0\u00bb, a indiqu\u00e9 Jean-Baptiste Lemoyne.<\/p>\n<div class=\"sc-aamjrj-0 sc-1bgc14k-4 fQSECQ hUKeYM\">\n<p class=\"sc-14kwckt-6 hZbEGn\"><a class=\"sc-zhefrs-0 fRQrdK\" href=\"https:\/\/www.lesechos.fr\/economie-france\/social\/un-quart-des-independants-gagnent-moins-de-la-moitie-du-smic-1376910\">Un quart des ind\u00e9pendants gagnent moins de la moiti\u00e9 du SMIC<\/a><\/p>\n<p class=\"sc-14kwckt-6 hZbEGn\">Ceux qui perdront plus de 65 % de chiffre d&#8217;affaires pourront ainsi d\u00e9duire de leur activit\u00e9 du premier trimestre 2022 le chiffre d&#8217;affaires r\u00e9alis\u00e9 en d\u00e9cembre et janvier. Et si leur baisse de chiffre d&#8217;affaires va de 30 \u00e0 65 %, toujours pour d\u00e9cembre et janvier, ils pourront d\u00e9duire la moiti\u00e9 du chiffre d&#8217;affaires r\u00e9alis\u00e9 de leur activit\u00e9 au premier trimestre, a pr\u00e9cis\u00e9 le ministre d\u00e9l\u00e9gu\u00e9.<\/p>\n<\/div>\n<p class=\"sc-14kwckt-6 hZbEGn\"><strong><span style=\"color: #ff00ff;\">Les autoentrepreneurs concern\u00e9s par cette aide sont ceux des secteurs S1 et S1 bis, qui comprennent les h\u00f4tels, les bars, les restaurants, les agences de voyages, le spectacle vivant, les clubs de sport, les mus\u00e9es, les casinos, la production de films, a soulign\u00e9 Jean-Baptiste Lemoyne.<\/span><\/strong><\/p>\n<h3 class=\"sc-14kwckt-2 iybLuj sc-14kwckt-6 sc-12m61ps-0 lnDKCl\">Un montant \u00e0 calibrer<\/h3>\n<p class=\"sc-14kwckt-6 hZbEGn\"><strong><span style=\"color: #0000ff;\">Le deuxi\u00e8me dispositif de soutien est une \u00ab\u00a0aide financi\u00e8re exceptionnelle\u00a0\u00bb qui s&#8217;adressera \u00ab\u00a0aux travailleurs ind\u00e9pendants, autoentrepreneurs des secteurs h\u00f4tellerie, restauration, discoth\u00e8ques, comme les DJs, monde de la nuit, \u00e9v\u00e9nementiel, agences de voyages\u00a0\u00bb, a-t-il indiqu\u00e9. \u00ab\u00a0Son montant doit encore \u00eatre calibr\u00e9\u00a0\u00bb dans les jours \u00e0 venir.<\/span><\/strong><\/p>\n<p class=\"sc-14kwckt-6 hZbEGn\"><strong><span style=\"color: #0000ff;\">Les autoentrepreneurs pourront en faire la demande sur les sites urssaf.fr, secu-independants.fr ou autoentrepreneur.urssaf.fr, a d\u00e9taill\u00e9 le ministre.\u00a0Cette aide, toujours au titre de d\u00e9cembre et janvier, sera vers\u00e9e par les CPSTI, les Conseils de la protection sociale des travailleurs ind\u00e9pendants.<\/span><\/strong><\/p>\n<p class=\"sc-14kwckt-6 hZbEGn\"><strong><span style=\"color: #0000ff;\">Source AFP<\/span><\/strong><\/p>\n<\/div>\n<\/div>\n<\/div>\n<\/div>\n<\/div>\n","protected":false},"excerpt":{"rendered":"<p>Chers amis, chers confr\u00e8res, A chacune de nos interventions, Christian JOUNY, notre d\u00e9l\u00e9gu\u00e9 g\u00e9n\u00e9ral, rappelle sans cesse les &#8220;oubli\u00e9s du quoi qu&#8217;il en co\u00fbte&#8221; dont bien s\u00fbr les discoth\u00e8ques \u00e9cart\u00e9es injustement du syst\u00e8me mais&#8230;<\/p>\n","protected":false},"author":2,"featured_media":0,"comment_status":"closed","ping_status":"closed","sticky":false,"template":"","format":"standard","meta":{"_mi_skip_tracking":false,"_monsterinsights_sitenote_active":false,"_monsterinsights_sitenote_note":"","_monsterinsights_sitenote_category":0},"categories":[1],"tags":[],"_links":{"self":[{"href":"https:\/\/sndll.info\/index.php?rest_route=\/wp\/v2\/posts\/5889"}],"collection":[{"href":"https:\/\/sndll.info\/index.php?rest_route=\/wp\/v2\/posts"}],"about":[{"href":"https:\/\/sndll.info\/index.php?rest_route=\/wp\/v2\/types\/post"}],"author":[{"embeddable":true,"href":"https:\/\/sndll.info\/index.php?rest_route=\/wp\/v2\/users\/2"}],"replies":[{"embeddable":true,"href":"https:\/\/sndll.info\/index.php?rest_route=%2Fwp%2Fv2%2Fcomments&post=5889"}],"version-history":[{"count":1,"href":"https:\/\/sndll.info\/index.php?rest_route=\/wp\/v2\/posts\/5889\/revisions"}],"predecessor-version":[{"id":5891,"href":"https:\/\/sndll.info\/index.php?rest_route=\/wp\/v2\/posts\/5889\/revisions\/5891"}],"wp:attachment":[{"href":"https:\/\/sndll.info\/index.php?rest_route=%2Fwp%2Fv2%2Fmedia&parent=5889"}],"wp:term":[{"taxonomy":"category","embeddable":true,"href":"https:\/\/sndll.info\/index.php?rest_route=%2Fwp%2Fv2%2Fcategories&post=5889"},{"taxonomy":"post_tag","embeddable":true,"href":"https:\/\/sndll.info\/index.php?rest_route=%2Fwp%2Fv2%2Ftags&post=5889"}],"curies":[{"name":"wp","href":"https:\/\/api.w.org\/{rel}","templated":true}]}}