{"id":5915,"date":"2022-02-01T07:25:01","date_gmt":"2022-02-01T06:25:01","guid":{"rendered":"https:\/\/sndll.info\/?p=5915"},"modified":"2022-02-05T07:23:11","modified_gmt":"2022-02-05T06:23:11","slug":"lactualite-du-pge-pret-garanti-par-letat","status":"publish","type":"post","link":"https:\/\/sndll.info\/?p=5915","title":{"rendered":"L&#8217;ACTUALITE DU PGE (Pr\u00eat Garanti par l&#8217;Etat) Aides aux entreprises en difficult\u00e9"},"content":{"rendered":"<p>Chers amis, chers confr\u00e8res,<\/p>\n<p>Les dossiers auxquels nous nous attaquons dans cette crise COVID sont multiples et j&#8217;essaye de vous faire le point le plus complet possible sur chaque sujet qui pourrait int\u00e9resser tel ou tel d&#8217;entre vous. La tr\u00e9sorerie est une obsession, h\u00e9las, commune &#8230;.<\/p>\n<p><strong><span style=\"color: #0000ff;\">Une question pendante est celle des PGE,<\/span><\/strong> d&#8217;autant que notre fermeture a \u00e9t\u00e9 prolong\u00e9e au-del\u00e0 de la d\u00e9cence \u00e9conomique et que beaucoup sont en <strong><span style=\"color: #0000ff;\">difficult\u00e9s de tr\u00e9sorerie, notamment pour rembourser ces pr\u00eats. Par ailleurs, l&#8217;appel aux PGE a \u00e9t\u00e9 prolong\u00e9 jusqu&#8217;au mois de juin.\u00a0<span style=\"color: #000000;\">On fait quoi ?<\/span><\/span><\/strong><\/p>\n<p><strong><span style=\"color: #ff00ff;\">Bercy vient de publier ce 19 Janvier 2022 une foire aux questions (FAQ) sur les PGE.<\/span>\u00a0 Ce document est mis en fin d&#8217;article. Cliquer dessus et l&#8217;imprimer<\/strong><\/p>\n<p>J&#8217;ajoute, \u00e0 la suite de ce document,\u00a0 <strong><span style=\"color: #ff00ff;\">une infographie mise enligne par la FBF (F\u00e9d\u00e9ration Bancaire Fran\u00e7aise) qui r\u00e9sume l&#8217;op\u00e9ration.<\/span><\/strong><\/p>\n<p>Je saisis l&#8217;occasion pour vous transmettre cette publication qu&#8217;il faut lire attentivement (et je la r\u00e9sume en son contenu et ses limites) mais en m\u00eame temps je voudrais <strong><span style=\"color: #000080;\">attirer votre attention sur quelques points.<\/span><\/strong><\/p>\n<div>\n<p>La publication indique les entreprises concern\u00e9es et les modalit\u00e9s de restructuration des PGE et des dettes historiques (s&#8217;il y en a).<\/p>\n<p>Quelles sont les conditions d\u2019acc\u00e8s \u00e0 cette restructuration de la dette pour la discoth\u00e8que ?\u00a0 Il faut commencer par faire \u00e9tablir par votre expert-comptable ou commissaire aux comptes qu\u2019elle n\u2019est pas en mesure d\u2019honorer ses \u00e9ch\u00e9ances de PGE en 2022 au regard de \u00ab <em>la situation pr\u00e9visionnelle de tr\u00e9sorerie \u00e0 12 mois, d\u2019un \u00e9tat des dettes fiscales et sociales et de tout autre document permettant de justifier des difficult\u00e9s de l\u2019entreprise, de leur caract\u00e8re temporaire et de ses perspectives commerciales et financi\u00e8res \u00e0 m\u00eame d\u2019assurer sa p\u00e9rennit\u00e9<\/em>\u00a0\u00bb.<\/p>\n<p>La publication indique <strong><span style=\"color: #ff00ff;\">les conditions de prolongement exceptionnel, et au cas par cas, de la dur\u00e9e du PGE jusqu\u2019\u00e0 10 ans<\/span><\/strong>, le principe pos\u00e9 \u00e9tant d\u2019une prolongation de seulement 2 ans (pour passer d\u2019un PGE de 6 \u00e0 8 ans).<\/p>\n<p>La proc\u00e9dure et les interlocuteurs sont diff\u00e9rents si le PGE atteint ou non, la somme de 50 k\u20ac : m\u00e9diateur du cr\u00e9dit ou\u00a0<a href=\"http:\/\/399h.mj.am\/lnk\/AVMAAEvseKgAAciARyQAAJsElBUAAYCrOI0Am3wxAAQepQBh-C9uk-PXMvgaRNqWEYPSyu0btQADT3E\/4\/ToLwGRqoEPF8FuiyDGGdOQ\/aHR0cHM6Ly93d3cuaW1wb3RzLmdvdXYuZnIvcG9ydGFpbC9maWxlcy9tZWRpYS8xX21ldGllci8yX3Byb2Zlc3Npb25uZWwvRVYvNF9kaWZmaWN1bHRlcy80NDBfc2l0dWF0aW9uX2RpZmZpY2lsZS9uaWRfMTQxNzZfMjAyMS0xMC0yOV9hbm51YWlyZV9jZHNjX2V4dGVybmUucGRm\" target=\"_blank\" rel=\"noopener\" data-saferedirecturl=\"https:\/\/www.google.com\/url?q=http:\/\/399h.mj.am\/lnk\/AVMAAEvseKgAAciARyQAAJsElBUAAYCrOI0Am3wxAAQepQBh-C9uk-PXMvgaRNqWEYPSyu0btQADT3E\/4\/ToLwGRqoEPF8FuiyDGGdOQ\/aHR0cHM6Ly93d3cuaW1wb3RzLmdvdXYuZnIvcG9ydGFpbC9maWxlcy9tZWRpYS8xX21ldGllci8yX3Byb2Zlc3Npb25uZWwvRVYvNF9kaWZmaWN1bHRlcy80NDBfc2l0dWF0aW9uX2RpZmZpY2lsZS9uaWRfMTQxNzZfMjAyMS0xMC0yOV9hbm51YWlyZV9jZHNjX2V4dGVybmUucGRm&amp;source=gmail&amp;ust=1643779843890000&amp;usg=AOvVaw3PfpPjSf5hKFCC5t7PJqGW\">conseiller \u00e0 la sortie de crise<\/a>.<\/p>\n<p><span style=\"color: #ff0000;\"><strong>Attention: <\/strong><\/span><\/p>\n<p>La Banque de France tient un FIchier Bancaire des ENtreprises (le FIBEN) qui attribue une note de cotation \u00e0 certaines entreprises selon son analyse de leur sant\u00e9 financi\u00e8re. Cette cotation FIBEN sert ensuite aux pr\u00eateurs, banques etc.. pour \u00e9valuer la cr\u00e9dibilit\u00e9 \u00e9conomique des entreprises. Au cas pr\u00e9sent, une \u00e9ventuelle restructuration des pr\u00eats PGE entrainera un classement de l&#8217;entreprise l\u2019entreprise en \u00ab pr\u00eat non performant \u00bb. En clair, si l&#8217;entreprise est not\u00e9e au FIBEN, elle verra sa cotation d\u00e9grad\u00e9e. Voir pages 31 \u00e0 34 du document de Bercy.<\/p>\n<p>Pour la majorit\u00e9 des discoth\u00e8ques qui solliciteraient la M\u00e9diation pour r\u00e9am\u00e9nager leur PGE et n&#8217;ont pas une cotation FIBEN, cette restructuration ne sera connue que de la banque ou des banques dont la ou les cr\u00e9ances auront \u00e9t\u00e9 restructur\u00e9es.<\/p>\n<p><strong><span style=\"color: #ff0000;\">Attention encore:\u00a0<\/span><\/strong><\/p>\n<p>Certains sont tellement exsangues en tr\u00e9sorerie et pris \u00e0 la gorge qu&#8217;ils pourraient consid\u00e9rer le nouveau dispositif d&#8217;allongement du remboursement et de restructuration de la dette comme une &#8220;solution&#8221; alors que ce n&#8217;est qu&#8217;un <strong><span style=\"color: #0000ff;\">rem\u00e8de transitoire et nullement un \u00e9l\u00e9ment de confort<\/span><\/strong>, compte tenu des cons\u00e9quences pour la discoth\u00e8que, son classement et le respect de ses obligations futures. Mais ce n&#8217;est pas une raison pour ne pas profiter de <strong><span style=\"color: #ff00ff;\">ces assouplissements qui sont loin de r\u00e9pondre \u00e0 ce que le SNDLL avait demand\u00e9 !<\/span><\/strong><\/p>\n<p>Nous voulions <strong><span style=\"color: #ff00ff;\">un acc\u00e8s plus facile aux PGE<\/span><\/strong> (souvent aussi\u00a0 bloqu\u00e9s abusivement et arbitrairement par les Banques) et demandons toujours pour les discoth\u00e8ques qui sont les entit\u00e9s \u00e9conomiques les plus touch\u00e9es par la fermeture administrative (pr\u00e8s de 2 ans !)<strong><span style=\"color: #ff00ff;\"> un allongement doubl\u00e9 des d\u00e9lais de<\/span> <span style=\"color: #ff00ff;\">remboursement des PGE<\/span><\/strong> qui, sous certaines conditions, devraient m\u00eame devenir des semi liquidit\u00e9s des discoth\u00e8ques. On en est loin \u00e0 ce jour mais nous maintenons, avec Christian JOUNY, notre pression en ce sens. Car elle est l\u00e9gitime et \u00e9conomiquement fond\u00e9e.<\/p>\n<p>La vraie question sous-jacente qui devrait inspirer BERCY est celle du sauvetage \u00e9conomique de notre secteur et de ses emplois. Mieux adapt\u00e9s et surtout mieux attribu\u00e9s, les PGE devraient \u00eatre, pour nous, un outil plus performant et mieux cibl\u00e9.<\/p>\n<p><strong><span style=\"color: #000080;\">Pour les cas les plus difficiles (cr\u00e9anciers dont bailleur et autres) il ne faut pas h\u00e9siter \u00e0 s&#8217;adresser SANS TARDER au Tribunal de Commerce <\/span><\/strong>et rencontrer un conseiller. Le Tribunal fait peur en ce qu&#8217;il \u00e9voque surtout les proc\u00e9dures collectives dont la liquidation judiciaire. Mais d&#8217;ici l\u00e0, il y a, en amont,\u00a0 des <strong><span style=\"color: #000080;\">solutions interm\u00e9diaires<\/span><\/strong> comme<strong> le mandat ad hoc, la proc\u00e9dure de conciliation ou m\u00eame le r\u00e8glement judiciaire<\/strong> (qui suspend les pr\u00e9tentions des cr\u00e9anciers les plus f\u00e9roces qui sont souvent les bailleurs). J&#8217;attire votre attention sur le fait que le mandat ad hoc et la proc\u00e9dure de conciliation se m\u00e8nent confidentiellement et peuvent amener \u00e0 un r\u00e8glement amiable des difficult\u00e9s dans la discr\u00e9tion .<\/p>\n<p><strong><span style=\"color: #ff0000;\">Informations et contacts utiles:<\/span><\/strong><br \/>\nVotre <span style=\"color: #0000ff;\">expert-comptable<\/span> est votre premier interlocuteur pour vous informer et vous aider \u00e0 d\u00e9tecter les difficult\u00e9s. N\u2019h\u00e9sitez pas \u00e0 le solliciter.<br \/>\n<strong><span style=\"color: #ff00ff;\">I. Les services d\u2019accompagnement personnalis\u00e9s<\/span><\/strong><\/p>\n<p><strong><span style=\"color: #3366ff;\">Les chambres de commerce<\/span><\/strong><br \/>\nLes CCI mettent en place un dispositif d\u2019accompagnement pour vous informer et vous orienter dans les dispositifs existants et pour analyser votre situation financi\u00e8re et engager les premi\u00e8res actions correctives.<br \/>\nhttps:\/\/www.cci.fr\/coronavirus-entreprise\/accompagnement-des-entreprises-en-difficulte<\/p>\n<p><strong><span style=\"color: #3366ff;\">Le Centre d\u2019information sur la Pr\u00e9vention des difficult\u00e9s des entreprises (CIP) <\/span><\/strong>: https:\/\/www.cip-national.fr\/<br \/>\nCoordonn\u00e9es CIP National : Immeuble le Jour 200-216 rue Raymond Losserand 75014 Paris 01.44.15.60.92<br \/>\ncip@cs.experts-comptables.org<\/p>\n<p><strong><span style=\"color: #3366ff;\">Liste des CIP territoriaux <\/span><\/strong>: https:\/\/www.cip-national.fr\/wp-content\/uploads\/2021\/08\/CIP_listepar-regions-2021-Juillet-Aout.pdf<br \/>\nLe CIP propose tous les jeudis, sur rendez-vous, des entretiens confidentiels, anonymes et gratuits permettant de vous informer et de vous orienter vers les dispositifs d\u2019aide adapt\u00e9s.<\/p>\n<p><strong><span style=\"color: #ff00ff;\">II. Contacts<\/span><\/strong><br \/>\nContacter <strong><span style=\"color: #3366ff;\">le tribunal de commerce comp\u00e9tent<\/span><\/strong><br \/>\nhttp:\/\/www.annuaires.justice.gouv.fr\/annuaires-12162\/annuaire-des-tribunaux-de-commerce21781.html www.infogreffe.fr<\/p>\n<\/div>\n<p>Voil\u00e0, chers amis, le point que je pouvais faire \u00e0 ce jour sur ce sujet.<\/p>\n<p>Bien cordialement,<\/p>\n<p>Patrick MALVA\u00cbS<\/p>\n<p><strong><span style=\"color: #000080;\"><a style=\"color: #000080;\" href=\"https:\/\/sndll.info\/wp-content\/uploads\/2022\/02\/FAQ-covid-PGE.pdf.pdf\">FAQ-covid-PGE.pdf<\/a><\/span><\/strong><\/p>\n<header role=\"banner\">\n<div class=\"mainHeader\">\n<div class=\"mainHeader__inner\">\n<div class=\"mainNavigation\">\n<nav id=\"mainNavigation\" class=\"mainNavigation__nav\" role=\"navigation\" aria-label=\"Menu principal\"><button class=\"mainNavigation__toggle\" aria-controls=\"mainNavigation__menu\" aria-expanded=\"false\"><\/button><br \/>\n<button class=\"mainNavigation__close\"><\/button><\/p>\n<div id=\"mainNavigation__menu\" class=\"mainNavigation__menu\">\n<hr class=\"mainNavigation__separator\" \/>\n<div class=\"mainNavigation__menuLinks\">\n<div class=\"menu-burger-container\">\n<ul id=\"menu-burger\" class=\"menu\">\n<li id=\"menu-item-28690\" class=\"menu-item menu-item-type-custom menu-item-object-custom menu-item-28690\"><\/li>\n<\/ul>\n<\/div>\n<\/div>\n<\/div>\n<\/nav>\n<div class=\"mainNavigation__logo\"><a class=\"custom-logo-link\" href=\"https:\/\/www.fbf.fr\/fr\/\" rel=\"home\"><img class=\"custom-logo lazyloaded\" src=\"https:\/\/www.fbf.fr\/uploads\/2021\/02\/cropped-FBF_150-90-2.png\" sizes=\"(max-width: 150px) 100vw, 150px\" srcset=\"https:\/\/www.fbf.fr\/uploads\/2021\/02\/cropped-FBF_150-90-2.png 150w, https:\/\/www.fbf.fr\/uploads\/2021\/02\/cropped-FBF_150-90-2-80x48.png 80w, https:\/\/www.fbf.fr\/uploads\/2021\/02\/cropped-FBF_150-90-2-83x50.png 83w\" alt=\"F\u00e9d\u00e9ration bancaire fran\u00e7aise\" width=\"150\" height=\"90\" data-ll-status=\"loaded\" \/><\/a><\/div>\n<\/div>\n<div class=\"globalNavigation\">\n<div class=\"globalNavigation__search search\" role=\"search\" aria-label=\"Recherche globale\"><\/div>\n<\/div>\n<\/div>\n<\/div>\n<\/header>\n<p>&nbsp;<\/p>\n<header class=\"contentSingle__header\">\n<div class=\"postActions postActions--single \">\n<div class=\"postActions__actionsMenu\" data-id=\"fbf-fr-30633\" data-url=\"https:\/\/www.fbf.fr\/fr\/infographie-restructuration-des-prets-garantis-par-letat\/\" data-title=\"Infographie - Restructuration des pr\u00eats garantis par l'Etat\">\n<ul class=\"postActions__list\">\n<li><\/li>\n<\/ul>\n<\/div>\n<\/div>\n<\/header>\n<div class=\"contentSingle__heading\">\n<h1 class=\"contentSingle__title\">Infographie \u2013 Restructuration des pr\u00eats garantis par l\u2019Etat<\/h1>\n<\/div>\n<p class=\"contentSingle__metas\"><time datetime=\"2022-01-27\">27\/01\/2022<\/time><\/p>\n<picture><source srcset=\"https:\/\/www.fbf.fr\/uploads\/2022\/01\/Infographie-Restructuration-des-prets-garantis-par-lEtat.jpg\" media=\"(min-width: 990px)\" \/><source srcset=\"https:\/\/www.fbf.fr\/uploads\/2022\/01\/Infographie-Restructuration-des-prets-garantis-par-lEtat-450x300.jpg\" media=\"(min-width: 500px)\" \/><source srcset=\"https:\/\/www.fbf.fr\/uploads\/2022\/01\/Infographie-Restructuration-des-prets-garantis-par-lEtat-375x250.jpg\" media=\"(min-width: 0px)\" \/><img class=\"contentSingle__thumbnail lazyloaded\" src=\"https:\/\/www.fbf.fr\/uploads\/2022\/01\/Infographie-Restructuration-des-prets-garantis-par-lEtat.jpg\" alt=\"\" data-ll-status=\"loaded\" \/><\/picture>\n<div class=\"contribution\">\n<p><a href=\"https:\/\/www.fbf.fr\/fr\/signature-de-laccord-de-place-sur-la-restructuration-des-petits-pge-dans-le-cadre-de-la-mediation-du-credit-aux-entreprises\/\">L\u2019accord de place sur la restructuration des petits PGE dans le cadre de la m\u00e9diation du cr\u00e9dit aux entreprises<\/a>\u00a0sign\u00e9 le 19 janvier 2022 pr\u00e9sente un nouvel outil, permettant aux entreprises de petite taille en situation de difficult\u00e9 financi\u00e8re av\u00e9r\u00e9e ayant jusqu\u2019\u00e0 50\u00a0000\u20ac de PGE, d\u2019en \u00e9taler le remboursement.<br \/>\nConcr\u00e8tement, apr\u00e8s un dialogue pr\u00e9alable avec leur expert-comptable ou leur commissaire aux comptes et leur banque, les entreprises \u00e9ligibles confront\u00e9es \u00e0 des difficult\u00e9s temporaires av\u00e9r\u00e9es mais disposant de capacit\u00e9s de rebond, pourront saisir la m\u00e9diation du cr\u00e9dit dans le cadre de cette nouvelle proc\u00e9dure. L\u2019intervention des m\u00e9diateurs d\u00e9partementaux du cr\u00e9dit visera \u00e0 trouver un accord amiable \u00e9quilibr\u00e9 qui prendra en consid\u00e9ration l\u2019ensemble des dettes de l\u2019entreprise, et qui pourra permettre d\u2019\u00e9taler le PGE.<\/p>\n<div class=\"wp-block-image\">\n<figure class=\"aligncenter size-large\"><img class=\"wp-image-30635 lazyloaded\" src=\"https:\/\/www.fbf.fr\/uploads\/2022\/01\/infographie-restructuration-des-prets-garantis-par-l-etat-pge-dans-le-cadre-de-la-mediation-du-credit-aux-entreprises_Page_1-1024x576.jpg\" sizes=\"(max-width: 1024px) 100vw, 1024px\" srcset=\"https:\/\/www.fbf.fr\/uploads\/2022\/01\/infographie-restructuration-des-prets-garantis-par-l-etat-pge-dans-le-cadre-de-la-mediation-du-credit-aux-entreprises_Page_1-1024x576.jpg 1024w, https:\/\/www.fbf.fr\/uploads\/2022\/01\/infographie-restructuration-des-prets-garantis-par-l-etat-pge-dans-le-cadre-de-la-mediation-du-credit-aux-entreprises_Page_1-300x169.jpg 300w, https:\/\/www.fbf.fr\/uploads\/2022\/01\/infographie-restructuration-des-prets-garantis-par-l-etat-pge-dans-le-cadre-de-la-mediation-du-credit-aux-entreprises_Page_1-768x432.jpg 768w, https:\/\/www.fbf.fr\/uploads\/2022\/01\/infographie-restructuration-des-prets-garantis-par-l-etat-pge-dans-le-cadre-de-la-mediation-du-credit-aux-entreprises_Page_1-1536x864.jpg 1536w, https:\/\/www.fbf.fr\/uploads\/2022\/01\/infographie-restructuration-des-prets-garantis-par-l-etat-pge-dans-le-cadre-de-la-mediation-du-credit-aux-entreprises_Page_1-2048x1152.jpg 2048w, https:\/\/www.fbf.fr\/uploads\/2022\/01\/infographie-restructuration-des-prets-garantis-par-l-etat-pge-dans-le-cadre-de-la-mediation-du-credit-aux-entreprises_Page_1-142x80.jpg 142w, https:\/\/www.fbf.fr\/uploads\/2022\/01\/infographie-restructuration-des-prets-garantis-par-l-etat-pge-dans-le-cadre-de-la-mediation-du-credit-aux-entreprises_Page_1-836x470.jpg 836w, https:\/\/www.fbf.fr\/uploads\/2022\/01\/infographie-restructuration-des-prets-garantis-par-l-etat-pge-dans-le-cadre-de-la-mediation-du-credit-aux-entreprises_Page_1-533x300.jpg 533w, https:\/\/www.fbf.fr\/uploads\/2022\/01\/infographie-restructuration-des-prets-garantis-par-l-etat-pge-dans-le-cadre-de-la-mediation-du-credit-aux-entreprises_Page_1-445x250.jpg 445w, https:\/\/www.fbf.fr\/uploads\/2022\/01\/infographie-restructuration-des-prets-garantis-par-l-etat-pge-dans-le-cadre-de-la-mediation-du-credit-aux-entreprises_Page_1-89x50.jpg 89w, https:\/\/www.fbf.fr\/uploads\/2022\/01\/infographie-restructuration-des-prets-garantis-par-l-etat-pge-dans-le-cadre-de-la-mediation-du-credit-aux-entreprises_Page_1-550x309.jpg 550w\" alt=\"\" width=\"1024\" height=\"576\" data-ll-status=\"loaded\" \/><\/figure>\n<\/div>\n<div class=\"wp-block-image\">\n<figure class=\"aligncenter size-large\"><img class=\"wp-image-30642 lazyloaded\" src=\"https:\/\/www.fbf.fr\/uploads\/2022\/01\/infographie-restructuration-des-prets-garantis-par-l-etat-pge-dans-le-cadre-de-la-mediation-du-credit-aux-entreprises_Page_2-1024x576.jpg\" sizes=\"(max-width: 1024px) 100vw, 1024px\" srcset=\"https:\/\/www.fbf.fr\/uploads\/2022\/01\/infographie-restructuration-des-prets-garantis-par-l-etat-pge-dans-le-cadre-de-la-mediation-du-credit-aux-entreprises_Page_2-1024x576.jpg 1024w, https:\/\/www.fbf.fr\/uploads\/2022\/01\/infographie-restructuration-des-prets-garantis-par-l-etat-pge-dans-le-cadre-de-la-mediation-du-credit-aux-entreprises_Page_2-300x169.jpg 300w, https:\/\/www.fbf.fr\/uploads\/2022\/01\/infographie-restructuration-des-prets-garantis-par-l-etat-pge-dans-le-cadre-de-la-mediation-du-credit-aux-entreprises_Page_2-768x432.jpg 768w, https:\/\/www.fbf.fr\/uploads\/2022\/01\/infographie-restructuration-des-prets-garantis-par-l-etat-pge-dans-le-cadre-de-la-mediation-du-credit-aux-entreprises_Page_2-1536x864.jpg 1536w, https:\/\/www.fbf.fr\/uploads\/2022\/01\/infographie-restructuration-des-prets-garantis-par-l-etat-pge-dans-le-cadre-de-la-mediation-du-credit-aux-entreprises_Page_2-2048x1152.jpg 2048w, https:\/\/www.fbf.fr\/uploads\/2022\/01\/infographie-restructuration-des-prets-garantis-par-l-etat-pge-dans-le-cadre-de-la-mediation-du-credit-aux-entreprises_Page_2-142x80.jpg 142w, https:\/\/www.fbf.fr\/uploads\/2022\/01\/infographie-restructuration-des-prets-garantis-par-l-etat-pge-dans-le-cadre-de-la-mediation-du-credit-aux-entreprises_Page_2-836x470.jpg 836w, https:\/\/www.fbf.fr\/uploads\/2022\/01\/infographie-restructuration-des-prets-garantis-par-l-etat-pge-dans-le-cadre-de-la-mediation-du-credit-aux-entreprises_Page_2-533x300.jpg 533w, https:\/\/www.fbf.fr\/uploads\/2022\/01\/infographie-restructuration-des-prets-garantis-par-l-etat-pge-dans-le-cadre-de-la-mediation-du-credit-aux-entreprises_Page_2-445x250.jpg 445w, https:\/\/www.fbf.fr\/uploads\/2022\/01\/infographie-restructuration-des-prets-garantis-par-l-etat-pge-dans-le-cadre-de-la-mediation-du-credit-aux-entreprises_Page_2-89x50.jpg 89w, https:\/\/www.fbf.fr\/uploads\/2022\/01\/infographie-restructuration-des-prets-garantis-par-l-etat-pge-dans-le-cadre-de-la-mediation-du-credit-aux-entreprises_Page_2-550x309.jpg 550w\" alt=\"\" width=\"1024\" height=\"576\" data-ll-status=\"loaded\" \/><\/figure>\n<\/div>\n<div class=\"postAttachment\">\n<div class=\"postAttachment__wrapper\">\n<div class=\"postAttachment__info\">\n<p class=\"postAttachment__name\">Infographie \u2013 Restructuration des pr\u00eats garantis par l&#8217;Etat dans le cadre de la m\u00e9diation du cr\u00e9dit aux entreprises (PDF)<\/p>\n<p class=\"postAttachment__fileSize\">166.81 KO<\/p>\n<\/div>\n<p><a class=\"postActions__action postActions__action--big clickEvent\" href=\"https:\/\/www.fbf.fr\/uploads\/2022\/01\/infographie-restructuration-des-prets-garantis-par-l-etat-pge-dans-le-cadre-de-la-mediation-du-credit-aux-entreprises-1.pdf\" target=\"_blank\" rel=\"noopener noreferrer\" data-eventcategory=\"file\" data-eventaction=\"download\" data-eventlabel=\"Infographie - Restructuration des pr\u00eats garantis par l'Etat dans le cadre de la m\u00e9diation du cr\u00e9dit aux entreprises (PDF)\"><span class=\"postActions__label\">Telecharger Infographie \u2013 Restructuration des pr\u00eats garantis par l&#8217;Etat dans le cadre de la m\u00e9diation du cr\u00e9dit aux entreprises (PDF)<\/span><\/a><\/p>\n<\/div>\n<\/div>\n<p><strong>Retrouvez toutes les informations pratiques concernant le pr\u00eat garanti d\u2019Etat dans la\u00a0<a href=\"https:\/\/www.fbf.fr\/fr\/newsroom\/espace-d-informations-covid-19\/\">rubrique Espace d\u2019informations Covid-19<\/a>.<\/strong><\/p>\n<\/div>\n<p>&nbsp;<\/p>\n","protected":false},"excerpt":{"rendered":"<p>Chers amis, chers confr\u00e8res, Les dossiers auxquels nous nous attaquons dans cette crise COVID sont multiples et j&#8217;essaye de vous faire le point le plus complet possible sur chaque sujet qui pourrait int\u00e9resser tel&#8230;<\/p>\n","protected":false},"author":2,"featured_media":0,"comment_status":"closed","ping_status":"closed","sticky":false,"template":"","format":"standard","meta":{"_mi_skip_tracking":false,"_monsterinsights_sitenote_active":false,"_monsterinsights_sitenote_note":"","_monsterinsights_sitenote_category":0},"categories":[1],"tags":[],"_links":{"self":[{"href":"https:\/\/sndll.info\/index.php?rest_route=\/wp\/v2\/posts\/5915"}],"collection":[{"href":"https:\/\/sndll.info\/index.php?rest_route=\/wp\/v2\/posts"}],"about":[{"href":"https:\/\/sndll.info\/index.php?rest_route=\/wp\/v2\/types\/post"}],"author":[{"embeddable":true,"href":"https:\/\/sndll.info\/index.php?rest_route=\/wp\/v2\/users\/2"}],"replies":[{"embeddable":true,"href":"https:\/\/sndll.info\/index.php?rest_route=%2Fwp%2Fv2%2Fcomments&post=5915"}],"version-history":[{"count":7,"href":"https:\/\/sndll.info\/index.php?rest_route=\/wp\/v2\/posts\/5915\/revisions"}],"predecessor-version":[{"id":5970,"href":"https:\/\/sndll.info\/index.php?rest_route=\/wp\/v2\/posts\/5915\/revisions\/5970"}],"wp:attachment":[{"href":"https:\/\/sndll.info\/index.php?rest_route=%2Fwp%2Fv2%2Fmedia&parent=5915"}],"wp:term":[{"taxonomy":"category","embeddable":true,"href":"https:\/\/sndll.info\/index.php?rest_route=%2Fwp%2Fv2%2Fcategories&post=5915"},{"taxonomy":"post_tag","embeddable":true,"href":"https:\/\/sndll.info\/index.php?rest_route=%2Fwp%2Fv2%2Ftags&post=5915"}],"curies":[{"name":"wp","href":"https:\/\/api.w.org\/{rel}","templated":true}]}}