{"id":5924,"date":"2022-02-02T05:31:54","date_gmt":"2022-02-02T04:31:54","guid":{"rendered":"https:\/\/sndll.info\/?p=5924"},"modified":"2022-02-02T05:57:17","modified_gmt":"2022-02-02T04:57:17","slug":"mercredi-16-fevrier-a-0-heure","status":"publish","type":"post","link":"https:\/\/sndll.info\/?p=5924","title":{"rendered":"MERCREDI 16 FEVRIER \u00e0 0 heure &#8230;. et un Rappel !"},"content":{"rendered":"<p>Bonjour chers amis, chers confr\u00e8res,<\/p>\n<div class=\"title-h6\"><span style=\"color: #808000;\">1\u00b0) Va-t-on enfin voir de fa\u00e7on p\u00e9renne &#8220;le bout du tunnel&#8221; ?<\/span><\/div>\n<p>Des pr\u00e9cisions sur les conditions de notre r\u00e9ouverture (voir article pr\u00e9c\u00e9dent) tardent toujours \u00e0 venir. D\u00e8s que nous les avons, nous vous les transmettrons.<\/p>\n<p>Une nouvelle question est apparue: ouvre-t-on le mercredi 16 F\u00e9vrier (dans deux semaines jour pour jour) \u00e0 0 heure ?<\/p>\n<p>En l&#8217;absence de compl\u00e9ments d&#8217;informations<strong><span style=\"color: #ff00ff;\"> on s&#8217;en tient au texte du 22 Janvier 2022:<\/span> <\/strong>nous sommes ferm\u00e9s jusqu&#8217;au 15 f\u00e9vrier inclus donc<strong><span style=\"color: #ff0000;\"> \u00e0 minuit le 15 ou 0 heure le 16 F\u00e9vrier ON PEUT OUVRIR.<\/span><\/strong> Sauf nouveau changement.<\/p>\n<article class=\"js-child list-article-consommation\">\n<div data-a=\"false\">\n<div>\n<p id=\"LEGIARTI000045064931-4-4-1\" class=\"name-article\" data-anchor=\"LEGIARTI000045064931\"><a id=\"linkLEGIARTI000045064931-4-4-1\" href=\"https:\/\/www.legifrance.gouv.fr\/loda\/article_lc\/LEGIARTI000045064931\">Article 45 \u00a0<\/a><a href=\"https:\/\/www.legifrance.gouv.fr\/loda\/id\/LEGIARTI000045064750\/2022-01-24\/\">Modifi\u00e9 par <em><span style=\"color: #0000ff;\">D\u00e9cret n\u00b02022-51 du 22 janvier 2022 &#8211; art. 1\u00a0<\/span><\/em><span style=\"color: #0000ff;\"><span style=\"color: #000000;\">(pour le texte int\u00e9gral, taper dessus)<\/span><\/span><\/a><\/p>\n<\/div>\n<div class=\"content title-h6\">\n<p><strong><span style=\"color: #0000ff;\">I. &#8211; Les salles de danse, relevant du type P d\u00e9fini par le r\u00e8glement pris en application de l&#8217;article R. 143-12 du code de la construction et de l&#8217;habitation, ne peuvent accueillir de public <span style=\"color: #ff00ff;\"><em>jusqu&#8217;au 15 f\u00e9vrier 2022 inclus<\/em><\/span><\/span><\/strong><span style=\"color: #ff00ff;\"><em>.<\/em><\/span><\/p>\n<p>&nbsp;<\/p>\n<p><span style=\"color: #008000;\">2\u00b0) RAPPEL SYNDICAL:<\/span><\/p>\n<\/div>\n<\/div>\n<blockquote>\n<table id=\"m_-6166849500849638665bodyTable\" width=\"100%\">\n<tbody>\n<tr>\n<td>\u00a0 \u00a0A LIRE ET A SUIVRE AU PLUS VITE POUR EN PROFITER ET POUR AIDER VOTRE SYNDICAT !<\/td>\n<\/tr>\n<\/tbody>\n<\/table>\n<\/blockquote>\n<p><strong>Cette crise nous a rapproch\u00e9s et soud\u00e9s dans l\u2019\u00e9preuve.<\/strong><\/p>\n<p>Nous nous connaissons suffisamment pour que vous ayez pu\u00a0<span style=\"color: #0000ff;\"><strong>appr\u00e9cier notre travail ,<\/strong>\u00a0<\/span>notamment au travers de notre site syndical :\u00a0\u00a0<strong>www.sndll.info.<\/strong><\/p>\n<p><span style=\"color: #ff0000;\"><strong>Il retrace, au jour le jour, depuis ces deux derni\u00e8res ann\u00e9es, nos choix syndicaux et notre engagement total et entier au service des seuls \u00e9tablissements de nuit.<\/strong><\/span><\/p>\n<p>Ces choix ont \u00e9t\u00e9 \u00e9clair\u00e9s car, finalement, tout le monde s\u2019y est ralli\u00e9 et ils ont abouti \u00e0 des mesures qui ont permis \u00e0 la profession et \u00e0 vous-m\u00eame, de traverser l\u2019\u00e9preuve.<span style=\"color: #0000ff;\"><strong>\u00a0Le SNDLL a \u00e9labor\u00e9 et promu une solide politique vraiment \u00e0 votre seul service.<\/strong><\/span><\/p>\n<p>Si besoin \u00e9tait encore, vous pouvez maintenant, plus que jamais, en \u201cjuger sur pi\u00e8ces\u201d !\u00a0<strong>Je ne vais donc pas m\u2019\u00e9tendre.<\/strong><\/p>\n<p><strong><span style=\"color: #ff0000;\">\u00a0Aujourd\u2019hui, c\u2019est nous qui avons\u00a0besoin de votre soutien pour continuer \u00e0 vous d\u00e9fendre et vous servir.<\/span><\/strong><\/p>\n<p>Durant ces deux ann\u00e9es, le Syndicat a d\u00fb beaucoup s\u2019investir avec pourtant des rentr\u00e9es chaotiques, en raison des difficult\u00e9s de nos entreprises.<\/p>\n<p>Je vous demande d\u2019<strong>adh\u00e9rer vite pour 2022 (bulletin ici tout en bas d\u2019article\u00a0o<\/strong>u en ligne\u00a0 dans l\u2019onglet \u2018ADHERER\u201d en toute premi\u00e8re ligne en haut de la page d\u2019ouverture de ce site) en sachant qu\u2019<strong>ainsi votre cotisation entrera dans vos frais fixes\u00a0<\/strong>(compte 62 en g\u00e9n\u00e9ral pour la comptabilit\u00e9)\u00a0<strong>pris en charge dans les aides renfort.<\/strong><\/p>\n<p><span style=\"color: #0000ff;\"><strong>En agissant vite, votre cotisation ne vous co\u00fbtera, en r\u00e9alit\u00e9, RIEN.<\/strong><\/span><\/p>\n<p><strong>Vous avez donc tout int\u00e9r\u00eat \u00e0 choisir la cotisation enti\u00e8re \u201ccompl\u00e8te couverture\u201d et \u00e0 la comptabiliser sur ce mois. Raison de plus pour nous soutenir \u00e0 r\u00e9ception\u00a0 et donc pouvoir ainsi int\u00e9grer vos cotisations en comptabilit\u00e9.<\/strong><\/p>\n<p>D\u2019avance merci et comptez \u00e0 la fois sur la palette de nos services et techniciens aguerris et sur notre d\u00e9termination.<\/p>\n<p>Bien cordialement,<\/p>\n<p>Patrick MALVA\u00cbS<\/p>\n<p><strong>P.S.\u00a0<\/strong>: Ceux qui n\u2019ont pas r\u00e9gularis\u00e9 2021 peuvent encore le faire et passer \u00e9galement en frais cette adh\u00e9sion aussi. Cela nous aidera et vous garantira notre protection individuelle et les meilleurs tarifs SACEM\/SPRE sur l\u2019ann\u00e9e pass\u00e9e.<\/p>\n<p><strong>BULLETIN D\u2019ADHESION : cliquer ci-dessous sur BULLETIN:<\/strong><\/p>\n<p><strong><a href=\"https:\/\/sndll.info\/wp-content\/uploads\/2022\/01\/BULLETIN-2022-1-1.pdf\">A renvoyer uniquement au si\u00e8ge AMINISTRATIF de GUJAN-MESTRAS qui vous enverra les factures sous quinzaine:\u00a0 \u00a0 \u00a0\u00a0BULLETIN-2022-1<\/a><\/strong><\/p>\n<div data-a=\"false\">\n<div class=\"content\">\n<p>Cordialement,<\/p>\n<\/div>\n<div class=\"content\">\n<p>Patrick MALVA\u00cbS<\/p>\n<\/div>\n<\/div>\n<\/article>\n<p>&nbsp;<\/p>\n","protected":false},"excerpt":{"rendered":"<p>Bonjour chers amis, chers confr\u00e8res, 1\u00b0) Va-t-on enfin voir de fa\u00e7on p\u00e9renne &#8220;le bout du tunnel&#8221; ? Des pr\u00e9cisions sur les conditions de notre r\u00e9ouverture (voir article pr\u00e9c\u00e9dent) tardent toujours \u00e0 venir. D\u00e8s que&#8230;<\/p>\n","protected":false},"author":2,"featured_media":0,"comment_status":"closed","ping_status":"closed","sticky":false,"template":"","format":"standard","meta":{"_mi_skip_tracking":false,"_monsterinsights_sitenote_active":false,"_monsterinsights_sitenote_note":"","_monsterinsights_sitenote_category":0},"categories":[1],"tags":[],"_links":{"self":[{"href":"https:\/\/sndll.info\/index.php?rest_route=\/wp\/v2\/posts\/5924"}],"collection":[{"href":"https:\/\/sndll.info\/index.php?rest_route=\/wp\/v2\/posts"}],"about":[{"href":"https:\/\/sndll.info\/index.php?rest_route=\/wp\/v2\/types\/post"}],"author":[{"embeddable":true,"href":"https:\/\/sndll.info\/index.php?rest_route=\/wp\/v2\/users\/2"}],"replies":[{"embeddable":true,"href":"https:\/\/sndll.info\/index.php?rest_route=%2Fwp%2Fv2%2Fcomments&post=5924"}],"version-history":[{"count":5,"href":"https:\/\/sndll.info\/index.php?rest_route=\/wp\/v2\/posts\/5924\/revisions"}],"predecessor-version":[{"id":5930,"href":"https:\/\/sndll.info\/index.php?rest_route=\/wp\/v2\/posts\/5924\/revisions\/5930"}],"wp:attachment":[{"href":"https:\/\/sndll.info\/index.php?rest_route=%2Fwp%2Fv2%2Fmedia&parent=5924"}],"wp:term":[{"taxonomy":"category","embeddable":true,"href":"https:\/\/sndll.info\/index.php?rest_route=%2Fwp%2Fv2%2Fcategories&post=5924"},{"taxonomy":"post_tag","embeddable":true,"href":"https:\/\/sndll.info\/index.php?rest_route=%2Fwp%2Fv2%2Ftags&post=5924"}],"curies":[{"name":"wp","href":"https:\/\/api.w.org\/{rel}","templated":true}]}}