{"id":5932,"date":"2022-02-03T08:00:50","date_gmt":"2022-02-03T07:00:50","guid":{"rendered":"https:\/\/sndll.info\/?p=5932"},"modified":"2022-02-03T10:30:55","modified_gmt":"2022-02-03T09:30:55","slug":"call-point-de-situation-discotheques-jeudi-prochain-10-fevrier-a-17h00","status":"publish","type":"post","link":"https:\/\/sndll.info\/?p=5932","title":{"rendered":"CALL \u00ab\u00a0POINT DE SITUATION DISCOTH\u00c8QUES\u00a0\u00bb  &#8211; JEUDI PROCHAIN 10 F\u00c9VRIER A 17H00"},"content":{"rendered":"<h1 style=\"text-align: center;\">CALL \u00ab\u00a0<em><u>POINT DE SITUATION DISCOTH\u00c8QUES<\/u><\/em>\u00a0\u00bb<\/h1>\n<h2 style=\"text-align: center;\"><strong>JEUDI PROCHAIN 10 F\u00c9VRIER A 17H00<\/strong><\/h2>\n<p>&nbsp;<\/p>\n<p>&nbsp;<\/p>\n<p>Cher(e)s exploitant(e)s, cher(e)s ami(e)s,<\/p>\n<p>&nbsp;<\/p>\n<p>Chacun d\u2019entre nous est dans les starting-blocks en attendant la date fatidique du 16 f\u00e9vrier et surtout les conditions r\u00e9elles de r\u00e9ouverture de nos \u00e9tablissements.<\/p>\n<p>&nbsp;<\/p>\n<p>En l\u2019absence d\u2019\u00e9l\u00e9ments factuels sur les conditions de r\u00e9ouverture nous restons attentifs \u00e0 toutes les expressions et scrutons le moindre d\u00e9tail en se m\u00e9fiant de ce qui n\u2019est pas pr\u00e9cis\u00e9, tant nous avons connu d\u2019immenses d\u00e9ceptions depuis deux ans.<\/p>\n<p>&nbsp;<\/p>\n<p>Nous ne souhaitons pas cr\u00e9er le doute, ajouter de l&#8217;angoisse \u00e0 l\u2019inqui\u00e9tude, mais pourquoi faire simple, lorsque l\u2019on peut faire compliqu\u00e9\u00a0: c\u2019est le sentiment g\u00e9n\u00e9ral que nous partageons tous\u00a0!<\/p>\n<p>&nbsp;<\/p>\n<p>Nous avons pris connaissance de <strong><span style=\"color: #0000ff;\">deux d\u00e9clarations r\u00e9centes\u00a0:<\/span><\/strong><\/p>\n<ul>\n<li>La premi\u00e8re, \u00e9manant du<strong><span style=\"color: #0000ff;\"> Pr\u00e9sident de la R\u00e9publique<\/span> <\/strong>qui suscite \u00e9videmment une interpr\u00e9tation, puisqu\u2019il \u00ab\u00a0semble conditionner\u00a0\u00bb la lev\u00e9e des mesures pr\u00e9vues le 16 f\u00e9vrier, aux chiffres de la pand\u00e9mie \u00e0 cette p\u00e9riode. Dont acte.<\/li>\n<li>La seconde vient du<strong><span style=\"color: #0000ff;\"> porte-parole du Gouvernement ce jour, mercredi 2 f\u00e9vrier<\/span><\/strong>, qui \u00e9voque les discoth\u00e8ques, confirme la r\u00e9ouverture le 16 f\u00e9vrier, salue une bonne nouvelle pour notre secteur rend hommage aux g\u00e9rants des discoth\u00e8ques, souligne que c\u2019est le seul secteur \u00e0 avoir \u00e9t\u00e9 ferm\u00e9 aussi longtemps etc. Tr\u00e8s bien, mais \u00e0 ce stade, il n\u2019apporte pas de pr\u00e9cisions compl\u00e9mentaires sur les conditions d\u2019ouverture.<\/li>\n<\/ul>\n<p>&nbsp;<\/p>\n<p>Que faut-il en d\u00e9duire\u00a0? L\u2019exp\u00e9rience nous a d\u00e9montr\u00e9 qu\u2019il faut rester prudents. Le diable se cache toujours dans les d\u00e9tails\u2026 Nous avons suffisamment pay\u00e9 et souffert pour le savoir.<\/p>\n<p>&nbsp;<\/p>\n<p>Lorsque l\u2019on met \u00e0 l\u2019arr\u00eat toute une profession en quelques heures \u00e0 deux reprises en l\u2019obligeant durant 20 mois \u00e0 regarder passivement les autres travailler, en leur confiant nos chiffres d\u2019affaires, il faut comprendre le sentiment d\u2019injustice qui domine.<\/p>\n<p>&nbsp;<\/p>\n<p><strong><u>D\u00e9but d\u00e9cembre les annonces politiques n\u2019ont pourtant pas manqu\u00e9 :<\/u><\/strong><\/p>\n<ul>\n<li><em><u>\u00ab\u00a0Un accompagnement exemplaire\u00a0\u00bb<\/u><\/em> d\u00e9clare le Pr\u00e9sident de la R\u00e9publique<\/li>\n<li><em><u>\u00a0\u00ab\u00a0Un dispositif am\u00e9lior\u00e9\u00a0avec la r\u00e9mun\u00e9ration du g\u00e9rant \u00bb<\/u><\/em> pr\u00e9cisera Bruno LE MAIRE<\/li>\n<\/ul>\n<p>&nbsp;<\/p>\n<p>Tout ceci refl\u00e8te probablement une volont\u00e9 r\u00e9elle, mais comme toujours en pareille situation il existe des trous dans la raquette\u00a0:<\/p>\n<ul>\n<li><strong><span style=\"color: #000080;\">Ceux qui n\u2019ont pas de chiffre d\u2019affaires en 2019 quelle qu\u2019en soit la raison sont exclus du dispositif d\u2019indemnisation\u00a0!<\/span><\/strong><\/li>\n<li><strong><span style=\"color: #000080;\">Ceux qui ont perdu un peu moins de 50% de leur chiffre d\u2019affaires aussi.<\/span><\/strong><\/li>\n<\/ul>\n<p>&nbsp;<\/p>\n<p>Chaque semaine, nous sommes confront\u00e9s \u00e0 des situations cruelles que nos exploitants nous expliquent d\u00e9pit\u00e9s, r\u00e9volt\u00e9s de l\u2019absence de prise en compte de leurs probl\u00e8mes.<\/p>\n<p>&nbsp;<\/p>\n<p>En voici quelques exemples illustratifs :<\/p>\n<p><strong>\u00a0<\/strong><\/p>\n<p><strong><u>1<sup>er<\/sup> exemple\u00a0:<\/u><\/strong><\/p>\n<p><em>Nous avons une discoth\u00e8que en cat\u00e9gorie 2 (1030 pers). Nous avons eu la commission de s\u00e9curit\u00e9 le 29 septembre 2021 et nous avons d\u00fb effectuer des travaux de mise aux normes. Elle est repass\u00e9e le 10 d\u00e9cembre (avis favorable) et nous devions ouvrir le 17 d\u00e9cembre donc pour les f\u00eates.<\/em><\/p>\n<p><em>Comme le Gouvernement a referm\u00e9 les discoth\u00e8ques donc nous nous retrouvons avec aucun chiffre d\u2019affaires.<\/em><\/p>\n<p><em>Et en plus nous n&#8217;avons pas b\u00e9n\u00e9fici\u00e9 d&#8217;aides : &#8211; ni de fonds de solidarit\u00e9 en septembre &#8211; ni pour les frais fixes en octobre &#8211; ni du ch\u00f4mage partiel en octobre et en novembre (document de la commission de s\u00e9curit\u00e9 fourni plus devis et factures pour appuyer pour la prolongation du ch\u00f4mage partiel)<\/em><\/p>\n<p><em>\u00a0<\/em><\/p>\n<p><strong><u>2<sup>\u00e8me<\/sup> exemple\u00a0:<\/u><\/strong><\/p>\n<p><em>Bonjour, j\u2019ai achet\u00e9 un fonds de commerce discoth\u00e8que au 01\/10\/2021 et j\u2019ai vu que je ne peux pas avoir l\u2019aide co\u00fbts fixes. Vous avez une r\u00e9ponse pour ma situation\u00a0? Le PGE m\u2019a \u00e9t\u00e9 refus\u00e9 et j\u2019ai des difficult\u00e9s pour payer mes frais. Je suis perdu. Merci de me r\u00e9pondre rapidement svp. <\/em><\/p>\n<p><em>\u00a0<\/em><\/p>\n<p><strong><u>3<sup>\u00e8me<\/sup> exemple\u00a0:<\/u><\/strong><\/p>\n<p><em>Je viens vers vous suite \u00e0 la publication r\u00e9cente des conditions d\u2019aides co\u00fbts fixes aux discoth\u00e8ques \u00e0 compter de d\u00e9cembre 2021.\u00a0Il ressort malheureusement que la situation de cette soci\u00e9t\u00e9 (\u00e9tablissement de type P), immatricul\u00e9e en date du 12\/08\/2021 sous le n\u00b0 SIREN xxxxx ne la rend pas \u00e9ligible \u00e0 ces aides compte tenu des conditions fix\u00e9es par le d\u00e9cret.\u00a0En effet, la soci\u00e9t\u00e9 ne remplit pas les conditions suivantes\u00a0:<\/em><\/p>\n<ul>\n<li><em>cr\u00e9ation avant le 31\/01\/2021<\/em><\/li>\n<li><em>perte de chiffre d\u2019affaires\u00a0: la soci\u00e9t\u00e9 n\u2019ayant pas pu d\u00e9buter son activit\u00e9 comme pr\u00e9vu en date du 10 d\u00e9cembre 2021, aucun r\u00e9f\u00e9rentiel de Chiffre d\u2019affaires ne peut \u00eatre \u00e9tabli.<\/em><\/li>\n<\/ul>\n<p><em>Cette impossibilit\u00e9 est extr\u00eamement pr\u00e9judiciable \u00e0 la soci\u00e9t\u00e9 qui, bien que r\u00e9cemment cr\u00e9\u00e9e, doit faire face, comme toutes les soci\u00e9t\u00e9s plus anciennes, \u00e0 des charges fixes qui trouvent leur origine avant la mise en place des mesures de fermeture obligatoire sur le mois de d\u00e9cembre 2021 (notamment loyer, salaires, assurances, cr\u00e9dit-bail mat\u00e9riel\u2026etc).<\/em><\/p>\n<p><em>\u00a0<\/em><\/p>\n<p><strong><u>4<sup>\u00e8me<\/sup> exemple\u00a0:<\/u><\/strong><\/p>\n<p><em>Notre soci\u00e9t\u00e9 d\u00e9passe de peu le seuil de chiffres d\u2019affaires exig\u00e9 pour b\u00e9n\u00e9ficier du dispositif mis en place par le Gouvernement sur le mois de d\u00e9cembre. Exactement nous faisons 60,14% de notre CA de d\u00e9cembre 2019 en ayant ouvert la soir\u00e9e du mercredi en plus de nos soir\u00e9es habituelles (avant la fermeture). Soit une perte de 40%.<\/em><\/p>\n<ul>\n<li><em>CA 2019 : 92 141 euros HT<\/em><\/li>\n<li><em>CA 2021 : 55 417 euros HT<\/em><\/li>\n<li><em>SORTIES ET DEPENSES d\u00e9cembre 2021 : 72 932 euros TTC<\/em><\/li>\n<\/ul>\n<p><em>Voici notre probl\u00e9matique, nos sorties d\u2019argents ont \u00e9t\u00e9 plus importantes malgr\u00e9 que notre CA a augment\u00e9 et d\u00e9passe les 50% de 2019. Aujourd\u2019hui, nous avons travaill\u00e9 \u00e0 perte sur la soci\u00e9t\u00e9. <\/em><\/p>\n<p><em>Ce que nous demandons, c\u2019est un accompagnement pour amortir cette perte. <\/em><\/p>\n<p><em>\u00a0<\/em><\/p>\n<p><strong><u>5<sup>\u00e8me<\/sup> exemple\u00a0:<\/u><\/strong><\/p>\n<p><em>Je reviens vers vous concernant ma situation et souhaite vous faire part de mes r\u00e9flexions.<\/em><\/p>\n<p><em>Je vous rappelle que le passage tardif de la commission de s\u00e9curit\u00e9 a entrain\u00e9 le retard d&#8217;autorisation d&#8217;ouverture de la Mairie, vous avez tous les \u00e9l\u00e9ments. Sans ces autorisations mes \u00e9tablissements devaient rester ferm\u00e9s administrativement sous peine de sanctions.<\/em><\/p>\n<p><em>Je trouve qu&#8217;il y a une incoh\u00e9rence entre l&#8217;absence d&#8217;aide aux entreprises et le maintien du ch\u00f4mage partiel. En effet, le but du ch\u00f4mage partiel \u00e9tait de maintenir l&#8217;emploi, mes salari\u00e9s en ont d&#8217;ailleurs b\u00e9n\u00e9fici\u00e9 pour mes structures, en septembre pour les 2 et en octobre et novembre pour 1.<\/em><\/p>\n<p><em>Par contre, mes discoth\u00e8ques\u00a0n&#8217;ont b\u00e9n\u00e9fici\u00e9 d&#8217;aucune subvention pour ces m\u00eames p\u00e9riodes or sans ce soutien mes entreprises sont fragilis\u00e9es et cela met l&#8217;existence m\u00eame de celles-ci en p\u00e9ril.<\/em><\/p>\n<p><em>J&#8217;en d\u00e9duis que si mes entreprises baissent le rideau, les emplois seront perdus malgr\u00e9 les 20 mois de ch\u00f4mage partiel, ce sera de l&#8217;argent jet\u00e9 par la fen\u00eatre.<\/em><\/p>\n<p><em>Sauf pour les cas comme les miens, en septembre et octobre des aides \u00e9taient accessibles,\u00a0certains ont pu,\u00a0ayant eu une\u00a0baisse de CA,\u00a0en b\u00e9n\u00e9ficier en plus des rentr\u00e9es d&#8217;argent,\u00a0cumulant ainsi une activit\u00e9 moindre et une aide de l&#8217;\u00e9tat.<\/em><\/p>\n<p><em>Ceci est in\u00e9quitable et \u00e0 terme peu d\u00e9stabiliser le march\u00e9 et provoque une concurrence d\u00e9loyale.<\/em><\/p>\n<p><em>Je trouve cela inadmissible et j&#8217;estime qu&#8217;il y a une rupture d&#8217;\u00e9quit\u00e9 surtout que mes \u00ab non-ouvertures \u00bb ne sont pas de mon fait.<\/em><\/p>\n<p>&nbsp;<\/p>\n<p>&nbsp;<\/p>\n<h2 style=\"text-align: center;\"><strong>SI L\u2019ADMINISTRATION NE SAIT PAS REGLER CES CAS PARTICULIERS,<\/strong><\/h2>\n<h2 style=\"text-align: center;\"><strong>ALORS, LE MINISTRE DOIT D\u00c9CIDER<\/strong><\/h2>\n<h2><strong>\u00a0<\/strong><\/h2>\n<p><strong>\u00a0<\/strong><\/p>\n<p>Voil\u00e0 donc cher(e)s ami(e)s la situation de certains d\u2019entre nous. 20 mois de fermeture arbitraire et pour le moment refus de prise en compte de ces situations \u00e0 l\u2019\u00e9gard desquelles nos exploitants n\u2019ont aucune responsabilit\u00e9.<\/p>\n<p>&nbsp;<\/p>\n<p>Certes, le cousu main n\u2019existe pas, mais le nombre de discoth\u00e8ques en France repr\u00e9sente un nombre de dossiers peu significatifs eu \u00e9gard \u00e0 ce que le Gouvernement traite dans le cadre de ses dispositifs d\u2019accompagnement sur l\u2019ensemble du territoire.<\/p>\n<p>&nbsp;<\/p>\n<p><strong>C\u2019est pourquoi, chaque fois que nous avons l\u2019occasion d\u2019\u00eatre en contact avec un interlocuteur du Gouvernement, nous demandons la prise en compte de ces situations et de mani\u00e8re plus g\u00e9n\u00e9rale, nous sollicitons le b\u00e9n\u00e9fice du dispositif aides renfort pour toutes les discoth\u00e8ques qui sont l\u2019objet d\u2019une fermeture administrative dans le cadre du d\u00e9cret du 7 d\u00e9cembre 2021. <\/strong><\/p>\n<p>&nbsp;<\/p>\n<p><strong><span style=\"color: #ff0000;\">Pour r\u00e9sumer, l\u2019accompagnement existe mais est-il exemplaire\u00a0? \u00c0 ce stade NON\u00a0!<\/span><\/strong><\/p>\n<p><strong>\u00a0<\/strong><\/p>\n<p><strong>Traiter ces cas sp\u00e9cifiques ne repr\u00e9sente pas des sommes colossales, mais tombe sous le sens lorsque l\u2019on d\u00e9cide de fermer ce seul secteur d\u2019activit\u00e9.<\/strong><\/p>\n<p><strong>\u00a0<\/strong><\/p>\n<p><strong>Quoi penser de ceux qui d\u00e9cident de fermer discr\u00e8tement durant une ou deux semaines pour afficher une perte de 30% de leur chiffre d\u2019affaires\u00a0et b\u00e9n\u00e9ficier de l\u2019aide co\u00fbts fixes ? Oh pardon, ce ne sont pas des discoth\u00e8ques, c\u2019est certain\u00a0! Il nous semble que cela s\u2019appelle profiter d\u2019un effet d\u2019aubaine, non\u00a0?<\/strong><\/p>\n<p><strong>\u00a0<\/strong><\/p>\n<p><strong><u>L\u2019heure du bilan arrivera.<\/u><\/strong><\/p>\n<p><strong>\u00a0<\/strong><\/p>\n<p>&nbsp;<\/p>\n<p><strong>Les discoth\u00e8ques sont rest\u00e9es dans le collimateur du Gouvernement et on ne sait pas vraiment pourquoi d\u2019ailleurs. Qu\u2019ont-elles \u00e0 se reprocher\u00a0? Principalement, la m\u00e9connaissance du contenu r\u00e9el de leur m\u00e9tier par ceux qui nous dirigent \u00e7\u00e0 c\u2019est une certitude.<\/strong><\/p>\n<p><strong>\u00a0<\/strong><\/p>\n<p><span style=\"color: #ff00ff;\"><strong>Si une volont\u00e9 politique existait, <u>5 mesures seraient d\u00e9j\u00e0 prises depuis le d\u00e9but de cette crise\u00a0:<\/u><\/strong><\/span><\/p>\n<p><strong>\u00a0<\/strong><\/p>\n<ol>\n<li><strong>Aucun exploitant ne doit \u00eatre exclus d\u2019un dispositif d\u2019accompagnement<\/strong><\/li>\n<\/ol>\n<p><strong>\u00a0<\/strong><\/p>\n<ol start=\"2\">\n<li><strong>Mettre un terme \u00e0 la discrimination bancaire (la discrimination constitue un d\u00e9lit). C\u2019est plut\u00f4t simple le gouvernement exige et impose aux banques fran\u00e7aises l\u2019acc\u00e8s aux financements pour toutes les discoth\u00e8ques, comme pour toutes les entreprises. Nous ne demandons aucun passe-droit juste que cesse la discrimination actuelle.<\/strong><\/li>\n<\/ol>\n<p style=\"padding-left: 40px;\"><strong><u>Cette mesure couterait z\u00e9ro euro\u00a0!<\/u><\/strong><\/p>\n<p>&nbsp;<\/p>\n<ol start=\"3\">\n<li>Le retour d\u2019exp\u00e9rience de cette crise covid a mis en valeur la n\u00e9cessit\u00e9 d\u2019avoir des \u00e9tablissements encadr\u00e9s et s\u00e9curis\u00e9s \u00e0 tous \u00e9gards pour toute la jeunesse qui fait la f\u00eate et ne cessera de la faire heureusement.<\/li>\n<\/ol>\n<p style=\"padding-left: 40px;\">A l\u2019\u00e9t\u00e9 2020, les maires qui eux sont sur le terrain avec une l\u00e9gitimit\u00e9 incontestable, n\u2019ont pas manqu\u00e9 de s\u2019exprimer en faveur du retour de l\u2019activit\u00e9 discoth\u00e8que pour canaliser la jeunesse que leurs villes accueillaient.<\/p>\n<p style=\"padding-left: 40px;\"><strong>Il convient donc de normaliser la situation sur le terrain en favorisant une concertation avec les pr\u00e9fectures les services de police et de gendarmerie. Chacun y trouvera un int\u00e9r\u00eat au plus grand b\u00e9n\u00e9fice de la client\u00e8le et de tous les acteurs concern\u00e9s.<\/strong><\/p>\n<p style=\"padding-left: 40px;\"><strong>Pour r\u00e9aliser cette coop\u00e9ration, le Ministre de l\u2019Int\u00e9rieur doit accepter d\u2019initier une politique de concertation \u00e9troite avec nous et ses services. C\u2019est une question de volont\u00e9 politique.<\/strong><\/p>\n<p style=\"padding-left: 40px;\"><strong><u>Cette d\u00e9marche fondamentale pour nous, ne couterait pas un seul euro\u00a0!<\/u><\/strong><\/p>\n<p>&nbsp;<\/p>\n<ol start=\"4\">\n<li><strong>Clarifier la situation actuelle sur les classifications entre bars de nuit et discoth\u00e8ques et imposer que chaque d\u00e9rogation d\u2019ouverture tardive soit l\u2019objet d\u2019une demande pr\u00e9fectorale et non pas municipale pour \u00e9viter tout client\u00e9lisme. \u00c9laborer un cahier des charges en mati\u00e8re de s\u00e9curit\u00e9 incendie par exemple comparable \u00e0 ce que nous connaissons en discoth\u00e8que.<\/strong><\/li>\n<\/ol>\n<p style=\"padding-left: 40px;\"><strong><u>Cette d\u00e9cision ne couterait pas un seul euro.<\/u><\/strong><\/p>\n<p><strong>\u00a0<\/strong><strong>\u00a0<\/strong><\/p>\n<ol start=\"5\">\n<li><strong>Enfin, r\u00e9examiner la mani\u00e8re dont une sanction est prise envers une discoth\u00e8que, par les seules pr\u00e9fectures, en s\u2019appuyant notamment sur cette notion de trouble \u00e0 l\u2019ordre public et tous ces exc\u00e8s d\u2019interpr\u00e9tation.<\/strong><\/li>\n<\/ol>\n<p style=\"padding-left: 40px;\"><strong>La recherche syst\u00e9matique de responsabilit\u00e9 p\u00e9nale (principalement \u00e0 charge) du repr\u00e9sentant l\u00e9gal est inacceptable.<\/strong><\/p>\n<p style=\"padding-left: 40px;\"><strong><u>Cette d\u00e9cision ne couterait pas un seul euro.<\/u><\/strong><\/p>\n<p>&nbsp;<\/p>\n<p>&nbsp;<\/p>\n<p><strong>\u00a0<\/strong><\/p>\n<p><strong>Depuis deux ans bient\u00f4t, nous tentons de sensibiliser sur ces cinq sujets, pour le moment en vain\u00a0! Est-ce si compliqu\u00e9 d\u2019y apporter une r\u00e9ponse\u00a0? Il ne nous semble pas.<\/strong><\/p>\n<p><strong>\u00a0<\/strong><\/p>\n<p><strong>Pourtant nous en sommes loin. Chaque jour ou presque nous entendons nos \u00e9lus(e)s ou membres du gouvernement faire l\u2019\u00e9loge de la concertation, de la pratique de la politique dite conventionnelle, ou est-elle nous concernant sur ces sujets fondamentaux ?<\/strong><\/p>\n<p><strong>\u00a0<\/strong><\/p>\n<p><strong><u>\u00a0<\/u><\/strong><\/p>\n<p><strong><u>Une r\u00e9ouverture le 16 f\u00e9vrier avec un enjeu de taille politiquement.<\/u><\/strong><\/p>\n<p><strong>\u00a0<\/strong><\/p>\n<p><strong>\u00a0<\/strong><\/p>\n<p><strong>A la veille d\u2019une \u00e9ch\u00e9ance politique importante, la jeunesse retiendra probablement la mani\u00e8re dont elle sera trait\u00e9e dans le cadre de cette r\u00e9ouverture le 16 f\u00e9vrier prochain.<\/strong><\/p>\n<p><strong>\u00a0<\/strong><\/p>\n<p><strong>\u00a0<\/strong><\/p>\n<p><strong>Le combat de nos organisations professionnelles n\u2019est pas des plus simple. Le SNDLL reste mobilis\u00e9 et bien d\u00e9cid\u00e9 \u00e0 tout mettre en \u0153uvre pour faire avancer cette noble id\u00e9e de la reconnaissance de notre m\u00e9tier.<\/strong><\/p>\n<p><strong>\u00a0<\/strong><\/p>\n<p><strong>Ne laisser personne sur le c\u00f4t\u00e9 de la route de l\u2019indemnisation, tel est notre but.<\/strong><\/p>\n<p><strong>\u00a0<\/strong><\/p>\n<p><strong>Comme toute injustice, celle-ci est insupportable. Comment peut-on refuser de prendre en compte ces situations cr\u00e9\u00e9es par la fermeture d\u00e9cid\u00e9e par le gouvernement ? <\/strong><\/p>\n<p><strong>\u00a0<\/strong><\/p>\n<p><strong>C\u2019est parfois d\u00e9courageant disons-le, mais nous ne devons pas nous laisser envahir par ce sentiment, ne jamais abandonner, car seuls les combats que nous n\u2019avons pas men\u00e9s sont perdus.<\/strong><\/p>\n<p><strong>\u00a0<\/strong><\/p>\n<p style=\"text-align: center;\"><strong><u>NOUS RELANCERONS DONC NOS DEMANDES JEUDI PROCHAIN 10 F\u00c9VRIER<\/u><\/strong><\/p>\n<p><strong>\u00a0<\/strong><\/p>\n<p><strong>Jeudi prochain, nous verrons bien comment Madame PIZZICARA Directrice adjointe du cabinet de Bruno LE MAIRE organisera les travaux de cette r\u00e9union, mais nous sommes \u00e9videmment d\u00e9cid\u00e9s \u00e0 lui rappeler <em>\u00ab\u00a0les cas d\u2019\u00e9cole\u00a0\u00bb d\u2019exploitants \u00e0 ce jour non indemnis\u00e9s dans le cadre de l\u2019aide renfort.<\/em><\/strong><\/p>\n<p><strong><em>\u00a0<\/em><\/strong><\/p>\n<p><strong><em>\u00a0<\/em><\/strong><\/p>\n<h3 style=\"text-align: center;\"><strong><u>PERTE DE CHIFFFRE D\u2019AFFAIRES LI\u00c9E \u00c0 CETTE FERMETURE<\/u><\/strong><\/h3>\n<h3 style=\"text-align: center;\"><strong><u>LES PROMESSES N\u2019ENGAGENT TROP SOUVENT QUE CEUX QUI LES RECOIVENT<\/u><\/strong><\/h3>\n<p>&nbsp;<\/p>\n<p>C\u2019est aussi ce que nous pourrions exprimer. En effet, lorsque nous avons \u00e9voqu\u00e9 la situation des discoth\u00e8ques aupr\u00e8s de Jean Baptiste LEMOYNE d\u2019abord et Bruno LE MAIRE ensuite, nous avions compris que le dispositif aide renfort devait \u00eatre compl\u00e9t\u00e9 pour les discoth\u00e8ques qui seules \u00e9taient ferm\u00e9es.<\/p>\n<p><strong><em>\u00a0<\/em><\/strong><\/p>\n<p><strong>L\u2019argument que nous avions d\u00e9velopp\u00e9 portait sur la perte de chiffre d\u2019affaires de d\u00e9cembre qui repr\u00e9sente pour beaucoup d\u2019entre nous un niveau d\u2019activit\u00e9 important tr\u00e8s souvent \u00e9gal \u00e0 20% du chiffre d\u2019affaires annuel. Depuis ce sont ajout\u00e9s le mois de janvier et les 15 jours de f\u00e9vrier.<\/strong><\/p>\n<p><strong>\u00a0<\/strong><\/p>\n<p><strong>Nous sommes toujours dans l\u2019attente d\u2019un retour \u00e0 ce sujet. Pour les restaurateurs, l&#8217;exigence a \u00e9t\u00e9 assouplie !<\/strong><\/p>\n<p><strong>\u00a0<\/strong><\/p>\n<p><strong>Vous le constatez, beaucoup de travail reste encore \u00e0 accomplir pour satisfaire les demandes de tous nos exploitants exclus du dispositif d\u2019indemnisation.<\/strong><\/p>\n<p><strong>\u00a0<\/strong><\/p>\n<p><strong>\u00a0<\/strong><\/p>\n<p><strong>Restons aussi les yeux riv\u00e9s sur les conditions de notre r\u00e9ouverture et ne nous laissons pas \u00e9blouir par les compassions communicatives qui ne r\u00e8glent en rien la non-indemnisation de ceux qui ont des charges fixes, qui sont ferm\u00e9s comme nous tous, mais ne per\u00e7oivent rien\u00a0!<\/strong><\/p>\n<p><strong>\u00a0<\/strong><\/p>\n<p><strong>\u00a0<\/strong><\/p>\n<p><strong>Nous vous tiendrons \u00e9videmment inform\u00e9s du contenu de nos \u00e9changes \u00e0 l\u2019issue de la r\u00e9union du 10 f\u00e9vrier prochain.<\/strong><\/p>\n<p>&nbsp;<\/p>\n<p>&nbsp;<\/p>\n<p>A tr\u00e8s bient\u00f4t<\/p>\n<p>&nbsp;<\/p>\n<p>&nbsp;<\/p>\n<p><strong>\u00a0<\/strong><\/p>\n<p style=\"text-align: center;\"><strong>Christian JOUNY\u00a0\u00a0\u00a0\u00a0\u00a0\u00a0\u00a0 \u00a0\u00a0\u00a0\u00a0\u00a0\u00a0\u00a0\u00a0\u00a0\u00a0\u00a0\u00a0\u00a0\u00a0\u00a0\u00a0\u00a0\u00a0\u00a0\u00a0\u00a0\u00a0\u00a0\u00a0\u00a0\u00a0\u00a0\u00a0\u00a0\u00a0\u00a0\u00a0\u00a0\u00a0\u00a0\u00a0\u00a0\u00a0\u00a0\u00a0\u00a0\u00a0\u00a0\u00a0\u00a0\u00a0 Patrick MALVA\u00cbS<\/strong><\/p>\n<p><strong>\u00a0<\/strong><\/p>\n<p><strong>\u00a0<\/strong><\/p>\n<p><strong>\u00a0<\/strong><\/p>\n<p><strong>\u00a0<\/strong><\/p>\n<p><strong>\u00a0<\/strong><\/p>\n<p><strong>\u00a0<\/strong><\/p>\n<p><strong>\u00a0<\/strong><\/p>\n","protected":false},"excerpt":{"rendered":"<p>CALL \u00ab\u00a0POINT DE SITUATION DISCOTH\u00c8QUES\u00a0\u00bb JEUDI PROCHAIN 10 F\u00c9VRIER A 17H00 &nbsp; &nbsp; Cher(e)s exploitant(e)s, cher(e)s ami(e)s, &nbsp; Chacun d\u2019entre nous est dans les starting-blocks en attendant la date fatidique du 16 f\u00e9vrier et&#8230;<\/p>\n","protected":false},"author":1,"featured_media":0,"comment_status":"closed","ping_status":"closed","sticky":false,"template":"","format":"standard","meta":{"_mi_skip_tracking":false,"_monsterinsights_sitenote_active":false,"_monsterinsights_sitenote_note":"","_monsterinsights_sitenote_category":0},"categories":[1],"tags":[],"_links":{"self":[{"href":"https:\/\/sndll.info\/index.php?rest_route=\/wp\/v2\/posts\/5932"}],"collection":[{"href":"https:\/\/sndll.info\/index.php?rest_route=\/wp\/v2\/posts"}],"about":[{"href":"https:\/\/sndll.info\/index.php?rest_route=\/wp\/v2\/types\/post"}],"author":[{"embeddable":true,"href":"https:\/\/sndll.info\/index.php?rest_route=\/wp\/v2\/users\/1"}],"replies":[{"embeddable":true,"href":"https:\/\/sndll.info\/index.php?rest_route=%2Fwp%2Fv2%2Fcomments&post=5932"}],"version-history":[{"count":3,"href":"https:\/\/sndll.info\/index.php?rest_route=\/wp\/v2\/posts\/5932\/revisions"}],"predecessor-version":[{"id":5936,"href":"https:\/\/sndll.info\/index.php?rest_route=\/wp\/v2\/posts\/5932\/revisions\/5936"}],"wp:attachment":[{"href":"https:\/\/sndll.info\/index.php?rest_route=%2Fwp%2Fv2%2Fmedia&parent=5932"}],"wp:term":[{"taxonomy":"category","embeddable":true,"href":"https:\/\/sndll.info\/index.php?rest_route=%2Fwp%2Fv2%2Fcategories&post=5932"},{"taxonomy":"post_tag","embeddable":true,"href":"https:\/\/sndll.info\/index.php?rest_route=%2Fwp%2Fv2%2Ftags&post=5932"}],"curies":[{"name":"wp","href":"https:\/\/api.w.org\/{rel}","templated":true}]}}