{"id":5939,"date":"2022-02-03T11:54:26","date_gmt":"2022-02-03T10:54:26","guid":{"rendered":"https:\/\/sndll.info\/?p=5939"},"modified":"2022-02-04T08:09:54","modified_gmt":"2022-02-04T07:09:54","slug":"les-decrets-aides-renfort-sont-sortis","status":"publish","type":"post","link":"https:\/\/sndll.info\/?p=5939","title":{"rendered":"LES DECRETS AIDES &#8220;RENFORT\/CO\u00dbTS FIXES CONSOLIDATION&#8221; SONT SORTIS !"},"content":{"rendered":"<p>Chers amis, chers coll\u00e8gues,<\/p>\n<p>Communication dans l&#8217;urgence mais toujours le souci de vous informer en direct: sont sortis cette nuit les 2 d\u00e9crets sur les aides dite &#8220;renfort&#8221; devenues aides <strong><span style=\"color: #ff00ff;\">&#8220;co\u00fbts fixes consolidation&#8221; !<\/span><\/strong><\/p>\n<p>Voici les textes bruts.<\/p>\n<p>Nous (9 h du matin) vous communiquerons notre analyse (fait \u00e0 16 h, voir ci-dessous) dans les heures qui viennent car nous sommes submerg\u00e9s et une partie de nos services est en t\u00e9l\u00e9travail.<\/p>\n<p><strong><span style=\"color: #ff00ff;\">Les d\u00e9crets en int\u00e9gral (cliquer dessus) pour vos experts-comptables :<\/span><\/strong><\/p>\n<p><a href=\"https:\/\/sndll.info\/wp-content\/uploads\/2022\/02\/joe_20220203_0028_0014.pdf\">joe_20220203_0028_0014<\/a><\/p>\n<p><a href=\"https:\/\/sndll.info\/wp-content\/uploads\/2022\/02\/joe_20220203_0028_0015.pdf\">joe_20220203_0028_00150<\/a><\/p>\n<p>&nbsp;<\/p>\n<p><strong><span style=\"color: #ff0000;\">EN RESUME :<\/span><\/strong><\/p>\n<p class=\"s6\"><span style=\"color: #ff0000;\"><span class=\"s7\"><span class=\"bumpedFont15\">1\u00b0 <\/span><\/span><span class=\"s8\"><span class=\"bumpedFont15\">L\u2019aide renfort est prolong\u00e9e pour le mois de janvier 2022<\/span><\/span><\/span><\/p>\n<p class=\"s6\"><span style=\"color: #ff0000;\"><span class=\"s7\"><span class=\"bumpedFont15\">2\u00b0 <\/span><\/span><span class=\"s7\"><span class=\"bumpedFont15\">C<\/span><\/span><span class=\"s7\"><span class=\"bumpedFont15\">e d\u00e9cret modifie la date de cr\u00e9ation \u00e0 partir de laquelle les entreprises sont \u00e9ligibles au dispositif aide renfort. <\/span><\/span><span class=\"s8\"><span class=\"bumpedFont15\">D\u00e9sormais, les entreprises cr\u00e9\u00e9es jusqu\u2019au 31 octobre 2021 contre le 31 janvier initialement pourront b\u00e9n\u00e9ficier de l\u2019aide renfort.<\/span><\/span><\/span><\/p>\n<p class=\"s6\"><span style=\"color: #ff0000;\"><span class=\"s7\"><span class=\"bumpedFont15\">Cette disposition fait suite \u00e0 <\/span><\/span><span class=\"s7\"><span class=\"bumpedFont15\">nos <\/span><\/span><span class=\"s7\"><span class=\"bumpedFont15\">demandes, et confirme ce que nous vous avions indiqu\u00e9 \u00e0 l\u2019issue de notre r\u00e9union du <\/span><\/span><span class=\"s7\"><span class=\"bumpedFont15\">19 janvier <\/span><\/span><span class=\"s7\"><span class=\"bumpedFont15\">dernier. <\/span><\/span><span class=\"s9\"><span class=\"bumpedFont15\">Voir site <\/span><\/span><span class=\"s9\"><span class=\"bumpedFont15\">sndll <\/span><\/span><span class=\"s9\"><span class=\"bumpedFont15\">actualit\u00e9<\/span><\/span><span class=\"s7\"><span class=\"bumpedFont15\">.<\/span><\/span><\/span><\/p>\n<p class=\"s6\"><span style=\"color: #ff0000;\"><span class=\"s7\"><span class=\"bumpedFont15\">3\u00b0 Les demandes pour le mois de janvier 2022, <\/span><\/span><span class=\"s10\"><span class=\"bumpedFont15\">doivent \u00eatre d\u00e9pos\u00e9es entre le 3 f\u00e9vrier et le 31 mars 2022.<\/span><\/span><\/span><\/p>\n<p><strong><span style=\"color: #0000ff;\">EXPLICATIONS:<\/span><\/strong><\/p>\n<div class=\"summary-preface\">\n<p align=\"left\"><strong><span style=\"color: #000080;\">\u00a01\u00b0) D\u00e9cret 2022-111 du 2 f\u00e9vrier 2022<\/span><\/strong><\/p>\n<p align=\"left\">Le d\u00e9cret <strong><span style=\"color: #003366;\">met en place une aide dite \u00ab co\u00fbts fixes consolidation \u00bb<\/span> <\/strong>permettant de compenser les charges fixes non couvertes des entreprises dont l&#8217;activit\u00e9 est particuli\u00e8rement affect\u00e9e par l&#8217;\u00e9pid\u00e9mie de covid-19. <strong><span style=\"color: #003366;\">Cette aide est accessible aux entreprises ayant \u00e9t\u00e9 cr\u00e9\u00e9es avant le 1er janvier 2019 et remplissant, pour la p\u00e9riode \u00e9ligible comprise entre le 1er d\u00e9cembre 2021 et le 31 janvier 2022,<\/span> <\/strong>les conditions suivantes :<\/p>\n<p align=\"left\">&#8211; exercer une activit\u00e9 principale dans un secteur mentionn\u00e9 \u00e0 l&#8217;annexe 1 ou \u00e0 l&#8217;annexe 2 du d\u00e9cret mettant en \u0153uvre le fonds de solidarit\u00e9 du 30 mars 2020 dans sa r\u00e9daction en vigueur au 30 juin 2021<\/p>\n<p align=\"left\"><span style=\"color: #ff00ff;\"><strong>\u00a0(<\/strong><em><strong>commentaire:<\/strong><\/em> <\/span><strong><em><span style=\"color: #ff00ff;\">discoth\u00e8ques vis\u00e9es comme d\u00e9bits de boissons\u00a0 * 10 de l&#8217;annexe 1 et autres activit\u00e9s r\u00e9cr\u00e9atives et de loisirs * 38 de l&#8217;annexe 1)<\/span><\/em><\/strong><\/p>\n<p align=\"left\">&#8211; disposer d&#8217;un EBE co\u00fbts fixes consolidation n\u00e9gatif au cours du mois \u00e9ligible, tel que calcul\u00e9 par la formule en annexe du d\u00e9cret<span style=\"color: #ff00ff;\"><strong> (mis ci-apr\u00e8s<\/strong>)<\/span>;<\/p>\n<p align=\"left\">&#8211; <strong><span style=\"color: #000080;\">avoir subi une perte de chiffre d&#8217;affaires d&#8217;au moins 50 % au cours du mois \u00e9ligible. <\/span><\/strong><\/p>\n<p align=\"left\"><span style=\"color: #000080;\"><strong><span style=\"color: #ff00ff;\">(<\/span><span style=\"color: #ff00ff;\">commentaire: C.A. = CA Hors Taxes mais cette limite cela pose probl\u00e8me en certaines situations !)<\/span><\/strong><\/span><\/p>\n<p align=\"left\">Pour chaque p\u00e9riode \u00e9ligible <strong><span style=\"color: #ff00ff;\">(c&#8217;est \u00e0 dire le mois calendaire pour lequel l&#8217;aide est demand\u00e9e)<\/span><\/strong> , l&#8217;aide prend la forme d&#8217;une subvention dont le montant s&#8217;\u00e9l\u00e8ve \u00e0 la somme, pour chaque mois \u00e9ligible, de 70 % de l&#8217;oppos\u00e9 math\u00e9matique de l&#8217;exc\u00e9dent brut d&#8217;exploitation co\u00fbts fixes consolidation constat\u00e9 pour ledit mois.<\/p>\n<p align=\"left\"><strong><em><span style=\"color: #ff00ff;\">(commentaire:\u00a0 l&#8217;oppos\u00e9 math\u00e9matique signifie en fait le montant n\u00e9gatif de votre EBE) <\/span><\/em><\/strong><\/p>\n<p align=\"left\">Par d\u00e9rogation, <span style=\"color: #0000ff;\"><strong>pour les petites entreprises <em><span style=\"color: #ff00ff;\">(voir ci-apr\u00e8s)<\/span><\/em> ce taux est port\u00e9 \u00e0 90 %<\/strong><\/span>. L&#8217;aide est plafonn\u00e9e, conform\u00e9ment \u00e0 la d\u00e9cision de la Commission europ\u00e9enne n\u00b0 SA.61330 modifi\u00e9e, \u00e0 12 M\u20ac. Ce plafond prend en compte l&#8217;ensemble des aides vers\u00e9es depuis mars 2021 au titre de cette d\u00e9cision, notamment les aides \u00ab co\u00fbts fixes \u00bb et \u00ab co\u00fbts fixes rebond \u00bb.<\/p>\n<p align=\"left\"><strong><span style=\"color: #ff00ff;\"><em>(commentaire: la Commission europ\u00e9enne a d\u00e9fini ainsi les petites entreprises: <\/em><\/span><\/strong><span style=\"color: #ff00ff;\"><em>&#8220;Dans la cat\u00e9gorie des PME, une petite entreprise est d\u00e9finie comme une <\/em><\/span><span style=\"color: #ff00ff;\"><em>entreprise qui occupe moins de 50 personnes et dont le chiffre d&#8217;affaires annuel <\/em><\/span><span style=\"color: #ff00ff;\"><em>ou le total du bilan annuel n&#8217;exc\u00e8de pas 10 millions d&#8217;euros.)&#8221;<\/em><\/span><\/p>\n<p align=\"left\"><strong><span style=\"color: #0000ff;\">Les demandes d&#8217;aide pourront \u00eatre d\u00e9pos\u00e9es par voie d\u00e9mat\u00e9rialis\u00e9e sur le site impots.gouv.fr, entre le 3 f\u00e9vrier et le 31 mars 2022.<\/span><\/strong> Le cas \u00e9ch\u00e9ant, les demandes devront intervenir dans un d\u00e9lai de 45 jours apr\u00e8s le b\u00e9n\u00e9fice des autres aides mises en place pour chaque mois \u00e9ligible, notamment l&#8217;aide renfort et le fonds de solidarit\u00e9.<\/p>\n<p align=\"left\"><span style=\"color: #000080;\"><b> <a id=\"linkJORFARTI000045113798-1\" href=\"https:\/\/www.legifrance.gouv.fr\/jorf\/article_jo\/JORFARTI000045113798\">Article 1 (extraits)<\/a><\/b><\/span><\/p>\n<p align=\"left\">I. &#8211; Les entreprises mentionn\u00e9es \u00e0 l&#8217;<a title=\"D\u00e9cret n\u00b02020-371 du 30 mars 2020 - art. 1 (M)\" href=\"https:\/\/www.legifrance.gouv.fr\/affichTexteArticle.do?cidTexte=JORFTEXT000041768315&amp;idArticle=JORFARTI000041768319&amp;categorieLien=cid\">article 1er du d\u00e9cret du 30 mars 2020 susvis\u00e9<\/a>, \u00e0 l&#8217;exception de celles mentionn\u00e9es aux 5\u00b0 et 5\u00b0 bis, peuvent b\u00e9n\u00e9ficier, au cours de la p\u00e9riode \u00e9ligible comprise <strong><span style=\"color: #000080;\">entre le 1er d\u00e9cembre 2021 et le 31 janvier 2022, d&#8217;une aide mensuelle dont le versement est bimestriel,<\/span><\/strong> destin\u00e9e \u00e0 compenser leurs co\u00fbts fixes non couverts par les contributions aux b\u00e9n\u00e9fices, lorsqu&#8217;elles remplissent les conditions suivantes au jour de la demande :<br \/>\n1\u00b0 Elles exercent leur activit\u00e9 principale dans un secteur mentionn\u00e9 \u00e0 l&#8217;annexe 1 ou \u00e0 l&#8217;annexe 2 du d\u00e9cret du 30 mars 2020 pr\u00e9cit\u00e9 dans sa r\u00e9daction en vigueur au 30 juin 2021 ;<br \/>\n2\u00b0 Elles ont \u00e9t\u00e9 <strong><span style=\"color: #000080;\">cr\u00e9\u00e9es avant le 1er janvier 2019 ;<\/span><\/strong><br \/>\n3\u00b0 Au cours du mois \u00e9ligible, elles ont subi <strong><span style=\"color: #000080;\">une perte de chiffre d&#8217;affaires, calcul\u00e9e selon les modalit\u00e9s pr\u00e9vues \u00e0 l&#8217;article 3, d&#8217;au moins 50 % ;<\/span><\/strong><br \/>\n4\u00b0 <strong><span style=\"color: #000080;\">Leur exc\u00e9dent brut d&#8217;exploitation co\u00fbts fixes consolidation au cours du mois \u00e9ligible, tel qu&#8217;il r\u00e9sulte du calcul mentionn\u00e9 \u00e0 l&#8217;annexe du pr\u00e9sent d\u00e9cret, est n\u00e9gatif.<\/span><\/strong><\/p>\n<div>\n<p id=\"JORFARTI000045113804-2\" class=\"name-article\" data-anchor=\"JORFARTI000045113804\"><strong><span style=\"color: #003366;\"><a id=\"linkJORFARTI000045113804-2\" style=\"color: #003366;\" href=\"https:\/\/www.legifrance.gouv.fr\/jorf\/article_jo\/JORFARTI000045113804\">Article 2 (extraits)<\/a><\/span><\/strong><\/p>\n<\/div>\n<div class=\"content\">\n<p>I. &#8211; A. &#8211; <strong><span style=\"color: #000080;\">L&#8217;aide prend la forme d&#8217;une subvention dont le montant s&#8217;\u00e9l\u00e8ve \u00e0 la somme de 70 %<\/span><\/strong> de l&#8217;oppos\u00e9 math\u00e9matique de l&#8217;exc\u00e9dent brut d&#8217;exploitation co\u00fbts fixes consolidation sur les mois \u00e9ligibles de la p\u00e9riode \u00e9ligible.<\/p>\n<p>B. &#8211; Par d\u00e9rogation, <strong><span style=\"color: #003366;\">pour les petites entreprises<\/span> <\/strong>au sens du r\u00e8glement (CE) n\u00b0 70\/2001 de la Commission du 12 janvier 2001 susvis\u00e9, <strong><span style=\"color: #003366;\">le montant de l&#8217;aide s&#8217;\u00e9l\u00e8ve \u00e0 la somme de 90 %<\/span><\/strong> de l&#8217;oppos\u00e9 math\u00e9matique de l&#8217;exc\u00e9dent brut d&#8217;exploitation co\u00fbts fixes consolidation sur les mois \u00e9ligibles de la p\u00e9riode \u00e9ligible.<\/p>\n<p>II. &#8211; L&#8217;exc\u00e9dent brut d&#8217;exploitation co\u00fbts fixes consolidation est <strong><span style=\"color: #000080;\">calcul\u00e9 ou v\u00e9rifi\u00e9, pour chaque mois \u00e9ligible concern\u00e9, par un expert-comptable<\/span><\/strong> ou par un commissaire aux comptes, tiers de confiance, \u00e0 partir du grand livre de l&#8217;entreprise ou de la balance g\u00e9n\u00e9rale \u00e0 l&#8217;aide de la formule figurant \u00e0 l&#8217;annexe du pr\u00e9sent d\u00e9cret.<\/p>\n<p>&nbsp;<\/p>\n<\/div>\n<\/div>\n<div class=\"summary-preface\">\n<h3><label id=\"JORFSCTA000045113824-8\" class=\"title-link\" for=\"fold_JORFSCTA000045113824-8\" data-anchor=\"JORFSCTA000045113824\"><span data-anchor=\"JORFSCTA000045113824\">Annexe:<\/span><\/label><\/h3>\n<p>Au titre du pr\u00e9sent d\u00e9cret, <strong><span style=\"color: #003366;\">l&#8217;exc\u00e9dent brut d&#8217;exploitation co\u00fbts fixes consolidation est calcul\u00e9 selon la formule suivante :<\/span><\/strong><br \/>\nEBE = [Recettes + subventions d&#8217;exploitation &#8211; achats consomm\u00e9s &#8211; consommations en provenance de tiers &#8211; charges de personnels &#8211; imp\u00f4ts et taxes et versements assimil\u00e9s &#8211; redevances vers\u00e9es + redevances re\u00e7ues].<br \/>\n<strong><span style=\"color: #ff00ff;\">En pratique, cette formule revient \u00e0 effectuer la somme de l&#8217;ensemble des \u00e9critures des postes comptable suivants pour la p\u00e9riode concern\u00e9e :<\/span><\/strong><br \/>\n<strong><span style=\"color: #ff00ff;\">EBE = [compte 70 + compte 74 &#8211; compte 60 &#8211; compte 61 &#8211; compte 62 &#8211; compte 63 &#8211; compte 64 &#8211; compte 651 + compte 751].<\/span><\/strong><\/p>\n<p><strong><span style=\"color: #000080;\">Le compte 62 peut enregistrer votre cotisation au SNDLL (une facture dat\u00e9e de ce d\u00e9but d&#8217;ann\u00e9e vous sera adress\u00e9e) qui ainsi ne vous co\u00fbtera rien ! Mais nous, nous en avons besoin pour continuer \u00e0 vous d\u00e9fendre ! Bulletin \u00e0 remplir dans l&#8217;onglet ADHERER en haut en en-t\u00eate du site).<\/span><\/strong><\/p>\n<p>Dans la formule ci-dessus, le compte 70 correspond \u00e0 l&#8217;ensemble des \u00e9critures pr\u00e9sentes dans le grand livre de l&#8217;entreprise ou la balance g\u00e9n\u00e9rale pour la p\u00e9riode concern\u00e9e et imput\u00e9es sur un compte commen\u00e7ant par 70.<br \/>\nLes subventions d&#8217;exploitation (compte 74) comprennent notamment, pour chaque mois \u00e9ligible, les aides pr\u00e9vues par l&#8217;article 3-30 du d\u00e9cret du 30 mars 2020 pr\u00e9cit\u00e9 et par le d\u00e9cret du 4 janvier pr\u00e9cit\u00e9. Pour le calcul de l&#8217;exc\u00e9dent brut d&#8217;exploitation co\u00fbts fixes consolidation, ces aides sont imput\u00e9es sur le mois \u00e9ligible au titre duquel elles ont \u00e9t\u00e9 demand\u00e9es.<br \/>\nLes num\u00e9ros de compte indiqu\u00e9s correspondent aux classes du plan comptable g\u00e9n\u00e9ral, tel qu&#8217;il est d\u00e9fini par le r\u00e8glement n\u00b0 2014-03 du 5 juin 2014 relatif au plan comptable g\u00e9n\u00e9ral.<\/p>\n<p>&nbsp;<\/p>\n<\/div>\n<p><strong><span style=\"color: #000080;\">2\u00b0) D\u00e9cret 2022-12 du 2 f\u00e9vrier 2022:<\/span><\/strong><\/p>\n<p><span style=\"color: #000080;\"><strong>Le d\u00e9cret prolonge, au titre du mois de janvier 2022, l&#8217;aide dite \u00ab renfort \u00bb <\/strong><\/span>mise en place par le <a title=\"D\u00e9cret n\u00b02022-3 du 4 janvier 2022 (V)\" href=\"https:\/\/www.legifrance.gouv.fr\/affichTexte.do?cidTexte=JORFTEXT000044833602&amp;categorieLien=cid\">d\u00e9cret n\u00b0 2022-3 du 4 janvier 2022<\/a>. Il <strong><span style=\"color: #000080;\">modifie \u00e9galement la date de cr\u00e9ation \u00e0 partir de laquelle sont \u00e9ligibles les entreprises : 31 octobre 2021 (contre le 31 janvier 2021 jusqu&#8217;alors).<\/span><\/strong><\/p>\n<p><strong><span style=\"color: #ff0000;\">L&#8217;aide au titre de la p\u00e9riode \u00e9ligible de janvier 2022 est \u00e9gale \u00e0 100 % du montant total des charges dites renfort (formule de calcul figurant en annexe du d\u00e9cret). Les demandes pourront \u00eatre d\u00e9pos\u00e9es, par voie d\u00e9mat\u00e9rialis\u00e9e sur le site impots.gouv.fr, entre le 3 f\u00e9vrier 2022 et le 31 mars 2022. La pr\u00e9cision s&#8217;imposait !<\/span><\/strong><\/p>\n<p>&nbsp;<\/p>\n<p><strong><span style=\"color: #0000ff;\">Maintenant que les textes sont sortis, les aides devraient arriver ! Informez votre expert-comptable (OBLIGATOIRE) qu&#8217;il diligente les op\u00e9rations \u00e0 partir du texte int\u00e9gral que nous venons juste de r\u00e9sumer succinctement. (Bercy poss\u00e8de un N\u00b0 vert pour r\u00e9pondre aux questions: 0806000245)<\/span><\/strong><\/p>\n<p><strong><span style=\"color: #0000ff;\">Comme nous vous l\u2019indiquions encore dans notre bulletin d\u2019actualit\u00e9 d\u2019hier 2 f\u00e9vrier 2022, plusieurs sujets restent en suspens, mais nous y reviendrons. <\/span><\/strong><\/p>\n<p><strong><span style=\"color: #0000ff;\">Aussi ne nous &#8220;bombardez&#8221; pas de questions, l\u00e9gitimes certes, dont nous sommes conscients. Nous travaillons &#8220;non-stop&#8221; pour vous TOUS !<\/span><\/strong><\/p>\n<p>Bien cordialement,<\/p>\n<p>Patrick MALVA\u00cbS \/ Christian JOUNY<\/p>\n","protected":false},"excerpt":{"rendered":"<p>Chers amis, chers coll\u00e8gues, Communication dans l&#8217;urgence mais toujours le souci de vous informer en direct: sont sortis cette nuit les 2 d\u00e9crets sur les aides dite &#8220;renfort&#8221; devenues aides &#8220;co\u00fbts fixes consolidation&#8221; !&#8230;<\/p>\n","protected":false},"author":2,"featured_media":0,"comment_status":"closed","ping_status":"closed","sticky":false,"template":"","format":"standard","meta":{"_mi_skip_tracking":false,"_monsterinsights_sitenote_active":false,"_monsterinsights_sitenote_note":"","_monsterinsights_sitenote_category":0},"categories":[1],"tags":[],"_links":{"self":[{"href":"https:\/\/sndll.info\/index.php?rest_route=\/wp\/v2\/posts\/5939"}],"collection":[{"href":"https:\/\/sndll.info\/index.php?rest_route=\/wp\/v2\/posts"}],"about":[{"href":"https:\/\/sndll.info\/index.php?rest_route=\/wp\/v2\/types\/post"}],"author":[{"embeddable":true,"href":"https:\/\/sndll.info\/index.php?rest_route=\/wp\/v2\/users\/2"}],"replies":[{"embeddable":true,"href":"https:\/\/sndll.info\/index.php?rest_route=%2Fwp%2Fv2%2Fcomments&post=5939"}],"version-history":[{"count":12,"href":"https:\/\/sndll.info\/index.php?rest_route=\/wp\/v2\/posts\/5939\/revisions"}],"predecessor-version":[{"id":5962,"href":"https:\/\/sndll.info\/index.php?rest_route=\/wp\/v2\/posts\/5939\/revisions\/5962"}],"wp:attachment":[{"href":"https:\/\/sndll.info\/index.php?rest_route=%2Fwp%2Fv2%2Fmedia&parent=5939"}],"wp:term":[{"taxonomy":"category","embeddable":true,"href":"https:\/\/sndll.info\/index.php?rest_route=%2Fwp%2Fv2%2Fcategories&post=5939"},{"taxonomy":"post_tag","embeddable":true,"href":"https:\/\/sndll.info\/index.php?rest_route=%2Fwp%2Fv2%2Ftags&post=5939"}],"curies":[{"name":"wp","href":"https:\/\/api.w.org\/{rel}","templated":true}]}}