{"id":5972,"date":"2022-02-07T08:21:08","date_gmt":"2022-02-07T07:21:08","guid":{"rendered":"https:\/\/sndll.info\/?p=5972"},"modified":"2022-02-07T08:27:25","modified_gmt":"2022-02-07T07:27:25","slug":"guide-aide-couts-fixes-consolidation-point-sur-cotisations-sociales","status":"publish","type":"post","link":"https:\/\/sndll.info\/?p=5972","title":{"rendered":"GUIDE\/&#8221;CO\u00dbTS FIXES CONSOLIDATION&#8221; ET LE POINT SUR LES COTISATIONS SOCIALES"},"content":{"rendered":"<p>Chers amis,<\/p>\n<p>Vous trouverez ci-dessous (donner au comptable par lequel vous devez passer obligatoirement) le guide, dont nous nous sommes procur\u00e9 une copie,\u00a0 \u00e9mis par les services internes de Bercy\u00a0 pour d\u00e9poser une demande d&#8217;aide co\u00fbts fixes consolidation.<\/p>\n<p>Ne vous laissez pas d\u00e9monter par le langage technocratique ou\/et math\u00e9matique <strong>(le symbole Sygma: \u03a3<\/strong> qui symbolise la somme ou <strong>&#8221; l&#8217;oppos\u00e9<\/strong> <strong>math\u00e9matique&#8221;)<\/strong> &#8230; l&#8217;administration raisonne pour elle-m\u00eame, dans son langage. On ne la refera pas !<\/p>\n<p>Cela dit, vous avez tout dans ce guide.<\/p>\n<p>Rappel: les aides diverses re\u00e7ues sont \u00e0 prendre en compte pour la calcul de l&#8217;exc\u00e9dent brut d&#8217;exploitation EBE Vous reporter \u00e0 notre pr\u00e9c\u00e9dent article dont je vous rappelle l&#8217;essentiel:<\/p>\n<p>EBE =\u00a0 recettes + subventions d&#8217;exploitation &#8211; achats consomm\u00e9s &#8211; consommations en provenance de tiers &#8211; charges de personnel &#8211; imp\u00f4ts et taxes et versements assimil\u00e9s &#8211; redevances vers\u00e9es + redevances re\u00e7ues<\/p>\n<p>Cette &#8220;formule&#8221; revient \u00e0 effectuer la somme de l&#8217;ensemble des \u00e9critures des postes comptables suivants pour la p\u00e9riode concern\u00e9e : E.B.E = comptes 70 + 74 &#8211; comptes 60, 61, 62, 63, 64, 651 + compte 751<\/p>\n<p>&nbsp;<\/p>\n<p><strong><span style=\"color: #0000ff;\">LE POINT SUR LE SOCIAL:<\/span><\/strong><\/p>\n<p><strong><span style=\"color: #003366;\">Nous restons dans l&#8217;attente des textes relatifs a l&#8217;exon\u00e9ration des cotisations et contributions patronales ainsi que sur l&#8217;aide au paiement (20% de la masse salariale brute). Nous faisons toutefois le rappel ci-dessous.<\/span><\/strong><\/p>\n<h3 class=\"map\">\u00a0Le 18 janvier, le Premier ministre a annonc\u00e9 un <strong>soutien <\/strong><strong>renforc\u00e9<\/strong> pour les entreprises des secteurs S1 et S1 bis TOUCH\u00e9es par les restrictions COVID en d\u00e9cembre 21 et janvier 22 sanitaire.<\/h3>\n<ul>\n<li>pourront b\u00e9n\u00e9ficier de l&#8217;aide au paiement des cotisations \u00e0 hauteur de\u00a0<strong>20% de la masse salariale<\/strong>, les entreprises qui ont\u00a0<strong>perdu plus de 30% de leur chiffre d&#8217;affaires<\/strong>\u00a0en d\u00e9cembre 2021 et janvier 2022, par rapport \u00e0 2019 ;<\/li>\n<li>auront droit \u00e0 une aide au paiement des charges salariales \u00e0 hauteur de\u00a0<strong>20%\u00a0<\/strong>et une<strong>\u00a0exon\u00e9ration de cotisations patronales<\/strong>, les entreprises ayant<strong>\u00a0perdu plus de 65% de leur chiffre d&#8217;affaires<\/strong>\u00a0sur ces m\u00eames mois, par rapport \u00e0 2019.<\/li>\n<\/ul>\n<p>&nbsp;<\/p>\n<h3 class=\"map\"><span style=\"color: #5b549b;\"><span style=\"background-color: #d5d5d5;\">\u00a0RAPPEL:<\/span><\/span> le dispositif d&#8217;exon\u00e9ration et d&#8217;aide au paiement des cotisations &#8220;Covid 1, 2 et 3&#8221;<\/h3>\n<div>Il se d\u00e9compose en 2 volets <em>(1)<\/em>:<\/div>\n<ul>\n<li>\n<p dir=\"ltr\" role=\"presentation\">l&#8217;<strong>exon\u00e9ration Covid<\/strong>\u00a0qui s&#8217;applique sur les\u00a0<strong>cotisations patronales \u00e9ligibles<\/strong>\u00a0\u00e0 la\u00a0<strong><a href=\"https:\/\/www.juritravail.com\/chiffres-et-indices\/calcul-reduction-fillon.html\" target=\"_blank\" rel=\"noopener\">r\u00e9duction g\u00e9n\u00e9rale de cotisations patronales<\/a><\/strong>\u00a0(hors cotisations de retraite compl\u00e9mentaire). Ce dispositif d&#8217;exon\u00e9ration est r\u00e9serv\u00e9 aux entreprises qui ont fait l&#8217;objet de la prolongation des mesures d&#8217;interdiction d&#8217;accueil du public (salles de sport, cin\u00e9mas, bars, restaurants, <strong><span style=\"color: #ff00ff;\">discoth\u00e8ques<\/span><\/strong>, etc.).<br \/>\n<em>Sont ainsi concern\u00e9es, les cotisations patronales suivantes :<\/em><br \/>\n<em>&#8211; les cotisations maladie, vieillesse et d&#8217;allocations familiales ;<\/em><br \/>\n<em>&#8211; le FNAL (fonds national d&#8217;aide au logement) ;<\/em><br \/>\n<em>&#8211; la contribution de solidarit\u00e9 pour l&#8217;autonomie ;<\/em><br \/>\n<em>&#8211; la cotisation d&#8217;accidents du travail\/maladies professionnelles (AT\/MP) : l&#8217;exon\u00e9ration s&#8217;impute sur les cotisations dues au titre des AT\/MP dans la limite du taux de 0,69% en 2020 et 0,70% en 2021, et 0,59% en 2022 (2) ;<\/em><br \/>\n<em>&#8211; la cotisation d&#8217;assurance ch\u00f4mage.<\/em><\/p>\n<\/li>\n<\/ul>\n<ul>\n<li>\n<p dir=\"ltr\" role=\"presentation\"><strong>l&#8217;aide au paiement des cotisations sociales<\/strong>\u00a0: l&#8217;aide \u201c<strong>Covid 3<\/strong>\u201d: <strong>r\u00e9duction<\/strong>\u00a0qui s&#8217;appliquait sur les\u00a0cotisations dues au titre de 2021\u00a0apr\u00e8s application de toute autre exon\u00e9ration totale ou partielle de cotisation. Elle \u00e9tait \u00e9gale \u00e0\u00a0<strong>15%<\/strong>\u00a0(contre\u00a020%\u00a0pour les aides\u00a0<strong>&#8220;Covid 1 et 2&#8221;<\/strong>) du montant brut des r\u00e9mun\u00e9rations vers\u00e9es aux salari\u00e9s pour des p\u00e9riodes d&#8217;emploi d\u00e9finies par d\u00e9cret et pouvant courir\u00a0jusqu&#8217;au<strong>\u00a0<\/strong>31 ao\u00fbt\u00a02021.<\/p>\n<\/li>\n<\/ul>\n<div>Les aides &#8220;Covid 3&#8221; pr\u00e9vues par le D\u00e9cret du 19 ao\u00fbt 2021\u00a0<em>(3)<\/em>\u00a0couvraient les p\u00e9riodes de mai \u00e0 ao\u00fbt\u00a02021.<\/div>\n<div class=\"jt-cm-img\">\n<p>&nbsp;<\/p>\n<\/div>\n<h3 class=\"map\"><span style=\"color: #5b549b;\"><span style=\"background-color: #d5d5d5;\">LES <\/span><\/span>entreprises\u00a0 \u00e9ligibles au dispositif<\/h3>\n<p dir=\"ltr\">Les aides \u201c<strong>Covid 3<\/strong>\u201d\u00a0institu\u00e9es par l&#8217;article 25 de la\u00a0<strong>Loi de finances rectificative pour 2021<\/strong> concernaient les employeurs de moins de 250 salari\u00e9s dont l&#8217;activit\u00e9 principale relevait des secteurs dits <strong>S1<\/strong>\u00a0et\u00a0<strong>S1 bis<\/strong>\u00a0:<\/p>\n<ul>\n<li>\n<p dir=\"ltr\" role=\"presentation\"><strong>\u00a0S1<\/strong> (liste dans sa version en vigueur au 1er janvier 2021), c&#8217;est-\u00e0-dire les secteurs du tourisme, de l&#8217;h\u00f4tellerie, de la restauration, du sport, de la culture, du transport a\u00e9rien et de l&#8217;\u00e9v\u00e9nementiel . <strong><span style=\"color: #ff00ff;\">Discoth\u00e8ques incluses<\/span><\/strong><\/p>\n<\/li>\n<li>\n<p dir=\"ltr\" role=\"presentation\"><strong>S1bis<\/strong>\u00a0 secteurs qui d\u00e9pendent des secteurs S1 \u00e0 savoir les &#8220;<strong>secteurs connexes<\/strong>&#8220;.<\/p>\n<\/li>\n<\/ul>\n<div dir=\"ltr\" align=\"left\">\n<table>\n<tbody>\n<tr>\n<td>Le nouveau soutien aux entreprises pr\u00e9vu pour les mois de d\u00e9cembre 2021 et janvier 2022 concerne de nouveau les entreprises de moins de 250 salari\u00e9s des secteurs de <strong>l&#8217;h\u00f4tellerie, des caf\u00e9s, de la restauration, des traiteurs, de l&#8217;\u00e9v\u00e8nementiel et des agences de voyages<\/strong>\u00a0(S1 et S1 bis) affect\u00e9es par les restrictions de la crise sanitaire.<\/p>\n<p>En dehors des secteurs ci-dessus,<strong><span style=\"color: #ff00ff;\"> pour les territoires d&#8217;Outre-mer<\/span> <\/strong>faisant l&#8217;objet de mesures d&#8217;interdiction d&#8217;accueil au public et soumis \u00e0 l&#8217;\u00e9tat d&#8217;urgence sanitaire, l&#8217;aide au paiement de 20% est prolong\u00e9e pour les employeurs des secteurs S1, S1 bis et S2. Celle-ci est de 15% pour ceux ne faisant pas l&#8217;objet d&#8217;une fermeture administrative.<strong><span style=\"color: #ff00ff;\"> Les discoth\u00e8ques sont concern\u00e9es .<\/span><\/strong><\/td>\n<\/tr>\n<\/tbody>\n<\/table>\n<\/div>\n<p dir=\"ltr\"><b>\u00a0<\/b><\/p>\n<p dir=\"ltr\">Les entreprises de\u00a0<strong>moins de 250 salari\u00e9s\u00a0<\/strong>des secteurs<strong>\u00a0S1 et S1 bis<\/strong>\u00a0qui \u00e9taient ferm\u00e9es ou soumises \u00e0 des\u00a0<strong>jauges inf\u00e9rieures \u00e0 50%<\/strong>\u00a0de l&#8217;effectif autoris\u00e9 au d\u00e9but du mois de juin 2021 pouvaient<strong>\u00a0continuer de b\u00e9n\u00e9ficier du dispositif\u00a0<\/strong><strong>Covid 2<\/strong>, c&#8217;est-\u00e0-dire des\u00a0exon\u00e9rations de charges patronales\u00a0et de l&#8217;aide au paiement de 20%\u00a0des r\u00e9mun\u00e9rations brutes vers\u00e9es le mois pr\u00e9c\u00e9dent.<\/p>\n<p dir=\"ltr\"><em><strong><span style=\"color: #ff00ff;\">SONT CONCERNEES<\/span><\/strong>\u00a0 <\/em><strong><span style=\"color: #ff00ff;\"><em>les discoth\u00e8ques ferm\u00e9es jusqu&#8217;au 9 juillet.<\/em><\/span><\/strong><\/p>\n<table>\n<tbody>\n<tr>\n<td><strong><span style=\"color: #ff00ff;\">Les discoth\u00e8ques et les salles de danse peuvent b\u00e9n\u00e9ficier de l&#8217;exon\u00e9ration des cotisations pour les p\u00e9riodes du\u00a01er novembre au 31 d\u00e9cembre 2021\u00a0<em>(10)<\/em>. Suite \u00e0 l&#8217;annonce du Gouvernement, celle-ci pourrait perdurer jusqu&#8217;\u00e0 la lev\u00e9e de leur fermeture administrative.<\/span><\/strong><\/td>\n<\/tr>\n<\/tbody>\n<\/table>\n<h3 class=\"map\"><span style=\"color: #5b549b;\"><span style=\"background-color: #d5d5d5;\">ET <\/span><\/span>les mandataires sociaux ?<\/h3>\n<p>L&#8217;article 25 de la\u00a0<strong>Loi de finances rectificative du 19 juillet 2021<\/strong>\u00a0pr\u00e9cise l&#8217;aide<strong>\u00a0&#8220;Covid 3&#8221;<\/strong>\u00a0pour les\u00a0<strong>mandataires sociaux<\/strong>\u00a0et les travailleurs\u00a0<strong>ind\u00e9pendants<\/strong>.<\/p>\n<p dir=\"ltr\">Comme pour les p\u00e9riodes pr\u00e9c\u00e9dentes (<strong>aides &#8220;<\/strong><strong>Covid 1<\/strong>\u00a0et\u00a0<strong>2&#8243;<\/strong>), les mandataires sociaux assimil\u00e9s \u00e0 des salari\u00e9s au regard de la S\u00e9curit\u00e9 Sociale, b\u00e9n\u00e9ficiaient d&#8217;une\u00a0<strong>r\u00e9duction des cotisations et contributions de S\u00e9curit\u00e9 Sociale<\/strong>\u00a0dues au titre de l&#8217;ann\u00e9e 2021 pour les p\u00e9riodes allant de mai \u00e0 juillet. Le montant de la r\u00e9duction avait \u00e9t\u00e9 fix\u00e9 \u00e0 250 euros par mois d&#8217;\u00e9ligibilit\u00e9\u00a0<em>(11)<\/em>.<\/p>\n<p dir=\"ltr\"><em>En pratique, les mandataires sociaux concern\u00e9s sont notamment repr\u00e9sent\u00e9s par :<\/em><\/p>\n<ul>\n<li>\n<p dir=\"ltr\" role=\"presentation\"><em>les g\u00e9rants de SARL et de Selarl (\u00e0 condition qu&#8217;ils ne poss\u00e8dent pas ensemble plus de 50% du capital social) ;<\/em><\/p>\n<\/li>\n<li>\n<p dir=\"ltr\" role=\"presentation\"><em>les pr\u00e9sidents et dirigeants de SAS et Selas ;<\/em><\/p>\n<\/li>\n<li>\n<p dir=\"ltr\" role=\"presentation\"><em>les pr\u00e9sidents du Conseil d&#8217;administration, directeurs g\u00e9n\u00e9raux et directeurs g\u00e9n\u00e9raux d\u00e9l\u00e9gu\u00e9s des SA et de Selafa, ainsi que les directeurs g\u00e9n\u00e9raux d\u00e9l\u00e9gu\u00e9s des institutions de pr\u00e9voyance, des unions d&#8217;institutions, de pr\u00e9voyance et des soci\u00e9t\u00e9s de groupe assurantiel &#8230;\u00a0\u00a0<\/em><\/p>\n<\/li>\n<li>\n<p dir=\"ltr\" role=\"presentation\"><em>les membres des Scop, les g\u00e9rants de coop\u00e9ratives percevant une r\u00e9mun\u00e9ration dans le cadre de leurs fonctions sans occuper d&#8217;emploi salari\u00e9 ;<\/em><\/p>\n<\/li>\n<li>\n<p dir=\"ltr\" role=\"presentation\"><em>les dirigeants d&#8217;associations.<\/em><\/p>\n<\/li>\n<\/ul>\n<p dir=\"ltr\">Les mandataires sociaux b\u00e9n\u00e9ficient des aides au paiement et exon\u00e9rations de cotisations sur les m\u00eames p\u00e9riodes que les entreprises.<\/p>\n<p dir=\"ltr\">Bien cordialement,<\/p>\n<p dir=\"ltr\">Patrick MALVA\u00cbS<\/p>\n","protected":false},"excerpt":{"rendered":"<p>Chers amis, Vous trouverez ci-dessous (donner au comptable par lequel vous devez passer obligatoirement) le guide, dont nous nous sommes procur\u00e9 une copie,\u00a0 \u00e9mis par les services internes de Bercy\u00a0 pour d\u00e9poser une demande&#8230;<\/p>\n","protected":false},"author":2,"featured_media":0,"comment_status":"closed","ping_status":"closed","sticky":false,"template":"","format":"standard","meta":{"_mi_skip_tracking":false,"_monsterinsights_sitenote_active":false,"_monsterinsights_sitenote_note":"","_monsterinsights_sitenote_category":0},"categories":[1],"tags":[],"_links":{"self":[{"href":"https:\/\/sndll.info\/index.php?rest_route=\/wp\/v2\/posts\/5972"}],"collection":[{"href":"https:\/\/sndll.info\/index.php?rest_route=\/wp\/v2\/posts"}],"about":[{"href":"https:\/\/sndll.info\/index.php?rest_route=\/wp\/v2\/types\/post"}],"author":[{"embeddable":true,"href":"https:\/\/sndll.info\/index.php?rest_route=\/wp\/v2\/users\/2"}],"replies":[{"embeddable":true,"href":"https:\/\/sndll.info\/index.php?rest_route=%2Fwp%2Fv2%2Fcomments&post=5972"}],"version-history":[{"count":3,"href":"https:\/\/sndll.info\/index.php?rest_route=\/wp\/v2\/posts\/5972\/revisions"}],"predecessor-version":[{"id":5976,"href":"https:\/\/sndll.info\/index.php?rest_route=\/wp\/v2\/posts\/5972\/revisions\/5976"}],"wp:attachment":[{"href":"https:\/\/sndll.info\/index.php?rest_route=%2Fwp%2Fv2%2Fmedia&parent=5972"}],"wp:term":[{"taxonomy":"category","embeddable":true,"href":"https:\/\/sndll.info\/index.php?rest_route=%2Fwp%2Fv2%2Fcategories&post=5972"},{"taxonomy":"post_tag","embeddable":true,"href":"https:\/\/sndll.info\/index.php?rest_route=%2Fwp%2Fv2%2Ftags&post=5972"}],"curies":[{"name":"wp","href":"https:\/\/api.w.org\/{rel}","templated":true}]}}