{"id":5985,"date":"2022-02-10T08:50:48","date_gmt":"2022-02-10T07:50:48","guid":{"rendered":"https:\/\/sndll.info\/?p=5985"},"modified":"2022-02-10T15:24:54","modified_gmt":"2022-02-10T14:24:54","slug":"quelles-aides-en-decembre","status":"publish","type":"post","link":"https:\/\/sndll.info\/?p=5985","title":{"rendered":"QUELLES AIDES EN DECEMBRE ?"},"content":{"rendered":"<p>Chers amis, chers confr\u00e8res,<\/p>\n<p>Certains se sont perdus sur les aides de d\u00e9cembre. Bref rappel car il est encore temps de rattraper les choses !<\/p>\n<p><strong><span style=\"color: #0000ff;\">Pour\u00a0 d\u00e9cembre, <\/span><span style=\"color: #0000ff;\">les discoth\u00e8ques sont \u00e9ligibles, au choix, au fonds de solidarit\u00e9 ou \u00e0 l&#8217;aide co\u00fbts fixes renfort<\/span>. <\/strong><\/p>\n<p><strong>Nous vous d\u00e9taillons la chose pour que vous puissiez calculer avec votre comptable l&#8217;aide la plus int\u00e9ressante pour vous.<\/strong><\/p>\n<p><strong> Par contre en janvier il n&#8217;y a plus de choix puisque le fonds de solidarit\u00e9 n&#8217;est pas prolong\u00e9.\u00a0<\/strong><\/p>\n<p>&nbsp;<\/p>\n<p><strong><span style=\"color: #0000ff;\">1\u00b0)\u00a0 Le fonds de solidarit\u00e9:<\/span><\/strong><\/p>\n<p><strong><span style=\"color: #ff00ff;\">Le d\u00e9cret du 28 janvier 2022<\/span> <\/strong>qui adapte pour novembre et d\u00e9cembre 2021 le fonds de solidarit\u00e9 <strong><span style=\"color: #ff00ff;\">vise les territoires d\u2019Outre-mer mais \u00e9galement les<\/span> <span style=\"color: #ff00ff;\">discoth\u00e8ques<\/span><\/strong> ferm\u00e9es 22 jours en d\u00e9cembre, puisqu&#8217;il vise les entreprises qui \u00ab <em>ont fait l\u2019objet d\u2019une interdiction d\u2019accueil du public d\u2019au moins 21 jours au cours de la p\u00e9riode mensuelle consid\u00e9r\u00e9e et ont subi une perte de chiffre d\u2019affaires d\u2019au moins 50 % au cours de la m\u00eame p\u00e9riode\u00a0\u00a0<\/em>\u00a0\u00bb<\/p>\n<p><u>Les crit\u00e8res d\u2019\u00e9ligibilit\u00e9<\/u>\u00a0:<\/p>\n<p><img class=\"puce\" src=\"https:\/\/cdn.gni-hcr.fr\/squelettes-dist\/puce.gif\" alt=\"-\" width=\"8\" height=\"11\" \/>\u00a0Ne pas \u00eatre en liquidation judiciaire au 1er mars 2020,<br \/>\n<img class=\"puce\" src=\"https:\/\/cdn.gni-hcr.fr\/squelettes-dist\/puce.gif\" alt=\"-\" width=\"8\" height=\"11\" \/>\u00a0Ne pas avoir faire l\u2019objet d\u2019un arr\u00eat\u00e9 pris par le pr\u00e9fet ordonnant la fermeture de l\u2019entreprise,<br \/>\n<img class=\"puce\" src=\"https:\/\/cdn.gni-hcr.fr\/squelettes-dist\/puce.gif\" alt=\"-\" width=\"8\" height=\"11\" \/>\u00a0Avoir fait l\u2019objet d\u2019une interdiction d\u2019accueil du public d\u2019au moins 21 jours au cours de la p\u00e9riode mensuelle consid\u00e9r\u00e9e<br \/>\n<img class=\"puce\" src=\"https:\/\/cdn.gni-hcr.fr\/squelettes-dist\/puce.gif\" alt=\"-\" width=\"8\" height=\"11\" \/>\u00a0Avoir subi une perte de chiffre d\u2019affaires d\u2019au moins 50\u00a0% au cours de la m\u00eame p\u00e9riode,<br \/>\n<img class=\"puce\" src=\"https:\/\/cdn.gni-hcr.fr\/squelettes-dist\/puce.gif\" alt=\"-\" width=\"8\" height=\"11\" \/>\u00a0Avoir d\u00e9but\u00e9 son activit\u00e9 avant le 31 janvier 2021,<br \/>\n<img class=\"puce\" src=\"https:\/\/cdn.gni-hcr.fr\/squelettes-dist\/puce.gif\" alt=\"-\" width=\"8\" height=\"11\" \/>\u00a0Les personnes physiques ou, pour les personnes morales leur dirigeant majoritaire, ne sont pas titulaires, le premier jour de la p\u00e9riode mensuelle consid\u00e9r\u00e9e, d\u2019un contrat de travail \u00e0 temps complet.<\/p>\n<p><u>Le calcul de l\u2019aide\u00a0<\/u>\u00a0:<br \/>\nLa subvention est \u00e9gale \u00e0 20\u00a0% du chiffre d\u2019affaires de r\u00e9f\u00e9rence dans la limite de 200 000 euros au niveau du groupe. Le chiffre d\u2019affaires de r\u00e9f\u00e9rence est d\u00e9termin\u00e9 comme suit\u00a0:<\/p>\n<p>* pour les entreprises cr\u00e9\u00e9es avant le 30 mai 2019, le chiffre d\u2019affaires r\u00e9alis\u00e9 durant le mois d\u2019octobre 2019 ou le chiffre d\u2019affaires mensuel moyen de l\u2019ann\u00e9e 2019. Par d\u00e9rogation, si les entreprises ont d\u00e9pos\u00e9 une demande depuis l\u2019aide au titre de f\u00e9vrier 2021, le chiffre d\u2019affaires r\u00e9alis\u00e9 durant le mois d\u2019octobre 2019 ou le chiffre d\u2019affaires mensuel moyen de l\u2019ann\u00e9e 2019 selon l\u2019option retenue par l\u2019entreprise lors de sa derni\u00e8re demande d\u2019aide constitue le chiffre d\u2019affaires de r\u00e9f\u00e9rence<\/p>\n<p>* pour les entreprises cr\u00e9\u00e9es entre le 1er juin 2019 et le 31 janvier 2020, le chiffre d\u2019affaires mensuel moyen sur la p\u00e9riode comprise entre la date de cr\u00e9ation de l\u2019entreprise et le 29 f\u00e9vrier 2020<\/p>\n<p>* pour les entreprises cr\u00e9\u00e9es entre le 1er f\u00e9vrier 2020 et le 29 f\u00e9vrier 2020, le chiffre d\u2019affaires r\u00e9alis\u00e9 en f\u00e9vrier 2020 et ramen\u00e9 sur un mois<\/p>\n<p>* pour les entreprises cr\u00e9\u00e9es entre le 1er mars 2020 et le 30 septembre 2020, le chiffre d\u2019affaires mensuel moyen r\u00e9alis\u00e9 entre le 1er juillet 2020, ou \u00e0 d\u00e9faut la date de cr\u00e9ation de l\u2019entreprise, et le 31 octobre 2020<\/p>\n<p>* pour les entreprises cr\u00e9\u00e9es entre le 1er octobre 2020 et le 31 octobre 2020, le chiffre d\u2019affaires r\u00e9alis\u00e9 durant le mois de d\u00e9cembre 2020 ; (par d\u00e9rogation, pour les entreprises ayant fait l\u2019objet d\u2019une interdiction d\u2019accueil du public en d\u00e9cembre 2020, le chiffre d\u2019affaires r\u00e9alis\u00e9 durant le mois d\u2019octobre 2020 et ramen\u00e9 le cas \u00e9ch\u00e9ant sur un mois)<\/p>\n<p>* pour les entreprises cr\u00e9\u00e9es entre le 1er novembre 2020 et le 31 d\u00e9cembre 2020, le chiffre d\u2019affaires r\u00e9alis\u00e9 durant le mois de janvier 2021<\/p>\n<p>* pour les entreprises cr\u00e9\u00e9es entre le 1er janvier 2021 et le 31 janvier 2021, le chiffre d\u2019affaires r\u00e9alis\u00e9 durant le mois de f\u00e9vrier 2021.<\/p>\n<p>La demande est \u00e0 faire sur l\u2019espace personnel du site des imp\u00f4ts <u><strong>au plus tard le 31 mars 2022<\/strong><\/u>\u00a0:\u00a0<a class=\"spip_url spip_out auto\" href=\"https:\/\/www.impots.gouv.fr\/portail\/node\/13665\" target=\"_blank\" rel=\"external nofollow noopener\">https:\/\/www.impots.gouv.fr\/portail\/node\/13665<\/a><\/p>\n<p>&nbsp;<\/p>\n<p><strong><span style=\"color: #0000ff;\">2\u00b0)\u00a0 L\u2019aide co\u00fbts fixes renfort:<\/span><\/strong><\/p>\n<p><u>Les crit\u00e8res d\u2019\u00e9ligibilit\u00e9<\/u>\u00a0:<\/p>\n<p><img class=\"puce\" src=\"https:\/\/cdn.gni-hcr.fr\/squelettes-dist\/puce.gif\" alt=\"-\" width=\"8\" height=\"11\" \/>\u00a0Ne pas avoir faire l\u2019objet d\u2019un arr\u00eat\u00e9 pris par le pr\u00e9fet ordonnant la fermeture de l\u2019entreprise,<\/p>\n<p><img class=\"puce\" src=\"https:\/\/cdn.gni-hcr.fr\/squelettes-dist\/puce.gif\" alt=\"-\" width=\"8\" height=\"11\" \/>\u00a0Ne pas \u00eatre en liquidation judiciaire au 1er mars 2020,<\/p>\n<p><img class=\"puce\" src=\"https:\/\/cdn.gni-hcr.fr\/squelettes-dist\/puce.gif\" alt=\"-\" width=\"8\" height=\"11\" \/>\u00a0Avoir subi une perte de chiffres d\u2019au moins 50% durant la p\u00e9riode \u00e9ligible (d\u00e9cembre 2021 et\/ou janvier 2022),<\/p>\n<p><img class=\"puce\" src=\"https:\/\/cdn.gni-hcr.fr\/squelettes-dist\/puce.gif\" alt=\"-\" width=\"8\" height=\"11\" \/> Avoir fait l\u2019objet d\u2019une interdiction d\u2019accueil du public, au cours de la p\u00e9riode \u00e9ligible (d\u00e9cembre 2021 et\/ou janvier 2022),<\/p>\n<p><img class=\"puce\" src=\"https:\/\/cdn.gni-hcr.fr\/squelettes-dist\/puce.gif\" alt=\"-\" width=\"8\" height=\"11\" \/>\u00a0Avoir \u00e9t\u00e9 cr\u00e9\u00e9e avant le 31 octobre 2021.<\/p>\n<p><u>Calcul de la perte de chiffre d\u2019affaires<\/u>\u00a0:<br \/>\nLa perte de chiffre d\u2019affaires au titre d\u2019une p\u00e9riode \u00e9ligible (d\u00e9cembre 2021 et\/ou janvier 2022) est la diff\u00e9rence entre, d\u2019une part, le chiffre d\u2019affaires constat\u00e9 au cours du mois et, d\u2019autre part, le chiffre d\u2019affaires de r\u00e9f\u00e9rence d\u00e9fini comme le chiffre d\u2019affaires r\u00e9alis\u00e9 le m\u00eame mois de l\u2019ann\u00e9e 2019.<\/p>\n<p>Pour les entreprises cr\u00e9\u00e9es apr\u00e8s le 1er janvier 2019, la perte de chiffre d\u2019affaires au titre d\u2019un mois est la diff\u00e9rence entre, d\u2019une part, le chiffre d\u2019affaires constat\u00e9 au cours du mois et, d\u2019autre part, le chiffre d\u2019affaires de r\u00e9f\u00e9rence d\u00e9fini comme\u00a0:<br \/>\n\u2022 pour les entreprises cr\u00e9\u00e9es entre le 1er janvier 2019 et le 31 mai 2019, le chiffre d\u2019affaires mensuel moyen de l\u2019ann\u00e9e 2019\u00a0;<br \/>\n\u2022 pour les entreprises cr\u00e9\u00e9es entre le 1er juin 2019 et le 29 f\u00e9vrier 2020, le chiffre d\u2019affaires mensuel moyen sur la p\u00e9riode comprise entre la date de cr\u00e9ation de l\u2019entreprise et le 29 f\u00e9vrier 2020\u00a0;<br \/>\n\u2022 pour les entreprises cr\u00e9\u00e9es entre le 1er mars 2020 et le 31 octobre 2021, le chiffre d\u2019affaires mensuel moyen r\u00e9alis\u00e9 entre le 1er ao\u00fbt 2021 ou, si elle est post\u00e9rieure, la date de cr\u00e9ation de l\u2019entreprise, et le 30 novembre 2021.<\/p>\n<p><u>Calcul de l\u2019aide<\/u>\u00a0:<br \/>\nPour chaque p\u00e9riode \u00e9ligible (d\u00e9cembre 2021 et\/ou janvier 2022), l\u2019aide prend la forme d\u2019une subvention \u00e9gale \u00e0 100\u00a0% du montant total des charges renfort constat\u00e9es au cours de ladite p\u00e9riode.<br \/>\nLe montant de l\u2019aide ne peut exc\u00e9der le chiffre d\u2019affaires de r\u00e9f\u00e9rence.<br \/>\nCharges renfort = [achats consomm\u00e9s + consommations en provenance de tiers + charges de personnels + imp\u00f4ts et taxes et versements assimil\u00e9s].<br \/>\nEn pratique, cette formule revient \u00e0 effectuer la somme de l\u2019ensemble des \u00e9critures des postes comptable suivants pour la p\u00e9riode concern\u00e9e\u00a0: charges renfort = [compte 60 + compte 61 + compte 62 + compte 63 + compte 64].<\/p>\n<p>La demande d\u2019aide de la p\u00e9riode \u00e9ligible du mois de\u00a0<u>d\u00e9cembre 2021<\/u>\u00a0est d\u00e9pos\u00e9e\u00a0<u><strong>entre le 6 janvier 2022 et le 6 mars 2022<\/strong><\/u>.<br \/>\nL\u2019aide de la p\u00e9riode \u00e9ligible du mois de\u00a0<u>janvier 2022<\/u>\u00a0est d\u00e9pos\u00e9e\u00a0<u><strong>entre le 3 f\u00e9vrier 2022 et le 31 mars 2022<\/strong><\/u>.<br \/>\nLa demande est r\u00e9alis\u00e9e dans l\u2019espace professionnel du site des imp\u00f4ts\u00a0:\u00a0<a class=\"spip_url spip_out auto\" href=\"https:\/\/www.impots.gouv.fr\/portail\/node\/14782\" target=\"_blank\" rel=\"external nofollow noopener\">https:\/\/www.impots.gouv.fr\/portail\/node\/14782<\/a><\/p>\n<hr \/>\n<p><span style=\"color: #ff0000;\"><strong>Attention\u00a0<u>l\u2019aide renfort et le fonds de solidarit\u00e9 ne sont pas cumulables<\/u>.<\/strong>\u00a0<strong>Vous devez donc choisir celle qui vous est la plus favorable.<\/strong><\/span><br \/>\n<strong><span style=\"color: #ff0000;\">Compte tenu des dates de publication des textes,\u00a0si vous avez d\u00e9pos\u00e9 une demande d\u2019aide co\u00fbts fixes renfort et que la demande n\u2019a pas encore \u00e9t\u00e9 trait\u00e9e et pay\u00e9e vous avez la possibilit\u00e9 de demander l\u2019annulation de votre demande d\u2019aide afin de pouvoir solliciter ensuite le fonds de solidarit\u00e9.<\/span><\/strong><\/p>\n<p>Bien cordialement,<\/p>\n<p>&nbsp;<\/p>\n<p>Patrick MALVA\u00cbS<\/p>\n","protected":false},"excerpt":{"rendered":"<p>Chers amis, chers confr\u00e8res, Certains se sont perdus sur les aides de d\u00e9cembre. Bref rappel car il est encore temps de rattraper les choses ! Pour\u00a0 d\u00e9cembre, les discoth\u00e8ques sont \u00e9ligibles, au choix, au&#8230;<\/p>\n","protected":false},"author":2,"featured_media":0,"comment_status":"closed","ping_status":"closed","sticky":false,"template":"","format":"standard","meta":{"_mi_skip_tracking":false,"_monsterinsights_sitenote_active":false,"_monsterinsights_sitenote_note":"","_monsterinsights_sitenote_category":0},"categories":[1],"tags":[],"_links":{"self":[{"href":"https:\/\/sndll.info\/index.php?rest_route=\/wp\/v2\/posts\/5985"}],"collection":[{"href":"https:\/\/sndll.info\/index.php?rest_route=\/wp\/v2\/posts"}],"about":[{"href":"https:\/\/sndll.info\/index.php?rest_route=\/wp\/v2\/types\/post"}],"author":[{"embeddable":true,"href":"https:\/\/sndll.info\/index.php?rest_route=\/wp\/v2\/users\/2"}],"replies":[{"embeddable":true,"href":"https:\/\/sndll.info\/index.php?rest_route=%2Fwp%2Fv2%2Fcomments&post=5985"}],"version-history":[{"count":3,"href":"https:\/\/sndll.info\/index.php?rest_route=\/wp\/v2\/posts\/5985\/revisions"}],"predecessor-version":[{"id":5989,"href":"https:\/\/sndll.info\/index.php?rest_route=\/wp\/v2\/posts\/5985\/revisions\/5989"}],"wp:attachment":[{"href":"https:\/\/sndll.info\/index.php?rest_route=%2Fwp%2Fv2%2Fmedia&parent=5985"}],"wp:term":[{"taxonomy":"category","embeddable":true,"href":"https:\/\/sndll.info\/index.php?rest_route=%2Fwp%2Fv2%2Fcategories&post=5985"},{"taxonomy":"post_tag","embeddable":true,"href":"https:\/\/sndll.info\/index.php?rest_route=%2Fwp%2Fv2%2Ftags&post=5985"}],"curies":[{"name":"wp","href":"https:\/\/api.w.org\/{rel}","templated":true}]}}