{"id":5991,"date":"2022-02-10T19:30:23","date_gmt":"2022-02-10T18:30:23","guid":{"rendered":"https:\/\/sndll.info\/?p=5991"},"modified":"2022-02-10T23:04:10","modified_gmt":"2022-02-10T22:04:10","slug":"5991","status":"publish","type":"post","link":"https:\/\/sndll.info\/?p=5991","title":{"rendered":"FLASH CALL DE CE SOIR AVEC BERCY"},"content":{"rendered":"<h1 style=\"text-align: center;\"><strong>FLASH CALL DE CE SOIR AVEC BERCY<\/strong><\/h1>\n<p style=\"text-align: center;\"><strong>\u00a0<\/strong><\/p>\n<h3 style=\"text-align: center;\"><strong>EN ATTENDANT UN RETOUR POLITIQUE DANS LES PROCHAINS JOURS<\/strong><\/h3>\n<p><strong>\u00a0<\/strong><\/p>\n<p><strong>\u00a0<\/strong><\/p>\n<p>Chers(e)s exploitant(e)s, cher(e)s ami(e)s,<\/p>\n<p>&nbsp;<\/p>\n<p>Ce soir \u00e0 17h00 s\u2019est tenue le call dont nous vous avions \u00e9voqu\u00e9 pr\u00e9c\u00e9demment avec nos interlocuteurs de Bercy. <strong>Afin de ne pas prendre le risque de faire basculer la n\u00e9gociation en cours dans le mauvais sens, ne nous en veuillez pas mais, nous n\u2019entrerons pas \u00e0 ce stade dans certains d\u00e9tails.<\/strong><\/p>\n<p>&nbsp;<\/p>\n<p>&nbsp;<\/p>\n<p><strong><u>CONDITIONS DE R\u00c9OUVERTURE\u00a0:<\/u><\/strong><\/p>\n<p>&nbsp;<\/p>\n<p>Retenons que les interlocuteurs avec lesquels nous \u00e9changeons \u00e0 Bercy sur le sujet des conditions de r\u00e9ouverture <strong>semblent avoir particuli\u00e8rement compris nos pr\u00e9occupations \u00e0 ce sujet.<\/strong><\/p>\n<p>&nbsp;<\/p>\n<p>Pour m\u00e9moire nous avons rappel\u00e9 que le pass sanitaire accompagn\u00e9 du contr\u00f4le d\u2019identit\u00e9 nous a permis l\u2019obtention du retour \u00e0 \u00ab\u00a0la vie d\u2019avant\u00a0\u00bb au cours de notre r\u00e9ouverture de juillet \u00e0 d\u00e9cembre.<\/p>\n<p>&nbsp;<\/p>\n<p><strong>Vous l\u2019avez compris, le sujet c\u2019est le port du masque\u00a0!<\/strong><\/p>\n<p>&nbsp;<\/p>\n<p>Nous persistons \u00e0 croire que le c\u0153ur de notre m\u00e9tier est sp\u00e9cifique\u00a0; Nous avons clairement dit \u00e0 nos interlocuteurs du Gouvernement que <strong>nous accepterions le protocole sanitaire s\u2019il recommande &#8211; mais n\u2019impose pas &#8211; le port du masque en discoth\u00e8que.<\/strong><\/p>\n<p>&nbsp;<\/p>\n<p><strong>Nous avons compris que le passe vaccinal n\u2019\u00e9tait pas envisag\u00e9 avec un test suppl\u00e9mentaire.<\/strong><\/p>\n<p>&nbsp;<\/p>\n<p>Nous ne pouvons pas dire que notre approche ait choqu\u00e9 nos interlocuteurs, mais ils doivent en obtenir la validation. <strong>Nous sollicitons une reprise d\u2019activit\u00e9 dans des conditions similaires \u00e0 celles que nous avons connues en juillet dernier.<\/strong><\/p>\n<p>&nbsp;<\/p>\n<p><strong>Nous aurons semble-t-il tr\u00e8s vite un retour sur le sujet.<\/strong><\/p>\n<p><strong>\u00a0<\/strong><\/p>\n<p><strong>\u00a0<\/strong><\/p>\n<p><strong><u>DISPOSITIF D\u2019ACCOMPAGNEMENT\u00a0:<\/u><\/strong><\/p>\n<p><strong>\u00a0<\/strong><\/p>\n<p>La deuxi\u00e8me partie de la r\u00e9union a port\u00e9 sur le syst\u00e8me d\u2019indemnisation (aide renfort co\u00fbts fixes).<\/p>\n<p><strong>\u00a0<\/strong><\/p>\n<p>Le seuil de d\u00e9clenchement<strong> (50% de perte de chiffre d\u2019affaires) <\/strong>p\u00e9nalise certains de nos exploitants. Par cons\u00e9quent, nous avons demand\u00e9 que soit revu ce niveau de d\u00e9clenchement du dispositif aide renfort.<\/p>\n<p>&nbsp;<\/p>\n<p><strong>Bercy semble avoir compris la probl\u00e9matique pos\u00e9e, mais ne tranche pas \u00e0 ce stade.<\/strong><\/p>\n<p>&nbsp;<\/p>\n<p>&nbsp;<\/p>\n<p><strong><u>MOIS DE F\u00c9VRIER\u00a0:<\/u><\/strong><\/p>\n<p>&nbsp;<\/p>\n<p>Nous avons \u00e9galement soulev\u00e9 l\u2019aspect collat\u00e9ral d\u2019une modification du seuil des aides qui \u00e9videmment pourrait avoir une incidence sur l\u2019accompagnement \u00e9conomique du mois de f\u00e9vrier.<\/p>\n<p>&nbsp;<\/p>\n<p>En clair, si le gouvernement d\u00e9cide de porter \u00e0 30% par exemple la perte de chiffre d\u2019affaires au lieu de 50% pour d\u00e9cembre et janvier, <strong>il est \u00e9vident que pour f\u00e9vrier ce chiffre ne permettra pas de d\u00e9clencher l\u2019aide renfort.<\/strong><\/p>\n<p><strong>\u00a0<\/strong><\/p>\n<p><strong>\u00a0<\/strong><\/p>\n<p><strong><u>CH\u00d4MAGE PARTIEL\u00a0:<\/u><\/strong><\/p>\n<p><strong>\u00a0<\/strong><\/p>\n<p>Nous avons \u00e9galement abord\u00e9 le red\u00e9marrage de nos \u00e9tablissements en soulignant que le retour \u00e0 un niveau d\u2019activit\u00e9 normale est certes souhaitable et souhait\u00e9 par nous tous, <strong>mais les conditions \u00e9conomiques du moment ne sont pas identiques \u00e0 celles de juillet 2021.<\/strong><\/p>\n<p>&nbsp;<\/p>\n<p>Ce sont les raisons pour lesquelles, nous consid\u00e9rons que les dispositifs d\u2019accompagnement de type ch\u00f4mage partiel doivent \u00eatre prolong\u00e9s pour pallier si besoin \u00e0 une d\u00e9ficience de niveau d\u2019activit\u00e9.<\/p>\n<p>&nbsp;<\/p>\n<p><strong>Aucune r\u00e9ponse positive n\u2019a \u00e9t\u00e9 apport\u00e9 \u00e0 cette demande.<\/strong><\/p>\n<p>&nbsp;<\/p>\n<p>&nbsp;<\/p>\n<p><strong><u>PERTE DE CHIFFRE D\u2019AFFAIRES DE D\u00c9CEMBRE\u00a0:<\/u><\/strong><\/p>\n<p>&nbsp;<\/p>\n<p>Nous avons \u00e9galement souhait\u00e9 aborder la perte de chiffre d\u2019affaires g\u00e9n\u00e9r\u00e9e par cette d\u00e9cision de fermeture en d\u00e9cembre (pour trois semaines initialement) qui se traduit dans les faits en 70 jours\u00a0!<\/p>\n<p>&nbsp;<\/p>\n<p>Jean Baptiste LEMOYNE d\u2019une part, Bruno LE MAIRE d\u2019autre part, nous ont l\u2019un et l\u2019autre laisser imaginer qu\u2019une mesure sp\u00e9cifique devait enrichir le dispositif d\u2019accompagnement pour les discoth\u00e8ques qui, \u00e9taient particuli\u00e8rement touch\u00e9es par cette crise COVID-19.<\/p>\n<p>&nbsp;<\/p>\n<p>A ce jour, aucune discussion n\u2019a port\u00e9 sur ce sujet. <strong>C\u2019est pourquoi, nous avons rappel\u00e9 notre demande d\u2019indemnisation face \u00e0 la perte de chiffre d\u2019affaires de fin d\u2019ann\u00e9e qui a s\u00e9v\u00e8rement affect\u00e9 notre profession.<\/strong><\/p>\n<p><strong>\u00a0<\/strong><\/p>\n<p><strong>Bercy n\u2019a pas apport\u00e9 de r\u00e9ponse \u00e0 cette question pourtant fondamentale et a \u00ab\u00a0tent\u00e9 de balayer en touche\u00a0\u00bb en s\u2019appuyant sur le contenu des mesures d\u2019exon\u00e9ration de charge etc.<\/strong><\/p>\n<p>&nbsp;<\/p>\n<p>Nous avons pr\u00e9cis\u00e9 que les engagements des ministres ou propos re\u00e7us comme tels, sont post\u00e9rieurs \u00e0 la d\u00e9cision portant sur l\u2019exon\u00e9ration des cotisations sociales de novembre.<\/p>\n<p>&nbsp;<\/p>\n<p>&nbsp;<\/p>\n<p><strong><u>EN CONCLUSION\u00a0:<\/u><\/strong><\/p>\n<p>&nbsp;<\/p>\n<p>Nous avons d\u00e9fendu l\u2019id\u00e9e d\u2019une analyse globale de la situation des discoth\u00e8ques. 20 mois de fermeture\u2026. Un syst\u00e8me d\u2019indemnisation \u00e9volutif, donc insuffisant \u00e0 certains moments pour faire face \u00e0 nos charges fixes.<\/p>\n<p>&nbsp;<\/p>\n<p><strong>Nous avons d\u00e9fendu l\u2019id\u00e9e d\u2019une sortie de crise par le haut, en accordant un dispositif de qualit\u00e9 par exemple en prolongeant l\u2019indemnisation des charges fixes pour une dur\u00e9e \u00e0 d\u00e9terminer apr\u00e8s la reprise d\u2019activit\u00e9.<\/strong><\/p>\n<p>&nbsp;<\/p>\n<p>Nous pourrions aussi d\u00e9fendre l\u2019id\u00e9e d\u2019un plan de red\u00e9marrage de notre activit\u00e9. Bref, selon nous, tout doit \u00eatre l\u2019objet d\u2019une analyse compl\u00e8te, pour cette fois r\u00e9parer les injustices g\u00e9n\u00e9r\u00e9es par les d\u00e9cisions de fermetures cons\u00e9cutives et leur brutalit\u00e9.<\/p>\n<p>&nbsp;<\/p>\n<p><strong>Ce soir, rien n\u2019est r\u00e9gl\u00e9 \u00e9videmment.<\/strong><\/p>\n<p>&nbsp;<\/p>\n<p>Comme d\u2019habitude, nous nous emploierons \u00e0 tout mettre en \u0153uvre pour \u00e9viter une r\u00e9ouverture restrictive sur le plan sanitaire.<\/p>\n<p>&nbsp;<\/p>\n<p>Nous poursuivrons nos efforts pour qu\u2019aucun de ceux qui ont \u00e9t\u00e9 exclus de l\u2019aide renfort ne soit <strong>\u00ab\u00a0laiss\u00e9 sur le bord de la route\u00a0\u00bb.<\/strong><\/p>\n<p>&nbsp;<\/p>\n<p style=\"text-align: center;\"><strong>Rien n\u2019est perdu. Nous y verrons plus clair dans les prochains jours.<\/strong><\/p>\n<p style=\"text-align: center;\"><strong>Un retour est en cours aupr\u00e8s des ministres concern\u00e9s.<\/strong><\/p>\n<p>&nbsp;<\/p>\n<p>Notre volont\u00e9 reste intacte\u00a0: nous ne sommes pas dans un conflit politique avec le Gouvernement, nous recherchons le meilleurs compromis possible dans l\u2019int\u00e9r\u00eat de tous les exploitants de discoth\u00e8ques.<\/p>\n<p>&nbsp;<\/p>\n<p style=\"text-align: center;\"><strong>Attendons donc les arbitrages qui d\u00e9coulerons de cette r\u00e9union.<\/strong><\/p>\n<p>&nbsp;<\/p>\n<p>Nous vous tiendrons inform\u00e9s tr\u00e8s vite des retours qui nous serons donn\u00e9s.<\/p>\n<p>&nbsp;<\/p>\n<p>&nbsp;<\/p>\n<p>A tr\u00e8s bient\u00f4t<\/p>\n<p>&nbsp;<\/p>\n<p>&nbsp;<\/p>\n<p style=\"text-align: center;\">Christian JOUNY\u00a0\u00a0\u00a0\u00a0\u00a0\u00a0\u00a0\u00a0\u00a0\u00a0\u00a0\u00a0\u00a0\u00a0\u00a0\u00a0\u00a0\u00a0\u00a0\u00a0\u00a0\u00a0\u00a0\u00a0\u00a0\u00a0\u00a0\u00a0\u00a0\u00a0\u00a0\u00a0\u00a0\u00a0\u00a0\u00a0\u00a0\u00a0\u00a0\u00a0\u00a0\u00a0\u00a0\u00a0\u00a0\u00a0\u00a0\u00a0\u00a0\u00a0\u00a0\u00a0\u00a0\u00a0\u00a0 Patrick MALVA\u00cbS<\/p>\n","protected":false},"excerpt":{"rendered":"<p>FLASH CALL DE CE SOIR AVEC BERCY \u00a0 EN ATTENDANT UN RETOUR POLITIQUE DANS LES PROCHAINS JOURS \u00a0 \u00a0 Chers(e)s exploitant(e)s, cher(e)s ami(e)s, &nbsp; Ce soir \u00e0 17h00 s\u2019est tenue le call dont nous&#8230;<\/p>\n","protected":false},"author":1,"featured_media":0,"comment_status":"closed","ping_status":"closed","sticky":false,"template":"","format":"standard","meta":{"_mi_skip_tracking":false,"_monsterinsights_sitenote_active":false,"_monsterinsights_sitenote_note":"","_monsterinsights_sitenote_category":0},"categories":[1],"tags":[],"_links":{"self":[{"href":"https:\/\/sndll.info\/index.php?rest_route=\/wp\/v2\/posts\/5991"}],"collection":[{"href":"https:\/\/sndll.info\/index.php?rest_route=\/wp\/v2\/posts"}],"about":[{"href":"https:\/\/sndll.info\/index.php?rest_route=\/wp\/v2\/types\/post"}],"author":[{"embeddable":true,"href":"https:\/\/sndll.info\/index.php?rest_route=\/wp\/v2\/users\/1"}],"replies":[{"embeddable":true,"href":"https:\/\/sndll.info\/index.php?rest_route=%2Fwp%2Fv2%2Fcomments&post=5991"}],"version-history":[{"count":2,"href":"https:\/\/sndll.info\/index.php?rest_route=\/wp\/v2\/posts\/5991\/revisions"}],"predecessor-version":[{"id":5994,"href":"https:\/\/sndll.info\/index.php?rest_route=\/wp\/v2\/posts\/5991\/revisions\/5994"}],"wp:attachment":[{"href":"https:\/\/sndll.info\/index.php?rest_route=%2Fwp%2Fv2%2Fmedia&parent=5991"}],"wp:term":[{"taxonomy":"category","embeddable":true,"href":"https:\/\/sndll.info\/index.php?rest_route=%2Fwp%2Fv2%2Fcategories&post=5991"},{"taxonomy":"post_tag","embeddable":true,"href":"https:\/\/sndll.info\/index.php?rest_route=%2Fwp%2Fv2%2Ftags&post=5991"}],"curies":[{"name":"wp","href":"https:\/\/api.w.org\/{rel}","templated":true}]}}