{"id":6017,"date":"2022-02-16T16:08:44","date_gmt":"2022-02-16T15:08:44","guid":{"rendered":"https:\/\/sndll.info\/?p=6017"},"modified":"2022-02-17T12:25:52","modified_gmt":"2022-02-17T11:25:52","slug":"cotisations-sociales-exonerations-et-aides","status":"publish","type":"post","link":"https:\/\/sndll.info\/?p=6017","title":{"rendered":"COTISATIONS SOCIALES: EXONERATIONS ET AIDES &#8230;"},"content":{"rendered":"<p>Chers amis, chers confr\u00e8res,<\/p>\n<p>Une fois encore nos efforts sont r\u00e9compens\u00e9s, m\u00eame si -comme d&#8217;habitude- il y a des &#8220;trous dans la raquette&#8221; !<\/p>\n<p>L&#8217;essentiel est acquis. L&#8217;analyse porte sur D\u00e9cembre 2021 et Janvier 2022. Le SNDLL a demand\u00e9 une <strong><span style=\"color: #ff00ff;\">prise en charge aussi de f\u00e9vrier 2022.<\/span><\/strong><\/p>\n<p><strong><span style=\"color: #ff00ff;\">On reste sur notre faim pour le moment !<\/span><\/strong><\/p>\n<p>J&#8217;ai mis <strong><span style=\"color: #ff00ff;\">en rose les points qui retiennent l&#8217;attention.<\/span><\/strong><\/p>\n<p>Voici en premier lieu notre analyse du D\u00e9cret et ensuite une note URSSAF qui repr\u00e9cise et remet dans le contexte 2020 et 2021 aussi.<\/p>\n<p>Travail de titan pour nous, dans ce contexte de r\u00e9ouverture o\u00f9 tous les textes qu&#8217;on r\u00e9clame depuis des semaines se t\u00e9lescopent souvent !!!<\/p>\n<p>Donnez \u00e0 votre comptable ces infos, communiquez lui le site www.sndll.info pour qu&#8217;il s&#8217;y r\u00e9f\u00e8re.<\/p>\n<p>Bien cordialement et bonne soir\u00e9e (je crois que moi, je vais me reposer !)<\/p>\n<p>Bien cordialement,<\/p>\n<p>Patrick MALVA\u00cbS et Christian JOUNY<\/p>\n<p><strong><span style=\"color: #000080;\">Rappel:<\/span><\/strong> On se souvient (ou pas mais le SNDLL suit les choses, avec Christian Jouny et moi-m\u00eame !) que le D\u00e9cret 2021-75 du 27 Janvier 2021, pris en application de la LFSS (Loi de Finances) pour 2021 a instaur\u00e9 des dispositifs d&#8217;exon\u00e9rations et d&#8217;aides au paiement des cotisations et contributions sociales pour les entreprises les plus touch\u00e9es par la crise COVID.<\/p>\n<p><em>\u00a0<strong><span style=\"color: #0000ff;\">Le d\u00e9cret du 11 f\u00e9vrier 2022, publi\u00e9 au JO du 13 f\u00e9vier 2022 (Pi\u00e8ce ci-dessous) reconduit ces dispositifs d\u2019aides pour les p\u00e9riodes d\u2019emploi de d\u00e9cembre 2021 et janvier 2022 selon de<\/span> <span style=\"color: #0000ff;\">nouvelles modalit\u00e9s<\/span>.<\/strong><\/em><\/p>\n<p><u><strong>Entreprises concern\u00e9es<\/strong><\/u><\/p>\n<p>Peuvent en b\u00e9n\u00e9ficier\u00a0<strong>les employeurs de moins de 250 salari\u00e9s<\/strong>\u00a0qui exercent leur activit\u00e9 principale\u00a0:<\/p>\n<ul>\n<li>dans les\u00a0<strong>secteurs S1<\/strong>, notamment les secteurs du tourisme, de l\u2019h\u00f4tellerie, de la restauration.<\/li>\n<li>dans les\u00a0<strong>secteurs S1 bis<\/strong>, c\u2019est-\u00e0-dire ceux dont l\u2019activit\u00e9 d\u00e9pend de celle des secteurs S1.<\/li>\n<\/ul>\n<p><strong><span style=\"color: #0000ff;\">Les\u00a0discoth\u00e8ques\u00a0<\/span><span style=\"color: #ff00ff;\">et salles de danse, qui ont d\u00e9j\u00e0 b\u00e9n\u00e9fici\u00e9 d\u2019une r\u00e9activation des dispositifs \u00ab covid 2 \u00bb pour les p\u00e9riodes d\u2019emploi courant du 1er novembre au 31 d\u00e9cembre 2021 ne peuvent \u00e0 nouveau en b\u00e9n\u00e9ficier <span style=\"color: #0000ff;\">que\u00a0pour la p\u00e9riode d\u2019emploi de janvier 2022. D&#8217;o\u00f9 la requ\u00eate de l&#8217;\u00e9largir \u00e0 F\u00e9vrier ! Logique, non ?<\/span><\/span><\/strong><\/p>\n<p><strong><u>Conditions \u00e0 remplir et niveau d\u2019aide<\/u><\/strong><\/p>\n<p>\u2022 B\u00e9n\u00e9ficient\u00a0<strong>\u00e0 la fois de l\u2019exon\u00e9ration\u00a0<u>et<\/u><\/strong>\u00a0<strong>de l\u2019aide au paiement de 20\u00a0%\u00a0<\/strong>des cotisations les employeurs qui, au cours du mois au titre duquel l\u2019exon\u00e9ration est applicable\u00a0:<\/p>\n<p><img class=\"CToWUd\" src=\"https:\/\/ci3.googleusercontent.com\/proxy\/e8rtKRt-TIAI-peh-kxEmkwc1A8m0Rcihr_mN8XucFys81e2KvIaAUj1vm27_fIq4UA=s0-d-e1-ft#http:\/\/squelettes-dist\/puce.gif\" alt=\"-\" width=\"8\" height=\"11\" \/>\u00a0soit ont fait l\u2019objet d\u2019une\u00a0<strong>interdiction totale d\u2019accueil du public<\/strong>\u00a0(<strong><span style=\"color: #ff00ff;\">comme les discoth\u00e8ques sur janvier 2022 et les 15 premiers jours de f\u00e9vrier, pass\u00e9 injustement &#8220;\u00e0 la trappe&#8221; pour le moment<\/span><\/strong>)<\/p>\n<p><img class=\"CToWUd\" src=\"https:\/\/ci3.googleusercontent.com\/proxy\/e8rtKRt-TIAI-peh-kxEmkwc1A8m0Rcihr_mN8XucFys81e2KvIaAUj1vm27_fIq4UA=s0-d-e1-ft#http:\/\/squelettes-dist\/puce.gif\" alt=\"-\" width=\"8\" height=\"11\" \/>\u00a0soit ont constat\u00e9 une\u00a0<strong>baisse de chiffre d\u2019affaires d\u2019au moins 65\u00a0%<\/strong>\u00a0par rapport au chiffre d\u2019affaires du m\u00eame mois de l\u2019une des deux ann\u00e9es pr\u00e9c\u00e9dentes ou au chiffre d\u2019affaires mensuel moyen de l\u2019ann\u00e9e 2019 ou de l\u2019ann\u00e9e 2020 ou bien, pour les entreprises cr\u00e9\u00e9es en 2021, par rapport au montant mensuel moyen du chiffre d\u2019affaires r\u00e9alis\u00e9 entre la date de cr\u00e9ation de l\u2019entreprise et le 31 ao\u00fbt 2021.<\/p>\n<p>\u2022 Si la\u00a0<strong>baisse du chiffre d\u2019affaires<\/strong>, constat\u00e9e selon les m\u00eames modalit\u00e9s que ci-dessus, est\u00a0<strong>d\u2019au moins 30\u00a0% mais inf\u00e9rieure \u00e0 65\u00a0%<\/strong>, les employeurs peuvent b\u00e9n\u00e9ficier\u00a0<strong><u>uniquement<\/u><\/strong>\u00a0<strong>de l\u2019aide au paiement de 20\u00a0%<\/strong>\u00a0des cotisations sociales.<\/p>\n<p>L\u2019exon\u00e9ration et l\u2019aide au paiement des cotisations peuvent \u00eatre appliqu\u00e9es \u00e0 tous les salari\u00e9s, quel que soit le montant de leur r\u00e9mun\u00e9ration, mais\u00a0<strong>seulement sur la part de r\u00e9mun\u00e9ration inf\u00e9rieure \u00e0 4,5 fois le SMIC<\/strong>\u00a0en vigueur au titre du mois consid\u00e9r\u00e9.<\/p>\n<p><strong><span style=\"color: #ff00ff;\">Attention: ces dispositifs ne sont applicables que sur les cotisations sociales et les r\u00e9mun\u00e9rations qui ne font pas l\u2019objet, pour les m\u00eames p\u00e9riodes, d\u2019une compensation au titre de l\u2019aide \u00ab renfort \u00bb institu\u00e9e par un d\u00e9cret du 4 janvier 2022.<\/span><\/strong><\/p>\n<p>Dans nos m\u00e9tiers, des ind\u00e9pendants -trop oubli\u00e9s- et des mandataires sociaux sont actifs. Je mets en exergue ci-dessous, ce qui les concerne.<\/p>\n<table border=\"1\" cellspacing=\"1\" cellpadding=\"1\">\n<tbody>\n<tr>\n<td><strong>Travailleurs ind\u00e9pendants et mandataires sociaux<\/strong><\/p>\n<p>1. Pour les travailleurs ind\u00e9pendants classiques (non auto-entrepreneurs) et les mandataires sociaux \u00ab\u00a0assimil\u00e9s salari\u00e9s\u00a0\u00bb des entreprises de moins de 250 salari\u00e9s \u00e9ligibles \u00e0 l\u2019exon\u00e9ration \u00ab\u00a0covid 2\u00a0\u00bb pour chaque mois d\u2019\u00e9ligibilit\u00e9 au titre duquel le dirigeant est r\u00e9mun\u00e9r\u00e9 par l\u2019entreprise, le montant de la r\u00e9duction est \u00e9gal \u00e0\u00a0:<\/p>\n<p>\u2022 600 \u20ac par mois d\u2019\u00e9ligibilit\u00e9\u00a0:<br \/>\n&#8211; S\u2019ils ont fait l\u2019objet d\u2019une interdiction totale d\u2019accueil du public\u00a0;<br \/>\n&#8211; S\u2019ils ont constat\u00e9 une baisse de chiffre d\u2019affaires d\u2019au moins 65\u00a0%.<\/p>\n<p>\u2022 300 \u20ac par mois d\u2019\u00e9ligibilit\u00e9, si la baisse de CA constat\u00e9e est d\u2019au moins 30\u00a0% mais inf\u00e9rieure \u00e0 65\u00a0%.<\/p>\n<p>Cette r\u00e9duction s\u2019applique sur les cotisations et contributions sociales dues au titre de l\u2019ann\u00e9e 2021. Lorsque le montant de r\u00e9duction dont b\u00e9n\u00e9ficie le travailleur ind\u00e9pendant est sup\u00e9rieur aux montants de cotisations et contributions dus au titre de cet exercice, le reliquat s\u2019impute sur les montants dus au titre de l\u2019ann\u00e9e 2022.<\/p>\n<p>2. Concernant les auto-entrepreneurs, ils b\u00e9n\u00e9ficient de la possibilit\u00e9 de d\u00e9duire des montants de chiffre d\u2019affaires ou de recettes d\u00e9clar\u00e9s au titre des \u00e9ch\u00e9ances mensuelles ou trimestrielles du premier trimestre 2022\u00a0:<\/p>\n<p>\u2022 les montants de chiffres d\u2019affaires ou recettes r\u00e9alis\u00e9s durant les mois de d\u00e9cembre 2021 et\/ou janvier 2022 s\u2019ils justifient au cours de ces m\u00eames mois\u00a0:<br \/>\n&#8211; Soit d\u2019une interdiction totale d\u2019accueil du public\u00a0;<br \/>\n&#8211; Soit d\u2019une baisse de chiffre d\u2019affaires d\u2019au moins 65\u00a0%.<\/p>\n<p>\u2022 la moiti\u00e9 des montants des chiffres d\u2019affaires ou de recettes r\u00e9alis\u00e9s au titre des mois de d\u00e9cembre 2021 et\/ou janvier 2022 si la baisse de chiffre d\u2019affaires constat\u00e9e au cours de ces m\u00eames mois est d\u2019au moins 30% mais inf\u00e9rieure \u00e0 65%.<\/td>\n<\/tr>\n<\/tbody>\n<\/table>\n<p>&nbsp;<\/p>\n<p><em><strong>Source<\/strong><\/em>\u00a0:<\/p>\n<p><a href=\"http:\/\/399h.mj.am\/lnk\/AL4AAL0S9WYAAciBp6oAAJsElBUAAYCrOI0Am3xSAAQepQBiDM9aWrVdGR6rSRKXhGUASAdluwADT3E\/2\/3w8S5PaWMpXNm2kWzR3ekQ\/aHR0cHM6Ly93d3cubGVnaWZyYW5jZS5nb3V2LmZyL2pvcmYvaWQvSk9SRlRFWFQwMDAwNDUxNjEwMTA\" target=\"_blank\" rel=\"noopener\" data-saferedirecturl=\"https:\/\/www.google.com\/url?q=http:\/\/399h.mj.am\/lnk\/AL4AAL0S9WYAAciBp6oAAJsElBUAAYCrOI0Am3xSAAQepQBiDM9aWrVdGR6rSRKXhGUASAdluwADT3E\/2\/3w8S5PaWMpXNm2kWzR3ekQ\/aHR0cHM6Ly93d3cubGVnaWZyYW5jZS5nb3V2LmZyL2pvcmYvaWQvSk9SRlRFWFQwMDAwNDUxNjEwMTA&amp;source=gmail&amp;ust=1645108748194000&amp;usg=AOvVaw0BSYCmuYCzABsk6Mk6J56C\">D\u00e9cret n\u00b0\u00a02022-170 du 11 f\u00e9vrier 2022 modifiant le d\u00e9cret n\u00b0\u00a02021-75 du 27 janvier 2021 relatif \u00e0 l\u2019application des mesures concernant les cotisations et contributions sociales des entreprises, travailleurs ind\u00e9pendants et artistes-auteurs mentionn\u00e9es \u00e0 l\u2019article 9 de la loi n\u00b0\u00a02020-1576 du 14 d\u00e9cembre 2020 de financement de la s\u00e9curit\u00e9 sociale pour 2021 &#8211; L\u00e9gifrance (legifrance.gouv.fr)<\/a><\/p>\n<p>&nbsp;<\/p>\n<p><span style=\"color: #ff00ff;\"><em><strong>Information compl\u00e9mentaire<\/strong><\/em> : Voici, en outre, une note (11 F\u00e9vrier) r\u00e9capitulative de l&#8217;URSSAF qui confirme nos dires :<\/span><\/p>\n<header class=\"main_header\">\n<div class=\"container\">\n<div id=\"media_image-2\" class=\"side_head widget_media_image\"><img class=\"image wp-image-1567 attachment-medium size-medium\" src=\"https:\/\/www.mesures-covid19.urssaf.fr\/wp-content\/uploads\/2021\/01\/logo-urssaf.svg\" sizes=\"(max-width: 300px) 100vw, 300px\" srcset=\"https:\/\/www.mesures-covid19.urssaf.fr\/wp-content\/uploads\/\/2021\/01\/logo-urssaf.svg 150w, https:\/\/www.mesures-covid19.urssaf.fr\/wp-content\/uploads\/\/2021\/01\/logo-urssaf.svg 300w, https:\/\/www.mesures-covid19.urssaf.fr\/wp-content\/uploads\/\/2021\/01\/logo-urssaf.svg 1024w\" alt=\"\" width=\"300\" height=\"300\" \/><\/div>\n<div id=\"nav_menu-2\" class=\"side_head widget_nav_menu\">\n<div class=\"menu-navigation-container\">\n<p>&nbsp;<\/p>\n<\/div>\n<\/div>\n<\/div>\n<\/header>\n<aside class=\"publics\" aria-hidden=\"true\" aria-live=\"off\"><\/aside>\n<div id=\"all_main\">\n<article class=\"mesures rose\">\n<header class=\"\">\n<div class=\"container\">\n<h1>Entreprises<br \/>\net associations<\/h1>\n<\/div>\n<\/header>\n<div class=\"container\">\n<div class=\"contenu css_text\">\n<div class=\"css_text \">\n<p>Dans le cadre de la crise sanitaire, le Gouvernement a mis en \u0153uvre un ensemble de mesures exceptionnelles qui ont pour objectif d\u2019accompagner la tr\u00e9sorerie des entreprises et associations.<\/p>\n<\/div>\n<div class=\"anchor_encart size2\"><a class=\"anchor\" href=\"https:\/\/www.mesures-covid19.urssaf.fr\/entreprises-et-associations-2-2\/#nouvellesmesures\">Les mesures applicables en d\u00e9cembre 2021 et janvier 2022 <\/a><a class=\"anchor\" href=\"https:\/\/www.mesures-covid19.urssaf.fr\/entreprises-et-associations-2-2\/#repriseactivite\">Les mesures applicables en 2020 et 2021<\/a><\/div>\n<div class=\"css_text \">\n<h2>Les mesures applicables en d\u00e9cembre 2021 et janvier 2022<\/h2>\n<p>Afin d\u2019accompagner les entreprises les plus touch\u00e9es par les restrictions sanitaires li\u00e9es \u00e0 la reprise \u00e9pid\u00e9mique prises en fin d\u2019ann\u00e9e 2021, les dispositifs d\u2019exon\u00e9ration et d\u2019aide au paiement des cotisations et contributions sociales sont reconduits en d\u00e9cembre 2021 et janvier 2022 selon de nouvelles modalit\u00e9s.<br \/>\nCes mesures sont susceptibles d\u2019\u00eatre prolong\u00e9es jusqu\u2019\u00e0 la fin des dispositions transitoires, c\u2019est-\u00e0-dire jusqu\u2019au 31 juillet 2022.<\/p>\n<h3><strong>1. Entreprises concern\u00e9es<\/strong><\/h3>\n<p>Sont \u00e9ligibles les entreprises ou associations de moins de 250 salari\u00e9s relevant :<\/p>\n<ul>\n<li>\u00a0Des secteurs dits S1, particuli\u00e8rement affect\u00e9s par les cons\u00e9quences \u00e9conomiques et financi\u00e8res de la propagation de l\u2019\u00e9pid\u00e9mie de Covid-19 : h\u00f4tellerie, restauration, tourisme, \u00e9v\u00e9nementiel, sport, culture, transport a\u00e9rien ;<\/li>\n<li>\u00a0Des secteurs dits S1bis, dont l\u2019activit\u00e9 est \u00e9troitement li\u00e9e \u00e0 celle des secteurs pr\u00e9cit\u00e9s (viticulture, p\u00eache, blanchisserie, etc.).<\/li>\n<\/ul>\n<p>Les clubs sportifs sont concern\u00e9s et doivent respecter les conditions d\u2019interdiction d\u2019accueil du public ou de baisse de chiffre d\u2019affaires pour b\u00e9n\u00e9ficier de l\u2019exon\u00e9ration et de l\u2019aide au paiement.<br \/>\nCes mesures ne sont pas cumulables avec le b\u00e9n\u00e9fice d\u2019autres dispositifs poursuivant les m\u00eames objectifs tel que l\u2019aide renforc\u00e9e au titre des \u00ab co\u00fbts fixes \u00bb pr\u00e9vue par le d\u00e9cret 2022-3 du 4 janvier 2022.<\/p>\n<\/div>\n<div class=\"encart \">\n<p><span style=\"color: #ff00ff;\"><strong>Cas particuliers des discoth\u00e8ques et salles de danse<\/strong><\/span><br \/>\n<span style=\"color: #ff00ff;\"><strong>Les discoth\u00e8ques et salles de danse sont \u00e9ligibles \u00e0 ces mesures li\u00e9es au respect de nouvelles conditions\u00a0uniquement sur le mois de janvier 2022. En effet, les salles de danse ont d\u00e9j\u00e0 b\u00e9n\u00e9fici\u00e9 de l\u2019aide au paiement et de l\u2019exon\u00e9ration au titre des p\u00e9riodes courant du 1er novembre au 31 d\u00e9cembre 2021.<\/strong><\/span><\/p>\n<\/div>\n<div class=\"css_text \">\n<p>Les activit\u00e9s \u00e9ligibles sont list\u00e9es dans les annexes 1 et 2 du d\u00e9cret du 30 mars 2020 dans sa version en vigueur au 1er janvier 2021.<\/p>\n<\/div>\n<div class=\"encart_lien \">\n<div class=\"txt\"><strong><span style=\"color: #ff0000;\">Pr\u00e9cision SNDLL: Cherchez pas, les discoth\u00e8ques codes 9329 Z ou 5630 Z sont \u00e9ligibles !<\/span><\/strong><\/div>\n<\/div>\n<div class=\"css_text \">\n<h3><strong>2. Exon\u00e9ration d\u2019une partie des cotisations et contributions sociales<\/strong><\/h3>\n<p>Cette exon\u00e9ration porte sur les cotisations de s\u00e9curit\u00e9 sociale, les cotisations d\u2019assurance-ch\u00f4mage, la contribution solidarit\u00e9 autonomie et la contribution au Fonds national d\u2019aide au logement.<br \/>\nElle s\u2019applique sur les p\u00e9riodes d\u2019emploi de d\u00e9cembre 2021 \u00e0 janvier 2022 pour les entreprises ou associations de moins de 250 salari\u00e9s qui ont, sur le m\u00eame mois :<\/p>\n<ul>\n<li>Soit fait l\u2019objet d\u2019une mesure d\u2019interdiction totale d\u2019accueil du public dans le cadre de l\u2019\u00e9tat d\u2019urgence sanitaire ;<\/li>\n<li>Soit subi une baisse de chiffre d\u2019affaires d\u2019au moins 65 % par rapport :\n<ul>\n<li>Au chiffre d\u2019affaires du m\u00eame mois de l\u2019une des deux ann\u00e9es pr\u00e9c\u00e9dentes,<\/li>\n<li>Au chiffre d\u2019affaires mensuel moyen de l\u2019ann\u00e9e 2019 ou de l\u2019ann\u00e9e 2020 ou,<\/li>\n<li>Pour les entreprises cr\u00e9\u00e9es en 2021, au montant mensuel moyen du chiffre d\u2019affaires r\u00e9alis\u00e9 entre la date de cr\u00e9ation de l\u2019entreprise et le 31 ao\u00fbt 2021.<\/li>\n<\/ul>\n<\/li>\n<\/ul>\n<p>Cette mesure porte sur les cotisations et contributions dues au titre de la p\u00e9riode d\u2019emploi (d\u00e9cembre 2021 et\/ou janvier 2022) au cours de laquelle les conditions d\u2019\u00e9ligibilit\u00e9 sont r\u00e9unies.<\/p>\n<p><strong>Exemple\u00a0<\/strong><br \/>\n<em>Une entreprise \u00e9ligible sur le mois de d\u00e9cembre 2021 pourra appliquer l\u2019exon\u00e9ration de cotisations au titre de la p\u00e9riode d\u2019emploi de d\u00e9cembre 2021.<\/em><\/p>\n<\/div>\n<div class=\"encart \">\n<p><strong>Nouveau\u00a0<\/strong><br \/>\nSi l\u2019entreprise est \u00e9ligible, l\u2019exon\u00e9ration peut \u00eatre appliqu\u00e9e \u00e0 tous les salari\u00e9s, quel que soit le montant de leur r\u00e9mun\u00e9ration, mais uniquement pour la partie inf\u00e9rieure \u00e0 4,5 fois le SMIC. La valeur du smic retenue est celle applicable pour la p\u00e9riode d\u2019emploi concern\u00e9e.<\/p>\n<\/div>\n<div class=\"css_text \">\n<h4><strong>Modalit\u00e9s de d\u00e9claration<\/strong><\/h4>\n<p>Cette exon\u00e9ration est d\u00e9clar\u00e9e par l\u2019employeur dans sa DSN via le CTP 667 selon les modalit\u00e9s de la\u00a0<a href=\"https:\/\/net-entreprises.custhelp.com\/app\/answers\/detail_dsn\/a_id\/2348\" target=\"_blank\" rel=\"noopener\">fiche consigne DSN<\/a>.<\/p>\n<h3><strong>3.\u00a0\u00a0\u00a0\u00a0\u00a0<\/strong><strong>Aide au paiement de 20 %<\/strong><\/h3>\n<p>L\u2019aide au paiement des cotisations et contributions sociales est \u00e9gale \u00e0 20 % du montant des revenus d\u2019activit\u00e9 qui ont fait l\u2019objet de l\u2019exon\u00e9ration, pour les entreprises et associations qui ont\u00a0:<\/p>\n<ul>\n<li>Soit fait l\u2019objet d\u2019une mesure d\u2019interdiction totale d\u2019accueil du public dans le cadre de l\u2019\u00e9tat d\u2019urgence sanitaire\u00a0;<\/li>\n<li>Soit subi une baisse de chiffre d\u2019affaires d\u2019au moins 30 % par rapport :\n<ul>\n<li>Au chiffre d\u2019affaires du m\u00eame mois de l\u2019une des deux ann\u00e9es pr\u00e9c\u00e9dentes,<\/li>\n<li>Au chiffre d\u2019affaires mensuel moyen de l\u2019ann\u00e9e 2019 ou de l\u2019ann\u00e9e 2020 ou,<\/li>\n<li>Pour les entreprises cr\u00e9\u00e9es en 2021, au montant mensuel moyen du chiffre d\u2019affaires r\u00e9alis\u00e9 entre la date de cr\u00e9ation de l\u2019entreprise et le 31 ao\u00fbt 2021.<\/li>\n<\/ul>\n<\/li>\n<\/ul>\n<\/div>\n<div class=\"encart \">\n<p>IMPORTANT<\/p>\n<p>Lorsque l\u2019entreprise constate une baisse de chiffre d\u2019affaires d\u2019au moins 30 % mais inf\u00e9rieure \u00e0 65 %, elle ne peut b\u00e9n\u00e9ficier que de l\u2019aide au paiement.<\/p>\n<\/div>\n<div class=\"css_text \">\n<p><strong>Exemple<\/strong><br \/>\n<em>Un restaurant remplit les conditions d\u2019\u00e9ligibilit\u00e9 : il a subi sur janvier 2022 une perte de chiffre d\u2019affaires :<\/em><br \/>\n<em>\u2013 De 80 % par rapport \u00e0 janvier 2021 : il pourra b\u00e9n\u00e9ficier de l\u2019exon\u00e9ration et de l\u2019aide au paiement des cotisations de 20 % ;<\/em><br \/>\n<em>\u2013 De 40 %, par rapport \u00e0 janvier 2021 : il ne pourra b\u00e9n\u00e9ficier que de l\u2019aide au paiement des cotisations de 20 % ;<\/em><br \/>\n<em>\u2013 De 10 % par rapport \u00e0 janvier 2021, il ne pourra b\u00e9n\u00e9ficier ni de l\u2019exon\u00e9ration, ni de l\u2019aide au paiement.<\/em><\/p>\n<p>Cette mesure porte sur les cotisations et contributions dues au titre de la p\u00e9riode d\u2019emploi (d\u00e9cembre 2021 et\/ou janvier 2022) au cours de laquelle les conditions d\u2019\u00e9ligibilit\u00e9 sont r\u00e9unies.<br \/>\nExemple\u00a0:<em>\u00a0une entreprise \u00e9ligible sur le mois de d\u00e9cembre 2021 pourra appliquer l\u2019aide au paiement au titre de la p\u00e9riode d\u2019emploi de d\u00e9cembre 2021.<\/em><\/p>\n<p>&nbsp;<\/p>\n<\/div>\n<div class=\"encart \">\n<p><strong>Nouveau\u00a0<\/strong><\/p>\n<p>Si l\u2019entreprise est \u00e9ligible, l\u2019aide au paiement peut \u00eatre appliqu\u00e9e \u00e0 tous les salari\u00e9s, quel que soit le montant de leur r\u00e9mun\u00e9ration, mais uniquement pour la partie inf\u00e9rieure \u00e0 4,5 fois le SMIC. La valeur du smic retenue est celle applicable pour la p\u00e9riode d\u2019emploi concern\u00e9e.<\/p>\n<\/div>\n<div class=\"encart_fill \">\n<p><strong>Cas des mandataires sociaux\u00a0<\/strong><\/p>\n<p>Pour les p\u00e9riodes d\u2019emploi de d\u00e9cembre 2021 et janvier 2022, une aide au paiement des cotisations est applicable pour les mandataires sociaux d\u00e8s lors que l\u2019entreprise dont ils sont mandataires leur a vers\u00e9 une r\u00e9mun\u00e9ration au cours du mois au titre duquel le dispositif est applicable.<\/p>\n<p>&nbsp;<\/p>\n<p>\u2022 Le montant de l\u2019aide est de 600 \u20ac par mois dans le cas o\u00f9 l\u2019entreprise dont ils sont mandataires a :<\/p>\n<p>\u2013 Soit fait l\u2019objet d\u2019une interdiction totale d\u2019accueil du public<\/p>\n<p>\u2013 Soit constat\u00e9 une baisse de chiffre d\u2019affaires d\u2019au moins 65 % par rapport \u00e0 celui du m\u00eame mois de l\u2019une des deux ann\u00e9es pr\u00e9c\u00e9dentes, au chiffre d\u2019affaires mensuel moyen de l\u2019ann\u00e9e 2019 ou de l\u2019ann\u00e9e 2020 ou pour les entreprises cr\u00e9\u00e9es en 2021, la p\u00e9riode de r\u00e9f\u00e9rence se rapporte au montant mensuel moyen du chiffre d\u2019affaires r\u00e9alis\u00e9 entre la date de cr\u00e9ation de l\u2019entreprise et le 31 ao\u00fbt 2021.<\/p>\n<p>&nbsp;<\/p>\n<p>\u2022 Le montant de l\u2019aide est de 300 \u20ac par mois dans le cas o\u00f9 l\u2019entreprise dont ils sont mandataires a constat\u00e9 une baisse de chiffre d\u2019affaires d\u2019au moins 30 % mais inf\u00e9rieure \u00e0 65 % par rapport \u00e0 celui du m\u00eame mois de l\u2019une des deux ann\u00e9es pr\u00e9c\u00e9dentes, au chiffre d\u2019affaires mensuel moyen de l\u2019ann\u00e9e 2019 ou de l\u2019ann\u00e9e 2020 ou pour les entreprises cr\u00e9\u00e9es en 2021, la p\u00e9riode de r\u00e9f\u00e9rence se rapporte au montant mensuel moyen du chiffre d\u2019affaires r\u00e9alis\u00e9 entre la date de cr\u00e9ation de l\u2019entreprise et le 31 ao\u00fbt 2021.<\/p>\n<\/div>\n<div class=\"css_text \">\n<p>&nbsp;<\/p>\n<h4>Modalit\u00e9s de d\u00e9claration<\/h4>\n<p>L\u2019employeur calcule et d\u00e9clare le montant de cette aide en DSN via le CTP 051 selon les modalit\u00e9s d\u00e9finies dans\u00a0<a href=\"https:\/\/net-entreprises.custhelp.com\/app\/answers\/detail_dsn\/a_id\/2349\" target=\"_blank\" rel=\"noopener\">la fiche consigne DSN<\/a>.<br \/>\nL\u2019aide au paiement applicable aux mandataires sociaux est \u00e9galement d\u00e9clar\u00e9e sous le CTP 051.<\/p>\n<p>&nbsp;<\/p>\n<h3><strong>4. Modalit\u00e9s de cumul<\/strong><\/h3>\n<p>L\u2019exon\u00e9ration de cotisations et l\u2019aide au paiement peuvent se cumuler.<\/p>\n<p>Par exception, lorsque l\u2019entreprise constate une baisse de chiffre d\u2019affaires d\u2019au moins 30 % mais inf\u00e9rieure \u00e0 65 %, elle ne peut b\u00e9n\u00e9ficier que de l\u2019aide au paiement.<br \/>\nL\u2019exon\u00e9ration et l\u2019aide au paiement des cotisations sont cumulables avec d\u2019autres dispositifs d\u2019exon\u00e9ration tels que la r\u00e9duction g\u00e9n\u00e9rale, l\u2019exon\u00e9ration LODEOM, les r\u00e9ductions de taux, la d\u00e9duction forfaitaire patronale au titre des heures suppl\u00e9mentaires.<\/p>\n<p>En revanche, elles ne sont pas cumulables avec le b\u00e9n\u00e9fice d\u2019autres dispositifs poursuivant les m\u00eames objectifs tel que l\u2019aide renforc\u00e9e au titre des \u00ab co\u00fbts fixes \u00bb pr\u00e9vue par le d\u00e9cret 2022-3 du 4 janvier 2022.<\/p>\n<\/div>\n<div class=\"encart \">\n<p><strong><em>Textes applicables :<\/em><\/strong><br \/>\n<a href=\"https:\/\/www.legifrance.gouv.fr\/jorf\/article_jo\/JORFARTI000045062866\" target=\"_blank\" rel=\"noopener\">Loi n\u00b02022\u201346 du 22 janvier 2022- art. 11<\/a><\/p>\n<p><a href=\"https:\/\/www.legifrance.gouv.fr\/eli\/decret\/2022\/2\/11\/2022-170\/jo\/texte\" target=\"_blank\" rel=\"noopener\">D\u00e9cret n\u00b0 2022-170 du 11 f\u00e9vrier 2022<\/a><\/p>\n<\/div>\n<div class=\"css_text \">\n<p>&nbsp;<\/p>\n<\/div>\n<div class=\"css_text \">\n<h2><strong>Les mesures applicables en 2020 et 2021<\/strong><\/h2>\n<p>Des mesures ont \u00e9t\u00e9 mises en place d\u00e8s le d\u00e9but de la crise sanitaire afin d\u2019accompagner les entreprises et associations directement impact\u00e9es par les cons\u00e9quences \u00e9conomiques.<\/p>\n<\/div>\n<\/div>\n<div class=\"contenu css_text\">\n<div class=\"encart \">\n<h2><strong>Modalit\u00e9s communes : \u00e9ligibilit\u00e9 aux dispositifs sur 2020 et 2021<\/strong><\/h2>\n<p>&nbsp;<\/p>\n<h4><a href=\"https:\/\/www.mesures-covid19.urssaf.fr\/?page_id=2539&amp;preview=true\" target=\"_blank\" rel=\"noopener\">Cliquez ici<\/a><\/h4>\n<\/div>\n<div class=\"accordeon \">\n<div class=\"entree\" tabindex=\"0\" role=\"button\" aria-expanded=\"false\" aria-controls=\"acc-620d0d15c95db\">\n<div>Les mesures applicables du 1<sup>er<\/sup>\u00a0f\u00e9vrier 2020 au 30 ao\u00fbt 2020 (LFR3 2020)<\/div>\n<\/div>\n<\/div>\n<div class=\"accordeon \">\n<div class=\"entree\" tabindex=\"0\" role=\"button\" aria-expanded=\"false\" aria-controls=\"acc-620d0d15c963c\">\n<div>Les mesures applicables du 1<sup>er<\/sup>\u00a0septembre 2020 au 30 avril 2021 (LFSS 2021)<\/div>\n<\/div>\n<\/div>\n<div class=\"accordeon \">\n<div class=\"entree\" tabindex=\"0\" role=\"button\" aria-expanded=\"false\" aria-controls=\"acc-620d0d15c9696\">\n<div>Les mesures applicables du 1<sup>er<\/sup>\u00a0mai 2021 au 31 d\u00e9cembre 2021<\/div>\n<\/div>\n<\/div>\n<\/div>\n<\/div>\n<\/article>\n<\/div>\n<p><a href=\"http:\/\/399h.mj.am\/lnk\/AL4AAL0S9WYAAciBp6oAAJsElBUAAYCrOI0Am3xSAAQepQBiDM9aWrVdGR6rSRKXhGUASAdluwADT3E\/4\/umdX7hsQsDaIC56a9Z9mjw\/aHR0cHM6Ly93d3cubWVzdXJlcy1jb3ZpZDE5LnVyc3NhZi5mci9lbnRyZXByaXNlcy1ldC1hc3NvY2lhdGlvbnMtMi0yLyM6fjp0ZXh0PUFmaW4lMjBk#:~:text=Afin%20d\" target=\"_blank\" rel=\"external nofollow noopener\" data-saferedirecturl=\"https:\/\/www.google.com\/url?q=http:\/\/399h.mj.am\/lnk\/AL4AAL0S9WYAAciBp6oAAJsElBUAAYCrOI0Am3xSAAQepQBiDM9aWrVdGR6rSRKXhGUASAdluwADT3E\/4\/umdX7hsQsDaIC56a9Z9mjw\/aHR0cHM6Ly93d3cubWVzdXJlcy1jb3ZpZDE5LnVyc3NhZi5mci9lbnRyZXByaXNlcy1ldC1hc3NvY2lhdGlvbnMtMi0yLyM6fjp0ZXh0PUFmaW4lMjBk%23:~:text%3DAfin%2520d&amp;source=gmail&amp;ust=1645108748194000&amp;usg=AOvVaw2kvZnUqooLna1MI2Rt0tki\">https:\/\/www.mesures-covid19.<wbr \/>urssaf.fr\/entreprises-et-<wbr \/>associations-2-2\/#\u00a0:\u00a0:text=<wbr \/>Afin%20d<\/a><a href=\"http:\/\/399h.mj.am\/lnk\/AL4AAL0S9WYAAciBp6oAAJsElBUAAYCrOI0Am3xSAAQepQBiDM9aWrVdGR6rSRKXhGUASAdluwADT3E\/5\/c6x75dbt-etoCWrNjwmNgQ\/aHR0cHM6Ly93d3cubWVzdXJlcy1jb3ZpZDE5LnVyc3NhZi5mci9lbnRyZXByaXNlcy1ldC1hc3NvY2lhdGlvbnMtMi0yLyM6fjp0ZXh0PUFmaW4lMjBk#:~:text=Afin%20d\" target=\"_blank\" rel=\"noopener\" data-saferedirecturl=\"https:\/\/www.google.com\/url?q=http:\/\/399h.mj.am\/lnk\/AL4AAL0S9WYAAciBp6oAAJsElBUAAYCrOI0Am3xSAAQepQBiDM9aWrVdGR6rSRKXhGUASAdluwADT3E\/5\/c6x75dbt-etoCWrNjwmNgQ\/aHR0cHM6Ly93d3cubWVzdXJlcy1jb3ZpZDE5LnVyc3NhZi5mci9lbnRyZXByaXNlcy1ldC1hc3NvY2lhdGlvbnMtMi0yLyM6fjp0ZXh0PUFmaW4lMjBk%23:~:text%3DAfin%2520d&amp;source=gmail&amp;ust=1645108748194000&amp;usg=AOvVaw3eElwWvxzJIg4lfE4PtP00\">\u2019accompagner%20les%<wbr \/>20entreprises,2022%20selon%<wbr \/>20de%20nouvelles%20modalit%C3%<wbr \/>A9s<\/a><\/p>\n<p>&nbsp;<\/p>\n","protected":false},"excerpt":{"rendered":"<p>Chers amis, chers confr\u00e8res, Une fois encore nos efforts sont r\u00e9compens\u00e9s, m\u00eame si -comme d&#8217;habitude- il y a des &#8220;trous dans la raquette&#8221; ! L&#8217;essentiel est acquis. L&#8217;analyse porte sur D\u00e9cembre 2021 et Janvier&#8230;<\/p>\n","protected":false},"author":2,"featured_media":0,"comment_status":"closed","ping_status":"closed","sticky":false,"template":"","format":"standard","meta":{"_mi_skip_tracking":false,"_monsterinsights_sitenote_active":false,"_monsterinsights_sitenote_note":"","_monsterinsights_sitenote_category":0},"categories":[1],"tags":[],"_links":{"self":[{"href":"https:\/\/sndll.info\/index.php?rest_route=\/wp\/v2\/posts\/6017"}],"collection":[{"href":"https:\/\/sndll.info\/index.php?rest_route=\/wp\/v2\/posts"}],"about":[{"href":"https:\/\/sndll.info\/index.php?rest_route=\/wp\/v2\/types\/post"}],"author":[{"embeddable":true,"href":"https:\/\/sndll.info\/index.php?rest_route=\/wp\/v2\/users\/2"}],"replies":[{"embeddable":true,"href":"https:\/\/sndll.info\/index.php?rest_route=%2Fwp%2Fv2%2Fcomments&post=6017"}],"version-history":[{"count":2,"href":"https:\/\/sndll.info\/index.php?rest_route=\/wp\/v2\/posts\/6017\/revisions"}],"predecessor-version":[{"id":6022,"href":"https:\/\/sndll.info\/index.php?rest_route=\/wp\/v2\/posts\/6017\/revisions\/6022"}],"wp:attachment":[{"href":"https:\/\/sndll.info\/index.php?rest_route=%2Fwp%2Fv2%2Fmedia&parent=6017"}],"wp:term":[{"taxonomy":"category","embeddable":true,"href":"https:\/\/sndll.info\/index.php?rest_route=%2Fwp%2Fv2%2Fcategories&post=6017"},{"taxonomy":"post_tag","embeddable":true,"href":"https:\/\/sndll.info\/index.php?rest_route=%2Fwp%2Fv2%2Ftags&post=6017"}],"curies":[{"name":"wp","href":"https:\/\/api.w.org\/{rel}","templated":true}]}}