{"id":6023,"date":"2022-02-17T12:31:12","date_gmt":"2022-02-17T11:31:12","guid":{"rendered":"https:\/\/sndll.info\/?p=6023"},"modified":"2022-02-17T12:31:12","modified_gmt":"2022-02-17T11:31:12","slug":"les-independants-evolution-du-statut","status":"publish","type":"post","link":"https:\/\/sndll.info\/?p=6023","title":{"rendered":"LES INDEPENDANTS: EVOLUTION DU STATUT"},"content":{"rendered":"<p>Chers amis,<\/p>\n<p>&nbsp;<\/p>\n<p>Bercy s&#8217;est fait l&#8217;\u00e9cho de l&#8217;\u00e9volution du statut des ind\u00e9pendants qui concerne quelques uns d&#8217;entre nous ou de nos collaborateurs que le SNDLL a toujours voulu d\u00e9fendre.<\/p>\n<p>Je vous mets en int\u00e9gralit\u00e9 la communication du Minist\u00e8re sur le sujet \u00e0 toutes fins utiles.<\/p>\n<p>Bien cordialement,<\/p>\n<p>Patrick MALVA\u00cbS<\/p>\n<p>&nbsp;<\/p>\n<div id=\"block-economie-page-title\" class=\"block block-core block-page-title-block\">\n<h1 class=\"page-title\"><span class=\"field field--name-title field--type-string field--label-hidden\">Adoption de la loi en faveur des ind\u00e9pendants<\/span><\/h1>\n<\/div>\n<div id=\"block-economie-content\" class=\"block block-system block-system-main-block\">\n<article class=\"node node--type-article node--view-mode-full portail\" role=\"article\" data-history-node-id=\"2874019\">\n<p class=\"article--infos\">15\/02\/2022<\/p>\n<div class=\"node__content\">\n<div class=\"clearfix text-formatted field field--name-field-chapo field--type-text-long field--label-hidden field__item\">\n<p>Le 8 f\u00e9vrier, l\u2019Assembl\u00e9e nationale et le S\u00e9nat ont, \u00e0 l\u2019unanimit\u00e9, adopt\u00e9 le projet de loi en faveur de l\u2019activit\u00e9 professionnelle ind\u00e9pendante. \u00c0 la suite de travaux qui ont dur\u00e9 plus d\u2019un an, cette loi publi\u00e9e au journal officiel du 15 f\u00e9vrier, vise \u00e0 cr\u00e9er un environnement juridique, fiscal et social plus simple et protecteur pour les\u00a0 ind\u00e9pendants.<\/p>\n<\/div>\n<div class=\"field field--name-field-paragraphes field--type-entity-reference-revisions field--label-hidden field__items\">\n<div class=\"field__item\">\n<div class=\"paragraph paragraph--type--contenu-libre paragraph--view-mode--default\">\n<div class=\"clearfix text-formatted field field--name-field-contenu-libre field--type-text-long field--label-hidden field__item\">\n<p>&nbsp;<\/p>\n<figure class=\"caption caption-img acti amb-0 aml-0 amr-0 amt-0 align-center\" role=\"group\"><img src=\"https:\/\/www.economie.gouv.fr\/files\/files\/2022\/AdobeStock_fleuriste550.jpg\" alt=\"\" width=\"550\" height=\"320\" data-entity-type=\"file\" data-entity-uuid=\"9999-9999-8888\" \/><figcaption>\u00a9Syda Productions \/ Stock.Adobe.com<\/figcaption><\/figure>\n<p>&nbsp;<\/p>\n<\/div>\n<\/div>\n<\/div>\n<div class=\"field__item\">\n<div class=\"paragraph paragraph--type--contenu-libre paragraph--view-mode--default\">\n<div class=\"clearfix text-formatted field field--name-field-contenu-libre field--type-text-long field--label-hidden field__item\">\n<p>Artisans, commer\u00e7ants, professions lib\u00e9rales, dirigeants de soci\u00e9t\u00e9s affili\u00e9s \u00e0 la s\u00e9curit\u00e9 sociale des travailleurs ind\u00e9pendants : la France compte environ\u00a0<strong>3 millions de travailleurs ind\u00e9pendants<\/strong>.<\/p>\n<p>Ce\u00a0<a class=\"ext\" title=\"\u00ab legifrance.gouv.fr \u00bb dans une nouvelle fen\u00eatre\" href=\"https:\/\/www.legifrance.gouv.fr\/jorf\/id\/JORFTEXT000045167536\" target=\"_blank\" rel=\"noopener\" data-extlink=\"\">texte de loi<\/a>\u00a0s\u2019inscrit dans la continuit\u00e9 des r\u00e9formes men\u00e9es dans le cadre de la\u00a0<a class=\"ext\" title=\"\u00ab legifrance.gouv.fr \u00bb dans une nouvelle fen\u00eatre\" href=\"https:\/\/www.legifrance.gouv.fr\/jorf\/id\/JORFTEXT000038496102\/\" target=\"_blank\" rel=\"noopener\" data-extlink=\"\">loi PACTE<\/a>, pour\u00a0<strong>favoriser la cr\u00e9ation d\u2019entreprises, faciliter leur croissance et simplifier les d\u00e9marches des ind\u00e9pendants<\/strong>. Il compl\u00e8te par ailleurs les mesures fiscales et sociales d\u00e9j\u00e0 adopt\u00e9es dans le cadre des\u00a0<a href=\"https:\/\/www.economie.gouv.fr\/projet-loi-de-finances-2022-plf\">lois de finances<\/a>\u00a0et\u00a0<a class=\"ext\" title=\"\u00ab legifrance.gouv.fr \u00bb dans une nouvelle fen\u00eatre\" href=\"https:\/\/www.legifrance.gouv.fr\/dossierlegislatif\/JORFDOLE000044172241\/\" target=\"_blank\" rel=\"noopener\" data-extlink=\"\">de financement de la s\u00e9curit\u00e9 sociale pour 2022.<\/a><\/p>\n<h2>Un environnement juridique, fiscal et social plus simple et protecteur pour les ind\u00e9pendants<\/h2>\n<p>Dans la continuit\u00e9 des mesures d\u00e9j\u00e0 prises, la\u00a0<a class=\"ext\" title=\"\u00ab legifrance.gouv.fr \u00bb dans une nouvelle fen\u00eatre\" href=\"https:\/\/www.legifrance.gouv.fr\/jorf\/id\/JORFTEXT000045167536\" target=\"_blank\" rel=\"noopener\" data-extlink=\"\">loi du 14 f\u00e9vrier 2022<\/a>\u00a0en faveur de l&#8217;activit\u00e9 professionnelle ind\u00e9pendante permet :<\/p>\n<ul>\n<li><strong>la cr\u00e9ation d\u2019un statut unique protecteur du patrimoine personnel<\/strong><strong>\u00a0<\/strong>pour exercer en nom propre une activit\u00e9 professionnelle et faciliter son passage en soci\u00e9t\u00e9. Dor\u00e9navant, l\u2019ensemble du patrimoine personnel de l\u2019entrepreneur individuel sera prot\u00e9g\u00e9. Il devient par d\u00e9faut insaisissable par les cr\u00e9anciers professionnels, sauf si l\u2019entrepreneur en d\u00e9cide autrement. Seuls les \u00e9l\u00e9ments utiles \u00e0 l\u2019activit\u00e9 professionnelle de l\u2019entrepreneur individuel pourront \u00eatre saisis en cas de d\u00e9faillance professionnelle. Parall\u00e8lement,\u00a0<strong>le statut d\u2019entrepreneur individuel \u00e0 responsabilit\u00e9 limit\u00e9 (EIRL)\u00a0<\/strong>est supprim\u00e9 et ses principaux avantages repris dans le nouveau statut ;<\/li>\n<li><strong>le rebond des travailleurs ind\u00e9pendants<\/strong>, en les rendant\u00a0<strong>\u00e9ligibles \u00e0 l\u2019allocation des travailleurs ind\u00e9pendants<\/strong>, lorsqu\u2019ils cessent leur activit\u00e9 devenue \u00e9conomiquement non viable, et en permettant que les dettes de cotisations et de contributions sociales des dirigeants majoritaires de soci\u00e9t\u00e9s anonymes \u00e0 responsabilit\u00e9 limit\u00e9e (SARL) puissent \u00eatre effac\u00e9es dans le cadre d\u2019une proc\u00e9dure de surendettement des particuliers ;<\/li>\n<li><strong>un environnement juridique plus adapt\u00e9 \u00e0 l\u2019activit\u00e9 des travailleurs ind\u00e9pendants<\/strong>, qui facilite leur\u00a0<strong>acc\u00e8s \u00e0 la formation<\/strong>\u00a0en organisant la fusion du fonds d\u2019assurance formation des artisans et des conseils de la formation des chambres de m\u00e9tier et de l\u2019artisanat ;<\/li>\n<li><strong>l\u2019adaptation de la proc\u00e9dure disciplinaire des experts-comptables ;<\/strong><\/li>\n<li>la possibilit\u00e9 pour les chambres de commerce et d\u2019industrie (CCI) de disposer d\u2019<strong>un cadre renouvel\u00e9 pour la n\u00e9gociation collective.<\/strong><\/li>\n<\/ul>\n<p>La loi permet \u00e9galement de :<\/p>\n<ul>\n<li>simplifier et rendre plus lisible le cadre juridique applicable aux professions lib\u00e9rales r\u00e9glement\u00e9es ;<\/li>\n<li>r\u00e9nover le code de l\u2019artisanat.<\/li>\n<\/ul>\n<p class=\"titre-bleu-1\">Presse<\/p>\n<p>Communiqu\u00e9<a class=\"ext\" title=\"\u00ab https:\/\/presse.economie.gouv.fr\/09-02-2022-adoption-definitive-du-projet-de-loi-en-faveur-de-lactivite-professionnelle-independante-2\/ \u00bb dans une nouvelle fen\u00eatre\" href=\"https:\/\/presse.economie.gouv.fr\/09-02-2022-adoption-definitive-du-projet-de-loi-en-faveur-de-lactivite-professionnelle-independante-2\/\" target=\"_blank\" rel=\"noopener\" data-extlink=\"\">\u00a0&#8211; Adoption d\u00e9finitive du projet de loi en faveur de l\u2019activit\u00e9 professionnelle ind\u00e9pendante\u00a0<\/a>&#8211; 09\/02\/2022<\/p>\n<p><a class=\"ext\" title=\"\u00ab legifrance.gouv.fr \u00bb dans une nouvelle fen\u00eatre\" href=\"https:\/\/www.legifrance.gouv.fr\/jorf\/id\/JORFTEXT000045167536\" target=\"_blank\" rel=\"noopener\" data-extlink=\"\">Loi n\u00b0 2022-172 du 14 f\u00e9vrier 2022 en faveur de l&#8217;activit\u00e9 professionnelle ind\u00e9pendante<\/a>\u00a0&#8211; JORF du 15\/02\/2022<\/p>\n<p class=\"fond-gris\"><a class=\"pdf\" href=\"https:\/\/www.economie.gouv.fr\/files\/files\/directions_services\/covid19-soutien-entreprises\/20210916_DP_Plan_independants.pdf?v=1645030183\">\u00a0\u00c0 t\u00e9l\u00e9charger : Plan Ind\u00e9pendants<\/a>\u00a0&#8211; septembre 2021 [PDF; 2,3 Mo]<\/p>\n<p><em>Premi\u00e8re publication le 09\/02\/2022<\/em><\/p>\n<\/div>\n<\/div>\n<\/div>\n<\/div>\n<\/div>\n<\/article>\n<\/div>\n<p>&nbsp;<\/p>\n","protected":false},"excerpt":{"rendered":"<p>Chers amis, &nbsp; Bercy s&#8217;est fait l&#8217;\u00e9cho de l&#8217;\u00e9volution du statut des ind\u00e9pendants qui concerne quelques uns d&#8217;entre nous ou de nos collaborateurs que le SNDLL a toujours voulu d\u00e9fendre. Je vous mets en&#8230;<\/p>\n","protected":false},"author":2,"featured_media":0,"comment_status":"closed","ping_status":"closed","sticky":false,"template":"","format":"standard","meta":{"_mi_skip_tracking":false,"_monsterinsights_sitenote_active":false,"_monsterinsights_sitenote_note":"","_monsterinsights_sitenote_category":0},"categories":[1],"tags":[],"_links":{"self":[{"href":"https:\/\/sndll.info\/index.php?rest_route=\/wp\/v2\/posts\/6023"}],"collection":[{"href":"https:\/\/sndll.info\/index.php?rest_route=\/wp\/v2\/posts"}],"about":[{"href":"https:\/\/sndll.info\/index.php?rest_route=\/wp\/v2\/types\/post"}],"author":[{"embeddable":true,"href":"https:\/\/sndll.info\/index.php?rest_route=\/wp\/v2\/users\/2"}],"replies":[{"embeddable":true,"href":"https:\/\/sndll.info\/index.php?rest_route=%2Fwp%2Fv2%2Fcomments&post=6023"}],"version-history":[{"count":1,"href":"https:\/\/sndll.info\/index.php?rest_route=\/wp\/v2\/posts\/6023\/revisions"}],"predecessor-version":[{"id":6025,"href":"https:\/\/sndll.info\/index.php?rest_route=\/wp\/v2\/posts\/6023\/revisions\/6025"}],"wp:attachment":[{"href":"https:\/\/sndll.info\/index.php?rest_route=%2Fwp%2Fv2%2Fmedia&parent=6023"}],"wp:term":[{"taxonomy":"category","embeddable":true,"href":"https:\/\/sndll.info\/index.php?rest_route=%2Fwp%2Fv2%2Fcategories&post=6023"},{"taxonomy":"post_tag","embeddable":true,"href":"https:\/\/sndll.info\/index.php?rest_route=%2Fwp%2Fv2%2Ftags&post=6023"}],"curies":[{"name":"wp","href":"https:\/\/api.w.org\/{rel}","templated":true}]}}