{"id":6031,"date":"2022-02-23T10:47:17","date_gmt":"2022-02-23T09:47:17","guid":{"rendered":"https:\/\/sndll.info\/?p=6031"},"modified":"2022-02-23T10:49:33","modified_gmt":"2022-02-23T09:49:33","slug":"aide-nouvelle-entreprise-consolidation","status":"publish","type":"post","link":"https:\/\/sndll.info\/?p=6031","title":{"rendered":"AIDE NOUVELLE ENTREPRISE CONSOLIDATION"},"content":{"rendered":"<p>Chers amis, chers confr\u00e8res,<\/p>\n<p>Au titre des &#8220;trous dans la raquette&#8221; de l&#8217;aide &#8220;co\u00fbts fixes consolidation&#8221;,\u00a0 instaur\u00e9e par le D\u00e9cret N\u00b02022-111 du 2 F\u00e9vrier dernier, nous avions attir\u00e9 l&#8217;attention de Bercy sur <strong><span style=\"color: #0000ff;\">le sort des entreprises &#8220;nouvelles&#8221; cr\u00e9\u00e9es entre le 01\/01\/19 et le 31\/10\/21.<\/span><\/strong><\/p>\n<p>Un nouveau D\u00e9cret\u00a0 (<strong><span style=\"color: #0000ff;\"> <a style=\"color: #0000ff;\" href=\"https:\/\/sndll.info\/wp-content\/uploads\/2022\/02\/joe_20220222_0044_0010-2.pdf\">joe_20220222_0044_0010 (2)<\/a><\/span><\/strong> )\u00a0 paru ce mardi 22\/02 vient compl\u00e9ter le vide.<\/p>\n<p>IL <strong><span style=\"color: #ff00ff;\">met en place une aide dite \u00ab nouvelle entreprise consolidation \u00bb,<\/span> <\/strong>qui est le pendant de l\u2019aide \u00ab co\u00fbts fixes consolidation \u00bb instaur\u00e9e par le d\u00e9cret no 2022-111 du 2 f\u00e9vrier 2022 pour les entreprises cr\u00e9\u00e9es entre le 1er janvier 2019 et le 31 octobre 2021.<\/p>\n<p>Comme pour l\u2019aide \u00ab co\u00fbts fixes consolidation \u00bb, cette aide est accessible aux entreprises remplissant, pour la p\u00e9riode \u00e9ligible comprise entre le 1er d\u00e9cembre 2021 et le 31 janvier 2022, les conditions suivantes :<br \/>\n\u2013 exercer une activit\u00e9 principale dans un secteur mentionn\u00e9 \u00e0 l\u2019annexe 1 ou \u00e0 l\u2019annexe 2 du d\u00e9cret mettant en \u0153uvre le fonds de solidarit\u00e9 du 30 mars\u00a0 \u00a0 \u00a02020 dans sa r\u00e9daction en vigueur au 30 juin 2021 <span style=\"color: #ff00ff;\">(discoth\u00e8ques concern\u00e9es)<\/span><br \/>\n\u2013 disposer d\u2019un EBE co\u00fbts fixes consolidation au cours du mois \u00e9ligible, tel que calcul\u00e9 par la formule en annexe du d\u00e9cret \u00ab co\u00fbts fixes consolidation \u00bb \u2013 avoir subi une perte de chiffre d\u2019affaires d\u2019au moins 50 % au cours du mois \u00e9ligible.<\/p>\n<p>Pour chaque p\u00e9riode \u00e9ligible, l\u2019aide prend la forme d\u2019une subvention dont le montant s\u2019\u00e9l\u00e8ve \u00e0 la somme, pour chaque mois \u00e9ligible, de 70 % de l\u2019oppos\u00e9 math\u00e9matique de l\u2019exc\u00e9dent brut d\u2019exploitation co\u00fbts fixes consolidation constat\u00e9 pour ledit mois. Par d\u00e9rogation, pour les petites entreprises ce taux est port\u00e9 \u00e0 90 %.<\/p>\n<p>L\u2019aide est plafonn\u00e9e, conform\u00e9ment \u00e0 la d\u00e9cision de la Commission europ\u00e9enne no SA.56985 modifi\u00e9e \u00e0 2,3 M\u20ac.<br \/>\nCe plafond prend en compte l\u2019ensemble des aides vers\u00e9es depuis mars 2021 au titre de cette d\u00e9cision, notamment le fonds de solidarit\u00e9, l\u2019aide \u00ab nouvelle entreprise \u00bb, l\u2019aide \u00ab nouvelle entreprise rebond \u00bb.<\/p>\n<p>Les demandes d\u2019aide seront d\u00e9pos\u00e9es par voie d\u00e9mat\u00e9rialis\u00e9e sur le site impots.gouv.fr avant le 30 avril 2022.<br \/>\nLe cas \u00e9ch\u00e9ant, les demandes devront intervenir dans un d\u00e9lai de 45 jours apr\u00e8s le b\u00e9n\u00e9fice des autres aides mises en place pour chaque mois \u00e9ligible, notamment l\u2019aide renfort et le fonds de solidarit\u00e9.<\/p>\n<p><strong><span style=\"color: #ff0000;\">PETITS RAPPELS:<\/span><\/strong><\/p>\n<p><strong><u>Calcul de la perte de chiffre d\u2019affaires\u00a0:<\/u><\/strong><\/p>\n<p>La perte de chiffre d\u2019affaires pour le mois \u00e9ligible est d\u00e9finie comme la diff\u00e9rence entre, d\u2019une part, le chiffre d\u2019affaires constat\u00e9 au cours du mois et, d\u2019autre part, le chiffre d\u2019affaires de r\u00e9f\u00e9rence d\u00e9fini comme\u00a0:<\/p>\n<ul>\n<li>Pour les entreprises cr\u00e9\u00e9es entre le 1er janvier 2019 et le 31 mai 2019, le chiffre d\u2019affaires mensuel moyen de l\u2019ann\u00e9e 2019\u00a0;<\/li>\n<li>Pour les entreprises cr\u00e9\u00e9es entre le 1er juin 2019 et le 29 f\u00e9vrier 2020, le chiffre d\u2019affaires mensuel moyen sur la p\u00e9riode comprise entre la date de cr\u00e9ation de l\u2019entreprise et le 29 f\u00e9vrier 2020\u00a0;<\/li>\n<li>Pour les entreprises cr\u00e9\u00e9es entre le 1er mars 2020 et le 31 octobre 2021, le chiffre d\u2019affaires mensuel moyen r\u00e9alis\u00e9 entre le 1er ao\u00fbt 2021 ou, si elle est post\u00e9rieure, la date de cr\u00e9ation de l\u2019entreprise, et le 30 novembre 2021.<\/li>\n<\/ul>\n<p>&nbsp;<\/p>\n<p><strong><u>D\u00e9p\u00f4t de la demande\u00a0:<\/u><\/strong><\/p>\n<p>La demande au titre de la p\u00e9riode \u00e9ligible comprise entre le 1er d\u00e9cembre 2021 et le 31 janvier 2022 est d\u00e9pos\u00e9e, par voie d\u00e9mat\u00e9rialis\u00e9e, avant le 30 avril 2022.<\/p>\n<p>La demande est r\u00e9alis\u00e9e sur le site des imp\u00f4ts. Elle doit \u00eatre accompagn\u00e9e des justificatifs suivants\u00a0:<\/p>\n<p>\u2022 une d\u00e9claration sur l\u2019honneur attestant que l\u2019entreprise remplit les conditions pr\u00e9vues par le d\u00e9cret et l\u2019exactitude des informations d\u00e9clar\u00e9es,<\/p>\n<p>\u2022 une attestation d\u2019un expert-comptable,<\/p>\n<p>\u2022 le calcul de l\u2019exc\u00e9dent brut d\u2019exploitation co\u00fbts fixes consolidation,<\/p>\n<p>\u2022 la balance g\u00e9n\u00e9rale pour chaque p\u00e9riode \u00e9ligible,<\/p>\n<p>\u2022 les coordonn\u00e9es bancaires de l\u2019entreprise.<\/p>\n<p>Nous vous invitons vous rapprocher de votre expert-comptable afin de d\u00e9poser cette demande.<\/p>\n<p><u><strong>Calcul de l\u2019exc\u00e9dent brut d\u2019exploitation\u202f\u00a0:<\/strong><\/u><\/p>\n<p>L\u2019exc\u00e9dent brut d\u2019exploitation est calcul\u00e9 selon la formule suivante\u00a0:<\/p>\n<p>EBE = [Recettes + subventions d\u2019exploitation &#8211; achats consomm\u00e9s &#8211; consommations en provenance de tiers &#8211; charges de personnels &#8211; imp\u00f4ts et taxes et versements assimil\u00e9s &#8211; redevances vers\u00e9es + redevances re\u00e7ues].<\/p>\n<p>En pratique, cette formule revient \u00e0 effectuer la somme de l\u2019ensemble des \u00e9critures des postes comptable suivants pour la p\u00e9riode concern\u00e9e\u00a0: EBE = [compte 70 + compte 74 &#8211; compte 60 &#8211; compte 61 &#8211; compte 62 &#8211; compte 63 &#8211; compte 64 &#8211; compte 651 + compte 751].<\/p>\n<p>&nbsp;<\/p>\n<p>Bien cordialement<\/p>\n<p>&nbsp;<\/p>\n<p>Patrick MALVA\u00cbS<\/p>\n","protected":false},"excerpt":{"rendered":"<p>Chers amis, chers confr\u00e8res, Au titre des &#8220;trous dans la raquette&#8221; de l&#8217;aide &#8220;co\u00fbts fixes consolidation&#8221;,\u00a0 instaur\u00e9e par le D\u00e9cret N\u00b02022-111 du 2 F\u00e9vrier dernier, nous avions attir\u00e9 l&#8217;attention de Bercy sur le sort&#8230;<\/p>\n","protected":false},"author":2,"featured_media":0,"comment_status":"closed","ping_status":"closed","sticky":false,"template":"","format":"standard","meta":{"_mi_skip_tracking":false,"_monsterinsights_sitenote_active":false,"_monsterinsights_sitenote_note":"","_monsterinsights_sitenote_category":0},"categories":[1],"tags":[],"_links":{"self":[{"href":"https:\/\/sndll.info\/index.php?rest_route=\/wp\/v2\/posts\/6031"}],"collection":[{"href":"https:\/\/sndll.info\/index.php?rest_route=\/wp\/v2\/posts"}],"about":[{"href":"https:\/\/sndll.info\/index.php?rest_route=\/wp\/v2\/types\/post"}],"author":[{"embeddable":true,"href":"https:\/\/sndll.info\/index.php?rest_route=\/wp\/v2\/users\/2"}],"replies":[{"embeddable":true,"href":"https:\/\/sndll.info\/index.php?rest_route=%2Fwp%2Fv2%2Fcomments&post=6031"}],"version-history":[{"count":3,"href":"https:\/\/sndll.info\/index.php?rest_route=\/wp\/v2\/posts\/6031\/revisions"}],"predecessor-version":[{"id":6036,"href":"https:\/\/sndll.info\/index.php?rest_route=\/wp\/v2\/posts\/6031\/revisions\/6036"}],"wp:attachment":[{"href":"https:\/\/sndll.info\/index.php?rest_route=%2Fwp%2Fv2%2Fmedia&parent=6031"}],"wp:term":[{"taxonomy":"category","embeddable":true,"href":"https:\/\/sndll.info\/index.php?rest_route=%2Fwp%2Fv2%2Fcategories&post=6031"},{"taxonomy":"post_tag","embeddable":true,"href":"https:\/\/sndll.info\/index.php?rest_route=%2Fwp%2Fv2%2Ftags&post=6031"}],"curies":[{"name":"wp","href":"https:\/\/api.w.org\/{rel}","templated":true}]}}