{"id":6042,"date":"2022-02-27T13:17:09","date_gmt":"2022-02-27T12:17:09","guid":{"rendered":"https:\/\/sndll.info\/?p=6042"},"modified":"2022-02-27T13:17:09","modified_gmt":"2022-02-27T12:17:09","slug":"election-presidentielle","status":"publish","type":"post","link":"https:\/\/sndll.info\/?p=6042","title":{"rendered":"ELECTION PRESIDENTIELLE"},"content":{"rendered":"<p>En vue de la prochaine \u00e9ch\u00e9ance pr\u00e9sidentielle, le gouvernement a mis au point un<strong><span style=\"color: #0000ff;\"> ensemble d&#8217;\u00e9l\u00e9ments d&#8217;information sur le d\u00e9roulement pratique de cette \u00e9lection.<\/span><\/strong><\/p>\n<p>Pour \u00eatre <strong><span style=\"color: #ff00ff;\">utile aux citoyens, notamment les plus jeunes<\/span><\/strong>, il nous a \u00e9t\u00e9 demand\u00e9 de vous diffuser le kit d&#8217;information gouvernementale pour la diffusion la plus large.<\/p>\n<p>Nous vous joignons ci-dessous la communication des services du Premier Ministre sur le sujet.<\/p>\n<p>Il ne s&#8217;agit pas pour le SNDLL de faire un acte politique ou du pros\u00e9lytisme, mais simplement de vous inviter \u00e0 un acte citoyen qui n&#8217;a rien \u00e0 voir avec un quelconque engagement de notre part. Il nous a sembl\u00e9 utile de vous donner ces informations.<\/p>\n<p>Nous esp\u00e9rons que vous pourrez en faire le meilleur usage.<\/p>\n<p>Bien cordialement<\/p>\n<p>Patrick MALVA\u00cbS<\/p>\n<p style=\"font-weight: 400;\">En compl\u00e9ment du lancement fin janvier\u00a0<a href=\"https:\/\/www.elections.interieur.gouv.fr\/\" data-saferedirecturl=\"https:\/\/www.google.com\/url?q=https:\/\/www.elections.interieur.gouv.fr\/&amp;source=gmail&amp;ust=1646033749925000&amp;usg=AOvVaw3rqD4GafdVXaKq9KemDeJ6\">d\u2019une plateforme unique<\/a>\u00a0pour un acc\u00e8s simplifi\u00e9 aux d\u00e9marches relatives au scrutin et afin de f\u00e9d\u00e9rer autour d\u2019un m\u00eame mot d\u2019ordre, le Gouvernement lance ce jour une campagne d\u2019information \u00ab\u00a0Allons voter\u00a0! \u00bb.<\/p>\n<p style=\"font-weight: 400;\">Concernant\u00a0<strong><u>l\u2019inscription sur les listes \u00e9lectorales<\/u><\/strong>\u00a0et donc diffusables\u00a0<strong><u>jusqu\u2019au 4 mars<\/u><\/strong>\u00a0:<\/p>\n<p style=\"font-weight: 400;\">Vous trouverez dans le\u00a0<a href=\"https:\/\/outil-projets.wimi.pro\/shared\/#\/folder\/c3cd698995c316e9530fa0661860387d61b3ef6a91761b16caa672622ff41abe\" data-saferedirecturl=\"https:\/\/www.google.com\/url?q=https:\/\/outil-projets.wimi.pro\/shared\/%23\/folder\/c3cd698995c316e9530fa0661860387d61b3ef6a91761b16caa672622ff41abe&amp;source=gmail&amp;ust=1646033749925000&amp;usg=AOvVaw0H3czcOorKVaDVo3bxUnf8\">kit de communication<\/a>\u00a0les \u00e9l\u00e9ments suivants\u00a0:<\/p>\n<p style=\"font-weight: 400;\">o\u00a0\u00a0 Affiches A4 &amp; A5<\/p>\n<p style=\"font-weight: 400;\">o\u00a0\u00a0 Formats vid\u00e9os (de moins de 30s sans son)<\/p>\n<p style=\"font-weight: 400;\">o\u00a0\u00a0 Visuels r\u00e9seaux sociaux statiques et anim\u00e9s<\/p>\n<p style=\"font-weight: 400;\">Concernant\u00a0<strong><u>l\u2019incitation au vote<\/u><\/strong>\u00a0et donc diffusables\u00a0<strong><u>jusqu\u2019au scrutin<\/u><\/strong>\u00a0:<\/p>\n<p style=\"font-weight: 400;\">\n<p style=\"font-weight: 400;\">\n<p style=\"font-weight: 400;\">\n","protected":false},"excerpt":{"rendered":"<p>En vue de la prochaine \u00e9ch\u00e9ance pr\u00e9sidentielle, le gouvernement a mis au point un ensemble d&#8217;\u00e9l\u00e9ments d&#8217;information sur le d\u00e9roulement pratique de cette \u00e9lection. Pour \u00eatre utile aux citoyens, notamment les plus jeunes, il&#8230;<\/p>\n","protected":false},"author":2,"featured_media":0,"comment_status":"closed","ping_status":"closed","sticky":false,"template":"","format":"standard","meta":{"_mi_skip_tracking":false,"_monsterinsights_sitenote_active":false,"_monsterinsights_sitenote_note":"","_monsterinsights_sitenote_category":0},"categories":[1],"tags":[],"_links":{"self":[{"href":"https:\/\/sndll.info\/index.php?rest_route=\/wp\/v2\/posts\/6042"}],"collection":[{"href":"https:\/\/sndll.info\/index.php?rest_route=\/wp\/v2\/posts"}],"about":[{"href":"https:\/\/sndll.info\/index.php?rest_route=\/wp\/v2\/types\/post"}],"author":[{"embeddable":true,"href":"https:\/\/sndll.info\/index.php?rest_route=\/wp\/v2\/users\/2"}],"replies":[{"embeddable":true,"href":"https:\/\/sndll.info\/index.php?rest_route=%2Fwp%2Fv2%2Fcomments&post=6042"}],"version-history":[{"count":1,"href":"https:\/\/sndll.info\/index.php?rest_route=\/wp\/v2\/posts\/6042\/revisions"}],"predecessor-version":[{"id":6044,"href":"https:\/\/sndll.info\/index.php?rest_route=\/wp\/v2\/posts\/6042\/revisions\/6044"}],"wp:attachment":[{"href":"https:\/\/sndll.info\/index.php?rest_route=%2Fwp%2Fv2%2Fmedia&parent=6042"}],"wp:term":[{"taxonomy":"category","embeddable":true,"href":"https:\/\/sndll.info\/index.php?rest_route=%2Fwp%2Fv2%2Fcategories&post=6042"},{"taxonomy":"post_tag","embeddable":true,"href":"https:\/\/sndll.info\/index.php?rest_route=%2Fwp%2Fv2%2Ftags&post=6042"}],"curies":[{"name":"wp","href":"https:\/\/api.w.org\/{rel}","templated":true}]}}