{"id":6049,"date":"2022-03-04T11:24:55","date_gmt":"2022-03-04T10:24:55","guid":{"rendered":"https:\/\/sndll.info\/?p=6049"},"modified":"2022-03-04T11:25:37","modified_gmt":"2022-03-04T10:25:37","slug":"les-mesures-de-soutien-a-ce-jour","status":"publish","type":"post","link":"https:\/\/sndll.info\/?p=6049","title":{"rendered":"LES MESURES DE SOUTIEN A CE JOUR"},"content":{"rendered":"<p>Chers amis, chers confr\u00e8res,<\/p>\n<p>&nbsp;<\/p>\n<p>Bercy a adress\u00e9 un r\u00e9capitulatif des aides \u00e0 ce jour, notamment pour les discoth\u00e8ques.<\/p>\n<p>Je vous joins ce r\u00e9capitulatif pour que vous avisiez avec votre comptable votre situation personnelle.<\/p>\n<p>Bien cordialement,<\/p>\n<p>Patrick MALVA\u00cbS<\/p>\n<div id=\"block-economie-page-title\" class=\"block block-core block-page-title-block\">\n<h1 class=\"page-title\"><span class=\"field field--name-title field--type-string field--label-hidden\">Crise sanitaire : les mesures de soutien pour les entreprises impact\u00e9es par la reprise \u00e9pid\u00e9mique<\/span><\/h1>\n<\/div>\n<div id=\"block-economie-content\" class=\"block block-system block-system-main-block\">\n<article class=\"node node--type-actualite-espace node--view-mode-full\" role=\"article\" data-history-node-id=\"2489276\">\n<div class=\"article--infos\">24\/02\/2022<\/div>\n<div class=\"node__content\">\n<div class=\"clearfix text-formatted field field--name-field-chapo field--type-text-long field--label-hidden field__item\">\n<p>Alors que la crise sanitaire a connu une acc\u00e9l\u00e9ration depuis la fin d&#8217;ann\u00e9e 2021, le Gouvernement a souhait\u00e9 maintenir le soutien aux entreprises dont l\u2019activit\u00e9 a \u00e9t\u00e9 affect\u00e9e par les mesures mises en place. D\u00e9tail des aides en vigueur\u00a0<strong>en m\u00e9tropole et dans les territoires ultra-marins<\/strong>.<\/p>\n<\/div>\n<div class=\"article--image\">\n<div class=\"field field--name-field-image-contenu field--type-image field--label-hidden field__item\"><img class=\"image-style-image-contenu-actualite-espace\" src=\"https:\/\/www.economie.gouv.fr\/files\/styles\/image_contenu_actualite_espace\/public\/files\/directions_services\/covid19-soutien-entreprises\/Fonds_solidarite.jpg?h=e991bf80&amp;itok=sed4MZNR\" alt=\"\" width=\"550\" height=\"320\" \/><\/div>\n<div class=\"field field--name-field-legende field--type-string field--label-hidden field__item\">\u00a9MIMOHE \/ Stock.Adobe.com<\/div>\n<\/div>\n<div class=\"field field--name-field-paragraphes field--type-entity-reference-revisions field--label-hidden field__items\">\n<div class=\"field__item\">\n<div class=\"paragraph paragraph--type--contenu-libre paragraph--view-mode--default\">\n<div class=\"clearfix text-formatted field field--name-field-contenu-libre field--type-text-long field--label-hidden field__item\">\n<div class=\"paragraph--type--bloc-bloc-de-texte-encadre- titre--like\">\n<p class=\"field--name-field-titre\">Un soutien renforc\u00e9 pour les ind\u00e9pendants et micro-entrepreneurs<\/p>\n<div class=\"field--name-field-contenu-libre\">\n<p>Le Gouvernement a pr\u00e9sent\u00e9 le 28 janvier dernier les dispositifs auxquels peuvent faire appel les ind\u00e9pendants et micro-entrepreneurs dont l\u2019activit\u00e9 est affect\u00e9e par la crise sanitaire.\u00a0<a href=\"https:\/\/www.economie.gouv.fr\/covid19-soutien-entreprises\/crise-sanitaire-dispositifs-soutien-micro-entrepreneurs\">D\u00e9tail des aides<\/a>.<\/p>\n<\/div>\n<\/div>\n<p>Avec l\u2019\u00e9volution de la situation sanitaire, certains secteurs d\u2019activit\u00e9 ont connu \u00a0un ralentissement de leurs activit\u00e9s. C\u2019est le cas en particulier des secteurs de l\u2019\u00e9v\u00e9nementiel, de l&#8217;h\u00f4tellerie-restauration, des traiteurs, des agences de voyage et des entreprises de loisir indoor.<\/p>\n<div class=\"paragraph--type--bloc-bloc-de-texte-encadre- titre--like\">\n<p class=\"field--name-field-titre\">Focus<\/p>\n<div class=\"field--name-field-contenu-libre\">\n<ul>\n<li><a href=\"https:\/\/www.economie.gouv.fr\/covid19-soutien-entreprises\/crise-sanitaire-mesures-soutien-discotheques\">Crise sanitaire : les mesures de soutien pour les discoth\u00e8ques<\/a><\/li>\n<li><a href=\"https:\/\/www.economie.gouv.fr\/covid19-soutien-entreprises\/crise-sanitaire-reactivation-aides-transversales-secteur-culture\">Crise sanitaire : r\u00e9activation des aides transversales au secteur de la culture<\/a><\/li>\n<li><a href=\"https:\/\/www.economie.gouv.fr\/covid19-soutien-entreprises\/crise-sanitaire-mesures-soutien-secteur-sportif\">Crise sanitaire : les mesures de soutien pour le secteur sportif<\/a><\/li>\n<li><a href=\"https:\/\/www.economie.gouv.fr\/covid19-soutien-entreprises\/crise-sanitaire-dispositifs-soutien-micro-entrepreneurs\">Crise sanitaire : les dispositifs de soutien pour les micro-entrepreneurs<\/a><\/li>\n<\/ul>\n<\/div>\n<\/div>\n<h2>Un soutien sp\u00e9cifique pour les entreprises des secteurs les plus affect\u00e9s<\/h2>\n<h3>Le dispositif \u00ab co\u00fbts fixes consolidation \u00bb<\/h3>\n<p>Pour les\u00a0<strong>mois de d\u00e9cembre 2021 et de janvier 2022<\/strong>, les entreprises des secteurs impact\u00e9s (<a class=\"ext\" title=\"\u00ab legifrance.gouv.fr \u00bb dans une nouvelle fen\u00eatre\" href=\"https:\/\/www.legifrance.gouv.fr\/loda\/article_lc\/LEGIARTI000043107675\" target=\"_blank\" rel=\"noopener\" data-extlink=\"\">S1<\/a>,\u00a0<a class=\"ext\" title=\"\u00ab legifrance.gouv.fr \u00bb dans une nouvelle fen\u00eatre\" href=\"https:\/\/www.legifrance.gouv.fr\/loda\/article_lc\/LEGIARTI000043724232\" target=\"_blank\" rel=\"noopener\" data-extlink=\"\">S1 Bis<\/a>) peuvent b\u00e9n\u00e9ficier du\u00a0<a href=\"https:\/\/www.economie.gouv.fr\/covid19-soutien-entreprises\/prise-en-charge-couts-fixes-entreprises\">dispositif \u00ab co\u00fbts fixes consolidation \u00bb<\/a>. Cette aide est accessible aux entreprises ayant \u00e9t\u00e9 cr\u00e9\u00e9es avant le 1er janvier 2019 et remplissant, pour la p\u00e9riode \u00e9ligible comprise entre le 1<sup>er<\/sup>\u00a0d\u00e9cembre 2021 et le 31 janvier 2022, les conditions suivantes :<\/p>\n<ul>\n<li>exercer une activit\u00e9 principale dans un secteur mentionn\u00e9 \u00e0 l&#8217;annexe 1 ou \u00e0 l&#8217;annexe 2 du d\u00e9cret mettant en \u0153uvre le fonds de solidarit\u00e9 du 30 mars 2020 dans sa r\u00e9daction en vigueur au 30 juin 2021 ;<\/li>\n<li>disposer d&#8217;un EBE co\u00fbts fixes consolidation n\u00e9gatif au cours du mois \u00e9ligible, tel que calcul\u00e9 par la formule en annexe du d\u00e9cret ;<\/li>\n<li>avoir subi une perte de chiffre d&#8217;affaires d&#8217;au moins 50 % au cours du mois \u00e9ligible.<\/li>\n<\/ul>\n<p>Pour la p\u00e9riode \u00e9ligible d\u00e9cembre 2021- janvier 2022, l&#8217;aide prend la forme d&#8217;une subvention dont le montant s&#8217;\u00e9l\u00e8ve \u00e0 la somme, pour chaque mois \u00e9ligible, de 70 % de l&#8217;oppos\u00e9 math\u00e9matique de l&#8217;exc\u00e9dent brut d&#8217;exploitation co\u00fbts fixes consolidation constat\u00e9 pour ledit mois. Par d\u00e9rogation, pour les petites entreprises ce taux est port\u00e9 \u00e0 90 %.<\/p>\n<p>Le\u00a0<a class=\"ext\" title=\"\u00ab legifrance.gouv.fr \u00bb dans une nouvelle fen\u00eatre\" href=\"https:\/\/www.legifrance.gouv.fr\/jorf\/id\/JORFTEXT000045197880\" target=\"_blank\" rel=\"noopener\" data-extlink=\"\">d\u00e9cret n\u00b0 2022-223 du 21 f\u00e9vrier 2022<\/a>\u00a0ajoute \u00e0 l\u2019article 2 du\u00a0<a class=\"ext\" title=\"\u00ab legifrance.gouv.fr \u00bb dans une nouvelle fen\u00eatre\" href=\"https:\/\/www.legifrance.gouv.fr\/jorf\/id\/JORFTEXT000045113785\" target=\"_blank\" rel=\"noopener\" data-extlink=\"\">d\u00e9cret n\u00b0 2022-111 du 2 f\u00e9vrier 2022<\/a>\u00a0<strong>une limitation au montant de l&#8217;aide<\/strong>\u00a0qui ne peut exc\u00e9der la perte effective de chiffre d&#8217;affaires.<\/p>\n<p>Les demandes d&#8217;aide peuvent \u00eatre d\u00e9pos\u00e9es par voie d\u00e9mat\u00e9rialis\u00e9e sur le site\u00a0<a class=\"ext\" title=\"\u00ab impots.gouv.fr \u00bb dans une nouvelle fen\u00eatre\" href=\"http:\/\/www.impots.gouv.fr\/\" target=\"_blank\" rel=\"noopener\" data-extlink=\"\">impots.gouv.fr<\/a>,\u00a0<strong>depuis le 3 f\u00e9vrier 2022 et ce, jusqu\u2019au 31 mars 2022<\/strong>.<\/p>\n<h3>Une aide \u00ab nouvelle entreprise consolidation \u00bb<\/h3>\n<p>Le\u00a0<a class=\"ext\" title=\"\u00ab legifrance.gouv.fr \u00bb dans une nouvelle fen\u00eatre\" href=\"https:\/\/www.legifrance.gouv.fr\/jorf\/id\/JORFTEXT000045197880\" target=\"_blank\" rel=\"noopener\" data-extlink=\"\">d\u00e9cret n\u00b0 2022-221 du 21 f\u00e9vrier 2022<\/a>\u00a0institue\u00a0<strong>une aide \u00ab nouvelle entreprise consolidation \u00bb<\/strong>\u00a0qui est le pendant de l&#8217;aide \u00ab co\u00fbts fixes consolidation \u00bb instaur\u00e9e par le d\u00e9cret n\u00b0 2022-111 du 2 f\u00e9vrier 2022 pour les entreprises cr\u00e9\u00e9es entre le 1<sup>er\u00a0<\/sup>janvier 2019 et le 31 octobre 2021. Comme pour l&#8217;aide \u00ab co\u00fbts fixes consolidation \u00bb, cette aide est accessible aux entreprises qui remplissent, pour la p\u00e9riode \u00e9ligible comprise entre le 1<sup>er\u00a0<\/sup>d\u00e9cembre 2021 et le 31 janvier 2022, les conditions suivantes :<\/p>\n<ul>\n<li>exercer une activit\u00e9 principale dans un secteur mentionn\u00e9 \u00e0 l&#8217;annexe 1 ou \u00e0 l&#8217;annexe 2 du d\u00e9cret mettant en \u0153uvre le fonds de solidarit\u00e9 du 30 mars 2020 dans sa r\u00e9daction en vigueur au 30 juin 2021 ;<\/li>\n<li>disposer d&#8217;un EBE co\u00fbts fixes consolidation au cours du mois \u00e9ligible, tel que calcul\u00e9 par la formule en annexe du d\u00e9cret \u00ab co\u00fbts fixes consolidation \u00bb ;<\/li>\n<li>avoir subi une perte de chiffre d&#8217;affaires d&#8217;au moins 50 % au cours du mois \u00e9ligible.<\/li>\n<\/ul>\n<p>Pour chaque p\u00e9riode \u00e9ligible, l&#8217;aide prend la forme d&#8217;une subvention dont le montant s&#8217;\u00e9l\u00e8ve \u00e0 la somme, pour chaque mois \u00e9ligible, de 70 % de l&#8217;oppos\u00e9 math\u00e9matique de l&#8217;exc\u00e9dent brut d&#8217;exploitation co\u00fbts fixes consolidation constat\u00e9 pour ledit mois. Par d\u00e9rogation, pour les petites entreprises ce taux est port\u00e9 \u00e0 90 %. L&#8217;aide est plafonn\u00e9e, conform\u00e9ment \u00e0 la d\u00e9cision de la Commission europ\u00e9enne n\u00b0 SA.56985 modifi\u00e9e \u00e0 2,3 millions d&#8217;euros.<\/p>\n<p>Les demandes d&#8217;aide devront \u00eatre d\u00e9pos\u00e9es par voie d\u00e9mat\u00e9rialis\u00e9e sur le site\u00a0<a class=\"ext\" title=\"\u00ab impots.gouv.fr \u00bb dans une nouvelle fen\u00eatre\" href=\"http:\/\/www.impots.gouv.fr\/\" target=\"_blank\" rel=\"noopener\" data-extlink=\"\">impots.gouv.fr<\/a>\u00a0<strong>avant le 30 avril 2022.<\/strong><\/p>\n<h3>Le dispositif \u00ab renfort \u00bb<\/h3>\n<p>L\u2019aide dite \u00ab renfort \u00bb a \u00e9t\u00e9 institu\u00e9e par le\u00a0<a class=\"ext\" title=\"\u00ab legifrance.gouv.fr \u00bb dans une nouvelle fen\u00eatre\" href=\"https:\/\/www.legifrance.gouv.fr\/jorf\/id\/JORFTEXT000044833602\" target=\"_blank\" rel=\"noopener\" data-extlink=\"\">d\u00e9cret n\u00b0 2022-3 du 4 janvier 2022<\/a>, afin d\u2019indemniser certaines charges des entreprises interdites d\u2019accueil du public en d\u00e9cembre 2021 et janvier 2022. Elle est accessible aux entreprises remplissant les conditions suivantes :<\/p>\n<ul>\n<li>avoir \u00e9t\u00e9 cr\u00e9\u00e9es avant le 31 octobre 2021 ;<\/li>\n<li>avoir fait l\u2019objet d\u2019une interdiction d\u2019accueil du public, au cours du mois \u00e9ligible, en application des dispositions du I de l\u2019article 45 du d\u00e9cret n\u00b02021-699 du 1<sup>er<\/sup>\u00a0juin (en pratique cela concerne les salles de danse &#8211; ERP de type P &#8211; et les restaurants et d\u00e9bits de boisson &#8211; ERP de type N &#8211; accueillant des activit\u00e9s de danse) ;<\/li>\n<li>avoir subi une perte de CA d\u2019au moins 50 %.<\/li>\n<\/ul>\n<p>L\u2019aide au titre de la p\u00e9riode \u00e9ligible de d\u00e9cembre 2021 et de celle de janvier 2022 est \u00e9gale \u00e0 100 % du montant total des charges dites renfort (formule de calcul en annexe du d\u00e9cret du 4 janvier 2022 pr\u00e9cit\u00e9).<\/p>\n<p>La demande d\u2019aide au titre de la p\u00e9riode \u00e9ligible du mois de d\u00e9cembre 2021 est d\u00e9pos\u00e9e par voie d\u00e9mat\u00e9rialis\u00e9e sur le site\u00a0<a class=\"ext\" title=\"\u00ab impots.gouv.fr \u00bb dans une nouvelle fen\u00eatre\" href=\"http:\/\/www.impots.gouv.fr\/\" target=\"_blank\" rel=\"noopener\" data-extlink=\"\">impots.gouv.fr<\/a>,\u00a0<strong>entre le 6 janvier 2022 et le 6 mars 2022<\/strong>.<\/p>\n<p>L&#8217;aide au titre de la p\u00e9riode \u00e9ligible du mois de janvier 2022 est d\u00e9pos\u00e9e\u00a0<strong>entre le 3 f\u00e9vrier 2022 et le 31 mars 2022<\/strong>.<\/p>\n<h3>L\u2019activit\u00e9 partielle<\/h3>\n<p>Le dispositif d\u00e9rogatoire de\u00a0<a href=\"https:\/\/www.economie.gouv.fr\/covid19-soutien-entreprises\/dispositif-de-chomage-partiel\">l\u2019activit\u00e9 partielle<\/a>\u00a0sans reste \u00e0 charge pour les employeurs est reconduit. Les entreprises des secteurs impact\u00e9s (<a class=\"ext\" title=\"\u00ab legifrance.gouv.fr \u00bb dans une nouvelle fen\u00eatre\" href=\"https:\/\/www.legifrance.gouv.fr\/loda\/article_lc\/LEGIARTI000043107675\" target=\"_blank\" rel=\"noopener\" data-extlink=\"\">S1<\/a>,\u00a0<a class=\"ext\" title=\"\u00ab legifrance.gouv.fr \u00bb dans une nouvelle fen\u00eatre\" href=\"https:\/\/www.legifrance.gouv.fr\/loda\/article_lc\/LEGIARTI000043724232\" target=\"_blank\" rel=\"noopener\" data-extlink=\"\">S1 Bis<\/a>)\u00a0<strong>perdant plus de 65 % de leur chiffre d\u2019affaires<\/strong>,\u00a0<strong>ou soumises \u00e0 des restrictions sanitaires\u00a0<\/strong>(interdiction des consommations debout, interdiction des consommations dans les lieux culturels, etc.), peuvent b\u00e9n\u00e9ficier du dispositif de l\u2019activit\u00e9 partielle sans reste \u00e0 charge.<\/p>\n<h3>L&#8217;aide au paiement des cotisations sociales et patronales<\/h3>\n<p>Un\u00a0<a href=\"https:\/\/www.economie.gouv.fr\/covid19-soutien-entreprises\/delais-de-paiement-decheances-sociales-et-ou-fiscales-urssaf\">soutien sp\u00e9cial renforc\u00e9<\/a>\u00a0pour les mois de\u00a0<strong>d\u00e9cembre et janvier est mis en place pour les entreprises de moins de 250 salari\u00e9s<\/strong>\u00a0<strong>des secteurs de l&#8217;h\u00f4tellerie, des caf\u00e9s, de la restauration, des traiteurs, de l&#8217;\u00e9v\u00e9nementiel et des agences de voyages<\/strong>\u00a0(secteurs S1 et S1 bis) affect\u00e9es par les restrictions li\u00e9es \u00e0 la crise sanitaire. Les entreprises qui ont perdu :<\/p>\n<ul>\n<li><strong>plus de 30 % de leur chiffre d&#8217;affaires aux mois de d\u00e9cembre et janvier<\/strong>, par rapport \u00e0 2019,\u00a0<strong>pourront b\u00e9n\u00e9ficier d&#8217;une aide au paiement des cotisations \u00e0 hauteur de 20 % de la masse salariale<\/strong>.<\/li>\n<li><strong>plus de 65 % du chiffre d&#8217;affaires<\/strong>, pour ces deux m\u00eames mois par rapport \u00e0 2019,\u00a0<strong>pourront pr\u00e9tendre \u00e0 l&#8217;aide au paiement des charges salariales \u00e0 hauteur de 20 %, mais aussi \u00e0 une exon\u00e9ration de cotisations patronales<\/strong>.<\/li>\n<\/ul>\n<h3>D\u2019autres aides toujours accessibles pour les entreprises impact\u00e9es par la situation sanitaire<\/h3>\n<p>Ces entreprises impact\u00e9es par la crise sanitaire peuvent \u00e9galement toujours b\u00e9n\u00e9ficier de certains dispositifs en place :<\/p>\n<ul>\n<li>les\u00a0<a href=\"https:\/\/www.economie.gouv.fr\/covid19-soutien-entreprises\/pret-garanti-par-letat\">pr\u00eats garantis par l\u2019\u00c9tat<\/a>\u00a0qui sont\u00a0<strong>accessibles jusqu\u2019\u00e0 fin juin 2022<\/strong>. Afin de soutenir les TPE en situation de grave tension de tr\u00e9sorerie, celles-ci pourront b\u00e9n\u00e9ficier d\u2019un\u00a0<strong>allongement des d\u00e9lais de remboursement de leur PGE de 6 \u00e0 10 ans<\/strong>. Apr\u00e8s avoir pris contact avec leur banque, ces entreprises devront s\u2019adresser \u00e0 la M\u00e9diation du cr\u00e9dit de la Banque de France ou aux conseillers d\u00e9partementaux de sortie de crise.\u00a0Ce dispositif est \u00e9largi depuis les annonces du Gouvernement du 19 janvier \u00e0 toutes les associations employeuses ayant souscrit un PGE. Cette proc\u00e9dure est confidentielle, gratuite et non-judiciaire ;<\/li>\n<li>les plans d\u2019apurement de dettes de cotisations sociales, qui embarquent \u00e9galement les dettes sociales d\u2019avant la crise, qui peuvent \u00eatre sollicit\u00e9s pour une dur\u00e9e de 5 ans ;<\/li>\n<li>le\u00a0<a href=\"https:\/\/www.economie.gouv.fr\/covid19-soutien-entreprises\/entreprises-difficultes-lancement-fonds-transition\">fonds de transition<\/a>\u00a0qui peut \u00eatre sollicit\u00e9 jusqu\u2019\u00e0 fin 2021. Celui-ci permet d\u2019apporter des fonds propres ou quasi-fonds propres lorsque les outils existants ne sont pas suffisants (PGE, pr\u00eats et obligations relance) ;<\/li>\n<li><strong>l\u2019aide \u00ab fermeture \u00bb<\/strong>, qui est ouverte aux entreprises, qui ont satur\u00e9 l\u2019aide \u00ab co\u00fbts fixes \u00bb et ont \u00e9t\u00e9 interdites d\u2019accueil du public durant l\u2019ann\u00e9e 2021, ou d\u00e9pendent \u00e0 80 % d\u2019un lieu interdit d\u2019accueil, et ont perdu au moins 80 % de CA durant cette p\u00e9riode. Ce dispositif permet de compenser 70 % de l\u2019EBE n\u00e9gatif dans la limite de 25 millions d\u2019euros\u00a0 par entreprise.<\/li>\n<\/ul>\n<p>Le Gouvernement poursuit \u00e9galement les consultations avec les secteurs d\u2019activit\u00e9 afin de suivre au plus pr\u00e8s l\u2019impact \u00e9conomique de l\u2019\u00e9volution de la situation sanitaire.<\/p>\n<div class=\"paragraph--type--bloc-bloc-de-texte-encadre- titre--like\">\n<p class=\"field--name-field-titre\">Listes S1 et S1 Bis<\/p>\n<div class=\"field--name-field-contenu-libre\">\n<p>Consulter les listes des entreprises des secteurs prot\u00e9g\u00e9s :<\/p>\n<ul>\n<li><a class=\"ext\" title=\"\u00ab legifrance.gouv.fr \u00bb dans une nouvelle fen\u00eatre\" href=\"https:\/\/www.legifrance.gouv.fr\/loda\/article_lc\/LEGIARTI000043107675\" target=\"_blank\" rel=\"noopener\" data-extlink=\"\">S1<\/a>,<\/li>\n<li><a class=\"ext\" title=\"\u00ab legifrance.gouv.fr \u00bb dans une nouvelle fen\u00eatre\" href=\"https:\/\/www.legifrance.gouv.fr\/loda\/article_lc\/LEGIARTI000043724232\" target=\"_blank\" rel=\"noopener\" data-extlink=\"\">S1 Bis<\/a>.<\/li>\n<\/ul>\n<\/div>\n<\/div>\n<h2>Des mesures de soutien sp\u00e9cifiques aux territoires ultra-marins<\/h2>\n<h3>Prolongation du fonds de solidarit\u00e9<\/h3>\n<p>Le fonds de solidarit\u00e9 est prolong\u00e9 en novembre et d\u00e9cembre 2021. Pour ces deux nouvelles p\u00e9riodes mensuelles, les diff\u00e9rents r\u00e9gimes en vigueur en octobre 2021 sont reconduits \u00e0 l&#8217;identique. Sont ainsi \u00e9ligibles :<\/p>\n<ul>\n<li>les entreprises qui ont subi une interdiction d&#8217;accueil du public sans interruption au cours de la p\u00e9riode mensuelle consid\u00e9r\u00e9e sous r\u00e9serve d&#8217;avoir subi une perte de chiffre d&#8217;affaires (CA) d&#8217;au moins 20 % : elles b\u00e9n\u00e9ficient d&#8217;une aide mensuelle \u00e9gale \u00e0 20 % du chiffre d&#8217;affaires de r\u00e9f\u00e9rence (dans la limite de 200 000 euros) ;<\/li>\n<li>les entreprises qui ont fait l&#8217;objet au cours de la p\u00e9riode mensuelle consid\u00e9r\u00e9e d&#8217;une interdiction d&#8217;accueil du public dite partielle d&#8217;au moins 21 jours sous r\u00e9serve d&#8217;avoir subi une perte de CA d&#8217;au moins 50 % : elles b\u00e9n\u00e9ficient d&#8217;une aide \u00e9gale \u00e0 20 % du CA de r\u00e9f\u00e9rence (dans la limite de 200 000 euros) ;<\/li>\n<li>les entreprises qui ont fait l&#8217;objet d&#8217;une interdiction d&#8217;accueil du public, sont domicili\u00e9es dans un territoire soumis \u00e0 un confinement pendant au moins 8 jours au cours de la p\u00e9riode mensuelle consid\u00e9r\u00e9e et subissant une perte de CA d&#8217;au moins 20 % : elles b\u00e9n\u00e9ficient d&#8217;une aide \u00e9gale au montant de la perte de CA dans la limite de 1 500 euros ;<\/li>\n<li>les entreprises des secteurs prot\u00e9g\u00e9s (S1, S1 bis et assimil\u00e9es) sont \u00e9ligibles sous r\u00e9serve d&#8217;avoir subi une perte de CA de 10 %, d&#8217;avoir touch\u00e9 le fonds de solidarit\u00e9 au moins un mois entre janvier 2021 et mai 2021, d&#8217;avoir r\u00e9alis\u00e9 15 % du CA de r\u00e9f\u00e9rence, d&#8217;\u00eatre domicili\u00e9es dans un territoire soumis \u00e0 l&#8217;\u00e9tat d&#8217;urgence sanitaire et ayant fait l&#8217;objet d&#8217;un confinement ou couvre-feu pendant au moins 20 jours au cours de la p\u00e9riode mensuelle consid\u00e9r\u00e9e. Elles b\u00e9n\u00e9ficient d&#8217;une aide \u00e9gale \u00e0 40 % de la perte de chiffre d&#8217;affaires (dans la limite de 20 % du chiffre d&#8217;affaires de r\u00e9f\u00e9rence, ou de 200 000 euros) ;<\/li>\n<li>les entreprises de moins de 50 salari\u00e9s, domicili\u00e9es dans un territoire soumis \u00e0 un confinement pendant au moins 8 jours au cours de la p\u00e9riode mensuelle consid\u00e9r\u00e9e et ayant perdu 50 % de leur CA sont \u00e9ligibles \u00e0 une aide compensant la perte de CA dans la limite de 1 500 euros.<\/li>\n<\/ul>\n<p>Pour les mois de novembre 2021 et d\u00e9cembre 2021, les demandes d&#8217;aide doivent \u00eatre r\u00e9alis\u00e9es par voie d\u00e9mat\u00e9rialis\u00e9e\u00a0<strong>au plus tard le 31 mars 2022<\/strong>.Pour d\u00e9cembre 2021, cette aide ne peut \u00eatre cumul\u00e9e avec l&#8217;aide renfort (aide pour les\u00a0<strong>discoth\u00e8ques et bars dansants<\/strong>\u00a0instaur\u00e9e par le\u00a0<a class=\"ext\" title=\"\u00ab legifrance.gouv.fr \u00bb dans une nouvelle fen\u00eatre\" href=\"https:\/\/www.legifrance.gouv.fr\/jorf\/id\/JORFTEXT000044833602\" target=\"_blank\" rel=\"noopener\" data-extlink=\"\">d\u00e9cret n\u00b0 2022-3 du 4 janvier 2022<\/a>).<\/p>\n<h3>Aide dite \u00ab co\u00fbts fixes novembre \u00bb<\/h3>\n<p>Le\u00a0<a class=\"ext\" title=\"\u00ab legifrance.gouv.fr \u00bb dans une nouvelle fen\u00eatre\" href=\"https:\/\/www.legifrance.gouv.fr\/jorf\/id\/JORFTEXT000044833602\" target=\"_blank\" rel=\"noopener\" data-extlink=\"\">d\u00e9cret n\u00b0 2022-222 du 21 f\u00e9vrier 2022<\/a>\u00a0institue au titre du mois de novembre 2021 une aide dite \u00ab co\u00fbts fixes novembre \u00bb visant \u00e0 compenser les charges fixes non couvertes des entreprises dont l&#8217;activit\u00e9 est particuli\u00e8rement affect\u00e9e par les mesures sanitaires.<\/p>\n<p><strong>Cette aide est accessible aux entreprises ayant \u00e9t\u00e9 cr\u00e9\u00e9es avant le 1<sup>er<\/sup>\u00a0janvier 2019, remplissant, certaines conditions, pour la p\u00e9riode \u00e9ligible comprise entre le 1<sup>er<\/sup>\u00a0novembre 2021 et le 30 novembre 2021<\/strong>.<\/p>\n<p>Les demandes d&#8217;aide pourront \u00eatre d\u00e9pos\u00e9es par voie d\u00e9mat\u00e9rialis\u00e9e sur le site\u00a0<a class=\"impots.gouv.fr ext\" title=\"\u00ab http:\/\/www.impots.gouv.fr \u00bb dans une nouvelle fen\u00eatre\" href=\"http:\/\/www.impots.gouv.fr\/\" target=\"_blank\" rel=\"noopener\" data-extlink=\"\">impots.gouv.fr<\/a>,\u00a0<strong>avant le 30 avril 2022<\/strong>. Le cas \u00e9ch\u00e9ant, les demandes devront intervenir dans un d\u00e9lai de 45 jours apr\u00e8s le b\u00e9n\u00e9fice de l&#8217;aide du fonds de solidarit\u00e9 pour le mois de novembre 2021.<\/p>\n<h3>D&#8217;autres dispositifs toujours disponibles<\/h3>\n<p><strong>L\u2019activit\u00e9 partielle<\/strong>\u00a0avec un reste \u00e0 charge nul est accessible :<\/p>\n<ul>\n<li>aux entreprises des secteurs prot\u00e9g\u00e9s, d\u00e8s 65 % de perte de chiffre d\u2019affaires ;<\/li>\n<li>aux entreprises situ\u00e9es dans une circonscription territoriale soumise \u00e0 des restrictions sp\u00e9cifiques des conditions d&#8217;exercice de l&#8217;activit\u00e9 \u00e9conomique et de circulation des personnes prises par l&#8217;autorit\u00e9 administrative, d\u00e8s 60 % de perte de chiffre d\u2019affaires.<\/li>\n<\/ul>\n<p>Les entreprises peuvent toujours b\u00e9n\u00e9ficier de certains dispositifs en place : pr\u00eats garantis par l&#8217;\u00c9tat, plans d\u2019apurement des dettes sociales, m\u00e9diation du cr\u00e9dit, fonds de transition, nouvelles proc\u00e9dures de sortie de crise mises en \u0153uvre par les tribunaux de commerce, etc.<\/p>\n<p>Un conseiller \u00e0 la sortie de crise a \u00e9t\u00e9 d\u00e9sign\u00e9 dans chaque d\u00e9partement ou r\u00e9gion d\u2019Outre-mer pour accueillir les entreprises en situation de fragilit\u00e9 financi\u00e8re et les orienter vers les dispositifs ad\u00e9quats.<\/p>\n<\/div>\n<\/div>\n<\/div>\n<div class=\"field__item\">\n<div class=\"paragraph paragraph--type--informations-complementaires paragraph--view-mode--default\">\n<div class=\"field field--name-field-bloc-d-informations-comple field--type-entity-reference-revisions field--label-hidden field__items flex-container\">\n<div class=\"paragraph paragraph--type--bloc-information-complementaire paragraph--view-mode--default taille-bloc fond-couleur\">\n<p class=\"field field--name-field-titre field--type-string field--label-hidden field__item field--titre-paragraph\">\u00c0 lire sur Bercy Infos<\/p>\n<div class=\"clearfix text-formatted field field--name-field-contenu-libre field--type-text-long field--label-hidden field__item\">\n<p><a href=\"https:\/\/www.economie.gouv.fr\/entreprises\/aides-entreprises-sortie-crise\">Entreprises : quelles aides pour accompagner votre sortie de crise ?<\/a><\/p>\n<\/div>\n<\/div>\n<\/div>\n<\/div>\n<\/div>\n<\/div>\n<\/div>\n<\/article>\n<\/div>\n","protected":false},"excerpt":{"rendered":"<p>Chers amis, chers confr\u00e8res, &nbsp; Bercy a adress\u00e9 un r\u00e9capitulatif des aides \u00e0 ce jour, notamment pour les discoth\u00e8ques. Je vous joins ce r\u00e9capitulatif pour que vous avisiez avec votre comptable votre situation personnelle&#8230;.<\/p>\n","protected":false},"author":2,"featured_media":0,"comment_status":"closed","ping_status":"closed","sticky":false,"template":"","format":"standard","meta":{"_mi_skip_tracking":false,"_monsterinsights_sitenote_active":false,"_monsterinsights_sitenote_note":"","_monsterinsights_sitenote_category":0},"categories":[1],"tags":[],"_links":{"self":[{"href":"https:\/\/sndll.info\/index.php?rest_route=\/wp\/v2\/posts\/6049"}],"collection":[{"href":"https:\/\/sndll.info\/index.php?rest_route=\/wp\/v2\/posts"}],"about":[{"href":"https:\/\/sndll.info\/index.php?rest_route=\/wp\/v2\/types\/post"}],"author":[{"embeddable":true,"href":"https:\/\/sndll.info\/index.php?rest_route=\/wp\/v2\/users\/2"}],"replies":[{"embeddable":true,"href":"https:\/\/sndll.info\/index.php?rest_route=%2Fwp%2Fv2%2Fcomments&post=6049"}],"version-history":[{"count":2,"href":"https:\/\/sndll.info\/index.php?rest_route=\/wp\/v2\/posts\/6049\/revisions"}],"predecessor-version":[{"id":6052,"href":"https:\/\/sndll.info\/index.php?rest_route=\/wp\/v2\/posts\/6049\/revisions\/6052"}],"wp:attachment":[{"href":"https:\/\/sndll.info\/index.php?rest_route=%2Fwp%2Fv2%2Fmedia&parent=6049"}],"wp:term":[{"taxonomy":"category","embeddable":true,"href":"https:\/\/sndll.info\/index.php?rest_route=%2Fwp%2Fv2%2Fcategories&post=6049"},{"taxonomy":"post_tag","embeddable":true,"href":"https:\/\/sndll.info\/index.php?rest_route=%2Fwp%2Fv2%2Ftags&post=6049"}],"curies":[{"name":"wp","href":"https:\/\/api.w.org\/{rel}","templated":true}]}}