{"id":6058,"date":"2022-03-08T10:00:50","date_gmt":"2022-03-08T09:00:50","guid":{"rendered":"https:\/\/sndll.info\/?p=6058"},"modified":"2022-03-09T10:52:10","modified_gmt":"2022-03-09T09:52:10","slug":"accompagnement-du-1er-au-16-fevrier-enfin-une-premiere-reponse","status":"publish","type":"post","link":"https:\/\/sndll.info\/?p=6058","title":{"rendered":"ACCOMPAGNEMENT DU 1er AU 16 F\u00c9VRIER : ENFIN UNE PREMIERE R\u00c9PONSE\u00a0!"},"content":{"rendered":"<h1 style=\"text-align: center;\"><strong>ACCOMPAGNEMENT DU 1<sup>er<\/sup> AU 16 F\u00c9VRIER<\/strong><\/h1>\n<h1 style=\"text-align: center;\"><strong>ENFIN UNE PREMIERE R\u00c9PONSE\u00a0!<\/strong><\/h1>\n<p><strong>\u00a0<\/strong><\/p>\n<p><strong>\u00a0<\/strong><\/p>\n<p><strong>Cher(e)s exploitant(e)s, c<\/strong><strong>hers(e)s amis(e)s,<\/strong><\/p>\n<p><strong>\u00a0<\/strong><\/p>\n<p><strong>\u00a0<\/strong><\/p>\n<p>Depuis le 16 f\u00e9vrier, nous sommes \u00ab\u00a0<strong><em><u>autoris\u00e9s\u00a0<\/u><\/em><\/strong>\u00bb \u00e0 travailler. Fier de cette nouvelle autorisation, chacun d\u2019entre nous a donc repris le travail.<\/p>\n<p>&nbsp;<\/p>\n<p>Pour ceux qui sont \u00e9ligibles au dispositif d\u2019accompagnement <strong><em><u>\u00ab\u00a0aide renfort\u00a0\u00bb,<\/u><\/em><\/strong> se posait toujours la question portant sur<strong><span style=\"color: #0000ff;\"> les 15 jours de fermeture de<\/span> <span style=\"color: #0000ff;\">f\u00e9vrier.<\/span> De quelle mani\u00e8re le gouvernement va-t-il traiter cette p\u00e9riode\u00a0?<\/strong><\/p>\n<p>&nbsp;<\/p>\n<p>Ensuite, l\u2019expression selon laquelle, il existe toujours <strong><em><u>\u00ab\u00a0des trous dans la raquette\u00a0\u00bb<\/u><\/em><\/strong> avait jusque-l\u00e0, tout son sens <strong>pour\u00a0 ceux d\u2019entre nous qui n\u2019avaient pas perdu 50% de leur chiffre d\u2019affaires de r\u00e9f\u00e9rence en d\u00e9cembre 2021. <\/strong><\/p>\n<p><strong>\u00a0<\/strong><\/p>\n<p><span style=\"color: #ff00ff;\"><strong>Pour ceux qui n\u2019ont pas de r\u00e9f\u00e9rence de chiffre d\u2019affaires c\u2019est \u00e9videmment pire, depuis deux ans ceux-l\u00e0 -pourtant peu nombreux &#8211; se sont vu refuser toutes les aides ce qui est purement scandaleux !<\/strong><\/span><\/p>\n<p>&nbsp;<\/p>\n<p>Enfin, la perte de chiffre d\u2019affaires consid\u00e9rable que nous avons tous subie en d\u00e9cembre 2020 \u00e0 la suite de cette fermeture injustifi\u00e9e, devait \u00eatre analys\u00e9e par le Ministre et tout laissait penser qu\u2019une prise en compte de cette situation sous des formes \u00e0 d\u00e9finir, devait \u00eatre d\u00e9cid\u00e9e.<\/p>\n<p>&nbsp;<\/p>\n<p>&nbsp;<\/p>\n<h3 style=\"text-align: center;\"><strong><u>POINT DE SITUATION\u00a0AU 7 MARS 2022<\/u><\/strong><\/h3>\n<p>&nbsp;<\/p>\n<p><strong><u>Perte de chiffre d\u2019affaires inf\u00e9rieure \u00e0 50%\u00a0:<\/u><\/strong><\/p>\n<p>Depuis le d\u00e9but de l\u2019ann\u00e9e, nous n\u2019avons jamais cess\u00e9 de saisir le gouvernement sur toutes ces questions. Le SNDLL a lourdement insist\u00e9 au cours du CALL du 10 f\u00e9vrier dernier. C\u2019est d\u2019ailleurs \u00e0 cette date que les membre du cabinet de Jean Baptiste LEMOYNE nous ont propos\u00e9 <strong>d\u2019abaisser le seuil de d\u00e9clenchement des indemnisations \u00e0 30% de perte de chiffre d\u2019affaires au lieu des 50% jusque-l\u00e0.<\/strong><\/p>\n<p>Nous avions donn\u00e9 notre accord \u00e0 cette date et \u00e9tions jusque-l\u00e0 dans l\u2019attente de l\u2019arbitrage.<\/p>\n<p>Nous sommes r\u00e9 intervenus le 27 f\u00e9vrier dernier en cours d\u2019apr\u00e8s-midi, aupr\u00e8s du cabinet du ministre et <strong><span style=\"color: #ff00ff;\"><u>nous avons obtenu au cours du weekend les arbitrages d\u00e9finitifs.<\/u><\/span><\/strong><\/p>\n<p><span style=\"color: #ff00ff;\"><strong>D\u00e9sormais une perte de 30% de chiffre d\u2019affaires permettra le b\u00e9n\u00e9fice de l\u2019aide renfort. <u>C\u2019est act\u00e9.<\/u><\/strong><\/span><\/p>\n<p><strong>En revanche, pour ceux qui n\u2019ont pas de r\u00e9f\u00e9rence de chiffre d\u2019affaires en 2019, aucune r\u00e9ponse ne leur est apport\u00e9e\u2026. C\u2019est choquant\u00a0!<\/strong><\/p>\n<p><strong>\u00a0<\/strong><\/p>\n<p><strong>\u00a0<\/strong><\/p>\n<p><strong><u>INDEMNISATION DES 15 JOURS DE F\u00c9VIER\u00a0:<\/u><\/strong><strong>\u00a0<\/strong><\/p>\n<p>La r\u00e9ponse qui nous a \u00e9t\u00e9 apport\u00e9e par Bercy est la suivante<strong>\u00a0:\u00a0<span style=\"color: #ff00ff;\"><em>\u00ab\u00a0Pour les aides du mois de f\u00e9vrier, pour faciliter les choses pour les exploitants, il a \u00e9t\u00e9 d\u00e9cid\u00e9 de verser 50% de l\u2019aide re\u00e7ue pour le mois de d\u00e9cembre, comme les discoth\u00e8ques \u00e9taient ferm\u00e9es la moiti\u00e9 du mois de f\u00e9vrier\u00a0\u00bb. <\/em><u>C\u2019est act\u00e9.<\/u><\/span><\/strong><\/p>\n<p><strong><u>D\u00e9marche administrative\u00a0identique \u00e0 d\u00e9cembre et janvier ou pas ?<\/u><\/strong><\/p>\n<p>Nous avons d\u00e8s hier, de nouveau r\u00e9interrog\u00e9 nos interlocuteurs \u00e0 Bercy, pour connaitre <strong><span style=\"color: #ff0000;\">les dispositions techniques<\/span><\/strong> qui seront arr\u00eat\u00e9es pour b\u00e9n\u00e9ficier de cette aide au titre des quinze jours du mois de f\u00e9vrier.<\/p>\n<p><strong>Nous restons dans l\u2019attente de r\u00e9ponse. D\u00e8s que nous aurons des \u00e9l\u00e9ments nouveaux et compl\u00e9mentaires nous vous les ferons partager. Un d\u00e9cret devrait sortir .<\/strong><\/p>\n<p><strong>\u00a0<\/strong><\/p>\n<p><strong>\u00a0<\/strong><\/p>\n<p><strong><u>AIDE A LA REPRISE D\u2019ACTIVIT\u00c9\u00a0:<\/u><\/strong><\/p>\n<p>Nous avons constat\u00e9 que le niveau de reprise et du ticket moyen varie de mani\u00e8re parfois tr\u00e8s importante. <span style=\"color: #ff00ff;\"><strong><u>La reprise constat\u00e9e n\u2019est pas comparable \u00e0 celle de juillet 2021. De plus, nous devons investir en tous domaines pour attirer de nouveau la client\u00e8le.<\/u><\/strong><\/span><\/p>\n<p><strong>C\u2019est la raison pour laquelle, Le SNDLL avait \u00e9galement sollicit\u00e9 le b\u00e9n\u00e9fice du ch\u00f4mage partiel afin de pr\u00e9server l\u2019emploi au sein des discoth\u00e8ques n\u2019ayant pas un niveau d\u2019activit\u00e9 suffisant.<\/strong><\/p>\n<p><strong>A ce stade, ce point reste sans r\u00e9ponse de la part de nos interlocuteurs.<\/strong><\/p>\n<p>&nbsp;<\/p>\n<p>&nbsp;<\/p>\n<p><strong><u>PERTE DE CHIFFRE D\u2019AFFAIRES DE D\u00c9CEMBRE 2021\u00a0:<\/u><\/strong><\/p>\n<p>Malgr\u00e9 les espoirs suscit\u00e9s par les commentaires du ministre Jean Baptiste LEMOYNE en d\u00e9cembre et ceux de Bruno LE MAIRE d\u00e9but janvier, <strong>il semble bien que ce sujet face l\u2019objet d\u2019une fin de non-recevoir politique.<\/strong><\/p>\n<p><strong>Aucune mesure sp\u00e9cifique n&#8217;est annonc\u00e9e et aucune perspective favorable semble se dessiner &#8230;<\/strong><\/p>\n<p><strong>\u00a0<\/strong><\/p>\n<p><strong>\u00a0<\/strong><\/p>\n<p><strong><u>AIDE \u00c0 LA RELANCE DE L\u2019ACTIVIT\u00c9\u00a0:<\/u><\/strong><\/p>\n<p><strong>Ce sujet, pourtant essentiel pour l\u2019avenir de notre profession, ne semble pas non plus \u00e9mouvoir nos interlocuteurs politiques.<\/strong><\/p>\n<p><strong>Nous percevons bien l\u2019arriv\u00e9e de\u00a0\u00ab <em><u>fin de mandat<\/u><\/em> \u00bb conjugu\u00e9e \u00e0 une situation internationale qui focalise toutes les attentions.<\/strong><\/p>\n<p><strong>Il est donc peu probable que les difficult\u00e9s de la profession pourtant tr\u00e8s souvent \u00e9voqu\u00e9es par les repr\u00e9sentants SNDLL, soient l\u2019objet d\u2019une r\u00e9elle prise en compte pour assurer le moyen et le long terme. Nous ne renon\u00e7ons pas.<\/strong><\/p>\n<p><strong>Comme toujours \u00e0 l\u2019issue d\u2019une \u00e9ch\u00e9ance politique d\u2019importance, tout sera \u00e0 reconstruire.<\/strong><\/p>\n<p><span style=\"color: #ff0000;\"><strong>Apr\u00e8s l\u2019\u00e9lection pr\u00e9sidentielle, nous aurons donc de nouveau l\u2019obligation de repartir au combat pour faire valoir ce m\u00e9tier si m\u00e9connu de nos interlocuteurs politiques, parfois marginalis\u00e9 et pourtant combien indispensable pour permettre \u00e0 notre jeunesse et plus largement \u00e0 toute la population qui a besoin d\u2019exutoire et de faire la f\u00eate en toute s\u00e9curit\u00e9.<\/strong><strong>\u00a0<\/strong><\/span><\/p>\n<p><span style=\"color: #ff0000;\"><strong>Ce sera le sens des actions futures du SNDLL.<\/strong><\/span><\/p>\n<p><strong>\u00a0<\/strong><\/p>\n<p><strong>A tr\u00e8s bient\u00f4t pour les dispositions techniques.<\/strong><\/p>\n<p><strong>\u00a0<\/strong><\/p>\n<p><strong>Cordialement<\/strong><\/p>\n<p><strong>\u00a0<\/strong><\/p>\n<p><strong>\u00a0<\/strong><\/p>\n<p style=\"text-align: center;\"><strong>Christian JOUNY\u00a0\u00a0\u00a0\u00a0\u00a0\u00a0\u00a0\u00a0\u00a0\u00a0\u00a0\u00a0\u00a0\u00a0\u00a0\u00a0\u00a0\u00a0\u00a0\u00a0\u00a0\u00a0\u00a0\u00a0\u00a0\u00a0\u00a0\u00a0\u00a0\u00a0\u00a0\u00a0\u00a0\u00a0\u00a0\u00a0\u00a0\u00a0\u00a0\u00a0\u00a0\u00a0\u00a0\u00a0\u00a0\u00a0\u00a0\u00a0\u00a0\u00a0\u00a0\u00a0\u00a0\u00a0\u00a0\u00a0\u00a0\u00a0\u00a0\u00a0\u00a0\u00a0\u00a0\u00a0\u00a0\u00a0\u00a0\u00a0\u00a0\u00a0\u00a0\u00a0\u00a0\u00a0\u00a0\u00a0\u00a0\u00a0\u00a0\u00a0\u00a0\u00a0\u00a0\u00a0\u00a0 \u00a0\u00a0\u00a0\u00a0\u00a0 Patrick MALVA\u00cbS<\/strong><\/p>\n","protected":false},"excerpt":{"rendered":"<p>ACCOMPAGNEMENT DU 1er AU 16 F\u00c9VRIER ENFIN UNE PREMIERE R\u00c9PONSE\u00a0! \u00a0 \u00a0 Cher(e)s exploitant(e)s, chers(e)s amis(e)s, \u00a0 \u00a0 Depuis le 16 f\u00e9vrier, nous sommes \u00ab\u00a0autoris\u00e9s\u00a0\u00bb \u00e0 travailler. Fier de cette nouvelle autorisation, chacun d\u2019entre&#8230;<\/p>\n","protected":false},"author":1,"featured_media":0,"comment_status":"closed","ping_status":"closed","sticky":false,"template":"","format":"standard","meta":{"_mi_skip_tracking":false,"_monsterinsights_sitenote_active":false,"_monsterinsights_sitenote_note":"","_monsterinsights_sitenote_category":0},"categories":[1],"tags":[],"_links":{"self":[{"href":"https:\/\/sndll.info\/index.php?rest_route=\/wp\/v2\/posts\/6058"}],"collection":[{"href":"https:\/\/sndll.info\/index.php?rest_route=\/wp\/v2\/posts"}],"about":[{"href":"https:\/\/sndll.info\/index.php?rest_route=\/wp\/v2\/types\/post"}],"author":[{"embeddable":true,"href":"https:\/\/sndll.info\/index.php?rest_route=\/wp\/v2\/users\/1"}],"replies":[{"embeddable":true,"href":"https:\/\/sndll.info\/index.php?rest_route=%2Fwp%2Fv2%2Fcomments&post=6058"}],"version-history":[{"count":3,"href":"https:\/\/sndll.info\/index.php?rest_route=\/wp\/v2\/posts\/6058\/revisions"}],"predecessor-version":[{"id":6068,"href":"https:\/\/sndll.info\/index.php?rest_route=\/wp\/v2\/posts\/6058\/revisions\/6068"}],"wp:attachment":[{"href":"https:\/\/sndll.info\/index.php?rest_route=%2Fwp%2Fv2%2Fmedia&parent=6058"}],"wp:term":[{"taxonomy":"category","embeddable":true,"href":"https:\/\/sndll.info\/index.php?rest_route=%2Fwp%2Fv2%2Fcategories&post=6058"},{"taxonomy":"post_tag","embeddable":true,"href":"https:\/\/sndll.info\/index.php?rest_route=%2Fwp%2Fv2%2Ftags&post=6058"}],"curies":[{"name":"wp","href":"https:\/\/api.w.org\/{rel}","templated":true}]}}