{"id":6099,"date":"2022-03-24T06:23:32","date_gmt":"2022-03-24T05:23:32","guid":{"rendered":"https:\/\/sndll.info\/?p=6099"},"modified":"2022-03-24T13:26:50","modified_gmt":"2022-03-24T12:26:50","slug":"6099","status":"publish","type":"post","link":"https:\/\/sndll.info\/?p=6099","title":{"rendered":"FONDS DE SOLIDARITE en Janvier et f\u00e9vrier et r\u00e9capitulatif"},"content":{"rendered":"<p>Chers amis, chers confr\u00e8res,<\/p>\n<p>On nous avait annonc\u00e9 un nouveau texte pour cadre une aide sp\u00e9cifique sur F\u00e9vrier 2022. En vain, nous attendions.<\/p>\n<p>Finalement BERCY nous fait un r\u00e9capitulatif global des aides que vous trouverez ci-dessous en se basant sur le seul d\u00e9cret du 12 Mars 2022<\/p>\n<p><strong><span style=\"color: #000080;\"> <a style=\"color: #000080;\" href=\"https:\/\/sndll.info\/wp-content\/uploads\/2022\/03\/joe_20220313_0061_0013.pdf\">joe_20220313_0061_0013<\/a><\/span><\/strong><\/p>\n<p>Nous reprenons l&#8217;\u00e9conomie g\u00e9n\u00e9rale du dispositif en INSISTANT SUR LES DATES LIMITES de demande des aides.<\/p>\n<p>Pour avoir acc\u00e8s \u00e0 certaines informations, cliquez sur le texte soulign\u00e9.<\/p>\n<p>Bien cordialement,<\/p>\n<p>&nbsp;<\/p>\n<p>Patrick MALVA\u00cbS<\/p>\n<p>&nbsp;<\/p>\n<div class=\"field__item\">\n<div class=\"paragraph paragraph--type--contenu-libre paragraph--view-mode--default\">\n<div class=\"clearfix text-formatted field field--name-field-contenu-libre field--type-text-long field--label-hidden field__item\">\n<h2>Le fonds de solidarit\u00e9 en janvier et f\u00e9vrier 2022<\/h2>\n<p><strong><span style=\"color: #0000ff;\">Suite au\u00a0<a class=\"ext\" style=\"color: #0000ff;\" title=\"\u00ab https:\/\/www.legifrance.gouv.fr\/jorf\/id\/JORFTEXT000045340653 \u00bb dans une nouvelle fen\u00eatre\" href=\"https:\/\/www.legifrance.gouv.fr\/jorf\/id\/JORFTEXT000045340653\" target=\"_blank\" rel=\"noopener\" data-extlink=\"\">d\u00e9cret n\u00b0 2022-348 du 12 mars 2022<\/a>, le fonds de solidarit\u00e9 \u00e9volue pour les mois de janvier et f\u00e9vrier 2022. Le\u00a0<a class=\"ext\" style=\"color: #0000ff;\" title=\"\u00ab impots.gouv \u00bb dans une nouvelle fen\u00eatre\" href=\"https:\/\/www.impots.gouv.fr\/fonds-de-solidarite-pour-les-entreprises-independants-entrepreneurs\" target=\"_blank\" rel=\"noopener\" data-extlink=\"\">formulaire de demande est accessible\u00a0en ligne<\/a>. Dans les faits,\u00a0seules les discoth\u00e8ques et les entreprises situ\u00e9es sur des territoires d\u2019Outre-mer sont \u00e9ligibles\u00a0au fonds de solidarit\u00e9 pour cette p\u00e9riode. Les demandes sont \u00e0 effectuer<span style=\"color: #ff0000;\">\u00a0avant le 30 avril 2022.<\/span><\/span><\/strong><\/p>\n<p>Pour ces deux nouvelles p\u00e9riodes mensuelles, sont ainsi \u00e9ligibles :<\/p>\n<ul>\n<li>les entreprises qui ont subi une interdiction d&#8217;accueil du public sans interruption au cours de la p\u00e9riode mensuelle consid\u00e9r\u00e9e sous r\u00e9serve d&#8217;avoir subi une perte de chiffre d&#8217;affaires (CA) d&#8217;au moins 20 % : elles b\u00e9n\u00e9ficient d&#8217;une aide mensuelle \u00e9gale \u00e0 20 % du chiffre d&#8217;affaires de r\u00e9f\u00e9rence (dans la limite de 200 000 euros) ;<\/li>\n<li>les entreprises qui ont fait l&#8217;objet au cours de la p\u00e9riode mensuelle consid\u00e9r\u00e9e d&#8217;une interdiction d&#8217;accueil du public dite partielle d&#8217;au moins 21 jours sous r\u00e9serve d&#8217;avoir subi une perte de CA d&#8217;au moins 50 % : elles b\u00e9n\u00e9ficient d&#8217;une aide \u00e9gale \u00e0 20 % du CA de r\u00e9f\u00e9rence (dans la limite de 200 000 euros) ;<\/li>\n<li>les entreprises qui ont fait l&#8217;objet d&#8217;une interdiction d&#8217;accueil du public, qui sont domicili\u00e9es dans un territoire soumis \u00e0 un confinement pendant au moins 8 jours au cours de la p\u00e9riode mensuelle consid\u00e9r\u00e9e et subissant une perte de CA d&#8217;au moins 20 % : elles b\u00e9n\u00e9ficient d&#8217;une aide \u00e9gale au montant de la perte de CA dans la limite de 1 500 euros ;<\/li>\n<li>les entreprises des secteurs S1, S1 bis et assimil\u00e9es sont \u00e9ligibles sous r\u00e9serve d&#8217;avoir subi une perte de CA de 10 %, d&#8217;avoir touch\u00e9 le fonds de solidarit\u00e9 au moins un mois entre janvier 2021 et mai 2021, d&#8217;avoir r\u00e9alis\u00e9 15 % du CA de r\u00e9f\u00e9rence, d&#8217;\u00eatre domicili\u00e9es dans un territoire soumis \u00e0 l&#8217;\u00e9tat d&#8217;urgence sanitaire et ayant fait l&#8217;objet d&#8217;un confinement ou couvre-feu pendant au moins 19 jours (contre 20 jours pour les r\u00e9gimes d&#8217;octobre \/ novembre et d\u00e9cembre 2021) au cours de la p\u00e9riode mensuelle consid\u00e9r\u00e9e. Elles b\u00e9n\u00e9ficient d&#8217;une aide \u00e9gale \u00e0 40 % de la perte de chiffre d&#8217;affaires (dans la limite de 20 % du chiffre d&#8217;affaires de r\u00e9f\u00e9rence, ou de 200 000 euros) ;<\/li>\n<li>les entreprises de moins de 50 salari\u00e9s, domicili\u00e9es dans un territoire soumis \u00e0 un confinement pendant au moins 8 jours au cours de la p\u00e9riode mensuelle consid\u00e9r\u00e9e et ayant perdu 50 % de leur CA sont \u00e9ligibles \u00e0 une aide compensant la perte de CA dans la limite de 1 500 euros.<\/li>\n<\/ul>\n<p class=\"fond-gris\"><a class=\"ext\" title=\"\u00ab impots.gouv \u00bb dans une nouvelle fen\u00eatre\" href=\"https:\/\/www.impots.gouv.fr\/fonds-de-solidarite-pour-les-entreprises-independants-entrepreneurs\" target=\"_blank\" rel=\"noopener\" data-extlink=\"\">En savoir plus sur les entreprises \u00e9ligibles\u00a0<\/a><\/p>\n<p>\u00c0 noter que <strong><span style=\"color: #ff00ff;\">l&#8217;aide &#8220;renfort&#8221; et le fonds de solidarit\u00e9 ne sont pas cumulables pour les mois de d\u00e9cembre 2021 et janvier 2022.<\/span><\/strong><\/p>\n<h2>Le fonds de solidarit\u00e9 en octobre, novembre et d\u00e9cembre 2021<\/h2>\n<p><strong><span style=\"color: #0000ff;\">Suite au\u00a0<a class=\"ext\" style=\"color: #0000ff;\" title=\"\u00ab legifrance.gouv.fr \u00bb dans une nouvelle fen\u00eatre\" href=\"https:\/\/www.legifrance.gouv.fr\/jorf\/id\/JORFTEXT000045082921\" target=\"_blank\" rel=\"noopener\" data-extlink=\"\">d\u00e9cret n\u00b0 2022-74 du 28 janvier 2022<\/a>\u00a0le fonds de solidarit\u00e9 est maintenu <span style=\"color: #ff0000;\">en novembre et d\u00e9cembre 2021<\/span>.\u00a0Le\u00a0<a class=\"ext\" style=\"color: #0000ff;\" title=\"\u00ab impots.gouv.fr \u00bb dans une nouvelle fen\u00eatre\" href=\"https:\/\/www.impots.gouv.fr\/portail\/node\/13665\" target=\"_blank\" rel=\"noopener\" data-extlink=\"\">formulaire de demande sera accessible<\/a>\u00a0le 3 f\u00e9vrier.<\/span><\/strong><\/p>\n<p><strong><span style=\"color: #0000ff;\"><span style=\"color: #ff0000;\">Les demandes seront \u00e0 d\u00e9poser avant le 31 mars 2022\u00a0<\/span>sur\u00a0<a class=\"ext\" style=\"color: #0000ff;\" title=\"\u00ab impots.gouv.fr \u00bb dans une nouvelle fen\u00eatre\" href=\"https:\/\/www.impots.gouv.fr\/portail\/node\/13665\" target=\"_blank\" rel=\"noopener\" data-extlink=\"\">impots.gouv.fr<\/a>. Le dispositif est reconduit \u00e0 l&#8217;identique du mois d&#8217;octobre.<\/span><\/strong><\/p>\n<p>Suite au\u00a0<a class=\"ext\" title=\"\u00ab legifrance.gouv.fr \u00bb dans une nouvelle fen\u00eatre\" href=\"https:\/\/www.legifrance.gouv.fr\/jorf\/id\/JORFTEXT000044446928\" target=\"_blank\" rel=\"noopener\" data-extlink=\"\">d\u00e9cret n\u00b0 2021-1581 du 7 d\u00e9cembre 2021<\/a>\u00a0le\u00a0<strong>le formulaire du mois d<span style=\"color: #ff0000;\">&#8216;octobre 2021<\/span> est disponible. Les demandes sont \u00e0 d\u00e9poser avant le 31 janvier 2022<\/strong>. <strong><span style=\"color: #ff0000;\">Donc termin\u00e9 !<\/span><\/strong><\/p>\n<p>Le d\u00e9cret prolonge le dispositif applicable en septembre aux entreprises cr\u00e9\u00e9es avant le 31 janvier 2021. Sont concern\u00e9es :<\/p>\n<ul>\n<li>les entreprises qui ont subi une interdiction d&#8217;accueil du public sans interruption en octobre 2021 sous r\u00e9serve d&#8217;avoir subi une perte de chiffre d&#8217;affaires (CA) d&#8217;au moins 20 % : elles b\u00e9n\u00e9ficient d&#8217;une aide mensuelle \u00e9gale \u00e0 20 % du chiffre d&#8217;affaires de r\u00e9f\u00e9rence (dans la limite de 200 000 euros) ;<\/li>\n<li>les entreprises qui ont fait l&#8217;objet au cours du mois d&#8217;octobre 2021 d&#8217;une interdiction d&#8217;accueil du public dite partielle d&#8217;au moins 21 jours sous r\u00e9serve d&#8217;avoir subi une perte de CA d&#8217;au moins 50 % : elles b\u00e9n\u00e9ficient d&#8217;une aide \u00e9gale \u00e0 20 % du CA de r\u00e9f\u00e9rence (dans la limite de 200 000 euros) ;<\/li>\n<li>les entreprises qui ont fait l&#8217;objet d&#8217;une interdiction d&#8217;accueil du public, sont domicili\u00e9es dans un territoire soumis \u00e0 un confinement pendant au moins 8 jours au cours du mois d&#8217;octobre 2021 et subissant une perte de CA d&#8217;au moins 20 % : elles b\u00e9n\u00e9ficient d&#8217;une aide \u00e9gale au montant de la perte de CA dans la limite de 1 500 euros ;<\/li>\n<li>les entreprises des secteurs prot\u00e9g\u00e9s (S1, S1 bis et assimil\u00e9es) : elles sont \u00e9ligibles sous r\u00e9serve d&#8217;avoir subi une perte de CA de 10 %, d&#8217;avoir touch\u00e9 le fonds de solidarit\u00e9 au moins un mois entre janvier et mai, d&#8217;avoir r\u00e9alis\u00e9 15 % du CA de r\u00e9f\u00e9rence, d&#8217;\u00eatre domicili\u00e9es dans un territoire soumis \u00e0 l&#8217;\u00e9tat d&#8217;urgence sanitaire et ayant fait l&#8217;objet d&#8217;un confinement ou couvre-feu pendant au moins 20 jours. Elles b\u00e9n\u00e9ficient d&#8217;une aide \u00e9gale \u00e0 40 % de la perte de chiffre d&#8217;affaires (dans la limite de 20 % du chiffre d&#8217;affaires de r\u00e9f\u00e9rence, ou de 200 000 euros) ;<\/li>\n<li>les entreprises de moins 50 salari\u00e9s, domicili\u00e9es dans un territoire soumis \u00e0 un confinement pendant au moins 8 jours au cours du mois d&#8217;octobre 2021 et ayant perdu 50 % de leur CA : elles sont \u00e9ligibles \u00e0 une aide compensant la perte de CA dans la limite de 1 500 euros. Ce dispositif identique au moins d&#8217;ao\u00fbt et septembre est prolong\u00e9 en octobre.<\/li>\n<\/ul>\n<p class=\"fond-gris\"><a class=\"pdf ext\" title=\"\u00ab https:\/\/www.impots.gouv.fr\/portail\/files\/media\/cabcom\/covid19\/fds\/volet_1\/09-12\/nid14037_2021-12-09_conditions-fds-octobre-2021.pdf \u00bb dans une nouvelle fen\u00eatre\" href=\"https:\/\/www.impots.gouv.fr\/portail\/files\/media\/cabcom\/covid19\/fds\/volet_1\/09-12\/nid14037_2021-12-09_conditions-fds-octobre-2021.pdf?v=1648032793\" target=\"_blank\" rel=\"noopener\" data-extlink=\"\">Consulter le d\u00e9tail complet du dispositif de fonds de solidarit\u00e9 pour le mois d&#8217;octobre 2021\u00a0<\/a>[PDF &#8211; 67 Ko]<\/p>\n<div class=\"paragraph--type--bloc-bloc-de-texte-encadre- titre--like\">\n<h3 class=\"field--name-field-titre\">Liste S1 et S1 Bis<\/h3>\n<div class=\"field--name-field-contenu-libre\">\n<p>Consulter la liste des entreprises des secteurs prot\u00e9g\u00e9s :<\/p>\n<ul>\n<li><a class=\"ext\" title=\"\u00ab legifrance.gouv.fr \u00bb dans une nouvelle fen\u00eatre\" href=\"https:\/\/www.legifrance.gouv.fr\/loda\/article_lc\/LEGIARTI000043107675\" target=\"_blank\" rel=\"noopener\" data-extlink=\"\">S1<\/a>,<\/li>\n<li><a class=\"ext\" title=\"\u00ab legifrance.gouv.fr \u00bb dans une nouvelle fen\u00eatre\" href=\"https:\/\/www.legifrance.gouv.fr\/loda\/article_lc\/LEGIARTI000043724232\" target=\"_blank\" rel=\"noopener\" data-extlink=\"\">S1 Bis<\/a>.<\/li>\n<\/ul>\n<\/div>\n<\/div>\n<\/div>\n<\/div>\n<\/div>\n<div class=\"field__item\">\n<div class=\"paragraph paragraph--type--informations-complementaires paragraph--view-mode--default\">\n<div class=\"field field--name-field-bloc-d-informations-comple field--type-entity-reference-revisions field--label-hidden field__items flex-container\">\n<div class=\"paragraph paragraph--type--bloc-information-complementaire paragraph--view-mode--default taille-bloc fond-couleur\">\n<h2 class=\"field field--name-field-titre field--type-string field--label-hidden field__item field--titre-paragraph\">Comment en b\u00e9n\u00e9ficier ?<\/h2>\n<div class=\"clearfix text-formatted field field--name-field-contenu-libre field--type-text-long field--label-hidden field__item\">\n<p>La demande d\u2019aide se fait par voie d\u00e9mat\u00e9rialis\u00e9e, \u00e0 l\u2019aide du formulaire mis en ligne depuis sur\u00a0<a class=\"ext\" title=\"\u00ab impots.gouv.fr \u00bb dans une nouvelle fen\u00eatre\" href=\"https:\/\/www.impots.gouv.fr\/portail\/node\/13665\" target=\"_blank\" rel=\"noopener\" data-extlink=\"\">impots.gouv.fr<\/a><strong>.\u00a0<\/strong>Le formulaire de demande d&#8217;aide au titre des pertes de chiffre d&#8217;affaires du mois de s<strong><span style=\"color: #ff0000;\">eptembre 2021<\/span><\/strong> est accessible depuis le 15 octobre 2021. Les demandes peuvent \u00eatre d\u00e9pos\u00e9es <span style=\"color: #ff0000;\"><strong>jusqu&#8217;au 30 novembre 2021. P\u00e9riode termin\u00e9e donc !<\/strong><\/span><\/p>\n<\/div>\n<\/div>\n<\/div>\n<\/div>\n<\/div>\n<div class=\"field__item\">\n<div class=\"paragraph paragraph--type--contenu-libre paragraph--view-mode--default\">\n<div class=\"clearfix text-formatted field field--name-field-contenu-libre field--type-text-long field--label-hidden field__item\">\n<h2><strong>Aide du fonds de solidarit\u00e9 au titre des derniers mois<\/strong><\/h2>\n<p><strong>Le fonds de solidarit\u00e9 au titre des derniers mois reste ouvert\u00a0sous conditions. <span style=\"color: #ff00ff;\">Pour en savoir plus cliquez sur la fl\u00e8che pour acc\u00e9der au mois pour lequel vous souhaitez solliciter l&#8217;aide.<\/span><\/strong><\/p>\n<\/div>\n<\/div>\n<\/div>\n<div class=\"field__item\">\n<div class=\"paragraph paragraph--type--plie-deplie paragraph--view-mode--default\">\n<div class=\"field field--name-field-bloc-actualite-espace field--type-entity-reference-revisions field--label-hidden field__items\">\n<div class=\"field__item\">\n<div class=\"paragraph paragraph--type--bloc-actualite-espace- paragraph--view-mode--default close\">\n<div class=\"bloc-plie-deplie--titre bloc-plie-deplie--titre--main\">\n<h3 class=\"field field--name-field-titre field--type-string field--label-hidden field__item field--titre-paragraph\" role=\"button\" aria-controls=\"content-210461\" aria-expanded=\"false\">Fonds de solidarit\u00e9 au titre du mois de septembre 2021<\/h3>\n<\/div>\n<p>&nbsp;<\/p>\n<\/div>\n<\/div>\n<div class=\"field__item\">\n<div class=\"paragraph paragraph--type--bloc-actualite-espace- paragraph--view-mode--default close\">\n<div class=\"bloc-plie-deplie--titre bloc-plie-deplie--titre--main\">\n<h3 class=\"field field--name-field-titre field--type-string field--label-hidden field__item field--titre-paragraph\" role=\"button\" aria-controls=\"content-207611\" aria-expanded=\"false\">Fonds de solidarit\u00e9 au titre des mois de juin, juillet et ao\u00fbt 2021<\/h3>\n<\/div>\n<p>&nbsp;<\/p>\n<\/div>\n<\/div>\n<div class=\"field__item\">\n<div class=\"paragraph paragraph--type--bloc-actualite-espace- paragraph--view-mode--default close\">\n<div class=\"bloc-plie-deplie--titre bloc-plie-deplie--titre--main\">\n<h3 class=\"field field--name-field-titre field--type-string field--label-hidden field__item field--titre-paragraph\" role=\"button\" aria-controls=\"content-202501\" aria-expanded=\"false\">Fonds de solidarit\u00e9 au titre du mois de mai 2021<\/h3>\n<\/div>\n<p>&nbsp;<\/p>\n<\/div>\n<\/div>\n<div class=\"field__item\">\n<div class=\"paragraph paragraph--type--bloc-actualite-espace- paragraph--view-mode--default close\">\n<div class=\"bloc-plie-deplie--titre bloc-plie-deplie--titre--main\">\n<h3 class=\"field field--name-field-titre field--type-string field--label-hidden field__item field--titre-paragraph\" role=\"button\" aria-controls=\"content-202498\" aria-expanded=\"false\">Fonds de solidarit\u00e9 au titre du mois d&#8217;avril 2021<\/h3>\n<\/div>\n<p>&nbsp;<\/p>\n<\/div>\n<\/div>\n<div class=\"field__item\">\n<div class=\"paragraph paragraph--type--bloc-actualite-espace- paragraph--view-mode--default close\">\n<div class=\"bloc-plie-deplie--titre bloc-plie-deplie--titre--main\">\n<h3 class=\"field field--name-field-titre field--type-string field--label-hidden field__item field--titre-paragraph\" role=\"button\" aria-controls=\"content-199531\" aria-expanded=\"false\">Fonds de solidarit\u00e9 au titre du mois de mars 2021<\/h3>\n<\/div>\n<p>&nbsp;<\/p>\n<\/div>\n<\/div>\n<div class=\"field__item\">\n<div class=\"paragraph paragraph--type--bloc-actualite-espace- paragraph--view-mode--default close\">\n<div class=\"bloc-plie-deplie--titre bloc-plie-deplie--titre--main\">\n<h3 class=\"field field--name-field-titre field--type-string field--label-hidden field__item field--titre-paragraph\" role=\"button\" aria-controls=\"content-198280\" aria-expanded=\"false\">Fonds de solidarit\u00e9 au titre du mois de f\u00e9vrier 2021<\/h3>\n<\/div>\n<p>&nbsp;<\/p>\n<\/div>\n<\/div>\n<div class=\"field__item\">\n<div class=\"paragraph paragraph--type--bloc-actualite-espace- paragraph--view-mode--default close\">\n<div class=\"bloc-plie-deplie--titre bloc-plie-deplie--titre--main\">\n<h3 class=\"field field--name-field-titre field--type-string field--label-hidden field__item field--titre-paragraph\" role=\"button\" aria-controls=\"content-196588\" aria-expanded=\"false\">Fonds de solidarit\u00e9 au titre du mois de janvier 2021<\/h3>\n<\/div>\n<p>&nbsp;<\/p>\n<\/div>\n<\/div>\n<div class=\"field__item\">\n<div class=\"paragraph paragraph--type--bloc-actualite-espace- paragraph--view-mode--default close\">\n<div class=\"bloc-plie-deplie--titre bloc-plie-deplie--titre--main\">\n<h3 class=\"field field--name-field-titre field--type-string field--label-hidden field__item field--titre-paragraph\" role=\"button\" aria-controls=\"content-195502\" aria-expanded=\"false\">Fonds de solidarit\u00e9 au titre du mois de d\u00e9cembre 2020<\/h3>\n<\/div>\n<p>&nbsp;<\/p>\n<\/div>\n<\/div>\n<div class=\"field__item\">\n<div class=\"paragraph paragraph--type--bloc-actualite-espace- paragraph--view-mode--default close\">\n<div class=\"bloc-plie-deplie--titre bloc-plie-deplie--titre--main\">\n<h3 class=\"field field--name-field-titre field--type-string field--label-hidden field__item field--titre-paragraph\" role=\"button\" aria-controls=\"content-194839\" aria-expanded=\"false\">Fonds de solidarit\u00e9 au titre du mois de novembre 2020<\/h3>\n<\/div>\n<p>&nbsp;<\/p>\n<\/div>\n<\/div>\n<div class=\"field__item\">\n<div class=\"paragraph paragraph--type--bloc-actualite-espace- paragraph--view-mode--default close\">\n<div class=\"bloc-plie-deplie--titre bloc-plie-deplie--titre--main\">\n<h3 class=\"field field--name-field-titre field--type-string field--label-hidden field__item field--titre-paragraph\" role=\"button\" aria-controls=\"content-194842\" aria-expanded=\"false\">Fonds de solidarit\u00e9 au titre des mois d&#8217;octobre et de septembre 2020<\/h3>\n<\/div>\n<p>&nbsp;<\/p>\n<\/div>\n<\/div>\n<\/div>\n<\/div>\n<\/div>\n<div class=\"field__item\">\n<div class=\"paragraph paragraph--type--code paragraph--view-mode--default\"><\/div>\n<\/div>\n<div class=\"field__item\">\n<div class=\"paragraph paragraph--type--informations-complementaires paragraph--view-mode--default\">\n<div class=\"field field--name-field-bloc-d-informations-comple field--type-entity-reference-revisions field--label-hidden field__items flex-container\">\n<div class=\"paragraph paragraph--type--bloc-information-complementaire paragraph--view-mode--default taille-bloc taille-bloc--full fond-couleur\">\n<h2 class=\"field field--name-field-titre field--type-string field--label-hidden field__item field--titre-paragraph\">Fonds de solidarit\u00e9 &#8211; Tableau de bord interactif<\/h2>\n<div class=\"clearfix text-formatted field field--name-field-contenu-libre field--type-text-long field--label-hidden field__item\">\n<p>Consultez\u00a0<a href=\"https:\/\/www.economie.gouv.fr\/covid19-soutien-entreprises\/aides-versees-fonds-solidarite\">le tableau de bord interactif<\/a>\u00a0qui recense les aides apport\u00e9es par secteur, par r\u00e9gion et d\u00e9partement au titre de ce fonds.<\/p>\n<\/div>\n<p>&nbsp;<\/p>\n<\/div>\n<\/div>\n<\/div>\n<\/div>\n","protected":false},"excerpt":{"rendered":"<p>Chers amis, chers confr\u00e8res, On nous avait annonc\u00e9 un nouveau texte pour cadre une aide sp\u00e9cifique sur F\u00e9vrier 2022. En vain, nous attendions. Finalement BERCY nous fait un r\u00e9capitulatif global des aides que vous&#8230;<\/p>\n","protected":false},"author":2,"featured_media":0,"comment_status":"closed","ping_status":"closed","sticky":false,"template":"","format":"standard","meta":{"_mi_skip_tracking":false,"_monsterinsights_sitenote_active":false,"_monsterinsights_sitenote_note":"","_monsterinsights_sitenote_category":0},"categories":[1],"tags":[],"_links":{"self":[{"href":"https:\/\/sndll.info\/index.php?rest_route=\/wp\/v2\/posts\/6099"}],"collection":[{"href":"https:\/\/sndll.info\/index.php?rest_route=\/wp\/v2\/posts"}],"about":[{"href":"https:\/\/sndll.info\/index.php?rest_route=\/wp\/v2\/types\/post"}],"author":[{"embeddable":true,"href":"https:\/\/sndll.info\/index.php?rest_route=\/wp\/v2\/users\/2"}],"replies":[{"embeddable":true,"href":"https:\/\/sndll.info\/index.php?rest_route=%2Fwp%2Fv2%2Fcomments&post=6099"}],"version-history":[{"count":3,"href":"https:\/\/sndll.info\/index.php?rest_route=\/wp\/v2\/posts\/6099\/revisions"}],"predecessor-version":[{"id":6104,"href":"https:\/\/sndll.info\/index.php?rest_route=\/wp\/v2\/posts\/6099\/revisions\/6104"}],"wp:attachment":[{"href":"https:\/\/sndll.info\/index.php?rest_route=%2Fwp%2Fv2%2Fmedia&parent=6099"}],"wp:term":[{"taxonomy":"category","embeddable":true,"href":"https:\/\/sndll.info\/index.php?rest_route=%2Fwp%2Fv2%2Fcategories&post=6099"},{"taxonomy":"post_tag","embeddable":true,"href":"https:\/\/sndll.info\/index.php?rest_route=%2Fwp%2Fv2%2Ftags&post=6099"}],"curies":[{"name":"wp","href":"https:\/\/api.w.org\/{rel}","templated":true}]}}